{"id":134988,"date":"2026-07-19T00:19:30","date_gmt":"2026-07-19T04:19:30","guid":{"rendered":"https:\/\/lasprimeras.com.do\/?p=134988"},"modified":"2026-07-19T00:19:31","modified_gmt":"2026-07-19T04:19:31","slug":"productores-de-platano-de-la-region-enriquillo-denuncian-competencia-desigual-por-sobreoferta","status":"publish","type":"post","link":"https:\/\/lasprimeras.com.do\/index.php\/2026\/07\/19\/productores-de-platano-de-la-region-enriquillo-denuncian-competencia-desigual-por-sobreoferta\/","title":{"rendered":"Productores de pl\u00e1tano de la regi\u00f3n Enriquillo denuncian competencia desigual por sobreoferta"},"content":{"rendered":"\n<p class=\"wp-block-paragraph\">BARAHONA: Productores de pl\u00e1tano de la regi\u00f3n Enriquillo expresaron su profunda preocupaci\u00f3n ante la dif\u00edcil situaci\u00f3n econ\u00f3mica que atraviesa el sector agr\u00edcola de la zona, provocada por una marcada sobreoferta del rubro en el mercado nacional que deprime los precios y amenaza el sustento de miles de familias.<\/p>\n\n\n\n<p class=\"wp-block-paragraph\">A trav\u00e9s de una comunicaci\u00f3n dirigida al presidente de la Rep\u00fablica, Luis Abinader, y al ministro de Agricultura, Francisco Oliverio Espaillat Bencosme, los agricultores se\u00f1alaron directamente a la producci\u00f3n a gran escala que desarrolla el Consorcio Azucarero Central (CAC) como la principal causa del desbalance comercial.<\/p>\n\n\n\n<p class=\"wp-block-paragraph\">Explicaron que dicho consorcio utiliza grandes vol\u00famenes de agua del r\u00edo Yaque del Sur para irrigar sus plantaciones, lo que genera una saturaci\u00f3n en los canales de distribuci\u00f3n que impacta de manera directa e inmediata a los peque\u00f1os y medianos cosecheros de la regi\u00f3n.<\/p>\n\n\n\n<p class=\"wp-block-paragraph\">Bernardino F\u00e9liz, conocido popularmente en las comunidades agr\u00edcolas como &#8220;Marino con la Gente&#8221; y portavoz de los productores de pl\u00e1tano afectados, calific\u00f3 el escenario actual como una &#8220;competencia desigual&#8221; que empobrece de forma progresiva a los trabajadores de la tierra en las provincias del suroeste.<\/p>\n\n\n\n<p class=\"wp-block-paragraph\">&#8220;Mientras los grandes consorcios cuentan con un s\u00f3lido respaldo econ\u00f3mico, amplios recursos y ventajas operativas, los peque\u00f1os productores locales nos enfrentamos d\u00eda a d\u00eda a costos de producci\u00f3n cada vez m\u00e1s altos, una preocupante escasez de agua en los canales de riego y precios de venta que ni siquiera cubren la inversi\u00f3n inicial&#8221;, enfatiz\u00f3 F\u00e9liz.<\/p>\n\n\n\n<p class=\"wp-block-paragraph\">Ante la gravedad del panorama, los labriegos solicitaron la intervenci\u00f3n urgente del mandatario dominicano para salvaguardar la estabilidad de las parcelas locales, regular el uso equitativo del agua en la cuenca baja del Yaque del Sur y establecer normativas de mercado que garanticen condiciones justas para todos los actores de la cadena agropecuaria.<\/p>\n\n\n\n<p class=\"wp-block-paragraph\">Indicaron finalmente que el campo de la regi\u00f3n Enriquillo requiere de pol\u00edticas institucionales firmes y equilibradas destinadas a blindar a quienes sostienen el desarrollo de las comunidades rurales y producen de forma tradicional los alimentos b\u00e1sicos de la dieta dominican.<\/p>\n","protected":false},"excerpt":{"rendered":"<p>BARAHONA: Productores de pl\u00e1tano de la regi\u00f3n Enriquillo expresaron su profunda preocupaci\u00f3n ante la dif\u00edcil situaci\u00f3n econ\u00f3mica que atraviesa el sector agr\u00edcola de la zona, provocada por una marcada sobreoferta&hellip;<\/p>\n","protected":false},"author":10,"featured_media":134989,"comment_status":"open","ping_status":"open","sticky":false,"template":"","format":"standard","meta":{"content-type":"","_jetpack_newsletter_access":"","_jetpack_dont_email_post_to_subs":false,"_jetpack_newsletter_tier_id":0,"_jetpack_memberships_contains_paywalled_content":false,"_jetpack_feature_clip_id":0,"_jetpack_memberships_contains_paid_content":false,"footnotes":"","jetpack_post_was_ever_published":false},"categories":[39],"tags":[1455,35090,11429,1217,12196,35091],"class_list":["post-134988","post","type-post","status-publish","format-standard","has-post-thumbnail","hentry","category-economia","tag-competencia","tag-desigual","tag-platano","tag-productores","tag-region-enriquillo","tag-sobre-oferta"],"jetpack-related-posts":[{"id":133895,"url":"https:\/\/lasprimeras.com.do\/index.php\/2026\/07\/03\/ministerio-de-agricultura-inicia-protocolo-para-la-reapertura-de-prodevaj-y-del-valle-de-juancho\/","url_meta":{"origin":134988,"position":0},"title":"Ministerio de Agricultura inicia protocolo para la reapertura de PRODEVAJ y del Valle de Juancho","author":"Nelson Feliz","date":"3 de julio de 2026","format":false,"excerpt":"Pedernales \u2013 El Ministerio de Agricultura inici\u00f3 el protocolo para la reapertura del Proyecto de Desarrollo Agropecuario Valle de Juancho (PRODEVAJ), en cumplimiento al Decreto 668-9, dando paso a una serie de medidas orientadas a reactivar uno de los proyectos agr\u00edcolas m\u00e1s importantes del sur del pa\u00eds. Como parte de\u2026","rel":"","context":"En \u00abNACIONALES\u00bb","block_context":{"text":"NACIONALES","link":"https:\/\/lasprimeras.com.do\/index.php\/category\/nacionales\/"},"img":{"alt_text":"","src":"https:\/\/i0.wp.com\/lasprimeras.com.do\/wp-content\/uploads\/2026\/07\/IMG-20260703-WA0248.jpg?resize=350%2C200&ssl=1","width":350,"height":200,"srcset":"https:\/\/i0.wp.com\/lasprimeras.com.do\/wp-content\/uploads\/2026\/07\/IMG-20260703-WA0248.jpg?resize=350%2C200&ssl=1 1x, https:\/\/i0.wp.com\/lasprimeras.com.do\/wp-content\/uploads\/2026\/07\/IMG-20260703-WA0248.jpg?resize=525%2C300&ssl=1 1.5x, https:\/\/i0.wp.com\/lasprimeras.com.do\/wp-content\/uploads\/2026\/07\/IMG-20260703-WA0248.jpg?resize=700%2C400&ssl=1 2x"},"classes":[]},{"id":75372,"url":"https:\/\/lasprimeras.com.do\/index.php\/2024\/01\/30\/presidente-abinader-emite-decreto-que-crea-codoplatano\/","url_meta":{"origin":134988,"position":1},"title":"Presidente Abinader emite decreto que crea CODOPLATANO","author":"Nelson Feliz","date":"30 de enero de 2024","format":false,"excerpt":"El presidente de la Rep\u00fablica, Luis Abinader, emiti\u00f3 el Decreto n\u00fam. 62-24, que crea la Comisi\u00f3n Dominicana del Pl\u00e1tano (CODOPLATANO), como comisi\u00f3n interministerial, la cual tendr\u00e1 por finalidad apoyar de manera conjunta al sector agropecuario dedicado a la producci\u00f3n y comercializaci\u00f3n del pl\u00e1tano, as\u00ed como asesorar al presidente en la\u2026","rel":"","context":"En \u00abNACIONALES\u00bb","block_context":{"text":"NACIONALES","link":"https:\/\/lasprimeras.com.do\/index.php\/category\/nacionales\/"},"img":{"alt_text":"Platanos Inespre","src":"https:\/\/i0.wp.com\/lasprimeras.com.do\/wp-content\/uploads\/2023\/08\/Platanos-Inespre-1.jpg?resize=350%2C200&ssl=1","width":350,"height":200,"srcset":"https:\/\/i0.wp.com\/lasprimeras.com.do\/wp-content\/uploads\/2023\/08\/Platanos-Inespre-1.jpg?resize=350%2C200&ssl=1 1x, https:\/\/i0.wp.com\/lasprimeras.com.do\/wp-content\/uploads\/2023\/08\/Platanos-Inespre-1.jpg?resize=525%2C300&ssl=1 1.5x, https:\/\/i0.wp.com\/lasprimeras.com.do\/wp-content\/uploads\/2023\/08\/Platanos-Inespre-1.jpg?resize=700%2C400&ssl=1 2x"},"classes":[]},{"id":75383,"url":"https:\/\/lasprimeras.com.do\/index.php\/2024\/02\/01\/presidente-crea-una-comision-para-fortalecer-produccion-de-platano\/","url_meta":{"origin":134988,"position":2},"title":"Presidente crea una comisi\u00f3n para fortalecer producci\u00f3n de pl\u00e1tano","author":"BIMARY DE JES\u00daS Matos","date":"1 de febrero de 2024","format":false,"excerpt":"Santo Domingo \u2013 El presidente Luis Abinader dispuso este mi\u00e9rcoles la creaci\u00f3n de la Comisi\u00f3n Dominicana del Pl\u00e1tano (Codoplatano), que funcionar\u00e1 como una comisi\u00f3n \u00abinterministerial\u00bb con la finalidad de apoyar de manera conjunta al sector agropecuario dedicado a la producci\u00f3n y comercializaci\u00f3n de ese producto. Asimismo, asesorar\u00e1 al presidente de\u2026","rel":"","context":"En \u00abPORTADA\u00bb","block_context":{"text":"PORTADA","link":"https:\/\/lasprimeras.com.do\/index.php\/category\/portada\/"},"img":{"alt_text":"","src":"","width":0,"height":0},"classes":[]},{"id":137533,"url":"https:\/\/lasprimeras.com.do\/index.php\/2026\/08\/18\/estudiantes-de-barahona-desarrollan-sensores-para-ahorrar-agua-y-aumentar-la-produccion-agricola\/","url_meta":{"origin":134988,"position":3},"title":"Estudiantes de Barahona desarrollan sensores para ahorrar agua y aumentar la producci\u00f3n agr\u00edcola","author":"Nelson Feliz","date":"18 de agosto de 2026","format":false,"excerpt":"La iniciativa busca ayudar a peque\u00f1os productores a mejorar su productividad y uso responsable del agua Por Omar Medina Barahona = Dos estudiantes de t\u00e9rmino de Ingenier\u00eda en Sistemas Computacionales de la Universidad Cat\u00f3lica Tecnol\u00f3gica de Barahona (Ucateba) desarrollaron una plataforma tecnol\u00f3gica que busca ayudar a los productores agr\u00edcolas a\u2026","rel":"","context":"En \u00abPORTADA\u00bb","block_context":{"text":"PORTADA","link":"https:\/\/lasprimeras.com.do\/index.php\/category\/portada\/"},"img":{"alt_text":"","src":"https:\/\/i0.wp.com\/lasprimeras.com.do\/wp-content\/uploads\/2026\/08\/estudiantes-de-barahona-desarrollan-sensores-para-ahorrar-agua-03d8cf4d-focus-min0.23-0.17-608-342.jpg?resize=350%2C200&ssl=1","width":350,"height":200,"srcset":"https:\/\/i0.wp.com\/lasprimeras.com.do\/wp-content\/uploads\/2026\/08\/estudiantes-de-barahona-desarrollan-sensores-para-ahorrar-agua-03d8cf4d-focus-min0.23-0.17-608-342.jpg?resize=350%2C200&ssl=1 1x, https:\/\/i0.wp.com\/lasprimeras.com.do\/wp-content\/uploads\/2026\/08\/estudiantes-de-barahona-desarrollan-sensores-para-ahorrar-agua-03d8cf4d-focus-min0.23-0.17-608-342.jpg?resize=525%2C300&ssl=1 1.5x"},"classes":[]},{"id":84099,"url":"https:\/\/lasprimeras.com.do\/index.php\/2024\/05\/30\/inespre-inicia-compra-14-millones-de-platanos-a-productores-de-salcedo-villa-tapia-moca-y-la-vega\/","url_meta":{"origin":134988,"position":4},"title":"Inespre inicia compra 14 millones de pl\u00e1tanos a productores de Salcedo, Villa Tapia,\u00a0Moca y\u00a0La Vega","author":"Nelson Feliz","date":"30 de mayo de 2024","format":false,"excerpt":"El Instituto Nacional de Estabilizaci\u00f3n de Precios (INESPRE) inici\u00f3 la compra de\u00a014 millones de unidades de pl\u00e1tanos a productores de Salcedo, Villa Tapia, Moca y La Vega que resultaron afectados por un ventarr\u00f3n, tormentas el\u00e9ctricas y fuertes lluvias recientemente, por un monto 70 millones de pesos.\u00a0 El producto es comercializado\u2026","rel":"","context":"En \u00abECONOM\u00cdA\u00bb","block_context":{"text":"ECONOM\u00cdA","link":"https:\/\/lasprimeras.com.do\/index.php\/category\/economia\/"},"img":{"alt_text":"pl\u00e1tanos","src":"https:\/\/i0.wp.com\/lasprimeras.com.do\/wp-content\/uploads\/2024\/05\/platanos-1.jpg?resize=350%2C200&ssl=1","width":350,"height":200,"srcset":"https:\/\/i0.wp.com\/lasprimeras.com.do\/wp-content\/uploads\/2024\/05\/platanos-1.jpg?resize=350%2C200&ssl=1 1x, https:\/\/i0.wp.com\/lasprimeras.com.do\/wp-content\/uploads\/2024\/05\/platanos-1.jpg?resize=525%2C300&ssl=1 1.5x"},"classes":[]},{"id":138876,"url":"https:\/\/lasprimeras.com.do\/index.php\/2026\/09\/02\/consorcio-azucarero-central-establece-record-al-cosechar-748-mil-toneladas-de-cana-en-la-zafra-2025-2026\/","url_meta":{"origin":134988,"position":5},"title":"Consorcio Azucarero Central establece r\u00e9cord al cosechar 748 mil toneladas de ca\u00f1a en la zafra 2025-2026","author":"Nelson Feliz","date":"2 de septiembre de 2026","format":false,"excerpt":"Empresa paga m\u00e1s de RD$1,040 millones al a\u00f1o a m\u00e1s de 3 mil 200 empleados BARAHONA- El Consorcio Azucarero Central (CAC) estableci\u00f3 un r\u00e9cord hist\u00f3rico en su zafra 2025-2026 al cosechar 748 mil toneladas de ca\u00f1a y producir 81 mil 124 toneladas de az\u00facar crema. Este hito se logr\u00f3 gracias\u2026","rel":"","context":"En \u00abECONOM\u00cdA\u00bb","block_context":{"text":"ECONOM\u00cdA","link":"https:\/\/lasprimeras.com.do\/index.php\/category\/economia\/"},"img":{"alt_text":"Jos\u00e9 Antonio Garc\u00eda","src":"https:\/\/i0.wp.com\/lasprimeras.com.do\/wp-content\/uploads\/2026\/09\/Jose-Antonio-Garcia.jpg?resize=350%2C200&ssl=1","width":350,"height":200,"srcset":"https:\/\/i0.wp.com\/lasprimeras.com.do\/wp-content\/uploads\/2026\/09\/Jose-Antonio-Garcia.jpg?resize=350%2C200&ssl=1 1x, https:\/\/i0.wp.com\/lasprimeras.com.do\/wp-content\/uploads\/2026\/09\/Jose-Antonio-Garcia.jpg?resize=525%2C300&ssl=1 1.5x, https:\/\/i0.wp.com\/lasprimeras.com.do\/wp-content\/uploads\/2026\/09\/Jose-Antonio-Garcia.jpg?resize=700%2C400&ssl=1 2x"},"classes":[]}],"jetpack_sharing_enabled":true,"jetpack_featured_media_url":"https:\/\/lasprimeras.com.do\/wp-content\/uploads\/2026\/07\/WhatsApp-Image-2026-07-18-at-10.22.00-AM.jpeg","_links":{"self":[{"href":"https:\/\/lasprimeras.com.do\/index.php\/wp-json\/wp\/v2\/posts\/134988","targetHints":{"allow":["GET"]}}],"collection":[{"href":"https:\/\/lasprimeras.com.do\/index.php\/wp-json\/wp\/v2\/posts"}],"about":[{"href":"https:\/\/lasprimeras.com.do\/index.php\/wp-json\/wp\/v2\/types\/post"}],"author":[{"embeddable":true,"href":"https:\/\/lasprimeras.com.do\/index.php\/wp-json\/wp\/v2\/users\/10"}],"replies":[{"embeddable":true,"href":"https:\/\/lasprimeras.com.do\/index.php\/wp-json\/wp\/v2\/comments?post=134988"}],"version-history":[{"count":1,"href":"https:\/\/lasprimeras.com.do\/index.php\/wp-json\/wp\/v2\/posts\/134988\/revisions"}],"predecessor-version":[{"id":134990,"href":"https:\/\/lasprimeras.com.do\/index.php\/wp-json\/wp\/v2\/posts\/134988\/revisions\/134990"}],"wp:featuredmedia":[{"embeddable":true,"href":"https:\/\/lasprimeras.com.do\/index.php\/wp-json\/wp\/v2\/media\/134989"}],"wp:attachment":[{"href":"https:\/\/lasprimeras.com.do\/index.php\/wp-json\/wp\/v2\/media?parent=134988"}],"wp:term":[{"taxonomy":"category","embeddable":true,"href":"https:\/\/lasprimeras.com.do\/index.php\/wp-json\/wp\/v2\/categories?post=134988"},{"taxonomy":"post_tag","embeddable":true,"href":"https:\/\/lasprimeras.com.do\/index.php\/wp-json\/wp\/v2\/tags?post=134988"}],"curies":[{"name":"wp","href":"https:\/\/api.w.org\/{rel}","templated":true}]}}