{"id":135107,"date":"2026-07-20T08:24:16","date_gmt":"2026-07-20T12:24:16","guid":{"rendered":"https:\/\/lasprimeras.com.do\/?p=135107"},"modified":"2026-07-20T08:30:20","modified_gmt":"2026-07-20T12:30:20","slug":"sit-restablece-operaciones-del-teleferico-de-los-alcarrizos-tras-mantenimiento-programado","status":"publish","type":"post","link":"https:\/\/lasprimeras.com.do\/index.php\/2026\/07\/20\/sit-restablece-operaciones-del-teleferico-de-los-alcarrizos-tras-mantenimiento-programado\/","title":{"rendered":"SIT restablece operaciones del Telef\u00e9rico de Los Alcarrizos tras mantenimiento programado"},"content":{"rendered":"\n<p class=\"wp-block-paragraph\">La L\u00ednea 2 ya opera en horario habitual con tarifa de RD$20 pesos<\/p>\n\n\n\n<p class=\"wp-block-paragraph\"><em>SANTO DOMINGO, RD.<\/em> El Sistema Integrado de Transporte, SIT, inform\u00f3 este lunes el restablecimiento de las operaciones del Telef\u00e9rico de Santo Domingo, L\u00ednea 2, Los Alcarrizos.<\/p>\n\n\n\n<p class=\"wp-block-paragraph\">La instituci\u00f3n dio a conocer la informaci\u00f3n a trav\u00e9s de su cuenta oficial de Instagram, donde explic\u00f3 que el servicio vuelve a estar disponible luego de concluir de manera satisfactoria la parada anual por mantenimiento programado.<\/p>\n\n\n\n<p class=\"wp-block-paragraph\">&#8220;El servicio del Telef\u00e9rico L\u00ednea 2 se encuentra nuevamente disponible y opera en su horario habitual, tras concluir con \u00e9xito la parada anual por mantenimiento programado&#8221;, indic\u00f3 el SIT en la publicaci\u00f3n.<\/p>\n\n\n\n<p class=\"wp-block-paragraph\">El Telef\u00e9rico de Los Alcarrizos opera de <em>lunes a viernes de 6:00 a.m. a 10:00 p.m.<\/em>, <em>s\u00e1bados de 6:00 a.m. a 9:00 p.m.<\/em> y <em>domingos y feriados de 8:00 a.m. a 9:00 p.m.<\/em> La tarifa para el p\u00fablico general es de <em>RD$20 pesos por viaje<\/em>.<\/p>\n\n\n\n<p class=\"wp-block-paragraph\">Asimismo, el organismo agradeci\u00f3 la comprensi\u00f3n y paciencia de los usuarios durante el per\u00edodo en que el sistema permaneci\u00f3 fuera de servicio.<\/p>\n\n\n\n<p class=\"wp-block-paragraph\">&#8220;Nos alegra volver a conectar con ustedes&#8221;, expres\u00f3 la entidad.<\/p>\n\n\n\n<p class=\"wp-block-paragraph\">Fuente El Nacional <\/p>\n","protected":false},"excerpt":{"rendered":"<p>La L\u00ednea 2 ya opera en horario habitual con tarifa de RD$20 pesos SANTO DOMINGO, RD. El Sistema Integrado de Transporte, SIT, inform\u00f3 este lunes el restablecimiento de las operaciones&hellip;<\/p>\n","protected":false},"author":10,"featured_media":77949,"comment_status":"open","ping_status":"open","sticky":false,"template":"","format":"standard","meta":{"content-type":"","_jetpack_newsletter_access":"","_jetpack_dont_email_post_to_subs":false,"_jetpack_newsletter_tier_id":0,"_jetpack_memberships_contains_paywalled_content":false,"_jetpack_feature_clip_id":0,"_jetpack_memberships_contains_paid_content":false,"footnotes":"","jetpack_post_was_ever_published":false},"categories":[25],"tags":[66,30282,4828],"class_list":["post-135107","post","type-post","status-publish","format-standard","has-post-thumbnail","hentry","category-portada","tag-los-alcarrizos","tag-sistema-integrado-de-transporte","tag-teleferico"],"jetpack-related-posts":[{"id":51387,"url":"https:\/\/lasprimeras.com.do\/index.php\/2023\/05\/30\/extienden-servicio-gratuito-del-teleferico-alcarrizos-y-horarios-de-funcionamiento\/","url_meta":{"origin":135107,"position":0},"title":"Extienden servicio gratuito del Telef\u00e9rico Alcarrizos y horarios de funcionamiento","author":"prenxa100","date":"30 de mayo de 2023","format":false,"excerpt":"Santo Domingo, RD.-. La Oficina de Proyectos de Movilidad Urbana e Interurbana de la Presidencia inform\u00f3 que se extender\u00e1 hasta el 16 de junio las operaciones gratuitas del Telef\u00e9rico de Los Alcarrizos incluyendo las rutas alimentadoras de la OMSA que operan bajo el Sistema Integrado de Transporte (SIT). El d\u00eda\u2026","rel":"","context":"En \u00abNACIONALES\u00bb","block_context":{"text":"NACIONALES","link":"https:\/\/lasprimeras.com.do\/index.php\/category\/nacionales\/"},"img":{"alt_text":"","src":"","width":0,"height":0},"classes":[]},{"id":75504,"url":"https:\/\/lasprimeras.com.do\/index.php\/2024\/02\/02\/opret-restablece-servicio-del-teleferico-en-tramo-gualey-sabana-perdida\/","url_meta":{"origin":135107,"position":1},"title":"Opret restablece servicio del Telef\u00e9rico en tramo Gualey-Sabana Perdida","author":"BIMARY DE JES\u00daS Matos","date":"2 de febrero de 2024","format":false,"excerpt":"Santo Domingo.-La Oficina para el Reordenamiento del Transporte (Opret) inform\u00f3 que despu\u00e9s de un \u00abexitoso\u00bb mantenimiento programado, la L\u00ednea 1 del Telef\u00e9rico de Santo Domingo, que va desde la estaci\u00f3n Gualey hasta la estaci\u00f3n Sabana Perdida (T1-T3), se encuentra operando en su horario habitual hasta las 10:30 de la noche.\u2026","rel":"","context":"En \u00abPORTADA\u00bb","block_context":{"text":"PORTADA","link":"https:\/\/lasprimeras.com.do\/index.php\/category\/portada\/"},"img":{"alt_text":"","src":"https:\/\/i0.wp.com\/lasprimeras.com.do\/wp-content\/uploads\/2024\/02\/Diseno-sin-titulo-4.jpg?resize=350%2C200&ssl=1","width":350,"height":200,"srcset":"https:\/\/i0.wp.com\/lasprimeras.com.do\/wp-content\/uploads\/2024\/02\/Diseno-sin-titulo-4.jpg?resize=350%2C200&ssl=1 1x, https:\/\/i0.wp.com\/lasprimeras.com.do\/wp-content\/uploads\/2024\/02\/Diseno-sin-titulo-4.jpg?resize=525%2C300&ssl=1 1.5x, https:\/\/i0.wp.com\/lasprimeras.com.do\/wp-content\/uploads\/2024\/02\/Diseno-sin-titulo-4.jpg?resize=700%2C400&ssl=1 2x"},"classes":[]},{"id":48458,"url":"https:\/\/lasprimeras.com.do\/index.php\/2023\/05\/01\/presidente-inaugura-teleferico-de-los-alcarrizos\/","url_meta":{"origin":135107,"position":2},"title":"Presidente inaugura telef\u00e9rico de Los Alcarrizos","author":"prenxa100","date":"1 de mayo de 2023","format":false,"excerpt":"El esperado Telef\u00e9rico de\u00a0Los Alcarrizos\u00a0comenzo este lunes sus operaciones, luego de que el presidente\u00a0Luis Abinader lo inaugurara\u00a0en un acto que fue celebrado a las 10:30 de la ma\u00f1ana en la\u00a0estaci\u00f3n Los Americanos. Se trata de una de las principales obras de la administraci\u00f3n del presidente Abinader en el Gran Santo\u2026","rel":"","context":"En \u00abNACIONALES\u00bb","block_context":{"text":"NACIONALES","link":"https:\/\/lasprimeras.com.do\/index.php\/category\/nacionales\/"},"img":{"alt_text":"","src":"","width":0,"height":0},"classes":[]},{"id":132904,"url":"https:\/\/lasprimeras.com.do\/index.php\/2026\/06\/08\/transportistas-de-los-alcarrizos-rechazan-exclusion-de-rutas-alimentadoras\/","url_meta":{"origin":135107,"position":3},"title":"Transportistas de Los Alcarrizos rechazan exclusi\u00f3n de rutas alimentadoras","author":"Nelson Feliz","date":"8 de junio de 2026","format":false,"excerpt":"Transportistas piden ser tomados en cuenta Los Alcarrizos, Santo Domingo.-. Representantes del transporte p\u00fablico de Los Alcarrizos aclararon que nunca han sostenido una reuni\u00f3n con las autoridades para discutir la asignaci\u00f3n de las futuras rutas alimentadoras que operar\u00e1n en conexi\u00f3n con el Metro y el Telef\u00e9rico del municipio. Los transportistas\u2026","rel":"","context":"En \u00abNACIONALES\u00bb","block_context":{"text":"NACIONALES","link":"https:\/\/lasprimeras.com.do\/index.php\/category\/nacionales\/"},"img":{"alt_text":"","src":"https:\/\/i0.wp.com\/lasprimeras.com.do\/wp-content\/uploads\/2026\/06\/IMG-20260608-WA0178.jpg?resize=350%2C200&ssl=1","width":350,"height":200,"srcset":"https:\/\/i0.wp.com\/lasprimeras.com.do\/wp-content\/uploads\/2026\/06\/IMG-20260608-WA0178.jpg?resize=350%2C200&ssl=1 1x, https:\/\/i0.wp.com\/lasprimeras.com.do\/wp-content\/uploads\/2026\/06\/IMG-20260608-WA0178.jpg?resize=525%2C300&ssl=1 1.5x, https:\/\/i0.wp.com\/lasprimeras.com.do\/wp-content\/uploads\/2026\/06\/IMG-20260608-WA0178.jpg?resize=700%2C400&ssl=1 2x, https:\/\/i0.wp.com\/lasprimeras.com.do\/wp-content\/uploads\/2026\/06\/IMG-20260608-WA0178.jpg?resize=1050%2C600&ssl=1 3x, https:\/\/i0.wp.com\/lasprimeras.com.do\/wp-content\/uploads\/2026\/06\/IMG-20260608-WA0178.jpg?resize=1400%2C800&ssl=1 4x"},"classes":[]},{"id":102064,"url":"https:\/\/lasprimeras.com.do\/index.php\/2025\/06\/30\/el-metro-y-linea-1-del-teleferico-abriran-a-las-530-am-a-partir-del-31-de-julio\/","url_meta":{"origin":135107,"position":4},"title":"El Metro y l\u00ednea 1 del Tel\u00e9ferico abrir\u00e1n a las 5:30 am a partir del 31 de julio","author":"Nelson Feliz","date":"30 de junio de 2025","format":false,"excerpt":"La medida se aplicar\u00e1 de lunes a viernes y fue tomada para complementar el sistema de horario escalonado que implementar\u00e1n las instituciones p\u00fablicas a partir de este martes. La Oficina para el Reordenamiento del Transporte (Opret) inform\u00f3 que, a partir del pr\u00f3ximo 31 de julio, el Metro de Santo Domingo\u2026","rel":"","context":"En \u00abNACIONALES\u00bb","block_context":{"text":"NACIONALES","link":"https:\/\/lasprimeras.com.do\/index.php\/category\/nacionales\/"},"img":{"alt_text":"","src":"https:\/\/i0.wp.com\/lasprimeras.com.do\/wp-content\/uploads\/2024\/07\/METRO-SD.jpg?resize=350%2C200&ssl=1","width":350,"height":200,"srcset":"https:\/\/i0.wp.com\/lasprimeras.com.do\/wp-content\/uploads\/2024\/07\/METRO-SD.jpg?resize=350%2C200&ssl=1 1x, https:\/\/i0.wp.com\/lasprimeras.com.do\/wp-content\/uploads\/2024\/07\/METRO-SD.jpg?resize=525%2C300&ssl=1 1.5x, https:\/\/i0.wp.com\/lasprimeras.com.do\/wp-content\/uploads\/2024\/07\/METRO-SD.jpg?resize=700%2C400&ssl=1 2x"},"classes":[]},{"id":105122,"url":"https:\/\/lasprimeras.com.do\/index.php\/2025\/07\/30\/el-metro-y-el-teleferico-iniciaran-operaciones-a-las-530-de-la-manana\/","url_meta":{"origin":135107,"position":5},"title":"El metro y el telef\u00e9rico iniciar\u00e1n operaciones a las 5:30 de la ma\u00f1ana","author":"Nelson Feliz","date":"30 de julio de 2025","format":false,"excerpt":"La extensi\u00f3n del horario forma parte del plan \"RD se Mueve\", que busca mejorar la movilidad en la ciudad y ofrecer facilidades a los usuarios. El Metro y la L\u00ednea 1 del Telef\u00e9rico de Santo Domingo operar\u00e1n desde las 5:30 de la ma\u00f1ana, a partir del jueves 31 de julio,\u2026","rel":"","context":"En \u00abNACIONALES\u00bb","block_context":{"text":"NACIONALES","link":"https:\/\/lasprimeras.com.do\/index.php\/category\/nacionales\/"},"img":{"alt_text":"","src":"https:\/\/i0.wp.com\/lasprimeras.com.do\/wp-content\/uploads\/2025\/07\/metro-y-el-teleferico.jpg?resize=350%2C200&ssl=1","width":350,"height":200,"srcset":"https:\/\/i0.wp.com\/lasprimeras.com.do\/wp-content\/uploads\/2025\/07\/metro-y-el-teleferico.jpg?resize=350%2C200&ssl=1 1x, https:\/\/i0.wp.com\/lasprimeras.com.do\/wp-content\/uploads\/2025\/07\/metro-y-el-teleferico.jpg?resize=525%2C300&ssl=1 1.5x, https:\/\/i0.wp.com\/lasprimeras.com.do\/wp-content\/uploads\/2025\/07\/metro-y-el-teleferico.jpg?resize=700%2C400&ssl=1 2x"},"classes":[]}],"jetpack_sharing_enabled":true,"jetpack_featured_media_url":"https:\/\/lasprimeras.com.do\/wp-content\/uploads\/2024\/02\/teleferico-26056f1e-scaled.jpg","_links":{"self":[{"href":"https:\/\/lasprimeras.com.do\/index.php\/wp-json\/wp\/v2\/posts\/135107","targetHints":{"allow":["GET"]}}],"collection":[{"href":"https:\/\/lasprimeras.com.do\/index.php\/wp-json\/wp\/v2\/posts"}],"about":[{"href":"https:\/\/lasprimeras.com.do\/index.php\/wp-json\/wp\/v2\/types\/post"}],"author":[{"embeddable":true,"href":"https:\/\/lasprimeras.com.do\/index.php\/wp-json\/wp\/v2\/users\/10"}],"replies":[{"embeddable":true,"href":"https:\/\/lasprimeras.com.do\/index.php\/wp-json\/wp\/v2\/comments?post=135107"}],"version-history":[{"count":2,"href":"https:\/\/lasprimeras.com.do\/index.php\/wp-json\/wp\/v2\/posts\/135107\/revisions"}],"predecessor-version":[{"id":135109,"href":"https:\/\/lasprimeras.com.do\/index.php\/wp-json\/wp\/v2\/posts\/135107\/revisions\/135109"}],"wp:featuredmedia":[{"embeddable":true,"href":"https:\/\/lasprimeras.com.do\/index.php\/wp-json\/wp\/v2\/media\/77949"}],"wp:attachment":[{"href":"https:\/\/lasprimeras.com.do\/index.php\/wp-json\/wp\/v2\/media?parent=135107"}],"wp:term":[{"taxonomy":"category","embeddable":true,"href":"https:\/\/lasprimeras.com.do\/index.php\/wp-json\/wp\/v2\/categories?post=135107"},{"taxonomy":"post_tag","embeddable":true,"href":"https:\/\/lasprimeras.com.do\/index.php\/wp-json\/wp\/v2\/tags?post=135107"}],"curies":[{"name":"wp","href":"https:\/\/api.w.org\/{rel}","templated":true}]}}