{"id":135110,"date":"2026-07-20T09:11:55","date_gmt":"2026-07-20T13:11:55","guid":{"rendered":"https:\/\/lasprimeras.com.do\/?p=135110"},"modified":"2026-07-20T09:11:57","modified_gmt":"2026-07-20T13:11:57","slug":"johnny-pujols-denuncia-disparo-de-prestamos-en-banco-agricola-y-alta-evasion-fiscal-en-rd","status":"publish","type":"post","link":"https:\/\/lasprimeras.com.do\/index.php\/2026\/07\/20\/johnny-pujols-denuncia-disparo-de-prestamos-en-banco-agricola-y-alta-evasion-fiscal-en-rd\/","title":{"rendered":"Johnny Pujols denuncia &#8220;disparo&#8221; de pr\u00e9stamos en Banco Agr\u00edcola y alta evasi\u00f3n fiscal en RD"},"content":{"rendered":"\n<p class=\"wp-block-paragraph\">El secretario general del PLD acusa al PRM de usar recursos del Estado y asegura que su partido crece en el sur<\/p>\n\n\n\n<p class=\"wp-block-paragraph\"><em>SANTO DOMINGO, RD.<\/em> El secretario general del Partido de la Liberaci\u00f3n Dominicana, PLD, Johnny Pujols, denunci\u00f3 este lunes que la Rep\u00fablica Dominicana arrastra un alto nivel de evasi\u00f3n de impuestos que va m\u00e1s all\u00e1 del comercio chino, y que constituye un desaf\u00edo tanto para el sector empresarial como para el Gobierno.<\/p>\n\n\n\n<p class=\"wp-block-paragraph\">Durante una entrevista en el programa <em>A Diario<\/em>, Pujols cuestion\u00f3 con dureza el manejo de los recursos del Banco Agr\u00edcola durante el a\u00f1o 2024.<\/p>\n\n\n\n<p class=\"wp-block-paragraph\">&#8220;Es incre\u00edble como se dispararon los pr\u00e9stamos en el a\u00f1o 2024. Al parecer todos los funcionarios del PRM se interesaron de repente por la producci\u00f3n agr\u00edcola y la siembra en el pa\u00eds&#8221;, expres\u00f3.<\/p>\n\n\n\n<p class=\"wp-block-paragraph\">El dirigente pelede\u00edsta sugiri\u00f3 que detr\u00e1s del aumento de los cr\u00e9ditos hubo un uso pol\u00edtico de la banca estatal.<\/p>\n\n\n\n<p class=\"wp-block-paragraph\">Sobre el crecimiento del PLD, Pujols aclar\u00f3 que la organizaci\u00f3n no promueve el transfuguismo, &#8220;pero tampoco le cerramos las puertas a los que deciden regresar a casa&#8221;.<\/p>\n\n\n\n<p class=\"wp-block-paragraph\">Cit\u00f3 como ejemplo la reciente juramentaci\u00f3n de una regidora en funciones y asegur\u00f3 que dirigentes del Partido Revolucionario Moderno, PRM, y de la Fuerza del Pueblo est\u00e1n ingresando &#8220;masivamente&#8221; al PLD.<\/p>\n\n\n\n<p class=\"wp-block-paragraph\">Pujols describi\u00f3 el actual escenario electoral como uno encabezado por el PRM, el PLD y la Fuerza del Pueblo, pero advirti\u00f3 que &#8220;lamentablemente uno tendr\u00e1 que conformarse con el segundo lugar para ganar la presidencia&#8221;.<\/p>\n\n\n\n<p class=\"wp-block-paragraph\">El secretario general afirm\u00f3 que el PLD encabeza la simpat\u00eda en varias provincias, principalmente en la regi\u00f3n sur del pa\u00eds.<\/p>\n\n\n\n<p class=\"wp-block-paragraph\">&#8220;No descalificamos a nadie, porque todos est\u00e1n luchando para clasificar en primera vuelta y no quedar fuera del torneo electoral&#8221;, indic\u00f3.<\/p>\n\n\n\n<p class=\"wp-block-paragraph\">Finalmente, no descart\u00f3 que el PRM pueda terminar en el tercer lugar en las pr\u00f3ximas elecciones, aunque reconoci\u00f3 que esa organizaci\u00f3n a\u00fan encabeza en algunas provincias.<\/p>\n","protected":false},"excerpt":{"rendered":"<p>El secretario general del PLD acusa al PRM de usar recursos del Estado y asegura que su partido crece en el sur SANTO DOMINGO, RD. El secretario general del Partido&hellip;<\/p>\n","protected":false},"author":10,"featured_media":105639,"comment_status":"open","ping_status":"open","sticky":false,"template":"","format":"standard","meta":{"content-type":"","_jetpack_newsletter_access":"","_jetpack_dont_email_post_to_subs":false,"_jetpack_newsletter_tier_id":0,"_jetpack_memberships_contains_paywalled_content":false,"_jetpack_feature_clip_id":0,"_jetpack_memberships_contains_paid_content":false,"footnotes":"","jetpack_post_was_ever_published":false},"categories":[25],"tags":[4942,35137,1876,19935,2855],"class_list":["post-135110","post","type-post","status-publish","format-standard","has-post-thumbnail","hentry","category-portada","tag-banco-agricola","tag-evasion-2","tag-fiscal","tag-jhonny-pujols","tag-prestamos"],"jetpack-related-posts":[{"id":108124,"url":"https:\/\/lasprimeras.com.do\/index.php\/2025\/09\/03\/johnny-pujols-patente-el-retroceso-en-el-gobierno-del-prm\/","url_meta":{"origin":135110,"position":0},"title":"Johnny Pujols: Patente el retroceso en el Gobierno del PRM","author":"Nelson Feliz","date":"3 de septiembre de 2025","format":false,"excerpt":"Pujols reitera que es notorio el deterioro de la calidad de vida de la gente. El secretario general del Partido de la Liberaci\u00f3n Dominicana (PLD), Johnny Pujols, considera dif\u00edcil la situaci\u00f3n que se vive en la actualidad en el pa\u00eds, como consecuencias de decisiones adoptadas por el Gobierno del PRM.\u2026","rel":"","context":"En \u00abPOLITICA\u00bb","block_context":{"text":"POLITICA","link":"https:\/\/lasprimeras.com.do\/index.php\/category\/politica\/"},"img":{"alt_text":"","src":"https:\/\/i0.wp.com\/lasprimeras.com.do\/wp-content\/uploads\/2025\/09\/Jhonny-Pujols-4.jpg?resize=350%2C200&ssl=1","width":350,"height":200,"srcset":"https:\/\/i0.wp.com\/lasprimeras.com.do\/wp-content\/uploads\/2025\/09\/Jhonny-Pujols-4.jpg?resize=350%2C200&ssl=1 1x, https:\/\/i0.wp.com\/lasprimeras.com.do\/wp-content\/uploads\/2025\/09\/Jhonny-Pujols-4.jpg?resize=525%2C300&ssl=1 1.5x, https:\/\/i0.wp.com\/lasprimeras.com.do\/wp-content\/uploads\/2025\/09\/Jhonny-Pujols-4.jpg?resize=700%2C400&ssl=1 2x"},"classes":[]},{"id":138491,"url":"https:\/\/lasprimeras.com.do\/index.php\/2026\/08\/29\/johnny-pujols-denuncia-precariedades-afectan-a-los-jovenes-en-el-gobierno-del-prm\/","url_meta":{"origin":135110,"position":1},"title":"Johnny Pujols denuncia precariedades afectan a los j\u00f3venes en el gobierno del PRM","author":"Nelson Feliz","date":"29 de agosto de 2026","format":false,"excerpt":"SANTO DOMINGO - El Secretario General del Partido de la Liberaci\u00f3n Dominicana (PLD), Johnny Pujols, lament\u00f3 la situaci\u00f3n que afecta a los j\u00f3venes de Rep\u00fablica Dominicana por la ausencia de pol\u00edticas p\u00fablicas en el Gobierno del PRM a favor de este pujante sector de la sociedad. Pujols respondi\u00f3 a los\u2026","rel":"","context":"En \u00abPOLITICA\u00bb","block_context":{"text":"POLITICA","link":"https:\/\/lasprimeras.com.do\/index.php\/category\/politica\/"},"img":{"alt_text":"","src":"https:\/\/i0.wp.com\/lasprimeras.com.do\/wp-content\/uploads\/2026\/08\/juventud.jpg?resize=350%2C200&ssl=1","width":350,"height":200,"srcset":"https:\/\/i0.wp.com\/lasprimeras.com.do\/wp-content\/uploads\/2026\/08\/juventud.jpg?resize=350%2C200&ssl=1 1x, https:\/\/i0.wp.com\/lasprimeras.com.do\/wp-content\/uploads\/2026\/08\/juventud.jpg?resize=525%2C300&ssl=1 1.5x, https:\/\/i0.wp.com\/lasprimeras.com.do\/wp-content\/uploads\/2026\/08\/juventud.jpg?resize=700%2C400&ssl=1 2x"},"classes":[]},{"id":112474,"url":"https:\/\/lasprimeras.com.do\/index.php\/2025\/10\/22\/johnny-pujols-con-el-pld-avanzo-el-pais-con-el-prm-ha-retrocedido\/","url_meta":{"origin":135110,"position":2},"title":"Johnny Pujols: Con el PLD avanz\u00f3 el pa\u00eds, con el PRM ha retrocedido","author":"Nelson Feliz","date":"22 de octubre de 2025","format":false,"excerpt":"El Secretario General del Partido de la Liberaci\u00f3n Dominicana (PLD), Johnny Pujols, advirti\u00f3 sobre los notables retrocesos en la gesti\u00f3n de Gobierno del PRM, en comparaci\u00f3n con los avances de los gobiernos del PLD, que ha provocado el impulso del partido morado y el reencuentro con los electores nacionales. Pujols\u2026","rel":"","context":"En \u00abPOLITICA\u00bb","block_context":{"text":"POLITICA","link":"https:\/\/lasprimeras.com.do\/index.php\/category\/politica\/"},"img":{"alt_text":"","src":"https:\/\/i0.wp.com\/lasprimeras.com.do\/wp-content\/uploads\/2025\/10\/Johnny-Pujols-2.jpg?resize=350%2C200&ssl=1","width":350,"height":200,"srcset":"https:\/\/i0.wp.com\/lasprimeras.com.do\/wp-content\/uploads\/2025\/10\/Johnny-Pujols-2.jpg?resize=350%2C200&ssl=1 1x, https:\/\/i0.wp.com\/lasprimeras.com.do\/wp-content\/uploads\/2025\/10\/Johnny-Pujols-2.jpg?resize=525%2C300&ssl=1 1.5x, https:\/\/i0.wp.com\/lasprimeras.com.do\/wp-content\/uploads\/2025\/10\/Johnny-Pujols-2.jpg?resize=700%2C400&ssl=1 2x"},"classes":[]},{"id":111494,"url":"https:\/\/lasprimeras.com.do\/index.php\/2025\/10\/09\/johnny-pujols-denuncia-manipulacion-y-clientelismo-social-del-gobierno-del-prm\/","url_meta":{"origin":135110,"position":3},"title":"Johnny Pujols denuncia manipulaci\u00f3n y clientelismo social del gobierno del PRM","author":"Nelson Feliz","date":"9 de octubre de 2025","format":false,"excerpt":"Pujols afirm\u00f3 que el PLD mantiene un posicionamiento favorable, denuncia el uso pol\u00edtico de las encuestas, la inversi\u00f3n social clientelar. El secretario general del Partido de la Liberaci\u00f3n Dominicana (PLD), Johnny Pujols, afirm\u00f3 que desde el gobierno del PRM se manipulan las encuestas y se utilizan los programas sociales con\u2026","rel":"","context":"En \u00abPOLITICA\u00bb","block_context":{"text":"POLITICA","link":"https:\/\/lasprimeras.com.do\/index.php\/category\/politica\/"},"img":{"alt_text":"","src":"https:\/\/i0.wp.com\/lasprimeras.com.do\/wp-content\/uploads\/2025\/10\/Johnny-Pujols-1.jpg?resize=350%2C200&ssl=1","width":350,"height":200,"srcset":"https:\/\/i0.wp.com\/lasprimeras.com.do\/wp-content\/uploads\/2025\/10\/Johnny-Pujols-1.jpg?resize=350%2C200&ssl=1 1x, https:\/\/i0.wp.com\/lasprimeras.com.do\/wp-content\/uploads\/2025\/10\/Johnny-Pujols-1.jpg?resize=525%2C300&ssl=1 1.5x, https:\/\/i0.wp.com\/lasprimeras.com.do\/wp-content\/uploads\/2025\/10\/Johnny-Pujols-1.jpg?resize=700%2C400&ssl=1 2x"},"classes":[]},{"id":112190,"url":"https:\/\/lasprimeras.com.do\/index.php\/2025\/10\/19\/johnny-pujols-el-pld-denuncio-con-tiempo-la-presencia-del-narcotrafico-en-la-campana-electoral-del-prm\/","url_meta":{"origin":135110,"position":4},"title":"Johnny Pujols: &#8220;El PLD denunci\u00f3 con tiempo la presencia del narcotr\u00e1fico en la campa\u00f1a electoral del PRM&#8221;","author":"Nelson Feliz","date":"19 de octubre de 2025","format":false,"excerpt":"El Secretario general del Partido de la Liberaci\u00f3n Dominicana (PLD), Johnny Pujosl, lament\u00f3 que personas vinculadas al narcotr\u00e1fico hayan alcanzado posiciones en el Congreso Nacional, lo que considera resta calidad institucional al tiempo de asegurar que ning\u00fan exfuncionario de los gobiernos peledeistas ha sido solicitado en extradici\u00f3n por narcotr\u00e1fico Pujols\u2026","rel":"","context":"En \u00abPOLITICA\u00bb","block_context":{"text":"POLITICA","link":"https:\/\/lasprimeras.com.do\/index.php\/category\/politica\/"},"img":{"alt_text":"","src":"https:\/\/i0.wp.com\/lasprimeras.com.do\/wp-content\/uploads\/2025\/07\/Johnny-Pujols.jpg?resize=350%2C200&ssl=1","width":350,"height":200,"srcset":"https:\/\/i0.wp.com\/lasprimeras.com.do\/wp-content\/uploads\/2025\/07\/Johnny-Pujols.jpg?resize=350%2C200&ssl=1 1x, https:\/\/i0.wp.com\/lasprimeras.com.do\/wp-content\/uploads\/2025\/07\/Johnny-Pujols.jpg?resize=525%2C300&ssl=1 1.5x, https:\/\/i0.wp.com\/lasprimeras.com.do\/wp-content\/uploads\/2025\/07\/Johnny-Pujols.jpg?resize=700%2C400&ssl=1 2x"},"classes":[]},{"id":111244,"url":"https:\/\/lasprimeras.com.do\/index.php\/2025\/10\/06\/johnny-pujols-revela-mediciones-colocan-al-pld-liderando-la-oposicion\/","url_meta":{"origin":135110,"position":5},"title":"Johnny Pujols revela mediciones colocan al PLD liderando la oposici\u00f3n","author":"Nelson Feliz","date":"6 de octubre de 2025","format":false,"excerpt":"El secretario general del Partido de la Liberaci\u00f3n Dominicana (PLD), Johnny Pujols, revel\u00f3 que las mediciones realizadas desde el mes de diciembre de 2024 reflejan un crecimiento sostenido de esa organizaci\u00f3n pol\u00edtica, la cual contin\u00faa ganando terreno en la preferencia del electorado. Pujols se\u00f1al\u00f3 que el Gobierno PRM atraviesa una\u2026","rel":"","context":"En \u00abPOLITICA\u00bb","block_context":{"text":"POLITICA","link":"https:\/\/lasprimeras.com.do\/index.php\/category\/politica\/"},"img":{"alt_text":"","src":"https:\/\/i0.wp.com\/lasprimeras.com.do\/wp-content\/uploads\/2025\/10\/PLD.jpg?resize=350%2C200&ssl=1","width":350,"height":200,"srcset":"https:\/\/i0.wp.com\/lasprimeras.com.do\/wp-content\/uploads\/2025\/10\/PLD.jpg?resize=350%2C200&ssl=1 1x, https:\/\/i0.wp.com\/lasprimeras.com.do\/wp-content\/uploads\/2025\/10\/PLD.jpg?resize=525%2C300&ssl=1 1.5x, https:\/\/i0.wp.com\/lasprimeras.com.do\/wp-content\/uploads\/2025\/10\/PLD.jpg?resize=700%2C400&ssl=1 2x"},"classes":[]}],"jetpack_sharing_enabled":true,"jetpack_featured_media_url":"https:\/\/lasprimeras.com.do\/wp-content\/uploads\/2025\/08\/Jhonny-Pujols.jpg","_links":{"self":[{"href":"https:\/\/lasprimeras.com.do\/index.php\/wp-json\/wp\/v2\/posts\/135110","targetHints":{"allow":["GET"]}}],"collection":[{"href":"https:\/\/lasprimeras.com.do\/index.php\/wp-json\/wp\/v2\/posts"}],"about":[{"href":"https:\/\/lasprimeras.com.do\/index.php\/wp-json\/wp\/v2\/types\/post"}],"author":[{"embeddable":true,"href":"https:\/\/lasprimeras.com.do\/index.php\/wp-json\/wp\/v2\/users\/10"}],"replies":[{"embeddable":true,"href":"https:\/\/lasprimeras.com.do\/index.php\/wp-json\/wp\/v2\/comments?post=135110"}],"version-history":[{"count":1,"href":"https:\/\/lasprimeras.com.do\/index.php\/wp-json\/wp\/v2\/posts\/135110\/revisions"}],"predecessor-version":[{"id":135111,"href":"https:\/\/lasprimeras.com.do\/index.php\/wp-json\/wp\/v2\/posts\/135110\/revisions\/135111"}],"wp:featuredmedia":[{"embeddable":true,"href":"https:\/\/lasprimeras.com.do\/index.php\/wp-json\/wp\/v2\/media\/105639"}],"wp:attachment":[{"href":"https:\/\/lasprimeras.com.do\/index.php\/wp-json\/wp\/v2\/media?parent=135110"}],"wp:term":[{"taxonomy":"category","embeddable":true,"href":"https:\/\/lasprimeras.com.do\/index.php\/wp-json\/wp\/v2\/categories?post=135110"},{"taxonomy":"post_tag","embeddable":true,"href":"https:\/\/lasprimeras.com.do\/index.php\/wp-json\/wp\/v2\/tags?post=135110"}],"curies":[{"name":"wp","href":"https:\/\/api.w.org\/{rel}","templated":true}]}}