{"id":135170,"date":"2026-07-21T00:15:33","date_gmt":"2026-07-21T04:15:33","guid":{"rendered":"https:\/\/lasprimeras.com.do\/?p=135170"},"modified":"2026-07-21T00:15:35","modified_gmt":"2026-07-21T04:15:35","slug":"presidente-del-senado-garantiza-nuevo-codigo-penal-entrara-en-vigencia-en-agosto","status":"publish","type":"post","link":"https:\/\/lasprimeras.com.do\/index.php\/2026\/07\/21\/presidente-del-senado-garantiza-nuevo-codigo-penal-entrara-en-vigencia-en-agosto\/","title":{"rendered":"Presidente del Senado garantiza nuevo C\u00f3digo Penal entrar\u00e1 en vigencia en agosto"},"content":{"rendered":"\n<p class=\"wp-block-paragraph\">SANTO DOMINGO, RD. &#8211; El presidente del Senado, Ricardo de los Santos, garantiz\u00f3 este lunes al pueblo dominicano que el pr\u00f3ximo 3 de agosto entrar\u00e1 en vigor el nuevo C\u00f3digo Penal, con las nuevas modificaciones a los art\u00edculos que ya fueron discutidos y presentado el informe por la Comisi\u00f3n Bicameral a la C\u00e1mara de Diputados, que ya aprob\u00f3 la pieza en primera lectura.<\/p>\n\n\n\n<p class=\"wp-block-paragraph\">\u201cEse es el \u00e1nimo que hay. Nosotros entendemos que antes de que termine esta legislatura habr\u00e1 C\u00f3digo Penal sin ning\u00fan inconveniente, ya que estamos trabajando de manera conjunta para eso\u201d, reiter\u00f3 De los Santos.<\/p>\n\n\n\n<p class=\"wp-block-paragraph\">Destac\u00f3 que el objetivo es que cuando el C\u00f3digo Penal llegue al Senado de la Rep\u00fablica, est\u00e9 totalmente consensuado para \u201cdarle el tratamiento con la misma vigorosidad, con el mismo entusiasmo y con el mismo esfuerzo que ha hecho la C\u00e1mara para dotar a la Rep\u00fablica Dominicana de un nuevo C\u00f3digo\u201d.<\/p>\n\n\n\n<p class=\"wp-block-paragraph\">Inform\u00f3 que inmediatamente llegue el proyecto de ley del C\u00f3digo Penal al senado, \u00e9l tiene algunos p\u00e1rrafos que presentar\u00e1 para introducir al art\u00edculo 173.<\/p>\n\n\n\n<p class=\"wp-block-paragraph\">Ricardo de los Santos dijo que el Senado trabaja en armon\u00eda con la C\u00e1mara de Diputados, \u201ccomo un Congreso Bicameral que somos\u201d, raz\u00f3n por la cual, explic\u00f3, se logran mejores resultados.<\/p>\n\n\n\n<p class=\"wp-block-paragraph\">\u201cLas inquietudes que estamos encontrando las estamos estudiando en conjunto, para que ya la pieza estudiada en la C\u00e1mara de Diputados cuando llegue al Senado no haya cambios que hacerle, sino que nos aboquemos a darle el tratamiento apropiado para su aprobaci\u00f3n, y el env\u00edo al Poder Ejecutivo\u201d, resalt\u00f3.<\/p>\n\n\n\n<p class=\"wp-block-paragraph\">Asimismo, el presidente del Senado explic\u00f3 que aquellas propuestas que no fueron acogidas, les estar\u00e1n haciendo llegar una comunicaci\u00f3n, en la que se les explicar\u00e1n las razones por las que no fueron aplicadas dichas sugerencias de modificaci\u00f3n, \u201cpara que la sociedad entienda que el Congreso Nacional es abierto y que siempre est\u00e1 dispuesto a escuchar a todos los sectores\u201d.<\/p>\n\n\n\n<p class=\"wp-block-paragraph\">Record\u00f3 que la C\u00e1mara de Diputados ha sesionado en horarios extraordinarios y el Senado tambi\u00e9n est\u00e1 listo para hacer lo propio en caso de ser necesario.<\/p>\n\n\n\n<p class=\"wp-block-paragraph\">Tras ser abordado por los periodistas que cubren la fuente del Congreso Nacional, el presidente del Senado, Ricardo de los Santos, indic\u00f3 que en el Senado se tiene la firme convicci\u00f3n y decisi\u00f3n de darle a la Rep\u00fablica Dominicana ese tan esperado nuevo C\u00f3digo Penal.<\/p>\n","protected":false},"excerpt":{"rendered":"<p>SANTO DOMINGO, RD. &#8211; El presidente del Senado, Ricardo de los Santos, garantiz\u00f3 este lunes al pueblo dominicano que el pr\u00f3ximo 3 de agosto entrar\u00e1 en vigor el nuevo C\u00f3digo&hellip;<\/p>\n","protected":false},"author":10,"featured_media":135171,"comment_status":"open","ping_status":"open","sticky":false,"template":"","format":"standard","meta":{"content-type":"","_jetpack_newsletter_access":"","_jetpack_dont_email_post_to_subs":false,"_jetpack_newsletter_tier_id":0,"_jetpack_memberships_contains_paywalled_content":false,"_jetpack_feature_clip_id":0,"_jetpack_memberships_contains_paid_content":false,"footnotes":"","jetpack_post_was_ever_published":false},"categories":[25],"tags":[5469,13808,35161,935,413,16148],"class_list":["post-135170","post","type-post","status-publish","format-standard","has-post-thumbnail","hentry","category-portada","tag-agosto","tag-codigo-penal","tag-entrara","tag-presidente","tag-senado","tag-vigencia"],"jetpack-related-posts":[{"id":133617,"url":"https:\/\/lasprimeras.com.do\/index.php\/2026\/06\/29\/ricardo-de-los-santos-rechaza-postergar-entrada-en-vigor-del-nuevo-codigo-penal\/","url_meta":{"origin":135170,"position":0},"title":"Ricardo de los Santos rechaza postergar entrada en vigor del nuevo C\u00f3digo Penal","author":"Nelson Feliz","date":"29 de junio de 2026","format":false,"excerpt":"Por: Adalgisa S\u00e1nchez SANTO DOMINGO. \u2013 El presidente del Senado de la Rep\u00fablica, Ricardo de los Santos, rechaz\u00f3 postergar la entrada en vigor del C\u00f3digo Penal, prevista para el pr\u00f3ximo 3 de agosto, asegurando que la justicia dominicana necesita con urgencia las herramientas contenidas en la nueva normativa para enfrentar\u2026","rel":"","context":"En \u00abNACIONALES\u00bb","block_context":{"text":"NACIONALES","link":"https:\/\/lasprimeras.com.do\/index.php\/category\/nacionales\/"},"img":{"alt_text":"","src":"https:\/\/i0.wp.com\/lasprimeras.com.do\/wp-content\/uploads\/2026\/06\/IMG-20260629-WA0483-scaled.jpg?resize=350%2C200&ssl=1","width":350,"height":200,"srcset":"https:\/\/i0.wp.com\/lasprimeras.com.do\/wp-content\/uploads\/2026\/06\/IMG-20260629-WA0483-scaled.jpg?resize=350%2C200&ssl=1 1x, https:\/\/i0.wp.com\/lasprimeras.com.do\/wp-content\/uploads\/2026\/06\/IMG-20260629-WA0483-scaled.jpg?resize=525%2C300&ssl=1 1.5x, https:\/\/i0.wp.com\/lasprimeras.com.do\/wp-content\/uploads\/2026\/06\/IMG-20260629-WA0483-scaled.jpg?resize=700%2C400&ssl=1 2x, https:\/\/i0.wp.com\/lasprimeras.com.do\/wp-content\/uploads\/2026\/06\/IMG-20260629-WA0483-scaled.jpg?resize=1050%2C600&ssl=1 3x, https:\/\/i0.wp.com\/lasprimeras.com.do\/wp-content\/uploads\/2026\/06\/IMG-20260629-WA0483-scaled.jpg?resize=1400%2C800&ssl=1 4x"},"classes":[]},{"id":104476,"url":"https:\/\/lasprimeras.com.do\/index.php\/2025\/07\/24\/diputados-devuelven-el-codigo-penal-al-senado-por-errores\/","url_meta":{"origin":135170,"position":1},"title":"Diputados devuelven el C\u00f3digo Penal al Senado por errores","author":"Nelson Feliz","date":"24 de julio de 2025","format":false,"excerpt":"A la legislatura de trabajo le quedan dos d\u00edas y los legisladores analizan a paso acelerado. A solo dos d\u00edas para que cierre la actual legislatura de trabajo en el Congreso, el Senado identific\u00f3 errores t\u00e9cnicos en el proyecto de C\u00f3digo Penal que envi\u00f3 por la C\u00e1mara de Diputados, lo\u2026","rel":"","context":"En \u00abNACIONALES\u00bb","block_context":{"text":"NACIONALES","link":"https:\/\/lasprimeras.com.do\/index.php\/category\/nacionales\/"},"img":{"alt_text":"","src":"https:\/\/i0.wp.com\/lasprimeras.com.do\/wp-content\/uploads\/2024\/12\/diputados-1.jpeg?resize=350%2C200&ssl=1","width":350,"height":200,"srcset":"https:\/\/i0.wp.com\/lasprimeras.com.do\/wp-content\/uploads\/2024\/12\/diputados-1.jpeg?resize=350%2C200&ssl=1 1x, https:\/\/i0.wp.com\/lasprimeras.com.do\/wp-content\/uploads\/2024\/12\/diputados-1.jpeg?resize=525%2C300&ssl=1 1.5x, https:\/\/i0.wp.com\/lasprimeras.com.do\/wp-content\/uploads\/2024\/12\/diputados-1.jpeg?resize=700%2C400&ssl=1 2x"},"classes":[]},{"id":94717,"url":"https:\/\/lasprimeras.com.do\/index.php\/2025\/03\/04\/camara-alta-trabajara-para-aprobar-modificacion-al-codigo-penal\/","url_meta":{"origin":135170,"position":2},"title":"C\u00e1mara Alta trabajar\u00e1 para aprobar modificaci\u00f3n al C\u00f3digo Penal","author":"Nelson Feliz","date":"4 de marzo de 2025","format":false,"excerpt":"Durante su participaci\u00f3n en el programa Despierta con CDN, el presidente del Senado asegur\u00f3 que el poder legislativo tiene esa deuda con el pa\u00eds. Por Elvis Castro Hern\u00e1ndez El presidente del Senado, Ricardo de los Santos, destac\u00f3 el proyecto de modificaci\u00f3n al C\u00f3digo Penal dominicano, como la pieza legislativa macro\u2026","rel":"","context":"En \u00abNACIONALES\u00bb","block_context":{"text":"NACIONALES","link":"https:\/\/lasprimeras.com.do\/index.php\/category\/nacionales\/"},"img":{"alt_text":"Ricardo de los Santos","src":"https:\/\/i0.wp.com\/lasprimeras.com.do\/wp-content\/uploads\/2025\/03\/Ricardo-de-los-Santos2.jpg?resize=350%2C200&ssl=1","width":350,"height":200,"srcset":"https:\/\/i0.wp.com\/lasprimeras.com.do\/wp-content\/uploads\/2025\/03\/Ricardo-de-los-Santos2.jpg?resize=350%2C200&ssl=1 1x, https:\/\/i0.wp.com\/lasprimeras.com.do\/wp-content\/uploads\/2025\/03\/Ricardo-de-los-Santos2.jpg?resize=525%2C300&ssl=1 1.5x, https:\/\/i0.wp.com\/lasprimeras.com.do\/wp-content\/uploads\/2025\/03\/Ricardo-de-los-Santos2.jpg?resize=700%2C400&ssl=1 2x"},"classes":[]},{"id":85612,"url":"https:\/\/lasprimeras.com.do\/index.php\/2024\/07\/04\/senado-aprueba-codigo-penal-que-sanciona-el-bullying-feminicidio-sicariato-y-fija-cumulo-pena-en-60-anos\/","url_meta":{"origin":135170,"position":3},"title":"Senado aprueba C\u00f3digo Penal que sanciona el bullying, feminicidio, sicariato y fija c\u00famulo pena en 60 a\u00f1os","author":"Nelson Feliz","date":"4 de julio de 2024","format":false,"excerpt":"El Senado de la Rep\u00fablica aprob\u00f3 en segunda lectura el proyecto de ley de C\u00f3digo Penal, que establece 72 nuevos art\u00edculos que penalizan el sicariato, feminicidio, genocidio, bullying, da\u00f1o con sustancias qu\u00edmicas (\u00e1cido del diablo), soborno p\u00fablicos y judiciales, el acoso, la corrupci\u00f3n, violencia intrafamiliar e incrementa la pena m\u00e1xima\u2026","rel":"","context":"En \u00abNACIONALES\u00bb","block_context":{"text":"NACIONALES","link":"https:\/\/lasprimeras.com.do\/index.php\/category\/nacionales\/"},"img":{"alt_text":"Ricardo de los Santos","src":"https:\/\/i0.wp.com\/lasprimeras.com.do\/wp-content\/uploads\/2024\/07\/Ricardo-de-los-Santos.jpg?resize=350%2C200&ssl=1","width":350,"height":200,"srcset":"https:\/\/i0.wp.com\/lasprimeras.com.do\/wp-content\/uploads\/2024\/07\/Ricardo-de-los-Santos.jpg?resize=350%2C200&ssl=1 1x, https:\/\/i0.wp.com\/lasprimeras.com.do\/wp-content\/uploads\/2024\/07\/Ricardo-de-los-Santos.jpg?resize=525%2C300&ssl=1 1.5x"},"classes":[]},{"id":136688,"url":"https:\/\/lasprimeras.com.do\/index.php\/2026\/08\/06\/ricardo-de-los-santos-el-nuevo-codigo-penal-responde-a-nuevas-realidades-delictivas\/","url_meta":{"origin":135170,"position":4},"title":"Ricardo de los Santos: &#8220;El nuevo C\u00f3digo Penal responde a nuevas realidades delictivas&#8221;","author":"Nelson Feliz","date":"6 de agosto de 2026","format":false,"excerpt":"Santo Domingo. - El presidente de la C\u00e1mara Alta, Ricardo de los Santos, valor\u00f3 de positivo la entrada en vigencia del nuevo C\u00f3digo Penal dominicano. Considera que este responde a la necesidad de actualizar un c\u00f3digo desfasado y distante de las nuevas modalidades delictivas. De los Santos rechaz\u00f3 las cr\u00edticas\u2026","rel":"","context":"En \u00abPORTADA\u00bb","block_context":{"text":"PORTADA","link":"https:\/\/lasprimeras.com.do\/index.php\/category\/portada\/"},"img":{"alt_text":"","src":"https:\/\/i0.wp.com\/lasprimeras.com.do\/wp-content\/uploads\/2026\/08\/IMG-20260806-WA0367.jpg?resize=350%2C200&ssl=1","width":350,"height":200,"srcset":"https:\/\/i0.wp.com\/lasprimeras.com.do\/wp-content\/uploads\/2026\/08\/IMG-20260806-WA0367.jpg?resize=350%2C200&ssl=1 1x, https:\/\/i0.wp.com\/lasprimeras.com.do\/wp-content\/uploads\/2026\/08\/IMG-20260806-WA0367.jpg?resize=525%2C300&ssl=1 1.5x, https:\/\/i0.wp.com\/lasprimeras.com.do\/wp-content\/uploads\/2026\/08\/IMG-20260806-WA0367.jpg?resize=700%2C400&ssl=1 2x"},"classes":[]}],"jetpack_sharing_enabled":true,"jetpack_featured_media_url":"https:\/\/lasprimeras.com.do\/wp-content\/uploads\/2026\/07\/Ricardo-de-los-Santos-1.jpg","_links":{"self":[{"href":"https:\/\/lasprimeras.com.do\/index.php\/wp-json\/wp\/v2\/posts\/135170","targetHints":{"allow":["GET"]}}],"collection":[{"href":"https:\/\/lasprimeras.com.do\/index.php\/wp-json\/wp\/v2\/posts"}],"about":[{"href":"https:\/\/lasprimeras.com.do\/index.php\/wp-json\/wp\/v2\/types\/post"}],"author":[{"embeddable":true,"href":"https:\/\/lasprimeras.com.do\/index.php\/wp-json\/wp\/v2\/users\/10"}],"replies":[{"embeddable":true,"href":"https:\/\/lasprimeras.com.do\/index.php\/wp-json\/wp\/v2\/comments?post=135170"}],"version-history":[{"count":1,"href":"https:\/\/lasprimeras.com.do\/index.php\/wp-json\/wp\/v2\/posts\/135170\/revisions"}],"predecessor-version":[{"id":135172,"href":"https:\/\/lasprimeras.com.do\/index.php\/wp-json\/wp\/v2\/posts\/135170\/revisions\/135172"}],"wp:featuredmedia":[{"embeddable":true,"href":"https:\/\/lasprimeras.com.do\/index.php\/wp-json\/wp\/v2\/media\/135171"}],"wp:attachment":[{"href":"https:\/\/lasprimeras.com.do\/index.php\/wp-json\/wp\/v2\/media?parent=135170"}],"wp:term":[{"taxonomy":"category","embeddable":true,"href":"https:\/\/lasprimeras.com.do\/index.php\/wp-json\/wp\/v2\/categories?post=135170"},{"taxonomy":"post_tag","embeddable":true,"href":"https:\/\/lasprimeras.com.do\/index.php\/wp-json\/wp\/v2\/tags?post=135170"}],"curies":[{"name":"wp","href":"https:\/\/api.w.org\/{rel}","templated":true}]}}