{"id":135218,"date":"2026-07-21T18:01:17","date_gmt":"2026-07-21T22:01:17","guid":{"rendered":"https:\/\/lasprimeras.com.do\/?p=135218"},"modified":"2026-07-21T18:01:18","modified_gmt":"2026-07-21T22:01:18","slug":"eeuu-envia-comida-a-cubanos-mientras-sigue-presionando-al-gobierno-de-la-isla","status":"publish","type":"post","link":"https:\/\/lasprimeras.com.do\/index.php\/2026\/07\/21\/eeuu-envia-comida-a-cubanos-mientras-sigue-presionando-al-gobierno-de-la-isla\/","title":{"rendered":"EEUU env\u00eda comida a cubanos mientras sigue presionando al gobierno de la isla"},"content":{"rendered":"\n<p class=\"wp-block-paragraph\">POR DANIEL KOZIN and DAVID FISCHER<\/p>\n\n\n\n<p class=\"wp-block-paragraph\">MIAMI (AP) \u2014 Un avi\u00f3n de carga con alimentos y kits de higiene sali\u00f3 de Miami el martes con rumbo a Cuba, como parte de los esfuerzos de Estados Unidos por brindar asistencia directa a los residentes de la isla mientras contin\u00faa presionando a su gobierno.<\/p>\n\n\n\n<p class=\"wp-block-paragraph\">El vuelo, que lleva 700 paquetes, pretende eludir al gobierno cubano, y los art\u00edculos ser\u00e1n distribuidos directamente al pueblo cubano por grupos cat\u00f3licos en Cuba, seg\u00fan el Departamento de Estado estadounidense.<\/p>\n\n\n\n<p class=\"wp-block-paragraph\">El env\u00edo del martes es un primer paquete de 60 millones de d\u00f3lares de un total de 100 millones de d\u00f3lares que Estados Unidos ofreci\u00f3 a Cuba hace alg\u00fan tiempo.<\/p>\n\n\n\n<p class=\"wp-block-paragraph\">Se env\u00eda despu\u00e9s de meses de presi\u00f3n de Estados Unidos sobre el gobierno cubano y las instituciones vinculadas al gobierno, centrada principalmente en imponer sanciones significativas contra el aparato militar y de inteligencia del pa\u00eds.<\/p>\n\n\n\n<p class=\"wp-block-paragraph\">La imposici\u00f3n de un bloqueo energ\u00e9tico y petrolero por parte de Estados Unidos ha paralizado pr\u00e1cticamente la econom\u00eda cubana y la vida cotidiana de las personas en la isla.<\/p>\n\n\n\n<p class=\"wp-block-paragraph\">La versi\u00f3n m\u00e1s reciente de esto fue un extenso documento publicado por el Departamento de Estado el lunes, en el que acusa a Cuba de llevar a cabo una vasta operaci\u00f3n de espionaje y de influencia en Estados Unidos durante las \u00faltimas cinco d\u00e9cadas.<\/p>\n\n\n\n<p class=\"wp-block-paragraph\">El secretario de Estado estadounidense, Marco Rubio, hijo de inmigrantes cubanos, se ha interesado en presionar a Cuba para realizar cambios en su sistema pol\u00edtico, mientras que el presidente estadounidense Donald Trump ha insinuado en varias ocasiones que Estados Unidos podr\u00eda emprender acciones militares para derrocar al gobierno de la isla.<\/p>\n\n\n\n<p class=\"wp-block-paragraph\">Jeremy Lewin, el alto funcionario del Departamento de Estado para asistencia exterior, asuntos humanitarios y libertad religiosa, indic\u00f3 que la alianza se basa en un programa que el a\u00f1o pasado entreg\u00f3 9 millones de d\u00f3lares en apoyo directo a la isla tras el hurac\u00e1n Melissa.<\/p>\n\n\n\n<p class=\"wp-block-paragraph\">Se\u00f1al\u00f3 que los desaf\u00edos han incluido convencer al gobierno cubano de permitir la distribuci\u00f3n de ayuda y aceptar no interceptarla ni qued\u00e1rsela.<\/p>\n\n\n\n<p class=\"wp-block-paragraph\">Lewin afirm\u00f3 que, dado que sacerdotes locales y grupos cat\u00f3licos est\u00e1n distribuyendo la asistencia directamente, \u201chay muy poca, si es que hay alguna, oportunidad de que el r\u00e9gimen interfiera con la entrega de la asistencia\u201d.<\/p>\n\n\n\n<p class=\"wp-block-paragraph\">Sean Callahan, presidente y director general de Catholic Relief Services, coment\u00f3 que visit\u00f3 la isla hace unas semanas para garantizar la rendici\u00f3n de cuentas en la distribuci\u00f3n de la ayuda.<\/p>\n\n\n\n<p class=\"wp-block-paragraph\">\u201cEsperamos que este sea un peque\u00f1o paso adelante en el plano humanitario\u201d, manifest\u00f3 Callahan. \u201cPero ojal\u00e1 podamos unir a la gente de Estados Unidos y Cuba en un futuro\u201d.<\/p>\n\n\n\n<p class=\"wp-block-paragraph\">Ni el gobierno cubano ni su prensa informaron el martes sobre el vuelo procedente de Estados Unidos.<\/p>\n\n\n\n<p class=\"wp-block-paragraph\">A principios de julio, el canciller cubano Bruno Rodr\u00edguez desestim\u00f3 los anuncios de ayuda que a\u00fan no hab\u00eda llegado, y minimiz\u00f3 el monto en contraste con todas las p\u00e9rdidas que la isla sufre a diario debido al bloqueo energ\u00e9tico y a las sanciones impuestas por Estados Unidos.<\/p>\n\n\n\n<p class=\"wp-block-paragraph\"><em>_<\/em> Los periodistas de The Associated Press Matthew Lee en Washington y Andrea Rodr\u00edguez en La Habana, contribuyeron a este despacho.<\/p>\n","protected":false},"excerpt":{"rendered":"<p>POR DANIEL KOZIN and DAVID FISCHER MIAMI (AP) \u2014 Un avi\u00f3n de carga con alimentos y kits de higiene sali\u00f3 de Miami el martes con rumbo a Cuba, como parte&hellip;<\/p>\n","protected":false},"author":10,"featured_media":135219,"comment_status":"open","ping_status":"open","sticky":false,"template":"","format":"standard","meta":{"content-type":"","_jetpack_newsletter_access":"","_jetpack_dont_email_post_to_subs":false,"_jetpack_newsletter_tier_id":0,"_jetpack_memberships_contains_paywalled_content":false,"_jetpack_feature_clip_id":0,"_jetpack_memberships_contains_paid_content":false,"footnotes":"","jetpack_post_was_ever_published":false},"categories":[16289],"tags":[8253,13778,979,13807,98,171,13725,1152,35170],"class_list":["post-135218","post","type-post","status-publish","format-standard","has-post-thumbnail","hentry","category-internacionales","tag-comida","tag-cubanos","tag-eeuu","tag-envia","tag-estados-unidos","tag-gobierno","tag-isla","tag-miami","tag-presionando"],"jetpack-related-posts":[{"id":96366,"url":"https:\/\/lasprimeras.com.do\/index.php\/2025\/03\/30\/cuba-llama-a-impedir-que-las-deportaciones-de-eeuu-se-conviertan-en-un-arma-de-chantaje\/","url_meta":{"origin":135218,"position":0},"title":"Cuba llama a impedir que las deportaciones de EEUU se conviertan en un &#8220;arma de chantaje&#8221;","author":"Nelson Feliz","date":"30 de marzo de 2025","format":false,"excerpt":"El canciller cubano, Bruno Rodr\u00edguez, expres\u00f3 que el \"uso pol\u00edticamente motivado de las deportaciones masivas, violentas y racistas de migrantes Cuba, EFE - Cuba hizo este s\u00e1bado un llamado a impedir que las deportaciones por parte de Estados Unidos se conviertan en un \"arma de chantaje y presi\u00f3n pol\u00edtica\" contra\u2026","rel":"","context":"En \u00abINTERNACIONALES\u00bb","block_context":{"text":"INTERNACIONALES","link":"https:\/\/lasprimeras.com.do\/index.php\/category\/sin-categoria\/internacionales\/"},"img":{"alt_text":"","src":"https:\/\/i0.wp.com\/lasprimeras.com.do\/wp-content\/uploads\/2025\/03\/Bruno-Rodriguez.jpg?resize=350%2C200&ssl=1","width":350,"height":200,"srcset":"https:\/\/i0.wp.com\/lasprimeras.com.do\/wp-content\/uploads\/2025\/03\/Bruno-Rodriguez.jpg?resize=350%2C200&ssl=1 1x, https:\/\/i0.wp.com\/lasprimeras.com.do\/wp-content\/uploads\/2025\/03\/Bruno-Rodriguez.jpg?resize=525%2C300&ssl=1 1.5x, https:\/\/i0.wp.com\/lasprimeras.com.do\/wp-content\/uploads\/2025\/03\/Bruno-Rodriguez.jpg?resize=700%2C400&ssl=1 2x"},"classes":[]},{"id":61308,"url":"https:\/\/lasprimeras.com.do\/index.php\/2023\/09\/25\/embajada-de-cuba-en-eeuu-fue-atacada-con-bombas-incendiarias\/","url_meta":{"origin":135218,"position":1},"title":"Embajada de Cuba en EEUU fue atacada con bombas incendiarias","author":"Nelson Feliz","date":"25 de septiembre de 2023","format":false,"excerpt":"Aparentemente el atentado ocurri\u00f3 horas despu\u00e9s de que el presidente, Miguel D\u00edaz-Canel, volviera a la isla tras una visita a Nueva York. La embajada de Cuba en Washington sufri\u00f3 un ataque con bombas incendiarias el domingo por la noche, inform\u00f3 el canciller de la isla, Bruno Rodr\u00edguez. No se reportaron\u2026","rel":"","context":"En \u00abSin categor\u00eda\u00bb","block_context":{"text":"Sin categor\u00eda","link":"https:\/\/lasprimeras.com.do\/index.php\/category\/sin-categoria\/"},"img":{"alt_text":"Embajada de Cuba en Estados Unidos","src":"https:\/\/i0.wp.com\/lasprimeras.com.do\/wp-content\/uploads\/2023\/09\/Embajada-de-Cuba-en-Estados-Unidos.jpeg?resize=350%2C200&ssl=1","width":350,"height":200,"srcset":"https:\/\/i0.wp.com\/lasprimeras.com.do\/wp-content\/uploads\/2023\/09\/Embajada-de-Cuba-en-Estados-Unidos.jpeg?resize=350%2C200&ssl=1 1x, https:\/\/i0.wp.com\/lasprimeras.com.do\/wp-content\/uploads\/2023\/09\/Embajada-de-Cuba-en-Estados-Unidos.jpeg?resize=525%2C300&ssl=1 1.5x, https:\/\/i0.wp.com\/lasprimeras.com.do\/wp-content\/uploads\/2023\/09\/Embajada-de-Cuba-en-Estados-Unidos.jpeg?resize=700%2C400&ssl=1 2x"},"classes":[]},{"id":70478,"url":"https:\/\/lasprimeras.com.do\/index.php\/2023\/12\/11\/corte-aplaza-una-audiencia-del-exdiplomatico-de-eeuu-victor-manuel-rocha-por-espionaje-para-cuba\/","url_meta":{"origin":135218,"position":2},"title":"Corte aplaza una audiencia del exdiplom\u00e1tico de EEUU V\u00edctor Manuel Rocha por espionaje para Cuba","author":"Nelson Feliz","date":"11 de diciembre de 2023","format":false,"excerpt":"El exdiplom\u00e1tico ten\u00eda una audiencia este martes, la segunda en el proceso desde que fue arrestado MIAMI, Florida, EE.UU. -Una corte de Miami (EE.UU.) pospuso para el pr\u00f3ximo 12 de enero la audiencia del exdiplom\u00e1tico estadounidense V\u00edctor Manuel Rocha, quien est\u00e1 acusado de varios cargos relacionados con espionaje para Cuba\u2026","rel":"","context":"En \u00abSin categor\u00eda\u00bb","block_context":{"text":"Sin categor\u00eda","link":"https:\/\/lasprimeras.com.do\/index.php\/category\/sin-categoria\/"},"img":{"alt_text":"Manuel Rocha","src":"https:\/\/i0.wp.com\/lasprimeras.com.do\/wp-content\/uploads\/2023\/12\/Manuel-Rocha.jpg?resize=350%2C200&ssl=1","width":350,"height":200,"srcset":"https:\/\/i0.wp.com\/lasprimeras.com.do\/wp-content\/uploads\/2023\/12\/Manuel-Rocha.jpg?resize=350%2C200&ssl=1 1x, https:\/\/i0.wp.com\/lasprimeras.com.do\/wp-content\/uploads\/2023\/12\/Manuel-Rocha.jpg?resize=525%2C300&ssl=1 1.5x, https:\/\/i0.wp.com\/lasprimeras.com.do\/wp-content\/uploads\/2023\/12\/Manuel-Rocha.jpg?resize=700%2C400&ssl=1 2x"},"classes":[]},{"id":61319,"url":"https:\/\/lasprimeras.com.do\/index.php\/2023\/09\/25\/cuba-llama-a-eeuu-a-la-accion-tras-el-ataque-contra-su-embajada-en-washington\/","url_meta":{"origin":135218,"position":3},"title":"Cuba llama a EEUU a la &#8220;acci\u00f3n&#8221; tras el ataque contra su embajada en Washington","author":"Nelson Feliz","date":"25 de septiembre de 2023","format":false,"excerpt":"El Gobierno de Cuba llam\u00f3 este lunes a Estados Unidos a la \"acci\u00f3n\" tras denunciar el lanzamiento de dos c\u00f3cteles molotov contra su embajada en Washington la v\u00edspera. Los ataques, que no causaron da\u00f1os personales seg\u00fan fuentes gubernamentales cubanas, han generado la denuncia de La Habana y respuestas de solidaridad\u2026","rel":"","context":"En \u00abSin categor\u00eda\u00bb","block_context":{"text":"Sin categor\u00eda","link":"https:\/\/lasprimeras.com.do\/index.php\/category\/sin-categoria\/"},"img":{"alt_text":"Embajada de Cuba en Washington DC","src":"https:\/\/i0.wp.com\/lasprimeras.com.do\/wp-content\/uploads\/2023\/09\/Embajada-de-Cuba-en-Washington-DC.jpeg?resize=350%2C200&ssl=1","width":350,"height":200,"srcset":"https:\/\/i0.wp.com\/lasprimeras.com.do\/wp-content\/uploads\/2023\/09\/Embajada-de-Cuba-en-Washington-DC.jpeg?resize=350%2C200&ssl=1 1x, https:\/\/i0.wp.com\/lasprimeras.com.do\/wp-content\/uploads\/2023\/09\/Embajada-de-Cuba-en-Washington-DC.jpeg?resize=525%2C300&ssl=1 1.5x, https:\/\/i0.wp.com\/lasprimeras.com.do\/wp-content\/uploads\/2023\/09\/Embajada-de-Cuba-en-Washington-DC.jpeg?resize=700%2C400&ssl=1 2x"},"classes":[]},{"id":58017,"url":"https:\/\/lasprimeras.com.do\/index.php\/2023\/08\/18\/eeuu-reabrira-oficina-en-la-habana-para-tramites-de-reunificacion-familiar\/","url_meta":{"origin":135218,"position":4},"title":"EEUU reabrir\u00e1 oficina en La Habana para tr\u00e1mites de reunificaci\u00f3n familiar","author":"Nelson Feliz","date":"18 de agosto de 2023","format":false,"excerpt":"Eva RODRIGUEZ LORENZO Estados Unidos anunci\u00f3 que reabrir\u00e1 una oficina en La Habana que se encargar\u00e1 de los tr\u00e1mites para la reunificaci\u00f3n familiar y las solicitudes de parientes de refugiados. En un comunicado el Departamento de Seguridad Interior (DHS) inform\u00f3 que la oficina de los Servicios de Ciudadan\u00eda e Inmigraci\u00f3n\u2026","rel":"","context":"En \u00abSin categor\u00eda\u00bb","block_context":{"text":"Sin categor\u00eda","link":"https:\/\/lasprimeras.com.do\/index.php\/category\/sin-categoria\/"},"img":{"alt_text":"estados unidos","src":"https:\/\/i0.wp.com\/lasprimeras.com.do\/wp-content\/uploads\/2023\/08\/estados-unidos.jpg?resize=350%2C200&ssl=1","width":350,"height":200,"srcset":"https:\/\/i0.wp.com\/lasprimeras.com.do\/wp-content\/uploads\/2023\/08\/estados-unidos.jpg?resize=350%2C200&ssl=1 1x, https:\/\/i0.wp.com\/lasprimeras.com.do\/wp-content\/uploads\/2023\/08\/estados-unidos.jpg?resize=525%2C300&ssl=1 1.5x, https:\/\/i0.wp.com\/lasprimeras.com.do\/wp-content\/uploads\/2023\/08\/estados-unidos.jpg?resize=700%2C400&ssl=1 2x"},"classes":[]},{"id":69224,"url":"https:\/\/lasprimeras.com.do\/index.php\/2023\/11\/30\/estados-unidos-retorna-a-miles-de-migrantes-que-viajaban-en-balsas-desde-cuba\/","url_meta":{"origin":135218,"position":5},"title":"Estados Unidos retorna a miles de migrantes que viajaban en balsas desde Cuba","author":"Nelson Feliz","date":"30 de noviembre de 2023","format":false,"excerpt":"Tras el retorno de cuatro balseros esta semana, Estados Unidos confirma su pol\u00edtica para evitar el arribo de migrantes irregulares de Cuba. En lo que va de 2023, Estados Unidos ha retornado a m\u00e1s de 5,000 de migrantes de Cuba que intentaban arribar a territorio estadounidenses en balsas. As\u00ed lo\u2026","rel":"","context":"En \u00abSin categor\u00eda\u00bb","block_context":{"text":"Sin categor\u00eda","link":"https:\/\/lasprimeras.com.do\/index.php\/category\/sin-categoria\/"},"img":{"alt_text":"","src":"https:\/\/i0.wp.com\/lasprimeras.com.do\/wp-content\/uploads\/2023\/11\/MIGRANTES.jpg?resize=350%2C200&ssl=1","width":350,"height":200,"srcset":"https:\/\/i0.wp.com\/lasprimeras.com.do\/wp-content\/uploads\/2023\/11\/MIGRANTES.jpg?resize=350%2C200&ssl=1 1x, https:\/\/i0.wp.com\/lasprimeras.com.do\/wp-content\/uploads\/2023\/11\/MIGRANTES.jpg?resize=525%2C300&ssl=1 1.5x, https:\/\/i0.wp.com\/lasprimeras.com.do\/wp-content\/uploads\/2023\/11\/MIGRANTES.jpg?resize=700%2C400&ssl=1 2x"},"classes":[]}],"jetpack_sharing_enabled":true,"jetpack_featured_media_url":"https:\/\/lasprimeras.com.do\/wp-content\/uploads\/2026\/07\/avion.jpg","_links":{"self":[{"href":"https:\/\/lasprimeras.com.do\/index.php\/wp-json\/wp\/v2\/posts\/135218","targetHints":{"allow":["GET"]}}],"collection":[{"href":"https:\/\/lasprimeras.com.do\/index.php\/wp-json\/wp\/v2\/posts"}],"about":[{"href":"https:\/\/lasprimeras.com.do\/index.php\/wp-json\/wp\/v2\/types\/post"}],"author":[{"embeddable":true,"href":"https:\/\/lasprimeras.com.do\/index.php\/wp-json\/wp\/v2\/users\/10"}],"replies":[{"embeddable":true,"href":"https:\/\/lasprimeras.com.do\/index.php\/wp-json\/wp\/v2\/comments?post=135218"}],"version-history":[{"count":1,"href":"https:\/\/lasprimeras.com.do\/index.php\/wp-json\/wp\/v2\/posts\/135218\/revisions"}],"predecessor-version":[{"id":135220,"href":"https:\/\/lasprimeras.com.do\/index.php\/wp-json\/wp\/v2\/posts\/135218\/revisions\/135220"}],"wp:featuredmedia":[{"embeddable":true,"href":"https:\/\/lasprimeras.com.do\/index.php\/wp-json\/wp\/v2\/media\/135219"}],"wp:attachment":[{"href":"https:\/\/lasprimeras.com.do\/index.php\/wp-json\/wp\/v2\/media?parent=135218"}],"wp:term":[{"taxonomy":"category","embeddable":true,"href":"https:\/\/lasprimeras.com.do\/index.php\/wp-json\/wp\/v2\/categories?post=135218"},{"taxonomy":"post_tag","embeddable":true,"href":"https:\/\/lasprimeras.com.do\/index.php\/wp-json\/wp\/v2\/tags?post=135218"}],"curies":[{"name":"wp","href":"https:\/\/api.w.org\/{rel}","templated":true}]}}