{"id":135221,"date":"2026-07-21T18:07:39","date_gmt":"2026-07-21T22:07:39","guid":{"rendered":"https:\/\/lasprimeras.com.do\/?p=135221"},"modified":"2026-07-21T18:10:58","modified_gmt":"2026-07-21T22:10:58","slug":"mexico-y-eeuu-abren-dialogo-para-revisar-t-mec-entre-tensiones-migratorias-y-aranceles-a-canada","status":"publish","type":"post","link":"https:\/\/lasprimeras.com.do\/index.php\/2026\/07\/21\/mexico-y-eeuu-abren-dialogo-para-revisar-t-mec-entre-tensiones-migratorias-y-aranceles-a-canada\/","title":{"rendered":"M\u00e9xico y EEUU abren di\u00e1logo para revisar T-MEC entre tensiones migratorias y aranceles a Canad\u00e1"},"content":{"rendered":"\n<p class=\"wp-block-paragraph\">CIUDAD DE M\u00c9XICO (AP) \u2014 M\u00e9xico y Estados Unidos inician el martes una nueva ronda bilateral de conversaciones comerciales para la revisi\u00f3n del T-MEC, el tratado de libre comercio norteamericano, en medio de crecientes tensiones por las muertes de mexicanos vinculadas a las acciones de control migratorio estadounidense y cuando el presidente Donald Trump acaba de imponer aranceles del 50% a la mayor\u00eda de los productos de Canad\u00e1.<\/p>\n\n\n\n<p class=\"wp-block-paragraph\">Las negociaciones se prolongar\u00e1n hasta el jueves. El anuncio de Trump contra Canad\u00e1 demuestra que, pese a la imagen de unidad que quisieron dar los tres l\u00edderes norteamericanos el domingo en la final del Mundial de f\u00fatbol que organizaron, los asuntos econ\u00f3micos se mueven al margen.<\/p>\n\n\n\n<p class=\"wp-block-paragraph\">Estados Unidos justific\u00f3 los aranceles anunciados contra Canad\u00e1 en lo que Trump considera un trato discriminatorio contra autom\u00f3viles, alcohol y productos l\u00e1cteos estadounidenses.<\/p>\n\n\n\n<p class=\"wp-block-paragraph\">M\u00e9xico no solo aspira a bloquear cualquier nuevo gravamen por parte de Washington sino que disminuyan los aranceles ya existentes al acero y los autom\u00f3viles.<\/p>\n\n\n\n<p class=\"wp-block-paragraph\">Trump, por su parte, insiste en endurecer las \u201creglas de origen\u201d para que aumente el porcentaje de autopartes fabricadas por Estados Unidos.<\/p>\n\n\n\n<p class=\"wp-block-paragraph\">La revisi\u00f3n del tratado tripartito se est\u00e1 realizando en conversaciones paralelas. M\u00e9xico ha tenido la mayor parte del di\u00e1logo de forma bilateral bien con Estados Unidos o solo con Canad\u00e1.<\/p>\n\n\n\n<p class=\"wp-block-paragraph\">Sheinbaum decidi\u00f3 acudir a la final de f\u00fatbol entre Espa\u00f1a y Argentina de forma imprevista despu\u00e9s de unas semanas de relaciones marcadas por pol\u00e9micas en temas de seguridad y por las muertes de migrantes mexicanos en territorio estadounidense vinculadas a operaciones de ICE, el Servicio de Control de Inmigraci\u00f3n y Aduanas estadounidense.<\/p>\n\n\n\n<p class=\"wp-block-paragraph\">En este \u00faltimo tema, M\u00e9xico pas\u00f3 la semana pasada del plano diplom\u00e1tico al penal presentado denuncias formales y pidiendo que se presenten cargos contra quien resulte responsable de esos fallecimientos.<\/p>\n\n\n\n<p class=\"wp-block-paragraph\">Pero el viernes la Oficina de Asuntos del Hemisferio Occidental del Departamento de Estado inform\u00f3 en su cuenta de X que devolvi\u00f3 al embajador mexicano en Washington, Roberto Lazzeri, las cartas que pretend\u00edan dar instrucciones a funcionarios estadounidenses y pidi\u00f3 tratar cualquier inquietud por la v\u00eda diplom\u00e1tica.<\/p>\n\n\n\n<p class=\"wp-block-paragraph\">Tambi\u00e9n el viernes, Sheinbaum y Trump hablaron por tel\u00e9fono. \u201cMe dijo \u2018\u00bfClaudia, vas a venir\u2019 (a la final de la Copa)? Y le dije, \u2018bueno, si usted me invita, presidente Trump\u2019. Dijo \u2018s\u00ed, s\u00ed, est\u00e1s invitada, ven, vas a estar sentada ah\u00ed junto a nosotros\u2019. Y entonces dije bueno, pues hay que ir\u201d, explic\u00f3 la mexicana el lunes.<\/p>\n\n\n\n<p class=\"wp-block-paragraph\">En el palco de honor estaba tambi\u00e9n el primer ministro canadiense, Mark Carney.<\/p>\n\n\n\n<p class=\"wp-block-paragraph\">La mexicana aprovech\u00f3 para decirle a Trump que deb\u00edan hablar de \u201cvarias cosas pendientes\u201d en una nueva llamada o en persona, pero no en el estadio de f\u00fatbol y, seg\u00fan dijo, platic\u00f3 brevemente de comercio.<\/p>\n\n\n\n<p class=\"wp-block-paragraph\">Tambi\u00e9n intercambi\u00f3 algunas palabras con el secretario de Estado, Marco Rubio; el de Comercio, Howard Lutnick, y el representante estadounidense en las negociaciones sobre el T-MEC, Jamieson Greer, a quien ver\u00e1 esta semana en Ciudad de M\u00e9xico.<\/p>\n\n\n\n<p class=\"wp-block-paragraph\">Greer estar\u00e1 en la capital mexicana hasta el viernes y entre los temas que tratar\u00e1 con el secretario de Econom\u00eda mexicano, Marcelo Ebrard, est\u00e1n el acero, el aluminio, los autom\u00f3viles, la seguridad econ\u00f3mica, asuntos laborales, de agricultura y los servicios de pago electr\u00f3nico, seg\u00fan un comunicado de su gobierno.<\/p>\n\n\n\n<p class=\"wp-block-paragraph\">M\u00e9xico aspira a poder llegar a acuerdos con Estados Unidos que den estabilidad a ambos pa\u00edses y cuyo cumplimiento pueda revisarse cada a\u00f1o sin tener que abrir de nuevo cada tema del tratado trilateral.<\/p>\n\n\n\n<p class=\"wp-block-paragraph\">En paralelo, el gobierno de Sheinbaum sigue con operativos con los que mostrar a Washington su lucha contra el narcotr\u00e1fico.<\/p>\n\n\n\n<p class=\"wp-block-paragraph\">El secretario de Seguridad, Omar Garc\u00eda Harfuch, inform\u00f3 el martes sobre el decomiso de m\u00e1s de tres toneladas de metanfetaminas en Sonora, frontera con Arizona, y en los \u00faltimos d\u00edas anunci\u00f3 la detenci\u00f3n, entre otros, de un ciudadano estadounidense buscado por la DEA y presuntamente vinculado al c\u00e1rtel de Sinaloa.<\/p>\n","protected":false},"excerpt":{"rendered":"<p>CIUDAD DE M\u00c9XICO (AP) \u2014 M\u00e9xico y Estados Unidos inician el martes una nueva ronda bilateral de conversaciones comerciales para la revisi\u00f3n del T-MEC, el tratado de libre comercio norteamericano,&hellip;<\/p>\n","protected":false},"author":10,"featured_media":135222,"comment_status":"open","ping_status":"open","sticky":false,"template":"","format":"standard","meta":{"content-type":"","_jetpack_newsletter_access":"","_jetpack_dont_email_post_to_subs":false,"_jetpack_newsletter_tier_id":0,"_jetpack_memberships_contains_paywalled_content":false,"_jetpack_feature_clip_id":0,"_jetpack_memberships_contains_paid_content":false,"footnotes":"","jetpack_post_was_ever_published":false},"categories":[16289],"tags":[11540,3169,35171,1350,34709,5223],"class_list":["post-135221","post","type-post","status-publish","format-standard","has-post-thumbnail","hentry","category-internacionales","tag-aranceles","tag-canada-3","tag-mexico-y-eeuu-abren-dialogo","tag-migratorias","tag-t-mec","tag-tensiones"],"jetpack-related-posts":[{"id":133782,"url":"https:\/\/lasprimeras.com.do\/index.php\/2026\/07\/01\/eeuu-canada-y-mexico-inician-dificiles-negociaciones-para-renovar-el-t-mec\/","url_meta":{"origin":135221,"position":0},"title":"EEUU, Canad\u00e1 y M\u00e9xico inician dif\u00edciles negociaciones para renovar el T-MEC","author":"Nelson Feliz","date":"1 de julio de 2026","format":false,"excerpt":"POR PAUL WISEMAN WASHINGTON (AP) \u2014 Turistas de Chattanooga se registran en complejos tur\u00edsticos de playa en Canc\u00fan. Partes de autom\u00f3viles canadienses abastecen f\u00e1bricas en la regi\u00f3n centro-norte de Estados Unidos y viceversa. Quienes disfrutan de la hora feliz levantan vasos de tequila y mezcal mexicanos en bares de Seattle.\u2026","rel":"","context":"En \u00abECONOM\u00cdA\u00bb","block_context":{"text":"ECONOM\u00cdA","link":"https:\/\/lasprimeras.com.do\/index.php\/category\/economia\/"},"img":{"alt_text":"","src":"https:\/\/i0.wp.com\/lasprimeras.com.do\/wp-content\/uploads\/2026\/07\/Claudia-Sheinbaum.jpg?resize=350%2C200&ssl=1","width":350,"height":200,"srcset":"https:\/\/i0.wp.com\/lasprimeras.com.do\/wp-content\/uploads\/2026\/07\/Claudia-Sheinbaum.jpg?resize=350%2C200&ssl=1 1x, https:\/\/i0.wp.com\/lasprimeras.com.do\/wp-content\/uploads\/2026\/07\/Claudia-Sheinbaum.jpg?resize=525%2C300&ssl=1 1.5x, https:\/\/i0.wp.com\/lasprimeras.com.do\/wp-content\/uploads\/2026\/07\/Claudia-Sheinbaum.jpg?resize=700%2C400&ssl=1 2x"},"classes":[]},{"id":95116,"url":"https:\/\/lasprimeras.com.do\/index.php\/2025\/03\/10\/decenas-de-miles-de-mexicanos-aplauden-a-su-presidenta-despues-de-que-trump-retrasara-los-aranceles\/","url_meta":{"origin":135221,"position":1},"title":"Decenas de miles de mexicanos aplauden a su presidenta despu\u00e9s de que Trump retrasara los aranceles","author":"Nelson Feliz","date":"10 de marzo de 2025","format":false,"excerpt":"POR FABIOLA S\u00c1NCHEZ CIUDAD DE M\u00c9XICO (AP) \u2014 Decenas de miles de personas abarrotaron el domingo la principal plaza de la Ciudad de M\u00e9xico para celebrar junto a la presidenta Claudia Sheinbaum la decisi\u00f3n del mandatario estadounidense Donald Trump de posponer por un mes m\u00e1s los aranceles de 25% para\u2026","rel":"","context":"En \u00abINTERNACIONALES\u00bb","block_context":{"text":"INTERNACIONALES","link":"https:\/\/lasprimeras.com.do\/index.php\/category\/sin-categoria\/internacionales\/"},"img":{"alt_text":"Claudia Sheinbaum","src":"https:\/\/i0.wp.com\/lasprimeras.com.do\/wp-content\/uploads\/2025\/03\/Claudia-Sheinbaum.png?resize=350%2C200&ssl=1","width":350,"height":200,"srcset":"https:\/\/i0.wp.com\/lasprimeras.com.do\/wp-content\/uploads\/2025\/03\/Claudia-Sheinbaum.png?resize=350%2C200&ssl=1 1x, https:\/\/i0.wp.com\/lasprimeras.com.do\/wp-content\/uploads\/2025\/03\/Claudia-Sheinbaum.png?resize=525%2C300&ssl=1 1.5x, https:\/\/i0.wp.com\/lasprimeras.com.do\/wp-content\/uploads\/2025\/03\/Claudia-Sheinbaum.png?resize=700%2C400&ssl=1 2x"},"classes":[]},{"id":96255,"url":"https:\/\/lasprimeras.com.do\/index.php\/2025\/03\/28\/trump-impone-arancel-de-25-a-autos-importados-podria-aumentar-costos-y-reducir-ventas\/","url_meta":{"origin":135221,"position":2},"title":"Trump impone arancel de 25% a autos importados; podr\u00eda aumentar costos y reducir ventas","author":"Nelson Feliz","date":"28 de marzo de 2025","format":false,"excerpt":"POR JOSH BOAK WASHINGTON (AP) \u2014 El presidente estadounidense Donald Trump dijo que impondr\u00eda aranceles del 25% a las importaciones de autom\u00f3viles, una medida que, seg\u00fan la Casa Blanca, fomentar\u00e1 la manufactura nacional, pero que tambi\u00e9n podr\u00eda poner presi\u00f3n financiera sobre los fabricantes que dependen de cadenas mundiales de suministro.\u2026","rel":"","context":"En \u00abECONOM\u00cdA\u00bb","block_context":{"text":"ECONOM\u00cdA","link":"https:\/\/lasprimeras.com.do\/index.php\/category\/economia\/"},"img":{"alt_text":"","src":"https:\/\/i0.wp.com\/lasprimeras.com.do\/wp-content\/uploads\/2025\/03\/VEH.jpg?resize=350%2C200&ssl=1","width":350,"height":200,"srcset":"https:\/\/i0.wp.com\/lasprimeras.com.do\/wp-content\/uploads\/2025\/03\/VEH.jpg?resize=350%2C200&ssl=1 1x, https:\/\/i0.wp.com\/lasprimeras.com.do\/wp-content\/uploads\/2025\/03\/VEH.jpg?resize=525%2C300&ssl=1 1.5x, https:\/\/i0.wp.com\/lasprimeras.com.do\/wp-content\/uploads\/2025\/03\/VEH.jpg?resize=700%2C400&ssl=1 2x"},"classes":[]},{"id":117314,"url":"https:\/\/lasprimeras.com.do\/index.php\/2025\/12\/09\/embajadora-de-canada-en-eeuu-renunciara-antes-de-la-revision-del-acuerdo-de-libre-comercio\/","url_meta":{"origin":135221,"position":3},"title":"Embajadora de Canad\u00e1 en EEUU renunciar\u00e1 antes de la revisi\u00f3n del acuerdo de libre comercio","author":"Nelson Feliz","date":"9 de diciembre de 2025","format":false,"excerpt":"POR ROB GILLIES TORONTO (AP) \u2014 La embajadora de Canad\u00e1 en Estados Unidos durante los \u00faltimos seis a\u00f1os, Kirsten Hillman, anunci\u00f3 el martes que renunciar\u00e1 a su cargo el pr\u00f3ximo a\u00f1o mientras ambas naciones se disponen a revisar su tratado de libre comercio. Hillman afirm\u00f3 en una carta que es\u2026","rel":"","context":"En \u00abINTERNACIONALES\u00bb","block_context":{"text":"INTERNACIONALES","link":"https:\/\/lasprimeras.com.do\/index.php\/category\/sin-categoria\/internacionales\/"},"img":{"alt_text":"Kirsten Hillman","src":"https:\/\/i0.wp.com\/lasprimeras.com.do\/wp-content\/uploads\/2025\/12\/Kirsten-Hillman.jpg?resize=350%2C200&ssl=1","width":350,"height":200,"srcset":"https:\/\/i0.wp.com\/lasprimeras.com.do\/wp-content\/uploads\/2025\/12\/Kirsten-Hillman.jpg?resize=350%2C200&ssl=1 1x, https:\/\/i0.wp.com\/lasprimeras.com.do\/wp-content\/uploads\/2025\/12\/Kirsten-Hillman.jpg?resize=525%2C300&ssl=1 1.5x, https:\/\/i0.wp.com\/lasprimeras.com.do\/wp-content\/uploads\/2025\/12\/Kirsten-Hillman.jpg?resize=700%2C400&ssl=1 2x"},"classes":[]},{"id":58023,"url":"https:\/\/lasprimeras.com.do\/index.php\/2023\/08\/18\/lopez-obrador-niega-violar-el-t-mec-pese-al-panel-de-controversias-por-el-maiz-transgenico\/","url_meta":{"origin":135221,"position":4},"title":"L\u00f3pez Obrador niega violar el T-MEC pese al panel de controversias por el ma\u00edz transg\u00e9nico","author":"Nelson Feliz","date":"18 de agosto de 2023","format":false,"excerpt":"El presidente mexicano, Andr\u00e9s Manuel L\u00f3pez Obrador, neg\u00f3 este viernes que su Gobierno viole el Tratado entre M\u00e9xico, Estados Unidos y Canad\u00e1 (T-MEC) pese al panel de controversias que pidi\u00f3 Washington para resolver el conflicto por las restricciones al ma\u00edz transg\u00e9nico. \"No estamos violando el tratado porque en el tratado\u2026","rel":"","context":"En \u00abSin categor\u00eda\u00bb","block_context":{"text":"Sin categor\u00eda","link":"https:\/\/lasprimeras.com.do\/index.php\/category\/sin-categoria\/"},"img":{"alt_text":"Andr\u00e9s Manuel L\u00f3pez Obrador","src":"https:\/\/i0.wp.com\/lasprimeras.com.do\/wp-content\/uploads\/2023\/08\/Andres-Manuel-Lopez-Obrador-1.jpg?resize=350%2C200&ssl=1","width":350,"height":200,"srcset":"https:\/\/i0.wp.com\/lasprimeras.com.do\/wp-content\/uploads\/2023\/08\/Andres-Manuel-Lopez-Obrador-1.jpg?resize=350%2C200&ssl=1 1x, https:\/\/i0.wp.com\/lasprimeras.com.do\/wp-content\/uploads\/2023\/08\/Andres-Manuel-Lopez-Obrador-1.jpg?resize=525%2C300&ssl=1 1.5x, https:\/\/i0.wp.com\/lasprimeras.com.do\/wp-content\/uploads\/2023\/08\/Andres-Manuel-Lopez-Obrador-1.jpg?resize=700%2C400&ssl=1 2x"},"classes":[]},{"id":96544,"url":"https:\/\/lasprimeras.com.do\/index.php\/2025\/04\/02\/trump-anuncia-nuevos-aranceles-para-promover-manufactura-en-eeuu-con-el-riesgo-de-generar-inflacion\/","url_meta":{"origin":135221,"position":5},"title":"Trump anuncia nuevos aranceles para promover manufactura en EEUU, con el riesgo de generar inflaci\u00f3n","author":"Nelson Feliz","date":"2 de abril de 2025","format":false,"excerpt":"POR JOSH BOAK WASHINGTON (AP) \u2014 El presidente estadounidense Donald Trump anunci\u00f3 el mi\u00e9rcoles nuevos aranceles de gran alcance sobre casi todos los socios comerciales de Estados Unidos: un impuesto del 34 % a las importaciones de China y del 20% sobre la Uni\u00f3n Europea, entre otros, que amenazan con\u2026","rel":"","context":"En \u00abECONOM\u00cdA\u00bb","block_context":{"text":"ECONOM\u00cdA","link":"https:\/\/lasprimeras.com.do\/index.php\/category\/economia\/"},"img":{"alt_text":"","src":"https:\/\/i0.wp.com\/lasprimeras.com.do\/wp-content\/uploads\/2025\/04\/Donald-Trump-aranceles.jpg?resize=350%2C200&ssl=1","width":350,"height":200,"srcset":"https:\/\/i0.wp.com\/lasprimeras.com.do\/wp-content\/uploads\/2025\/04\/Donald-Trump-aranceles.jpg?resize=350%2C200&ssl=1 1x, https:\/\/i0.wp.com\/lasprimeras.com.do\/wp-content\/uploads\/2025\/04\/Donald-Trump-aranceles.jpg?resize=525%2C300&ssl=1 1.5x, https:\/\/i0.wp.com\/lasprimeras.com.do\/wp-content\/uploads\/2025\/04\/Donald-Trump-aranceles.jpg?resize=700%2C400&ssl=1 2x"},"classes":[]}],"jetpack_sharing_enabled":true,"jetpack_featured_media_url":"https:\/\/lasprimeras.com.do\/wp-content\/uploads\/2026\/07\/Donald-Trump-1-1.jpg","_links":{"self":[{"href":"https:\/\/lasprimeras.com.do\/index.php\/wp-json\/wp\/v2\/posts\/135221","targetHints":{"allow":["GET"]}}],"collection":[{"href":"https:\/\/lasprimeras.com.do\/index.php\/wp-json\/wp\/v2\/posts"}],"about":[{"href":"https:\/\/lasprimeras.com.do\/index.php\/wp-json\/wp\/v2\/types\/post"}],"author":[{"embeddable":true,"href":"https:\/\/lasprimeras.com.do\/index.php\/wp-json\/wp\/v2\/users\/10"}],"replies":[{"embeddable":true,"href":"https:\/\/lasprimeras.com.do\/index.php\/wp-json\/wp\/v2\/comments?post=135221"}],"version-history":[{"count":1,"href":"https:\/\/lasprimeras.com.do\/index.php\/wp-json\/wp\/v2\/posts\/135221\/revisions"}],"predecessor-version":[{"id":135223,"href":"https:\/\/lasprimeras.com.do\/index.php\/wp-json\/wp\/v2\/posts\/135221\/revisions\/135223"}],"wp:featuredmedia":[{"embeddable":true,"href":"https:\/\/lasprimeras.com.do\/index.php\/wp-json\/wp\/v2\/media\/135222"}],"wp:attachment":[{"href":"https:\/\/lasprimeras.com.do\/index.php\/wp-json\/wp\/v2\/media?parent=135221"}],"wp:term":[{"taxonomy":"category","embeddable":true,"href":"https:\/\/lasprimeras.com.do\/index.php\/wp-json\/wp\/v2\/categories?post=135221"},{"taxonomy":"post_tag","embeddable":true,"href":"https:\/\/lasprimeras.com.do\/index.php\/wp-json\/wp\/v2\/tags?post=135221"}],"curies":[{"name":"wp","href":"https:\/\/api.w.org\/{rel}","templated":true}]}}