{"id":135779,"date":"2026-07-17T23:30:08","date_gmt":"2026-07-18T03:30:08","guid":{"rendered":"https:\/\/lasprimeras.com.do\/?p=135779"},"modified":"2026-07-27T23:36:07","modified_gmt":"2026-07-28T03:36:07","slug":"legisladores-de-la-fp-piden-ampliar-estudio-del-codigo-penal-2","status":"publish","type":"post","link":"https:\/\/lasprimeras.com.do\/index.php\/2026\/07\/17\/legisladores-de-la-fp-piden-ampliar-estudio-del-codigo-penal-2\/","title":{"rendered":"Legisladores de la FP piden ampliar estudio del C\u00f3digo Penal"},"content":{"rendered":"\n<p class=\"wp-block-paragraph\"><strong>Los congresistas opositores exigen abrir espacios de participaci\u00f3n a organizaciones consultadas<\/strong><\/p>\n\n\n\n<p class=\"wp-block-paragraph\"><strong>Santo Domingo.-<\/strong> Los legisladores de la Fuerza del Pueblo que integran la Comisi\u00f3n Bicameral encargada del estudio del proyecto de C\u00f3digo Penal expresaron su preocupaci\u00f3n ante la intenci\u00f3n de concluir de manera acelerada y festinada el conocimiento de las observaciones remitidas por diversos sectores de la sociedad, sin estudiarlas a fondo.<\/p>\n\n\n\n<p class=\"wp-block-paragraph\">Advirtier\u00f3n que un proceso apresurado podr\u00eda conducir nuevamente a la aprobaci\u00f3n de una legislaci\u00f3n con disposiciones contradictorias o susceptibles de cuestionamientos constitucionales.<\/p>\n\n\n\n<p class=\"wp-block-paragraph\">Los congresistas se\u00f1alaron que la comisi\u00f3n ha recibido opiniones y propuestas de 84 organizaciones, ciudadanos e instituciones representativas de distintos sectores nacionales, cuyos aportes merecen un an\u00e1lisis profundo y responsable, dada la trascendencia de una norma que impactar\u00e1 directamente el sistema de justicia y los derechos fundamentales de los ciudadanos.<\/p>\n\n\n\n<p class=\"wp-block-paragraph\">\u201cResulta preocupante que se pretenda conocer estas observaciones de manera expresa y festinada, en apenas horas, sin agotar una discusi\u00f3n detallada de su contenido ni de las motivaciones que las sustentan.<\/p>\n\n\n\n<p class=\"wp-block-paragraph\">El pa\u00eds no puede permitirse volver a enfrentar controversias jur\u00eddicas, recursos de inconstitucionalidad o inconsistencias normativas derivadas de un proceso legislativo apresurado\u201d, indicaron.<\/p>\n\n\n\n<p class=\"wp-block-paragraph\">En ese sentido, los representantes de la Fuerza del Pueblo informaron que propondr\u00e1n formalmente a la Comisi\u00f3n Bicameral la extensi\u00f3n del per\u00edodo de vacaci\u00f3n legal otorgado para el estudio de la pieza legislativa, con el prop\u00f3sito de garantizar una evaluaci\u00f3n t\u00e9cnica, jur\u00eddica y constitucional adecuada de las recomendaciones recibidas.<\/p>\n\n\n\n<p class=\"wp-block-paragraph\">Asimismo, plantear\u00e1n la apertura de vistas p\u00fablicas para que las organizaciones e instituciones participantes puedan exponer directamente los fundamentos de sus observaciones, enriqueciendo el debate legislativo y aportando mayores elementos de juicio a los miembros de la comisi\u00f3n.<\/p>\n\n\n\n<p class=\"wp-block-paragraph\">De igual forma, sugirieron que, en caso de no realizarse vistas p\u00fablicas, se convoque a representantes de las entidades consultadas a reuniones de trabajo con la Comisi\u00f3n Bicameral, a fin de profundizar en aquellos aspectos que requieran aclaraci\u00f3n o mayor discusi\u00f3n.<\/p>\n\n\n\n<p class=\"wp-block-paragraph\">Los legisladores opositores sostuvieron que la aprobaci\u00f3n de un nuevo C\u00f3digo Penal debe ser el resultado de un proceso amplio, participativo y t\u00e9cnicamente s\u00f3lido, que garantice una legislaci\u00f3n moderna, coherente y plenamente compatible con la Constituci\u00f3n de la Rep\u00fablica.<\/p>\n\n\n\n<p class=\"wp-block-paragraph\">Finalmente, reiteraron que su posici\u00f3n no responde a una intenci\u00f3n de retrasar los trabajos legislativos, sino a la necesidad de asegurar que el pa\u00eds cuente con una norma de calidad, construida sobre la base del consenso, el di\u00e1logo y el respeto a las observaciones formuladas por los distintos sectores de la sociedad dominicana.<\/p>\n","protected":false},"excerpt":{"rendered":"<p>Los congresistas opositores exigen abrir espacios de participaci\u00f3n a organizaciones consultadas Santo Domingo.- Los legisladores de la Fuerza del Pueblo que integran la Comisi\u00f3n Bicameral encargada del estudio del proyecto&hellip;<\/p>\n","protected":false},"author":10,"featured_media":58402,"comment_status":"open","ping_status":"open","sticky":false,"template":"","format":"standard","meta":{"content-type":"","_jetpack_newsletter_access":"","_jetpack_dont_email_post_to_subs":false,"_jetpack_newsletter_tier_id":0,"_jetpack_memberships_contains_paywalled_content":false,"_jetpack_feature_clip_id":0,"_jetpack_memberships_contains_paid_content":false,"footnotes":"","jetpack_post_was_ever_published":false},"categories":[16559],"tags":[35055,13808,158,5126],"class_list":["post-135779","post","type-post","status-publish","format-standard","has-post-thumbnail","hentry","category-politica","tag-ampliar-estudio","tag-codigo-penal","tag-fuerza-del-pueblo","tag-legisladores"],"jetpack-related-posts":[{"id":96493,"url":"https:\/\/lasprimeras.com.do\/index.php\/2025\/04\/02\/comision-bicameral-define-metodologia-de-estudio-codigo-penal\/","url_meta":{"origin":135779,"position":0},"title":"Comisi\u00f3n bicameral define metodolog\u00eda de estudio C\u00f3digo Penal","author":"Nelson Feliz","date":"2 de abril de 2025","format":false,"excerpt":"El presidente de la comisi\u00f3n, senador Santiago Jos\u00e9 Zorrilla, manifest\u00f3 que ya es tiempo de dar respuesta al pueblo que ha esperado la pieza por m\u00e1s de 20 a\u00f1os. La comisi\u00f3n bicameral designada para el estudio de los proyectos de ley de C\u00f3digo Penal de la Rep\u00fablica Dominicana acord\u00f3 este\u2026","rel":"","context":"En \u00abNACIONALES\u00bb","block_context":{"text":"NACIONALES","link":"https:\/\/lasprimeras.com.do\/index.php\/category\/nacionales\/"},"img":{"alt_text":"","src":"https:\/\/i0.wp.com\/lasprimeras.com.do\/wp-content\/uploads\/2025\/04\/comision-1.jpg?resize=350%2C200&ssl=1","width":350,"height":200,"srcset":"https:\/\/i0.wp.com\/lasprimeras.com.do\/wp-content\/uploads\/2025\/04\/comision-1.jpg?resize=350%2C200&ssl=1 1x, https:\/\/i0.wp.com\/lasprimeras.com.do\/wp-content\/uploads\/2025\/04\/comision-1.jpg?resize=525%2C300&ssl=1 1.5x"},"classes":[]},{"id":134900,"url":"https:\/\/lasprimeras.com.do\/index.php\/2026\/07\/17\/legisladores-de-la-fp-piden-ampliar-estudio-del-codigo-penal\/","url_meta":{"origin":135779,"position":1},"title":"Legisladores de la FP piden ampliar estudio del C\u00f3digo Penal","author":"Nelson Feliz","date":"17 de julio de 2026","format":false,"excerpt":"Adem\u00e1s, pidieron abrir espacios de participaci\u00f3n a organizaciones consultadas Santo Domingo.- Los legisladores de la Fuerza del Pueblo que integran la Comisi\u00f3n Bicameral encargada del estudio del proyecto de C\u00f3digo Penal expresaron su preocupaci\u00f3n ante la intenci\u00f3n de concluir de manera acelerada y festinada el conocimiento de las observaciones remitidas\u2026","rel":"","context":"En \u00abPOLITICA\u00bb","block_context":{"text":"POLITICA","link":"https:\/\/lasprimeras.com.do\/index.php\/category\/politica\/"},"img":{"alt_text":"","src":"https:\/\/i0.wp.com\/lasprimeras.com.do\/wp-content\/uploads\/2026\/07\/legisladores.jpg?resize=350%2C200&ssl=1","width":350,"height":200,"srcset":"https:\/\/i0.wp.com\/lasprimeras.com.do\/wp-content\/uploads\/2026\/07\/legisladores.jpg?resize=350%2C200&ssl=1 1x, https:\/\/i0.wp.com\/lasprimeras.com.do\/wp-content\/uploads\/2026\/07\/legisladores.jpg?resize=525%2C300&ssl=1 1.5x, https:\/\/i0.wp.com\/lasprimeras.com.do\/wp-content\/uploads\/2026\/07\/legisladores.jpg?resize=700%2C400&ssl=1 2x"},"classes":[]},{"id":95267,"url":"https:\/\/lasprimeras.com.do\/index.php\/2025\/03\/11\/senado-conforma-comision-especial-para-estudiar-proyecto-de-ley-del-codigo-penal\/","url_meta":{"origin":135779,"position":2},"title":"Senado conforma Comisi\u00f3n Especial para estudiar proyecto de ley del C\u00f3digo Penal","author":"Nelson Feliz","date":"11 de marzo de 2025","format":false,"excerpt":"El presidente del Senado, Ricardo de los Santos, consider\u00f3 como una \u201cdeuda que tiene el Congreso Nacional con el pa\u00eds\u201d la necesidad de que esta ley sea aplicada a la mayor brevedad. El Senado de la Rep\u00fablica dejo conformada una Comisi\u00f3n Especial para el estudio y ponderaci\u00f3n del proyecto de\u2026","rel":"","context":"En \u00abNACIONALES\u00bb","block_context":{"text":"NACIONALES","link":"https:\/\/lasprimeras.com.do\/index.php\/category\/nacionales\/"},"img":{"alt_text":"","src":"https:\/\/i0.wp.com\/lasprimeras.com.do\/wp-content\/uploads\/2025\/03\/SENADO-1.jpg?resize=350%2C200&ssl=1","width":350,"height":200,"srcset":"https:\/\/i0.wp.com\/lasprimeras.com.do\/wp-content\/uploads\/2025\/03\/SENADO-1.jpg?resize=350%2C200&ssl=1 1x, https:\/\/i0.wp.com\/lasprimeras.com.do\/wp-content\/uploads\/2025\/03\/SENADO-1.jpg?resize=525%2C300&ssl=1 1.5x, https:\/\/i0.wp.com\/lasprimeras.com.do\/wp-content\/uploads\/2025\/03\/SENADO-1.jpg?resize=700%2C400&ssl=1 2x"},"classes":[]},{"id":102867,"url":"https:\/\/lasprimeras.com.do\/index.php\/2025\/07\/09\/conamuca-entrega-documento-sugerido-al-congreso-para-la-modificacion-al-codigo-penal\/","url_meta":{"origin":135779,"position":3},"title":"CONAMUCA entrega documento sugerido al Congreso para la modificaci\u00f3n al C\u00f3digo Penal","author":"Nelson Feliz","date":"9 de julio de 2025","format":false,"excerpt":"La vocera de la Comisi\u00f3n de la Confederaci\u00f3n de Mujeres del Campo (CONAMUCA) Katerina Cabrera, asistieron este mi\u00e9rcoles al Congreso Nacional a la entrega de un documento sugerido para la modificaci\u00f3n al C\u00f3digo Penal de la Rep\u00fablica Dominicana. Cabrera,manifesto que los legisladores busca victimizar a las mujeres con la aprobaci\u00f3n\u2026","rel":"","context":"En \u00abNACIONALES\u00bb","block_context":{"text":"NACIONALES","link":"https:\/\/lasprimeras.com.do\/index.php\/category\/nacionales\/"},"img":{"alt_text":"CONAMUCA","src":"https:\/\/i0.wp.com\/lasprimeras.com.do\/wp-content\/uploads\/2025\/07\/CONAMUCA.jpg?resize=350%2C200&ssl=1","width":350,"height":200,"srcset":"https:\/\/i0.wp.com\/lasprimeras.com.do\/wp-content\/uploads\/2025\/07\/CONAMUCA.jpg?resize=350%2C200&ssl=1 1x, https:\/\/i0.wp.com\/lasprimeras.com.do\/wp-content\/uploads\/2025\/07\/CONAMUCA.jpg?resize=525%2C300&ssl=1 1.5x, https:\/\/i0.wp.com\/lasprimeras.com.do\/wp-content\/uploads\/2025\/07\/CONAMUCA.jpg?resize=700%2C400&ssl=1 2x"},"classes":[]},{"id":85239,"url":"https:\/\/lasprimeras.com.do\/index.php\/2024\/06\/26\/senado-aprueba-proyecto-de-ley-codigo-penal-y-envia-estudio-a-comision-especial\/","url_meta":{"origin":135779,"position":4},"title":"Senado aprueba proyecto de ley C\u00f3digo Penal y env\u00eda estudio a comisi\u00f3n especial","author":"Nelson Feliz","date":"26 de junio de 2024","format":false,"excerpt":"El Senado de la Rep\u00fablica aprob\u00f3 en primera lectura y envi\u00f3 a una comisi\u00f3n especial el proyecto de C\u00f3digo Penal, que establece nuevos cargos penales y c\u00famulos de penas, castiga el genocidio, feminicidio, sicariato y da\u00f1os con sustancias qu\u00edmicas, con penas desde 30 a 40 a\u00f1os de prisi\u00f3n. La iniciativa\u2026","rel":"","context":"En \u00abNACIONALES\u00bb","block_context":{"text":"NACIONALES","link":"https:\/\/lasprimeras.com.do\/index.php\/category\/nacionales\/"},"img":{"alt_text":"Ricardo de los Santos","src":"https:\/\/i0.wp.com\/lasprimeras.com.do\/wp-content\/uploads\/2024\/06\/Ricardo-de-los-Santos-6.jpg?resize=350%2C200&ssl=1","width":350,"height":200,"srcset":"https:\/\/i0.wp.com\/lasprimeras.com.do\/wp-content\/uploads\/2024\/06\/Ricardo-de-los-Santos-6.jpg?resize=350%2C200&ssl=1 1x, https:\/\/i0.wp.com\/lasprimeras.com.do\/wp-content\/uploads\/2024\/06\/Ricardo-de-los-Santos-6.jpg?resize=525%2C300&ssl=1 1.5x, https:\/\/i0.wp.com\/lasprimeras.com.do\/wp-content\/uploads\/2024\/06\/Ricardo-de-los-Santos-6.jpg?resize=700%2C400&ssl=1 2x"},"classes":[]},{"id":86436,"url":"https:\/\/lasprimeras.com.do\/index.php\/2024\/07\/24\/udc-propone-dejar-codigo-penal-para-nuevos-congresistas-respalda-posicion-abinader\/","url_meta":{"origin":135779,"position":5},"title":"UDC propone dejar C\u00f3digo Penal para nuevos congresistas; respalda posici\u00f3n Abinader","author":"Nelson Feliz","date":"24 de julio de 2024","format":false,"excerpt":"El presidente de la Uni\u00f3n Dem\u00f3crata Cristiana \u2013UDC_, Luis Acosta Moreta, Luis \u201cEl Gallo\u201d, consider\u00f3 que el conocimiento del C\u00f3digo Procesal Penal se debe congelar en este per\u00edodo legislativo y dejar su aprobaci\u00f3n a las nuevas autoridades congresuales \u2013 Dijo compartir plenamente la inquietud del presidente Luis Abinader de que\u2026","rel":"","context":"En \u00abSin categor\u00eda\u00bb","block_context":{"text":"Sin categor\u00eda","link":"https:\/\/lasprimeras.com.do\/index.php\/category\/sin-categoria\/"},"img":{"alt_text":"Luis Acosta Moreta","src":"https:\/\/i0.wp.com\/lasprimeras.com.do\/wp-content\/uploads\/2024\/07\/Luis-Acosta-Moreta-1.jpg?resize=350%2C200&ssl=1","width":350,"height":200,"srcset":"https:\/\/i0.wp.com\/lasprimeras.com.do\/wp-content\/uploads\/2024\/07\/Luis-Acosta-Moreta-1.jpg?resize=350%2C200&ssl=1 1x, https:\/\/i0.wp.com\/lasprimeras.com.do\/wp-content\/uploads\/2024\/07\/Luis-Acosta-Moreta-1.jpg?resize=525%2C300&ssl=1 1.5x"},"classes":[]}],"jetpack_sharing_enabled":true,"jetpack_featured_media_url":"https:\/\/lasprimeras.com.do\/wp-content\/uploads\/2023\/08\/Fuerza-del-Pueblo-2.jpg","_links":{"self":[{"href":"https:\/\/lasprimeras.com.do\/index.php\/wp-json\/wp\/v2\/posts\/135779","targetHints":{"allow":["GET"]}}],"collection":[{"href":"https:\/\/lasprimeras.com.do\/index.php\/wp-json\/wp\/v2\/posts"}],"about":[{"href":"https:\/\/lasprimeras.com.do\/index.php\/wp-json\/wp\/v2\/types\/post"}],"author":[{"embeddable":true,"href":"https:\/\/lasprimeras.com.do\/index.php\/wp-json\/wp\/v2\/users\/10"}],"replies":[{"embeddable":true,"href":"https:\/\/lasprimeras.com.do\/index.php\/wp-json\/wp\/v2\/comments?post=135779"}],"version-history":[{"count":1,"href":"https:\/\/lasprimeras.com.do\/index.php\/wp-json\/wp\/v2\/posts\/135779\/revisions"}],"predecessor-version":[{"id":135780,"href":"https:\/\/lasprimeras.com.do\/index.php\/wp-json\/wp\/v2\/posts\/135779\/revisions\/135780"}],"wp:featuredmedia":[{"embeddable":true,"href":"https:\/\/lasprimeras.com.do\/index.php\/wp-json\/wp\/v2\/media\/58402"}],"wp:attachment":[{"href":"https:\/\/lasprimeras.com.do\/index.php\/wp-json\/wp\/v2\/media?parent=135779"}],"wp:term":[{"taxonomy":"category","embeddable":true,"href":"https:\/\/lasprimeras.com.do\/index.php\/wp-json\/wp\/v2\/categories?post=135779"},{"taxonomy":"post_tag","embeddable":true,"href":"https:\/\/lasprimeras.com.do\/index.php\/wp-json\/wp\/v2\/tags?post=135779"}],"curies":[{"name":"wp","href":"https:\/\/api.w.org\/{rel}","templated":true}]}}