{"id":136984,"date":"2026-08-10T07:42:46","date_gmt":"2026-08-10T11:42:46","guid":{"rendered":"https:\/\/lasprimeras.com.do\/?p=136984"},"modified":"2026-08-11T09:17:39","modified_gmt":"2026-08-11T13:17:39","slug":"jose-david-baez-y-eduardo-espiritusanto-encabezaran-bloques-legislativos-de-fuerza-del-pueblo","status":"publish","type":"post","link":"https:\/\/lasprimeras.com.do\/index.php\/2026\/08\/10\/jose-david-baez-y-eduardo-espiritusanto-encabezaran-bloques-legislativos-de-fuerza-del-pueblo\/","title":{"rendered":"Jos\u00e9 David B\u00e1ez y Eduardo Espiritusanto encabezar\u00e1n bloques legislativos de Fuerza del Pueblo"},"content":{"rendered":"\n<p class=\"wp-block-paragraph\"><em>_B\u00e1ez fue escogido por unanimidad como nuevo vocero de los diputados, mientras Espiritusanto continuar\u00e1 al frente del bloque de senadores._<\/em><\/p>\n\n\n\n<p class=\"wp-block-paragraph\"><em>Santo Domingo.\u2013 La Fuerza del Pueblo escogi\u00f3 por consenso los bufetes directivos de sus bloques legislativos para el per\u00edodo 2026-2027, designando al diputado por Santiago Jos\u00e9 David B\u00e1ez Reinoso como nuevo vocero en la C\u00e1mara de Diputados y ratificando al senador por La Romana Eduardo Espiritusanto como vocero de la organizaci\u00f3n en el Senado de la Rep\u00fablica.<\/em><\/p>\n\n\n\n<p class=\"wp-block-paragraph\"><em>La escogencia se produjo durante una reuni\u00f3n celebrada en la Casa del Pueblo Johnny Ventura, donde el exvicepresidente de la Rep\u00fablica y miembro de la Direcci\u00f3n Pol\u00edtica, Rafael Alburquerque, tom\u00f3 juramento a los integrantes de los bufetes directivos de ambos bloques.<\/em><\/p>\n\n\n\n<p class=\"wp-block-paragraph\"><em>En la C\u00e1mara de Diputados, junto a B\u00e1ez Reinoso fueron escogidos el diputado por San Juan M\u00e9lido Mercedes Castillo, como vicevocero, y la diputada por la provincia Santo Domingo Rafaela Gonz\u00e1lez Gonz\u00e1lez, como secretaria.<\/em><\/p>\n\n\n\n<p class=\"wp-block-paragraph\"><em>La comunicaci\u00f3n mediante la cual los diputados informaron a la direcci\u00f3n de la Fuerza del Pueblo sobre el consenso alcanzado fue le\u00edda por el legislador de La Romana Carlos de P\u00e9rez.<\/em><\/p>\n\n\n\n<p class=\"wp-block-paragraph\"><em>B\u00e1ez Reinoso es educador, comunicador y dirigente pol\u00edtico y comunitario, representante de la Circunscripci\u00f3n n\u00fam. 1 de Santiago.<\/em><\/p>\n\n\n\n<p class=\"wp-block-paragraph\"><em>Inici\u00f3 su carrera docente a los 23 a\u00f1os y posteriormente dirigi\u00f3 durante 15 a\u00f1os el Polit\u00e9cnico V\u00edctor Manuel Espaillat.<\/em><\/p>\n\n\n\n<p class=\"wp-block-paragraph\"><em>Es miembro fundador de la Fuerza del Pueblo, integrante de su Direcci\u00f3n Central y presidente de la organizaci\u00f3n en el distrito municipal Santiago Oeste. Fue electo diputado para el per\u00edodo constitucional 2024-2028.<\/em><\/p>\n\n\n\n<p class=\"wp-block-paragraph\"><em>En el Senado, los legisladores acordaron mantener el actual bufete directivo, encabezado por Eduardo Espiritusanto, representante de La Romana, como vocero; F\u00e9lix Bautista, senador por San Juan, como vicevocero, y Omar Fern\u00e1ndez, senador del Distrito Nacional, como secretario.<\/em><\/p>\n\n\n\n<p class=\"wp-block-paragraph\"><em>Omar Fern\u00e1ndez tuvo a su cargo la lectura de la comunicaci\u00f3n dirigida al presidente de la Fuerza del Pueblo, Leonel Fern\u00e1ndez, mediante la cual los senadores notificaron la decisi\u00f3n un\u00e1nime de mantener la actual direcci\u00f3n del bloque durante el per\u00edodo legislativo 2026-2027.<\/em><\/p>\n\n\n\n<p class=\"wp-block-paragraph\"><em>La reuni\u00f3n estuvo dirigida por el secretario de Asuntos Legislativos de la Fuerza del Pueblo, Franklin Rodr\u00edguez, exsenador de San Crist\u00f3bal y miembro de la Direcci\u00f3n Pol\u00edtica, quien destac\u00f3 el ambiente de unidad y consenso que caracteriz\u00f3 el proceso de selecci\u00f3n.<\/em><\/p>\n\n\n\n<p class=\"wp-block-paragraph\"><em>Rodr\u00edguez agradeci\u00f3, en nombre de la organizaci\u00f3n, la labor desarrollada por el bufete directivo saliente del Bloque de Diputados, integrado por Rafael Castillo, como vocero; Carlos de P\u00e9rez, vicevocero, y Dulce Rojas, secretaria.<\/em><\/p>\n\n\n\n<p class=\"wp-block-paragraph\"><em>Asimismo, reconoci\u00f3 la gesti\u00f3n realizada por Henry Mer\u00e1n como anterior secretario de Asuntos Legislativos de la Fuerza del Pueblo.<\/em><\/p>\n\n\n\n<p class=\"wp-block-paragraph\"><em>Tras ser juramentado, Jos\u00e9 David B\u00e1ez agradeci\u00f3 la confianza depositada por sus compa\u00f1eros y reconoci\u00f3 el trabajo realizado por la direcci\u00f3n saliente.<\/em><\/p>\n\n\n\n<p class=\"wp-block-paragraph\"><em>Destac\u00f3 que haber alcanzado una elecci\u00f3n un\u00e1nime constituye una demostraci\u00f3n de la unidad y el avance del bloque.<\/em><\/p>\n\n\n\n<p class=\"wp-block-paragraph\"><em>Asegur\u00f3 que la nueva direcci\u00f3n trabajar\u00e1 de manera mancomunada para convertirlo en la \u201cmaquinaria combatiente\u201d que necesita la Fuerza del Pueblo desde el Congreso Nacional, con miras a conquistar el respaldo de la poblaci\u00f3n y alcanzar la victoria electoral en 2028.<\/em><\/p>\n\n\n\n<p class=\"wp-block-paragraph\"><em>Por su parte, Eduardo Espiritusanto agradeci\u00f3 la confianza para representar nuevamente a la Fuerza del Pueblo en el Senado, esta vez como vocero, y afirm\u00f3 que continuar\u00e1 desarrollando una oposici\u00f3n firme frente al partido oficialista.<\/em><\/p>\n\n\n\n<p class=\"wp-block-paragraph\"><em>\u201cEsperamos poder hacer el trabajo para el cual he sido elegido\u201d, expres\u00f3, se\u00f1alando que la labor de los legisladores debe contribuir al objetivo de llevar a la Fuerza del Pueblo al Palacio Nacional en 2028.<\/em><\/p>\n","protected":false},"excerpt":{"rendered":"<p>_B\u00e1ez fue escogido por unanimidad como nuevo vocero de los diputados, mientras Espiritusanto continuar\u00e1 al frente del bloque de senadores._ Santo Domingo.\u2013 La Fuerza del Pueblo escogi\u00f3 por consenso los&hellip;<\/p>\n","protected":false},"author":10,"featured_media":136999,"comment_status":"open","ping_status":"open","sticky":false,"template":"","format":"standard","meta":{"content-type":"","_jetpack_newsletter_access":"","_jetpack_dont_email_post_to_subs":false,"_jetpack_newsletter_tier_id":0,"_jetpack_memberships_contains_paywalled_content":false,"_jetpack_feature_clip_id":0,"_jetpack_memberships_contains_paid_content":false,"footnotes":"","jetpack_post_was_ever_published":false},"categories":[16559],"tags":[4498],"class_list":["post-136984","post","type-post","status-publish","format-standard","has-post-thumbnail","hentry","category-politica","tag-fuerza-de-pueblo"],"jetpack-related-posts":[{"id":104313,"url":"https:\/\/lasprimeras.com.do\/index.php\/2025\/07\/23\/diputados-de-fp-reeligen-a-rafael-castillo-como-su-vocero-en-la-cd\/","url_meta":{"origin":136984,"position":0},"title":"Diputados de FP reeligen a Rafael Castillo como su vocero en la CD","author":"Nelson Feliz","date":"23 de julio de 2025","format":false,"excerpt":"El bloque de diputados de la Fuerza del Pueblo se reuni\u00f3 hoy en la Casa del Pueblo Johnny Ventura para elegir su vocero en la C\u00e1mara de Diputados. Los 29 diputados de la FP eligieron al congresista Rafael Castillo, diputado por Santo Domingo Este, como su vocero; Carlos de P\u00e9rez,\u2026","rel":"","context":"En \u00abPOLITICA\u00bb","block_context":{"text":"POLITICA","link":"https:\/\/lasprimeras.com.do\/index.php\/category\/politica\/"},"img":{"alt_text":"Rafael Castillo","src":"https:\/\/i0.wp.com\/lasprimeras.com.do\/wp-content\/uploads\/2025\/07\/Rafael-Castillo.jpg?resize=350%2C200&ssl=1","width":350,"height":200,"srcset":"https:\/\/i0.wp.com\/lasprimeras.com.do\/wp-content\/uploads\/2025\/07\/Rafael-Castillo.jpg?resize=350%2C200&ssl=1 1x, https:\/\/i0.wp.com\/lasprimeras.com.do\/wp-content\/uploads\/2025\/07\/Rafael-Castillo.jpg?resize=525%2C300&ssl=1 1.5x, https:\/\/i0.wp.com\/lasprimeras.com.do\/wp-content\/uploads\/2025\/07\/Rafael-Castillo.jpg?resize=700%2C400&ssl=1 2x"},"classes":[]},{"id":106529,"url":"https:\/\/lasprimeras.com.do\/index.php\/2025\/08\/16\/senado-de-la-republica-juramenta-bufete-directivo-para-el-periodo-legislativo-2025-2026\/","url_meta":{"origin":136984,"position":1},"title":"Senado de la Rep\u00fablica juramenta Bufete Directivo para el periodo legislativo 2025-2026","author":"Nelson Feliz","date":"16 de agosto de 2025","format":false,"excerpt":"El presidente del Senado, Ricardo de los Santos, reafirm\u00f3 su compromiso con la sociedad dominicana de llevar a cabo un congreso con una alta productividad legislativa en beneficio del pa\u00eds. El Senado de la Rep\u00fablica dej\u00f3 juramentado su Bufete Directivo para el per\u00edodo legislativo 2025-2026, y dio apertura a los\u2026","rel":"","context":"En \u00abPOLITICA\u00bb","block_context":{"text":"POLITICA","link":"https:\/\/lasprimeras.com.do\/index.php\/category\/politica\/"},"img":{"alt_text":"","src":"https:\/\/i0.wp.com\/lasprimeras.com.do\/wp-content\/uploads\/2025\/08\/SENADORES.jpg?resize=350%2C200&ssl=1","width":350,"height":200,"srcset":"https:\/\/i0.wp.com\/lasprimeras.com.do\/wp-content\/uploads\/2025\/08\/SENADORES.jpg?resize=350%2C200&ssl=1 1x, https:\/\/i0.wp.com\/lasprimeras.com.do\/wp-content\/uploads\/2025\/08\/SENADORES.jpg?resize=525%2C300&ssl=1 1.5x, https:\/\/i0.wp.com\/lasprimeras.com.do\/wp-content\/uploads\/2025\/08\/SENADORES.jpg?resize=700%2C400&ssl=1 2x"},"classes":[]},{"id":138395,"url":"https:\/\/lasprimeras.com.do\/index.php\/2026\/08\/27\/pacheco-arremete-contra-vocero-fp-por-distribucion-de-comisiones-legislativas\/","url_meta":{"origin":136984,"position":2},"title":"Pacheco arremete contra vocero FP por distribuci\u00f3n de comisiones legislativas","author":"Nelson Feliz","date":"27 de agosto de 2026","format":false,"excerpt":"SANTO DOMINGO.R.D\u2013 El presidente de la C\u00e1mara de Diputados, Alfredo Pacheco, y el nuevo vocero de la Fuerza del Pueblo (FP), Jos\u00e9 David B\u00e1ez, protagonizaron ayer un altercado durante la sesi\u00f3n, a prop\u00f3sito de la distribuci\u00f3n de las comisiones legislativas para los pr\u00f3ximos dos a\u00f1os. Al tomar la palabra, B\u00e1ez\u2026","rel":"","context":"En \u00abPOLITICA\u00bb","block_context":{"text":"POLITICA","link":"https:\/\/lasprimeras.com.do\/index.php\/category\/politica\/"},"img":{"alt_text":"","src":"https:\/\/i0.wp.com\/lasprimeras.com.do\/wp-content\/uploads\/2025\/09\/Alfredo-Pacheco.jpg?resize=350%2C200&ssl=1","width":350,"height":200,"srcset":"https:\/\/i0.wp.com\/lasprimeras.com.do\/wp-content\/uploads\/2025\/09\/Alfredo-Pacheco.jpg?resize=350%2C200&ssl=1 1x, https:\/\/i0.wp.com\/lasprimeras.com.do\/wp-content\/uploads\/2025\/09\/Alfredo-Pacheco.jpg?resize=525%2C300&ssl=1 1.5x, https:\/\/i0.wp.com\/lasprimeras.com.do\/wp-content\/uploads\/2025\/09\/Alfredo-Pacheco.jpg?resize=700%2C400&ssl=1 2x"},"classes":[]},{"id":57859,"url":"https:\/\/lasprimeras.com.do\/index.php\/2023\/08\/16\/reeligen-alfredo-pacheco-como-presidente-camara-de-diputados\/","url_meta":{"origin":136984,"position":3},"title":"Reeligen Alfredo Pacheco como presidente C\u00e1mara de Diputados","author":"Nelson Feliz","date":"16 de agosto de 2023","format":false,"excerpt":"La C\u00e1mara de Diputados dej\u00f3 abierta la Segunda Legislatura Ordinaria 2023-2024 y escogi\u00f3 a unanimidad, con 165 votos, su nuevo bufete directivo, el cual continuar\u00e1 presidido por Alfredo Pacheco Osoria. Est\u00e1 integrado adem\u00e1s por Olfanny M\u00e9ndez, vicepresidenta y Agust\u00edn Burgo y Nelsa Shoraya Su\u00e1rez, secretarios, quienes tambi\u00e9n repiten en sus\u2026","rel":"","context":"En \u00abSin categor\u00eda\u00bb","block_context":{"text":"Sin categor\u00eda","link":"https:\/\/lasprimeras.com.do\/index.php\/category\/sin-categoria\/"},"img":{"alt_text":"M\u00e1ximo Castro Silverio, presidene del Bufete de Edad de la C\u00e1mara de Diputados, tom\u00f3 el juramento a Alfredo Pacheco, reelecto presidente de esta c\u00e1mara.","src":"https:\/\/i0.wp.com\/lasprimeras.com.do\/wp-content\/uploads\/2023\/08\/Maximo-Castro-Silverio-presidene-del-Bufete-de-Edad-de-la-Camara-de-Diputados-tomo-el-juramento-a-Alfredo-Pacheco-reelecto-presidente-de-esta-camara.jpg?resize=350%2C200&ssl=1","width":350,"height":200,"srcset":"https:\/\/i0.wp.com\/lasprimeras.com.do\/wp-content\/uploads\/2023\/08\/Maximo-Castro-Silverio-presidene-del-Bufete-de-Edad-de-la-Camara-de-Diputados-tomo-el-juramento-a-Alfredo-Pacheco-reelecto-presidente-de-esta-camara.jpg?resize=350%2C200&ssl=1 1x, https:\/\/i0.wp.com\/lasprimeras.com.do\/wp-content\/uploads\/2023\/08\/Maximo-Castro-Silverio-presidene-del-Bufete-de-Edad-de-la-Camara-de-Diputados-tomo-el-juramento-a-Alfredo-Pacheco-reelecto-presidente-de-esta-camara.jpg?resize=525%2C300&ssl=1 1.5x, https:\/\/i0.wp.com\/lasprimeras.com.do\/wp-content\/uploads\/2023\/08\/Maximo-Castro-Silverio-presidene-del-Bufete-de-Edad-de-la-Camara-de-Diputados-tomo-el-juramento-a-Alfredo-Pacheco-reelecto-presidente-de-esta-camara.jpg?resize=700%2C400&ssl=1 2x"},"classes":[]},{"id":87476,"url":"https:\/\/lasprimeras.com.do\/index.php\/2024\/08\/12\/rafael-castillo-sera-el-nuevo-vocero-del-bloque-de-la-fp-en-la-camara-de-diputados\/","url_meta":{"origin":136984,"position":4},"title":"Rafael Castillo ser\u00e1 el nuevo vocero del bloque de la FP en la C\u00e1mara de Diputados","author":"Nelson Feliz","date":"12 de agosto de 2024","format":false,"excerpt":"Selinee M\u00e9ndez ser\u00e1 vice vocera y Dulce Rojas la secretaria del bloque de la FP en la C\u00e1mara Baja. El partido Fuerza del Pueblo eligi\u00f3 a Rafael Castillo como nuevo vocero del bloque de su organizaci\u00f3n en la C\u00e1mara de Diputados, para el per\u00edodo legislativo que inicia el 16 de\u2026","rel":"","context":"En \u00abSin categor\u00eda\u00bb","block_context":{"text":"Sin categor\u00eda","link":"https:\/\/lasprimeras.com.do\/index.php\/category\/sin-categoria\/"},"img":{"alt_text":"Rafael Castillo","src":"https:\/\/i0.wp.com\/lasprimeras.com.do\/wp-content\/uploads\/2024\/08\/fp.jpg?resize=350%2C200&ssl=1","width":350,"height":200,"srcset":"https:\/\/i0.wp.com\/lasprimeras.com.do\/wp-content\/uploads\/2024\/08\/fp.jpg?resize=350%2C200&ssl=1 1x, https:\/\/i0.wp.com\/lasprimeras.com.do\/wp-content\/uploads\/2024\/08\/fp.jpg?resize=525%2C300&ssl=1 1.5x, https:\/\/i0.wp.com\/lasprimeras.com.do\/wp-content\/uploads\/2024\/08\/fp.jpg?resize=700%2C400&ssl=1 2x"},"classes":[]},{"id":109244,"url":"https:\/\/lasprimeras.com.do\/index.php\/2025\/09\/15\/el-senado-aprueba-de-urgencia-aumento-de-mas-de-rd10-mil-millones-en-deuda-publica\/","url_meta":{"origin":136984,"position":5},"title":"El Senado aprueba de urgencia aumento de m\u00e1s de RD$10 mil millones en deuda p\u00fablica","author":"Nelson Feliz","date":"15 de septiembre de 2025","format":false,"excerpt":"Abinader justific\u00f3 la necesidad de la medida en que \u201cresponde a la expansi\u00f3n del gasto de capital prevista en la modificaci\u00f3n del presupuesto\". El Senado declar\u00f3 de urgencia y aprob\u00f3 este lunes en dos lecturas consecutivas el proyecto que modifica la Ley 90-24, del 20 de diciembre de 2024, para\u2026","rel":"","context":"En \u00abECONOM\u00cdA\u00bb","block_context":{"text":"ECONOM\u00cdA","link":"https:\/\/lasprimeras.com.do\/index.php\/category\/economia\/"},"img":{"alt_text":"","src":"https:\/\/i0.wp.com\/lasprimeras.com.do\/wp-content\/uploads\/2025\/09\/el-senado-aprueba-de-urgencia-aumento-de-mas-de-rd10-mil-millones-en-deuda-publica.jpg?resize=350%2C200&ssl=1","width":350,"height":200},"classes":[]}],"jetpack_sharing_enabled":true,"jetpack_featured_media_url":"https:\/\/lasprimeras.com.do\/wp-content\/uploads\/2026\/08\/IMG-20260810-WA0371-scaled.jpg","_links":{"self":[{"href":"https:\/\/lasprimeras.com.do\/index.php\/wp-json\/wp\/v2\/posts\/136984","targetHints":{"allow":["GET"]}}],"collection":[{"href":"https:\/\/lasprimeras.com.do\/index.php\/wp-json\/wp\/v2\/posts"}],"about":[{"href":"https:\/\/lasprimeras.com.do\/index.php\/wp-json\/wp\/v2\/types\/post"}],"author":[{"embeddable":true,"href":"https:\/\/lasprimeras.com.do\/index.php\/wp-json\/wp\/v2\/users\/10"}],"replies":[{"embeddable":true,"href":"https:\/\/lasprimeras.com.do\/index.php\/wp-json\/wp\/v2\/comments?post=136984"}],"version-history":[{"count":1,"href":"https:\/\/lasprimeras.com.do\/index.php\/wp-json\/wp\/v2\/posts\/136984\/revisions"}],"predecessor-version":[{"id":136985,"href":"https:\/\/lasprimeras.com.do\/index.php\/wp-json\/wp\/v2\/posts\/136984\/revisions\/136985"}],"wp:featuredmedia":[{"embeddable":true,"href":"https:\/\/lasprimeras.com.do\/index.php\/wp-json\/wp\/v2\/media\/136999"}],"wp:attachment":[{"href":"https:\/\/lasprimeras.com.do\/index.php\/wp-json\/wp\/v2\/media?parent=136984"}],"wp:term":[{"taxonomy":"category","embeddable":true,"href":"https:\/\/lasprimeras.com.do\/index.php\/wp-json\/wp\/v2\/categories?post=136984"},{"taxonomy":"post_tag","embeddable":true,"href":"https:\/\/lasprimeras.com.do\/index.php\/wp-json\/wp\/v2\/tags?post=136984"}],"curies":[{"name":"wp","href":"https:\/\/api.w.org\/{rel}","templated":true}]}}