{"id":138522,"date":"2026-08-30T19:52:26","date_gmt":"2026-08-30T23:52:26","guid":{"rendered":"https:\/\/lasprimeras.com.do\/?p=138522"},"modified":"2026-08-30T19:52:28","modified_gmt":"2026-08-30T23:52:28","slug":"director-de-la-policia-rodriguez-garcia-visita-agentes-de-cuatro-provincias-del-cibao","status":"publish","type":"post","link":"https:\/\/lasprimeras.com.do\/index.php\/2026\/08\/30\/director-de-la-policia-rodriguez-garcia-visita-agentes-de-cuatro-provincias-del-cibao\/","title":{"rendered":"Director de la Polic\u00eda Rodr\u00edguez Garc\u00eda visita agentes de cuatro provincias del Cibao"},"content":{"rendered":"\n<p class=\"wp-block-paragraph\">BONAO.-. El director de la Polic\u00eda Nacional, mayor general Ernesto Rafael Rodr\u00edguez Garc\u00eda, recorri\u00f3 este domingo cuatro provincias de la regi\u00f3n del Cibao como parte de las primeras acciones de su gesti\u00f3n, con las que busca fortalecer el contacto directo con los miembros de la instituci\u00f3n y reforzar las directrices sobre la actuaci\u00f3n policial frente a la ciudadan\u00eda.<\/p>\n\n\n\n<p class=\"wp-block-paragraph\">La jornada comenz\u00f3 en Bonao, provincia Monse\u00f1or Nouel, y continu\u00f3 en La Vega, Espaillat y Santiago, donde el jefe policial sostuvo encuentros con agentes de distintas dependencias y transmiti\u00f3 las orientaciones que, seg\u00fan explic\u00f3, deben marcar el desempe\u00f1o de la instituci\u00f3n.<\/p>\n\n\n\n<p class=\"wp-block-paragraph\">Durante su visita a Santiago, Rodr\u00edguez Garc\u00eda acudi\u00f3 al Centro de Convenciones y Cultura Dominicana de la Universidad Tecnol\u00f3gica de Santiago (Utesa), donde se reuni\u00f3 con miembros de la Polic\u00eda Nacional y reiter\u00f3 su llamado a mantener una relaci\u00f3n de proximidad y respeto con la poblaci\u00f3n.<\/p>\n\n\n\n<p class=\"wp-block-paragraph\">El director policial explic\u00f3 que, en su anterior funci\u00f3n como inspector general de la instituci\u00f3n, concluy\u00f3 el mes pasado un recorrido por las 19 direcciones regionales, durante el cual llev\u00f3 a cabo jornadas de orientaci\u00f3n dirigidas a los agentes.<\/p>\n\n\n\n<p class=\"wp-block-paragraph\">\u201cEn el d\u00eda de hoy, ya como director general de la Polic\u00eda Nacional, hemos iniciado no una arenga, sino un recordatorio de lo que ya hab\u00edamos arengado\u201d, manifest\u00f3 Rodr\u00edguez Garc\u00eda.<\/p>\n\n\n\n<p class=\"wp-block-paragraph\">Dijo que esta nueva etapa busca, adem\u00e1s, mantener un contacto directo con los polic\u00edas y recordarles cu\u00e1l debe ser su labor frente a los ciudadanos.<\/p>\n\n\n\n<p class=\"wp-block-paragraph\">\u201cSiempre hemos aconsejado a nuestros polic\u00edas el acercamiento a todos los ciudadanos, respeto a los mismos y, de esa misma manera, tambi\u00e9n esperamos el respeto de todos los ciudadanos hacia nuestra Polic\u00eda\u201d, se\u00f1al\u00f3.<\/p>\n\n\n\n<p class=\"wp-block-paragraph\">Rodr\u00edguez Garc\u00eda destac\u00f3 que la instituci\u00f3n tiene entre sus principales responsabilidades garantizar la protecci\u00f3n de la vida y las propiedades de la poblaci\u00f3n, por lo que consider\u00f3 necesario que exista una colaboraci\u00f3n permanente entre polic\u00edas y ciudadanos.<\/p>\n\n\n\n<p class=\"wp-block-paragraph\">\u201cSomos todos dominicanos, somos todos hijos de esta patria y todos debemos ser corresponsables de mantener la colaboraci\u00f3n para que haya mayor seguridad en nuestro pa\u00eds\u201d, afirm\u00f3.<\/p>\n\n\n\n<p class=\"wp-block-paragraph\">Cercan\u00eda para reducir confrontaciones<\/p>\n\n\n\n<p class=\"wp-block-paragraph\">Al ser consultado sobre los principales desaf\u00edos que enfrenta la Polic\u00eda Nacional y, espec\u00edficamente, sobre los episodios de confrontaci\u00f3n que se han registrado entre agentes y ciudadanos, el director general situ\u00f3 el fortalecimiento de la cercan\u00eda como una de las prioridades de su gesti\u00f3n.<\/p>\n\n\n\n<p class=\"wp-block-paragraph\">\u201cEn eso estamos. Lo que les acabo de decir es uno de los objetivos principales: que haya m\u00e1s cercan\u00eda entre los ciudadanos y los polic\u00edas y, de esa manera, todos vamos a salir airosos con el pa\u00eds\u201d, sostuvo.<\/p>\n\n\n\n<p class=\"wp-block-paragraph\">El recorrido por el Cibao forma parte de las acciones iniciales de Rodr\u00edguez Garc\u00eda al frente de la Polic\u00eda Nacional y tiene como uno de sus ejes el contacto directo con los miembros de la instituci\u00f3n en las diferentes demarcaciones.<\/p>\n\n\n\n<p class=\"wp-block-paragraph\">La jornada concluy\u00f3 en Santiago de los Caballeros, despu\u00e9s de que el jefe policial visitara cuatro provincias del Cibao y sostuviera encuentros destinados a reforzar las orientaciones de su gesti\u00f3n y estrechar los v\u00ednculos entre la Polic\u00eda Nacional y las comunidades.<\/p>\n","protected":false},"excerpt":{"rendered":"<p>BONAO.-. El director de la Polic\u00eda Nacional, mayor general Ernesto Rafael Rodr\u00edguez Garc\u00eda, recorri\u00f3 este domingo cuatro provincias de la regi\u00f3n del Cibao como parte de las primeras acciones de&hellip;<\/p>\n","protected":false},"author":10,"featured_media":138523,"comment_status":"open","ping_status":"open","sticky":false,"template":"","format":"standard","meta":{"content-type":"","_jetpack_newsletter_access":"","_jetpack_dont_email_post_to_subs":false,"_jetpack_newsletter_tier_id":0,"_jetpack_memberships_contains_paywalled_content":false,"_jetpack_feature_clip_id":0,"_jetpack_memberships_contains_paid_content":false,"footnotes":"","jetpack_post_was_ever_published":false},"categories":[35],"tags":[3660,2966,26317,36131,36130,843],"class_list":["post-138522","post","type-post","status-publish","format-standard","has-post-thumbnail","hentry","category-nacionales","tag-agentes","tag-cibao","tag-cuatro-provincias","tag-director-de-la-policia","tag-ernesto-rafael-rodriguez-garcia","tag-visita"],"jetpack-related-posts":[{"id":100425,"url":"https:\/\/lasprimeras.com.do\/index.php\/2025\/06\/06\/en-santiago-se-entrega-jhoan-manuel-garcia-implicado-en-secuestro-de-senora-en-herrera\/","url_meta":{"origin":138522,"position":0},"title":"En Santiago: Se entrega Jhoan Manuel Garc\u00eda implicado en secuestro de se\u00f1ora en Herrera","author":"Nelson Feliz","date":"6 de junio de 2025","format":false,"excerpt":"Se entreg\u00f3 este jueves a la Direcci\u00f3n Regional Cibao Central de la Polic\u00eda Nacional en Santiago, Jhoan Manuel Garc\u00eda, supuesto implicado en el secuestro de la se\u00f1ora Magdalena Pe\u00f1a Encarnaci\u00f3n, ocurrido el pasado 27 de mayo en el sector Buenos Aires de Herrera, Santo Domingo Oeste. Garc\u00eda fue entregado de\u2026","rel":"","context":"En \u00abMILITARES\u00bb","block_context":{"text":"MILITARES","link":"https:\/\/lasprimeras.com.do\/index.php\/category\/militares\/"},"img":{"alt_text":"","src":"https:\/\/i0.wp.com\/lasprimeras.com.do\/wp-content\/uploads\/2025\/06\/se-entrega.jpg?resize=350%2C200&ssl=1","width":350,"height":200,"srcset":"https:\/\/i0.wp.com\/lasprimeras.com.do\/wp-content\/uploads\/2025\/06\/se-entrega.jpg?resize=350%2C200&ssl=1 1x, https:\/\/i0.wp.com\/lasprimeras.com.do\/wp-content\/uploads\/2025\/06\/se-entrega.jpg?resize=525%2C300&ssl=1 1.5x, https:\/\/i0.wp.com\/lasprimeras.com.do\/wp-content\/uploads\/2025\/06\/se-entrega.jpg?resize=700%2C400&ssl=1 2x"},"classes":[]},{"id":131714,"url":"https:\/\/lasprimeras.com.do\/index.php\/2026\/05\/24\/carolina-ratifica-en-santiago-sera-candidata-presidencial-prm-estoy-preparada-para-ser-presidenta\/","url_meta":{"origin":138522,"position":1},"title":"Carolina ratifica en Santiago ser\u00e1 candidata presidencial PRM: \u201cestoy preparada para ser presidenta\u201d","author":"Nelson Feliz","date":"24 de mayo de 2026","format":false,"excerpt":"\u2022La secretaria general del PRM culmina en Santiago su recorrido nacional de rendici\u00f3n de cuentas de ocho a\u00f1os; re\u00fane dirigencia pol\u00edtica y su estructura de las 14 provincias del Cibao Santiago .\u2013 La secretaria general del Partido Revolucionario Moderno (PRM) y aspirante presidencial, Carolina Mej\u00eda, reafirm\u00f3 este domingo desde Santiago\u2026","rel":"","context":"En \u00abPOLITICA\u00bb","block_context":{"text":"POLITICA","link":"https:\/\/lasprimeras.com.do\/index.php\/category\/politica\/"},"img":{"alt_text":"Carolina Mejia","src":"https:\/\/i0.wp.com\/lasprimeras.com.do\/wp-content\/uploads\/2026\/05\/Carolina-Mejia-1-2.jpg?resize=350%2C200&ssl=1","width":350,"height":200,"srcset":"https:\/\/i0.wp.com\/lasprimeras.com.do\/wp-content\/uploads\/2026\/05\/Carolina-Mejia-1-2.jpg?resize=350%2C200&ssl=1 1x, https:\/\/i0.wp.com\/lasprimeras.com.do\/wp-content\/uploads\/2026\/05\/Carolina-Mejia-1-2.jpg?resize=525%2C300&ssl=1 1.5x, https:\/\/i0.wp.com\/lasprimeras.com.do\/wp-content\/uploads\/2026\/05\/Carolina-Mejia-1-2.jpg?resize=700%2C400&ssl=1 2x"},"classes":[]},{"id":126569,"url":"https:\/\/lasprimeras.com.do\/index.php\/2026\/04\/02\/bonao-cierran-balnearios-por-lluvias-intensas\/","url_meta":{"origin":138522,"position":2},"title":"Bonao: Cierran balnearios por lluvias intensas","author":"Nelson Feliz","date":"2 de abril de 2026","format":false,"excerpt":"El director de la Defensa Civil, Juan Carlos Vel\u00e1squez, en coordinaci\u00f3n con el director de la Direcci\u00f3n Regional Cibao Sur de la Polic\u00eda Nacional, general, Miguel Mata Rodr\u00edguez, dispusieron el cierre total de los balnearios en la provincia Monse\u00f1or Nouel, como medida preventiva para evitar situaciones de riesgo. Las autoridades\u2026","rel":"","context":"En \u00abTURISMO\u00bb","block_context":{"text":"TURISMO","link":"https:\/\/lasprimeras.com.do\/index.php\/category\/turismo\/"},"img":{"alt_text":"","src":"https:\/\/i0.wp.com\/lasprimeras.com.do\/wp-content\/uploads\/2026\/04\/Rio-Bonao.jpg?resize=350%2C200&ssl=1","width":350,"height":200,"srcset":"https:\/\/i0.wp.com\/lasprimeras.com.do\/wp-content\/uploads\/2026\/04\/Rio-Bonao.jpg?resize=350%2C200&ssl=1 1x, https:\/\/i0.wp.com\/lasprimeras.com.do\/wp-content\/uploads\/2026\/04\/Rio-Bonao.jpg?resize=525%2C300&ssl=1 1.5x, https:\/\/i0.wp.com\/lasprimeras.com.do\/wp-content\/uploads\/2026\/04\/Rio-Bonao.jpg?resize=700%2C400&ssl=1 2x"},"classes":[]},{"id":123554,"url":"https:\/\/lasprimeras.com.do\/index.php\/2026\/03\/02\/pn-en-santiago-conmemora-su-90-aniversario-de-fundacion\/","url_meta":{"origin":138522,"position":3},"title":"PN en Santiago conmemora su 90 aniversario de fundaci\u00f3n","author":"Nelson Feliz","date":"2 de marzo de 2026","format":false,"excerpt":"La Direcci\u00f3n Regional Cibao Central de la Polic\u00eda Nacional conmemor\u00f3 este lunes el 90.\u00ba aniversario de su fundaci\u00f3n con una solemne eucarist\u00eda celebrada en la Catedral Santiago Ap\u00f3stol. La eucarist\u00eda presidida por monse\u00f1or H\u00e9ctor Rafael Rodr\u00edguez Rodr\u00edguez, arzobispo de la Arquidi\u00f3cesis de Santiago, acompa\u00f1ado del reverendo padre Eduardo N\u00fa\u00f1ez, p\u00e1rroco\u2026","rel":"","context":"En \u00abMILITARES\u00bb","block_context":{"text":"MILITARES","link":"https:\/\/lasprimeras.com.do\/index.php\/category\/militares\/"},"img":{"alt_text":"eucarist\u00eda","src":"https:\/\/i0.wp.com\/lasprimeras.com.do\/wp-content\/uploads\/2026\/03\/eucaristia.png?resize=350%2C200&ssl=1","width":350,"height":200},"classes":[]},{"id":126185,"url":"https:\/\/lasprimeras.com.do\/index.php\/2026\/03\/30\/dasac-desarrolla-amplia-jornada-social-y-comunitaria-en-varias-regiones-del-pais\/","url_meta":{"origin":138522,"position":4},"title":"DASAC desarrolla amplia jornada social y comunitaria en varias regiones del pa\u00eds","author":"Nelson Feliz","date":"30 de marzo de 2026","format":false,"excerpt":"Edgar Augusto F\u00e9liz Arbona, destac\u00f3 que las jornadas simult\u00e1neas forman parte del compromiso de asistencia social del gobierno del presidente Luis Abinader Corona, con los sectores m\u00e1s vulnerables. La Direcci\u00f3n de Asistencia Social y Alimentaci\u00f3n Comunitaria (DASAC) desarroll\u00f3 durante el fin de semana una amplia jornada de intervenci\u00f3n que impact\u00f3\u2026","rel":"","context":"En \u00abNACIONALES\u00bb","block_context":{"text":"NACIONALES","link":"https:\/\/lasprimeras.com.do\/index.php\/category\/nacionales\/"},"img":{"alt_text":"DASAC","src":"https:\/\/i0.wp.com\/lasprimeras.com.do\/wp-content\/uploads\/2026\/03\/WhatsApp-Image-2026-03-30-at-6.31.39-PM-1.jpeg?resize=350%2C200&ssl=1","width":350,"height":200,"srcset":"https:\/\/i0.wp.com\/lasprimeras.com.do\/wp-content\/uploads\/2026\/03\/WhatsApp-Image-2026-03-30-at-6.31.39-PM-1.jpeg?resize=350%2C200&ssl=1 1x, https:\/\/i0.wp.com\/lasprimeras.com.do\/wp-content\/uploads\/2026\/03\/WhatsApp-Image-2026-03-30-at-6.31.39-PM-1.jpeg?resize=525%2C300&ssl=1 1.5x, https:\/\/i0.wp.com\/lasprimeras.com.do\/wp-content\/uploads\/2026\/03\/WhatsApp-Image-2026-03-30-at-6.31.39-PM-1.jpeg?resize=700%2C400&ssl=1 2x, https:\/\/i0.wp.com\/lasprimeras.com.do\/wp-content\/uploads\/2026\/03\/WhatsApp-Image-2026-03-30-at-6.31.39-PM-1.jpeg?resize=1050%2C600&ssl=1 3x"},"classes":[]},{"id":136286,"url":"https:\/\/lasprimeras.com.do\/index.php\/2026\/08\/02\/raquel-pena-encabeza-actos-de-graduacion-enfocados-en-el-desarrollo-juvenil\/","url_meta":{"origin":138522,"position":5},"title":"Raquel Pe\u00f1a encabeza actos de graduaci\u00f3n enfocados en el desarrollo juvenil","author":"Nelson Feliz","date":"2 de agosto de 2026","format":false,"excerpt":"M\u00e1s de 1,190 personas concluyeron procesos de formaci\u00f3n en Santiago, entre j\u00f3venes del programa Oportunidad 14-24 y nuevos agentes de la Direcci\u00f3n General de Migraci\u00f3n. Santiago.\u2013 La vicepresidenta de la Rep\u00fablica, Raquel Pe\u00f1a, encabez\u00f3 este domingo dos actos de graduaci\u00f3n en Santiago que reflejan la apuesta del gobierno del presidente\u2026","rel":"","context":"En \u00abPORTADA\u00bb","block_context":{"text":"PORTADA","link":"https:\/\/lasprimeras.com.do\/index.php\/category\/portada\/"},"img":{"alt_text":"","src":"https:\/\/i0.wp.com\/lasprimeras.com.do\/wp-content\/uploads\/2026\/08\/Raquel-Pena-1.jpg?resize=350%2C200&ssl=1","width":350,"height":200,"srcset":"https:\/\/i0.wp.com\/lasprimeras.com.do\/wp-content\/uploads\/2026\/08\/Raquel-Pena-1.jpg?resize=350%2C200&ssl=1 1x, https:\/\/i0.wp.com\/lasprimeras.com.do\/wp-content\/uploads\/2026\/08\/Raquel-Pena-1.jpg?resize=525%2C300&ssl=1 1.5x, https:\/\/i0.wp.com\/lasprimeras.com.do\/wp-content\/uploads\/2026\/08\/Raquel-Pena-1.jpg?resize=700%2C400&ssl=1 2x"},"classes":[]}],"jetpack_sharing_enabled":true,"jetpack_featured_media_url":"https:\/\/lasprimeras.com.do\/wp-content\/uploads\/2026\/08\/Ernesto-Rafael-Rodriguez-Garcia-1.jpg","_links":{"self":[{"href":"https:\/\/lasprimeras.com.do\/index.php\/wp-json\/wp\/v2\/posts\/138522","targetHints":{"allow":["GET"]}}],"collection":[{"href":"https:\/\/lasprimeras.com.do\/index.php\/wp-json\/wp\/v2\/posts"}],"about":[{"href":"https:\/\/lasprimeras.com.do\/index.php\/wp-json\/wp\/v2\/types\/post"}],"author":[{"embeddable":true,"href":"https:\/\/lasprimeras.com.do\/index.php\/wp-json\/wp\/v2\/users\/10"}],"replies":[{"embeddable":true,"href":"https:\/\/lasprimeras.com.do\/index.php\/wp-json\/wp\/v2\/comments?post=138522"}],"version-history":[{"count":1,"href":"https:\/\/lasprimeras.com.do\/index.php\/wp-json\/wp\/v2\/posts\/138522\/revisions"}],"predecessor-version":[{"id":138524,"href":"https:\/\/lasprimeras.com.do\/index.php\/wp-json\/wp\/v2\/posts\/138522\/revisions\/138524"}],"wp:featuredmedia":[{"embeddable":true,"href":"https:\/\/lasprimeras.com.do\/index.php\/wp-json\/wp\/v2\/media\/138523"}],"wp:attachment":[{"href":"https:\/\/lasprimeras.com.do\/index.php\/wp-json\/wp\/v2\/media?parent=138522"}],"wp:term":[{"taxonomy":"category","embeddable":true,"href":"https:\/\/lasprimeras.com.do\/index.php\/wp-json\/wp\/v2\/categories?post=138522"},{"taxonomy":"post_tag","embeddable":true,"href":"https:\/\/lasprimeras.com.do\/index.php\/wp-json\/wp\/v2\/tags?post=138522"}],"curies":[{"name":"wp","href":"https:\/\/api.w.org\/{rel}","templated":true}]}}