{"id":138525,"date":"2026-08-30T20:27:32","date_gmt":"2026-08-31T00:27:32","guid":{"rendered":"https:\/\/lasprimeras.com.do\/?p=138525"},"modified":"2026-08-30T20:27:33","modified_gmt":"2026-08-31T00:27:33","slug":"angelo-vasquez-anuncia-su-salto-a-la-politica-durante-marcha-en-moca","status":"publish","type":"post","link":"https:\/\/lasprimeras.com.do\/index.php\/2026\/08\/30\/angelo-vasquez-anuncia-su-salto-a-la-politica-durante-marcha-en-moca\/","title":{"rendered":"\u00c1ngelo V\u00e1squez anuncia su salto a la pol\u00edtica durante marcha en Moca"},"content":{"rendered":"\n<p class=\"wp-block-paragraph\">MOCA- El presidente de la Antigua Orden Dominicana (AOD), \u00c1ngelo V\u00e1squez, anunci\u00f3 balo la consignas \u201cPatria o muerte\u201d y \u201cUnidad para vencer\u201d, su su salto a la pol\u00edtica durante actividad en el parque Duarte de Moca, provincia Espaillat.<\/p>\n\n\n\n<p class=\"wp-block-paragraph\">V\u00e1squez, anunci\u00f3 su intenci\u00f3n de recorrer el pa\u00eds para impulsar un partido pol\u00edtico que, seg\u00fan afirm\u00f3, estar\u00e1 integrado por \u201cverdaderos patriotas\u201d.<\/p>\n\n\n\n<p class=\"wp-block-paragraph\">Decenas de seguidores vestidos de negro recorrieron varias calles del municipio en una movilizaci\u00f3n marcada por un discurso pol\u00edtico y nacionalista.<\/p>\n\n\n\n<p class=\"wp-block-paragraph\">La manifestaci\u00f3n, convocada por la Antigua Orden Dominicana que encabeza \u00c1ngelo V\u00e1squez, reuni\u00f3 durante aproximadamente dos horas a participantes procedentes de distintas localidades de la regi\u00f3n.<\/p>\n\n\n\n<p class=\"wp-block-paragraph\">Ante sus seguidores, V\u00e1squez plante\u00f3 un cambio en la estrategia de la organizaci\u00f3n y anunci\u00f3 su intenci\u00f3n de incursionar directamente en la pol\u00edtica electoral mediante la creaci\u00f3n de un partido.<\/p>\n\n\n\n<p class=\"wp-block-paragraph\">\u201cTenemos que luchar por el poder\u201d, afirm\u00f3 el dirigente, quien record\u00f3 que durante a\u00f1os hab\u00eda rechazado la posibilidad de involucrarse en la actividad partidaria.<\/p>\n\n\n\n<p class=\"wp-block-paragraph\">V\u00e1squez dijo que hab\u00eda pasado gran parte de su vida hablando en contra de la pol\u00edtica y que incluso hab\u00eda sido cuestionado p\u00fablicamente sobre la posibilidad de crear un partido pol\u00edtico.<\/p>\n\n\n\n<p class=\"wp-block-paragraph\">\u201cMe invitaban a los medios para decir: \u2018Pero t\u00fa no vas a crear un partido. Pero t\u00fa no te vas a involucrar en la pol\u00edtica\u2019\u201d, relat\u00f3.<\/p>\n\n\n\n<p class=\"wp-block-paragraph\">Sin embargo, sostuvo que la organizaci\u00f3n ha llegado a la conclusi\u00f3n de que necesita acceder al poder para impulsar los cambios que considera necesarios para el pa\u00eds.<\/p>\n\n\n\n<p class=\"wp-block-paragraph\">\u201cNo nos interesa ni creemos en la pol\u00edtica. Pero no tenemos las armas para hacerlo de otra manera. Nosotros tenemos que arrebatarle el poder a los traidores de este pa\u00eds\u201d, expres\u00f3 ante la multitud.<\/p>\n\n\n\n<p class=\"wp-block-paragraph\">Sus palabras fueron recibidas con aplausos y consignas de apoyo por los manifestantes.<\/p>\n\n\n\n<p class=\"wp-block-paragraph\">El dirigente tambi\u00e9n vincul\u00f3 su discurso con reclamos de justicia por ciudadanos que, seg\u00fan afirm\u00f3, han perdido la vida en circunstancias que atribuy\u00f3 a decisiones o actuaciones de quienes gobiernan el pa\u00eds.<\/p>\n\n\n\n<p class=\"wp-block-paragraph\">\u201cPara que haya justicia se necesita que personas como ustedes sean los que decidan el destino de este pa\u00eds\u201d, manifest\u00f3.<\/p>\n\n\n\n<p class=\"wp-block-paragraph\">Seg\u00fan V\u00e1squez, la organizaci\u00f3n no ha podido ser desarticulada mediante incentivos econ\u00f3micos y ahora enfrenta, en su opini\u00f3n, intentos de silenciarla. Asegur\u00f3 que sus integrantes continuar\u00e1n moviliz\u00e1ndose.<\/p>\n\n\n\n<p class=\"wp-block-paragraph\">\u201cVamos a recorrer el pa\u00eds casa por casa, calle por calle\u201d, proclam\u00f3, al anunciar la intenci\u00f3n de impulsar una estructura pol\u00edtica integrada, seg\u00fan sus palabras, por \u201cverdaderos patriotas\u201d.<\/p>\n\n\n\n<p class=\"wp-block-paragraph\">El discurso estuvo acompa\u00f1ado de consignas repetidas por los asistentes, entre ellas \u201c\u00a1Patria o muerte!\u201d, mientras V\u00e1squez insist\u00eda en la necesidad de alcanzar la unidad para enfrentar lo que considera una amenaza contra el pa\u00eds.<\/p>\n\n\n\n<p class=\"wp-block-paragraph\">La concentraci\u00f3n termin\u00f3 con el llamado del dirigente a iniciar la marcha por las calles cercanas al parque Duarte.<\/p>\n\n\n\n<p class=\"wp-block-paragraph\">La movilizaci\u00f3n se desarroll\u00f3 en medio de una creciente definici\u00f3n pol\u00edtica del discurso de la<\/p>\n\n\n\n<p class=\"wp-block-paragraph\">Los participantes, muchos de ellos vestidos con el caracter\u00edstico atuendo negro de la organizaci\u00f3n y sus distintivos patri\u00f3ticos, recorrieron las calles de Moca mientras manten\u00edan las consignas que hab\u00edan marcado la concentraci\u00f3n frente al parque Duarte.<\/p>\n","protected":false},"excerpt":{"rendered":"<p>MOCA- El presidente de la Antigua Orden Dominicana (AOD), \u00c1ngelo V\u00e1squez, anunci\u00f3 balo la consignas \u201cPatria o muerte\u201d y \u201cUnidad para vencer\u201d, su su salto a la pol\u00edtica durante actividad&hellip;<\/p>\n","protected":false},"author":10,"featured_media":138526,"comment_status":"open","ping_status":"open","sticky":false,"template":"","format":"standard","meta":{"content-type":"","_jetpack_newsletter_access":"","_jetpack_dont_email_post_to_subs":false,"_jetpack_newsletter_tier_id":0,"_jetpack_memberships_contains_paywalled_content":false,"_jetpack_feature_clip_id":0,"_jetpack_memberships_contains_paid_content":false,"footnotes":"","jetpack_post_was_ever_published":false},"categories":[16559],"tags":[36133,19025,80,2030,52,36132],"class_list":["post-138525","post","type-post","status-publish","format-standard","has-post-thumbnail","hentry","category-politica","tag-angelo-vasquez","tag-antigua-orden-dominicana","tag-marcha","tag-moca","tag-politica-2","tag-salto"],"jetpack-related-posts":[{"id":117964,"url":"https:\/\/lasprimeras.com.do\/index.php\/2025\/12\/18\/pld-inaugura-local-en-villa-vasquez\/","url_meta":{"origin":138525,"position":0},"title":"PLD inaugura local en Villa V\u00e1squez","author":"Nelson Feliz","date":"18 de diciembre de 2025","format":false,"excerpt":"Johnny Pujols encabeza recorrido por Montecristi y exhorta a fortalecer la organizaci\u00f3n rumbo a 2028 El Partido de la Liberaci\u00f3n Dominicana (PLD) est\u00e1 cerrando un a\u00f1o de avances y reposicionamiento con las actividades realizadas este diciembre al tiempo que advierte que la situaci\u00f3n del pa\u00eds es preocupante y demanda mayor\u2026","rel":"","context":"En \u00abPOLITICA\u00bb","block_context":{"text":"POLITICA","link":"https:\/\/lasprimeras.com.do\/index.php\/category\/politica\/"},"img":{"alt_text":"","src":"https:\/\/i0.wp.com\/lasprimeras.com.do\/wp-content\/uploads\/2025\/12\/Ruben-Bichara-y-Mayobanex-Escoto.jpg?resize=350%2C200&ssl=1","width":350,"height":200,"srcset":"https:\/\/i0.wp.com\/lasprimeras.com.do\/wp-content\/uploads\/2025\/12\/Ruben-Bichara-y-Mayobanex-Escoto.jpg?resize=350%2C200&ssl=1 1x, https:\/\/i0.wp.com\/lasprimeras.com.do\/wp-content\/uploads\/2025\/12\/Ruben-Bichara-y-Mayobanex-Escoto.jpg?resize=525%2C300&ssl=1 1.5x, https:\/\/i0.wp.com\/lasprimeras.com.do\/wp-content\/uploads\/2025\/12\/Ruben-Bichara-y-Mayobanex-Escoto.jpg?resize=700%2C400&ssl=1 2x"},"classes":[]},{"id":97698,"url":"https:\/\/lasprimeras.com.do\/index.php\/2025\/04\/24\/antigua-orden-dominicana-vuelve-a-marchar-contra-presencia-ilegal-de-haitianos-en-rd\/","url_meta":{"origin":138525,"position":1},"title":"Antigua Orden Dominicana vuelve a marchar contra presencia ilegal de haitianos en RD","author":"Nelson Feliz","date":"24 de abril de 2025","format":false,"excerpt":"Los manifestantes caminaban con pancartas tituladas: \"Fuera la ONU\", \"no m\u00e1s parturientas haitianas\", entre otras frases. \"Fuera la ONU\", \"No m\u00e1s parturientas haitianas\", \"Los haitianos te est\u00e1n desplazando de tus empleos, \u00a1\u00fanete a la lucha!\u201d, fueron las expresiones plasmadas en las consignas que la Antigua Orden Dominicana (AOD) utiliz\u00f3 para\u2026","rel":"","context":"En \u00abNACIONALES\u00bb","block_context":{"text":"NACIONALES","link":"https:\/\/lasprimeras.com.do\/index.php\/category\/nacionales\/"},"img":{"alt_text":"\u00c1ngelo V\u00e1zquez","src":"https:\/\/i0.wp.com\/lasprimeras.com.do\/wp-content\/uploads\/2025\/04\/Angelo-Vazquez.jpeg?resize=350%2C200&ssl=1","width":350,"height":200,"srcset":"https:\/\/i0.wp.com\/lasprimeras.com.do\/wp-content\/uploads\/2025\/04\/Angelo-Vazquez.jpeg?resize=350%2C200&ssl=1 1x, https:\/\/i0.wp.com\/lasprimeras.com.do\/wp-content\/uploads\/2025\/04\/Angelo-Vazquez.jpeg?resize=525%2C300&ssl=1 1.5x, https:\/\/i0.wp.com\/lasprimeras.com.do\/wp-content\/uploads\/2025\/04\/Angelo-Vazquez.jpeg?resize=700%2C400&ssl=1 2x"},"classes":[]},{"id":122230,"url":"https:\/\/lasprimeras.com.do\/index.php\/2026\/02\/15\/sector-los-mina-y-antigua-orden-dominicana-marchan-en-rechazo-a-muerte-de-adolescente-dan-plazo-de-10-dias-para-deportaciones\/","url_meta":{"origin":138525,"position":2},"title":"Sector Los Mina y Antigua Orden Dominicana marchan en rechazo a muerte de adolescente; dan plazo de 10 d\u00edas para deportaciones","author":"Nelson Feliz","date":"15 de febrero de 2026","format":false,"excerpt":"Residentes del sector Los Mina, junto a miembros de la organizaci\u00f3n Antigua Orden Dominicana, se movilizaron este domingo en una marcha para exigir justicia por el asesinato del adolescente de 14 a\u00f1os, Naurel Nizael Medina, ocurrido el pasado 4 de febrero en el barrio Katanga, municipio Santo Domingo Este. Durante\u2026","rel":"","context":"En \u00abNACIONALES\u00bb","block_context":{"text":"NACIONALES","link":"https:\/\/lasprimeras.com.do\/index.php\/category\/nacionales\/"},"img":{"alt_text":"","src":"https:\/\/i0.wp.com\/lasprimeras.com.do\/wp-content\/uploads\/2026\/02\/Angelo-Vasquez.jpeg?resize=350%2C200&ssl=1","width":350,"height":200,"srcset":"https:\/\/i0.wp.com\/lasprimeras.com.do\/wp-content\/uploads\/2026\/02\/Angelo-Vasquez.jpeg?resize=350%2C200&ssl=1 1x, https:\/\/i0.wp.com\/lasprimeras.com.do\/wp-content\/uploads\/2026\/02\/Angelo-Vasquez.jpeg?resize=525%2C300&ssl=1 1.5x"},"classes":[]},{"id":60058,"url":"https:\/\/lasprimeras.com.do\/index.php\/2023\/09\/10\/chu-vasquez-explica-sectores-intervenidos-no-quedaran-en-manos-de-tigueres\/","url_meta":{"origin":138525,"position":3},"title":"Chu V\u00e1squez:\u201dNo permitir\u00e1 que delincuencia se adue\u00f1en de los barrios\u201d","author":"Nelson Feliz","date":"10 de septiembre de 2023","format":false,"excerpt":"El ministro de Interior y Polic\u00eda, Jes\u00fas \"Chu\" V\u00e1squez Mart\u00ednez, hizo hincapi\u00e9 en la necesidad de que la toma de decisiones en los sectores intervenidos no quede en manos de individuos con comportamientos delictivos, a quienes se refiri\u00f3 como \"tigueres\". V\u00e1squez Mart\u00ednez enfatiz\u00f3 la importancia de destacar a la mayor\u00eda\u2026","rel":"","context":"En \u00abNACIONALES\u00bb","block_context":{"text":"NACIONALES","link":"https:\/\/lasprimeras.com.do\/index.php\/category\/nacionales\/"},"img":{"alt_text":"Jes\u00fas V\u00e1squez Mart\u00ednez","src":"https:\/\/i0.wp.com\/lasprimeras.com.do\/wp-content\/uploads\/2023\/09\/Jesus-Vasquez-Martinez.jpg?resize=350%2C200&ssl=1","width":350,"height":200,"srcset":"https:\/\/i0.wp.com\/lasprimeras.com.do\/wp-content\/uploads\/2023\/09\/Jesus-Vasquez-Martinez.jpg?resize=350%2C200&ssl=1 1x, https:\/\/i0.wp.com\/lasprimeras.com.do\/wp-content\/uploads\/2023\/09\/Jesus-Vasquez-Martinez.jpg?resize=525%2C300&ssl=1 1.5x, https:\/\/i0.wp.com\/lasprimeras.com.do\/wp-content\/uploads\/2023\/09\/Jesus-Vasquez-Martinez.jpg?resize=700%2C400&ssl=1 2x"},"classes":[]},{"id":125339,"url":"https:\/\/lasprimeras.com.do\/index.php\/2026\/03\/22\/eddy-mateo-vasquez-dice-barahona-se-identifica-con-el-pld\/","url_meta":{"origin":138525,"position":4},"title":"Eddy Mateo V\u00e1squez dice Barahona se identifica con el PLD","author":"Nelson Feliz","date":"22 de marzo de 2026","format":false,"excerpt":"El ex Senador resalta la resiliencia del Partido de la Liberaci\u00f3n Dominicana como fuerza pol\u00edtica. El ex senador del Partido de la Liberaci\u00f3n Dominicana por Barahona, Eddy Mateo V\u00e1squez, dijo que ese partido recuper\u00f3 la plaza en esa provincia, al tiempo que valor\u00f3 el legado de obras ejecutadas durante los\u2026","rel":"","context":"En \u00abPOLITICA\u00bb","block_context":{"text":"POLITICA","link":"https:\/\/lasprimeras.com.do\/index.php\/category\/politica\/"},"img":{"alt_text":"","src":"https:\/\/i0.wp.com\/lasprimeras.com.do\/wp-content\/uploads\/2026\/03\/Eddy-Mateo-Vasquez.jpg?resize=350%2C200&ssl=1","width":350,"height":200,"srcset":"https:\/\/i0.wp.com\/lasprimeras.com.do\/wp-content\/uploads\/2026\/03\/Eddy-Mateo-Vasquez.jpg?resize=350%2C200&ssl=1 1x, https:\/\/i0.wp.com\/lasprimeras.com.do\/wp-content\/uploads\/2026\/03\/Eddy-Mateo-Vasquez.jpg?resize=525%2C300&ssl=1 1.5x, https:\/\/i0.wp.com\/lasprimeras.com.do\/wp-content\/uploads\/2026\/03\/Eddy-Mateo-Vasquez.jpg?resize=700%2C400&ssl=1 2x"},"classes":[]},{"id":102845,"url":"https:\/\/lasprimeras.com.do\/index.php\/2025\/07\/09\/vasquez-garcia-senala-labor-de-senasa-como-garante-del-derecho-a-la-salud\/","url_meta":{"origin":138525,"position":5},"title":"V\u00e1squez Garc\u00eda se\u00f1ala labor de SeNaSa como garante del derecho a la salud","author":"Nelson Feliz","date":"9 de julio de 2025","format":false,"excerpt":"El director del Hospital Universitario (HURVAG) Dr. Rafael V\u00e1squez Garc\u00eda, sali\u00f3 al frente de las recientes declaraciones emitidas por la oposici\u00f3n pol\u00edtica, quienes han denunciado una supuesta crisis financiera en el Seguro Nacional de Salud (SeNaSa). El doctor Rafael V\u00e1squez Garc\u00eda, desminti\u00f3 tales afirmaciones y las calific\u00f3 como parte de\u2026","rel":"","context":"En \u00abPORTADA\u00bb","block_context":{"text":"PORTADA","link":"https:\/\/lasprimeras.com.do\/index.php\/category\/portada\/"},"img":{"alt_text":"Rafael V\u00e1squez Garc\u00eda","src":"https:\/\/i0.wp.com\/lasprimeras.com.do\/wp-content\/uploads\/2025\/07\/Rafael-Vasquez-Garcia.jpg?resize=350%2C200&ssl=1","width":350,"height":200,"srcset":"https:\/\/i0.wp.com\/lasprimeras.com.do\/wp-content\/uploads\/2025\/07\/Rafael-Vasquez-Garcia.jpg?resize=350%2C200&ssl=1 1x, https:\/\/i0.wp.com\/lasprimeras.com.do\/wp-content\/uploads\/2025\/07\/Rafael-Vasquez-Garcia.jpg?resize=525%2C300&ssl=1 1.5x, https:\/\/i0.wp.com\/lasprimeras.com.do\/wp-content\/uploads\/2025\/07\/Rafael-Vasquez-Garcia.jpg?resize=700%2C400&ssl=1 2x"},"classes":[]}],"jetpack_sharing_enabled":true,"jetpack_featured_media_url":"https:\/\/lasprimeras.com.do\/wp-content\/uploads\/2026\/08\/Angelo-Vasquez.jpg","_links":{"self":[{"href":"https:\/\/lasprimeras.com.do\/index.php\/wp-json\/wp\/v2\/posts\/138525","targetHints":{"allow":["GET"]}}],"collection":[{"href":"https:\/\/lasprimeras.com.do\/index.php\/wp-json\/wp\/v2\/posts"}],"about":[{"href":"https:\/\/lasprimeras.com.do\/index.php\/wp-json\/wp\/v2\/types\/post"}],"author":[{"embeddable":true,"href":"https:\/\/lasprimeras.com.do\/index.php\/wp-json\/wp\/v2\/users\/10"}],"replies":[{"embeddable":true,"href":"https:\/\/lasprimeras.com.do\/index.php\/wp-json\/wp\/v2\/comments?post=138525"}],"version-history":[{"count":1,"href":"https:\/\/lasprimeras.com.do\/index.php\/wp-json\/wp\/v2\/posts\/138525\/revisions"}],"predecessor-version":[{"id":138527,"href":"https:\/\/lasprimeras.com.do\/index.php\/wp-json\/wp\/v2\/posts\/138525\/revisions\/138527"}],"wp:featuredmedia":[{"embeddable":true,"href":"https:\/\/lasprimeras.com.do\/index.php\/wp-json\/wp\/v2\/media\/138526"}],"wp:attachment":[{"href":"https:\/\/lasprimeras.com.do\/index.php\/wp-json\/wp\/v2\/media?parent=138525"}],"wp:term":[{"taxonomy":"category","embeddable":true,"href":"https:\/\/lasprimeras.com.do\/index.php\/wp-json\/wp\/v2\/categories?post=138525"},{"taxonomy":"post_tag","embeddable":true,"href":"https:\/\/lasprimeras.com.do\/index.php\/wp-json\/wp\/v2\/tags?post=138525"}],"curies":[{"name":"wp","href":"https:\/\/api.w.org\/{rel}","templated":true}]}}