{"id":138528,"date":"2026-08-30T20:36:53","date_gmt":"2026-08-31T00:36:53","guid":{"rendered":"https:\/\/lasprimeras.com.do\/?p=138528"},"modified":"2026-08-30T20:36:54","modified_gmt":"2026-08-31T00:36:54","slug":"cientos-asisten-a-funeral-de-victimas-del-brutal-ataque-de-pandillas-que-dejo-47-muertos-en-haiti","status":"publish","type":"post","link":"https:\/\/lasprimeras.com.do\/index.php\/2026\/08\/30\/cientos-asisten-a-funeral-de-victimas-del-brutal-ataque-de-pandillas-que-dejo-47-muertos-en-haiti\/","title":{"rendered":"Cientos asisten a funeral de v\u00edctimas del brutal ataque de pandillas que dej\u00f3 47 muertos en Hait\u00ed"},"content":{"rendered":"\n<p class=\"wp-block-paragraph\"><strong>El 23 de agosto, hombres armados atacaron Kenscoff, matando al menos a 47 personas y secuestrando a m\u00e1s de 50 en plena noche.<\/strong><\/p>\n\n\n\n<p class=\"wp-block-paragraph\"><strong>Puerto Principe, AP &#8211;<\/strong> Cientos de personas se congregaron el domingo en una iglesia cerca de la capital de Hait\u00ed para el funeral de cuatro de las 47 personas que murieron en un reciente ataque de pandillas tan brutal que conmocion\u00f3 a un pa\u00eds que ha luchado durante mucho tiempo contra la violencia.<\/p>\n\n\n\n<p class=\"wp-block-paragraph\">Los dolientes se secaron las l\u00e1grimas, alzaron las manos y gritaron al llegar los ata\u00fades a la iglesia de la comunidad agr\u00edcola de Kenscoff.<\/p>\n\n\n\n<p class=\"wp-block-paragraph\">\u00abAgradecemos a todos los que vinieron en solidaridad con las familias que fallecieron y con quienes perdieron a sus seres queridos\u00bb, dijo el pastor Jean Robert Dorlus. \u00abDios les abrir\u00e1 un espacio para recibirlos\u00bb.<\/p>\n\n\n\n<p class=\"wp-block-paragraph\">El 23 de agosto, hombres armados atacaron Kenscoff, matando al menos a 47 personas y secuestrando a m\u00e1s de 50 en plena noche.<\/p>\n\n\n\n<p class=\"wp-block-paragraph\">Fue uno de los mayores secuestros masivos ocurridos en Hait\u00ed en los \u00faltimos a\u00f1os, y los sobrevivientes han organizado protestas y culpado a la polic\u00eda por no haber evitado el ataque, que desbarat\u00f3 la creencia de que la seguridad en el conflictivo pa\u00eds caribe\u00f1o estaba mejorando.<\/p>\n\n\n\n<p class=\"wp-block-paragraph\">Dentro de la iglesia, la gente se mec\u00eda al ritmo de la m\u00fasica g\u00f3spel. Algunos gem\u00edan mientras sus hombros se sacud\u00edan.<\/p>\n\n\n\n<p class=\"wp-block-paragraph\">La iglesia estaba tan llena que decenas de personas tuvieron que quedarse afuera, mirando por las ventanas, para rendir homenaje a los difuntos: una madre, un padre y su hijo, y un hombre de 70 a\u00f1os cuyo cuerpo hab\u00eda sido quemado por los pandilleros.<\/p>\n\n\n\n<p class=\"wp-block-paragraph\">\u201cLos conozco desde hace mucho tiempo\u201d, dijo Yvon Marleus, residente de Kenscoff que perdi\u00f3 a un primo en el ataque. \u201cSon personas respetadas en la comunidad\u201d.<\/p>\n\n\n\n<p class=\"wp-block-paragraph\">\u201cNo actuaron a tiempo para detener la masacre\u201d, aleg\u00f3 Marleus, refiri\u00e9ndose a la polic\u00eda.<\/p>\n\n\n\n<p class=\"wp-block-paragraph\">La Polic\u00eda Nacional de Hait\u00ed ha declarado que orden\u00f3 una investigaci\u00f3n para esclarecer la verdad sobre el ataque y determinar si se debi\u00f3 a &#8220;complicidad o negligencia&#8221;.<\/p>\n\n\n\n<p class=\"wp-block-paragraph\">Fuera de la iglesia, civiles montaban guardia con armas autom\u00e1ticas, listos para repeler cualquier posible nuevo ataque de pandillas con la ayuda de los agentes de polic\u00eda apostados en las cercan\u00edas.<\/p>\n\n\n\n<p class=\"wp-block-paragraph\">Jean Calixte Juste, residente de Kenscoff, dijo que \u00e9l y dos primos sobrevivieron al ataque &#8220;por suerte&#8221;.<\/p>\n\n\n\n<p class=\"wp-block-paragraph\">\u201cCasi muero\u201d, record\u00f3. \u201cCasi me caigo a un barranco mientras corr\u00eda. Esta es la peor y m\u00e1s terrible noche que he vivido\u201d.<\/p>\n\n\n\n<p class=\"wp-block-paragraph\">No conoc\u00eda a las cuatro personas cuyos funerales se celebraron el domingo, pero dijo que quer\u00eda honrar su memoria.<\/p>\n\n\n\n<p class=\"wp-block-paragraph\">No estaba claro cu\u00e1ndo se celebrar\u00edan los funerales de las dem\u00e1s v\u00edctimas.<\/p>\n\n\n\n<p class=\"wp-block-paragraph\">El domingo, el Papa Le\u00f3n XIV conden\u00f3 la masacre.<\/p>\n\n\n\n<p class=\"wp-block-paragraph\">\u00abExpreso mi solidaridad y mis oraciones a las v\u00edctimas y sus familias, y pido la liberaci\u00f3n inmediata de todos los rehenes\u00bb, declar\u00f3. \u00abHago un llamado sincero a todos los responsables para que se comprometan de manera concreta a garantizar la seguridad de la poblaci\u00f3n y a poner fin a toda forma de violencia\u00bb.<\/p>\n\n\n\n<p class=\"wp-block-paragraph\">Marta Hurtado, portavoz de la Oficina de Derechos Humanos de la ONU, declar\u00f3 que unos 150 pandilleros fuertemente armados participaron en el ataque del 23 de agosto.<\/p>\n\n\n\n<p class=\"wp-block-paragraph\">A\u00f1adi\u00f3 que primero asesinaron a 13 personas que intentaron huir y luego persiguieron a otras 50 que se hab\u00edan refugiado en una iglesia.<\/p>\n\n\n\n<p class=\"wp-block-paragraph\">\u201cTras obligarlos a abandonar el recinto, ejecutaron a 22 de ellos en el patio de la iglesia y a otros 12 detr\u00e1s de la iglesia\u201d, dijo.<\/p>\n\n\n\n<p class=\"wp-block-paragraph\">Decenas de personas resultaron heridas y m\u00e1s de 2.600 se quedaron sin hogar.<\/p>\n\n\n\n<p class=\"wp-block-paragraph\">Posteriormente, la banda liber\u00f3 a seis ni\u00f1os y siete mujeres tras la intervenci\u00f3n de l\u00edderes comunitarios y UNICEF, pero decenas de personas siguen secuestradas.<\/p>\n\n\n\n<p class=\"wp-block-paragraph\">Se estima que hombres armados controlan el 70% de Puerto Pr\u00edncipe y extensas zonas de la regi\u00f3n central de Hait\u00ed y m\u00e1s all\u00e1, y tambi\u00e9n est\u00e1n intentando apoderarse de territorio en Kenscoff.<\/p>\n\n\n\n<p class=\"wp-block-paragraph\">La violencia de las pandillas ha desplazado a una cifra r\u00e9cord de casi 1,5 millones de personas en Hait\u00ed, donde se reportaron m\u00e1s de 3.050 muertes entre enero y junio, seg\u00fan estad\u00edsticas de la ONU.<\/p>\n\n\n\n<p class=\"wp-block-paragraph\">\u201cEstoy listo para irme\u201d, dijo Juste, uno de los residentes. \u201cPorque despu\u00e9s de esto, no creo que sobrevivamos a otro ataque importante\u201d.<\/p>\n","protected":false},"excerpt":{"rendered":"<p>El 23 de agosto, hombres armados atacaron Kenscoff, matando al menos a 47 personas y secuestrando a m\u00e1s de 50 en plena noche. Puerto Principe, AP &#8211; Cientos de personas&hellip;<\/p>\n","protected":false},"author":10,"featured_media":138529,"comment_status":"open","ping_status":"open","sticky":false,"template":"","format":"standard","meta":{"content-type":"","_jetpack_newsletter_access":"","_jetpack_dont_email_post_to_subs":false,"_jetpack_newsletter_tier_id":0,"_jetpack_memberships_contains_paywalled_content":false,"_jetpack_feature_clip_id":0,"_jetpack_memberships_contains_paid_content":false,"footnotes":"","jetpack_post_was_ever_published":false},"categories":[16289],"tags":[36135,36134,551,6542,217,1076,2034],"class_list":["post-138528","post","type-post","status-publish","format-standard","has-post-thumbnail","hentry","category-internacionales","tag-47-muertos","tag-brutal-ataque","tag-cientos","tag-funeral","tag-haiti","tag-pandillas","tag-victimas"],"jetpack-related-posts":[{"id":138333,"url":"https:\/\/lasprimeras.com.do\/index.php\/2026\/08\/27\/los-haitianos-exigen-respuestas-a-la-policia-despues-de-que-bandas-criminales-mataran-a-47-personas-y-secuestraran-a-mas-de-50\/","url_meta":{"origin":138528,"position":0},"title":"Los haitianos exigen respuestas a la polic\u00eda despu\u00e9s de que bandas criminales mataran a 47 personas y secuestraran a m\u00e1s de 50","author":"Nelson Feliz","date":"27 de agosto de 2026","format":false,"excerpt":"Por EVENS SANON PUERTO PR\u00cdNCIPE, Hait\u00ed (AP) \u2014 La Polic\u00eda Nacional de Hait\u00ed enfrent\u00f3 el jueves crecientes cr\u00edticas por el hecho de que las autoridades no impidieran un reciente ataque de pandillas en el que murieron 47 personas y m\u00e1s de 50 fueron secuestradas. El portavoz de la polic\u00eda, Garry\u2026","rel":"","context":"En \u00abINTERNACIONALES\u00bb","block_context":{"text":"INTERNACIONALES","link":"https:\/\/lasprimeras.com.do\/index.php\/category\/sin-categoria\/internacionales\/"},"img":{"alt_text":"","src":"https:\/\/i0.wp.com\/lasprimeras.com.do\/wp-content\/uploads\/2026\/08\/HAITIANOS-1.jpg?resize=350%2C200&ssl=1","width":350,"height":200,"srcset":"https:\/\/i0.wp.com\/lasprimeras.com.do\/wp-content\/uploads\/2026\/08\/HAITIANOS-1.jpg?resize=350%2C200&ssl=1 1x, https:\/\/i0.wp.com\/lasprimeras.com.do\/wp-content\/uploads\/2026\/08\/HAITIANOS-1.jpg?resize=525%2C300&ssl=1 1.5x, https:\/\/i0.wp.com\/lasprimeras.com.do\/wp-content\/uploads\/2026\/08\/HAITIANOS-1.jpg?resize=700%2C400&ssl=1 2x"},"classes":[]},{"id":138046,"url":"https:\/\/lasprimeras.com.do\/index.php\/2026\/08\/24\/al-menos-20-muertos-en-nuevo-ataque-en-haiti-que-pone-en-alerta-a-fuerzas-de-seguridad\/","url_meta":{"origin":138528,"position":1},"title":"Al menos 20 muertos en nuevo ataque en Hait\u00ed, que pone en &#8220;alerta&#8221; a fuerzas de seguridad","author":"Nelson Feliz","date":"24 de agosto de 2026","format":false,"excerpt":"Seg\u00fan las informaciones difundidas por medios locales, el n\u00famero de v\u00edctimas podr\u00eda aumentar mientras contin\u00faan las labores de b\u00fasqueda Puerto Pr\u00edncipe, EFE- Al menos veinte personas murieron tras un ataque de bandas armadas en la madrugada de este lunes en una comuna al este de Puerto Pr\u00edncipe, aunque algunos medios\u2026","rel":"","context":"En \u00abINTERNACIONALES\u00bb","block_context":{"text":"INTERNACIONALES","link":"https:\/\/lasprimeras.com.do\/index.php\/category\/sin-categoria\/internacionales\/"},"img":{"alt_text":"","src":"https:\/\/i0.wp.com\/lasprimeras.com.do\/wp-content\/uploads\/2026\/08\/muertos-1.png?resize=350%2C200&ssl=1","width":350,"height":200,"srcset":"https:\/\/i0.wp.com\/lasprimeras.com.do\/wp-content\/uploads\/2026\/08\/muertos-1.png?resize=350%2C200&ssl=1 1x, https:\/\/i0.wp.com\/lasprimeras.com.do\/wp-content\/uploads\/2026\/08\/muertos-1.png?resize=525%2C300&ssl=1 1.5x, https:\/\/i0.wp.com\/lasprimeras.com.do\/wp-content\/uploads\/2026\/08\/muertos-1.png?resize=700%2C400&ssl=1 2x, https:\/\/i0.wp.com\/lasprimeras.com.do\/wp-content\/uploads\/2026\/08\/muertos-1.png?resize=1050%2C600&ssl=1 3x"},"classes":[]},{"id":105365,"url":"https:\/\/lasprimeras.com.do\/index.php\/2025\/08\/03\/la-policia-haitiana-arresta-a-un-exsenador-acusado-de-colaborar-con-pandillas-para-atacar-a-una-comunidad-pacifica\/","url_meta":{"origin":138528,"position":2},"title":"La polic\u00eda haitiana arresta a un exsenador acusado de colaborar con pandillas para atacar a una comunidad pac\u00edfica","author":"Nelson Feliz","date":"3 de agosto de 2025","format":false,"excerpt":"BOGOT\u00c1, Colombia (AP) \u2014 La polic\u00eda de Hait\u00ed arrest\u00f3 a un ex senador acusado de conspirar contra el Estado y financiar organizaciones criminales. Nenel Cassy fue arrestado el s\u00e1bado mientras se encontraba en un restaurante en P\u00e9tionville, un barrio adinerado de la capital, Puerto Pr\u00edncipe, seg\u00fan inform\u00f3 la Polic\u00eda Nacional\u2026","rel":"","context":"En \u00abINTERNACIONALES\u00bb","block_context":{"text":"INTERNACIONALES","link":"https:\/\/lasprimeras.com.do\/index.php\/category\/sin-categoria\/internacionales\/"},"img":{"alt_text":"","src":"https:\/\/i0.wp.com\/lasprimeras.com.do\/wp-content\/uploads\/2025\/08\/Nenel-Cassy.jpg?resize=350%2C200&ssl=1","width":350,"height":200,"srcset":"https:\/\/i0.wp.com\/lasprimeras.com.do\/wp-content\/uploads\/2025\/08\/Nenel-Cassy.jpg?resize=350%2C200&ssl=1 1x, https:\/\/i0.wp.com\/lasprimeras.com.do\/wp-content\/uploads\/2025\/08\/Nenel-Cassy.jpg?resize=525%2C300&ssl=1 1.5x"},"classes":[]},{"id":107983,"url":"https:\/\/lasprimeras.com.do\/index.php\/2025\/09\/02\/accidente-de-vehiculo-blindado-en-haiti-deja-dos-muertos-y-ocho-heridos-en-kenia\/","url_meta":{"origin":138528,"position":3},"title":"Accidente de veh\u00edculo blindado en Hait\u00ed deja dos muertos y ocho heridos en Kenia","author":"Nelson Feliz","date":"2 de septiembre de 2025","format":false,"excerpt":"PUERTO PR\u00cdNCIPE, Hait\u00ed (AP) \u2014 Un accidente que involucr\u00f3 a dos veh\u00edculos blindados en la capital de Hait\u00ed dej\u00f3 al menos dos personas muertas y ocho polic\u00edas kenianos heridos, seg\u00fan las autoridades. Un muerto y todos los heridos formaban parte de\u00a0una misi\u00f3n respaldada por la ONU\u00a0que lucha contra las pandillas\u2026","rel":"","context":"En \u00abINTERNACIONALES\u00bb","block_context":{"text":"INTERNACIONALES","link":"https:\/\/lasprimeras.com.do\/index.php\/category\/sin-categoria\/internacionales\/"},"img":{"alt_text":"","src":"https:\/\/i0.wp.com\/lasprimeras.com.do\/wp-content\/uploads\/2025\/09\/vehiculo-blindado.jpg?resize=350%2C200&ssl=1","width":350,"height":200,"srcset":"https:\/\/i0.wp.com\/lasprimeras.com.do\/wp-content\/uploads\/2025\/09\/vehiculo-blindado.jpg?resize=350%2C200&ssl=1 1x, https:\/\/i0.wp.com\/lasprimeras.com.do\/wp-content\/uploads\/2025\/09\/vehiculo-blindado.jpg?resize=525%2C300&ssl=1 1.5x, https:\/\/i0.wp.com\/lasprimeras.com.do\/wp-content\/uploads\/2025\/09\/vehiculo-blindado.jpg?resize=700%2C400&ssl=1 2x"},"classes":[]},{"id":105849,"url":"https:\/\/lasprimeras.com.do\/index.php\/2025\/08\/07\/haiti-se-prepara-para-un-nuevo-liderazgo-mientras-estallan-tiroteos-y-pandillas-amenazan-con-derrocar-al-gobierno\/","url_meta":{"origin":138528,"position":4},"title":"Hait\u00ed se prepara para un nuevo liderazgo mientras estallan tiroteos y pandillas amenazan con derrocar al gobierno","author":"Nelson Feliz","date":"7 de agosto de 2025","format":false,"excerpt":"Por EVENS SANON y D\u00c1NICA COTO PUERTO PR\u00cdNCIPE, Hait\u00ed (AP) \u2014 Un rico empresario fue elegido el jueves para presidir el consejo presidencial de transici\u00f3n de Hait\u00ed , lo que marca la primera vez que el sector privado controla los dos poderes ejecutivos del pa\u00eds. El cambio de mando amenaz\u00f3\u2026","rel":"","context":"En \u00abINTERNACIONALES\u00bb","block_context":{"text":"INTERNACIONALES","link":"https:\/\/lasprimeras.com.do\/index.php\/category\/sin-categoria\/internacionales\/"},"img":{"alt_text":"","src":"https:\/\/i0.wp.com\/lasprimeras.com.do\/wp-content\/uploads\/2025\/08\/haiti.jpg?resize=350%2C200&ssl=1","width":350,"height":200,"srcset":"https:\/\/i0.wp.com\/lasprimeras.com.do\/wp-content\/uploads\/2025\/08\/haiti.jpg?resize=350%2C200&ssl=1 1x, https:\/\/i0.wp.com\/lasprimeras.com.do\/wp-content\/uploads\/2025\/08\/haiti.jpg?resize=525%2C300&ssl=1 1.5x, https:\/\/i0.wp.com\/lasprimeras.com.do\/wp-content\/uploads\/2025\/08\/haiti.jpg?resize=700%2C400&ssl=1 2x"},"classes":[]},{"id":94140,"url":"https:\/\/lasprimeras.com.do\/index.php\/2025\/02\/25\/pandillas-perpetran-un-nuevo-y-mortal-ataque-en-la-capital-de-haiti-mientras-decenas-huyen\/","url_meta":{"origin":138528,"position":5},"title":"Pandillas perpetran un nuevo y mortal ataque en la capital de Hait\u00ed mientras decenas huyen","author":"Nelson Feliz","date":"25 de febrero de 2025","format":false,"excerpt":"POR PIERRE RICHARD LUXAMA PUERTO PR\u00cdNCIPE, Hait\u00ed (AP) \u2014 Las pandillas perpetraron un nuevo ataque en la capital de Hait\u00ed el martes temprano y causaron la muerte de un n\u00famero desconocido de civiles en lo que sol\u00eda ser un vecindario pac\u00edfico. El ataque en Delmas 30 comenz\u00f3 antes del amanecer,\u2026","rel":"","context":"En \u00abINTERNACIONALES\u00bb","block_context":{"text":"INTERNACIONALES","link":"https:\/\/lasprimeras.com.do\/index.php\/category\/sin-categoria\/internacionales\/"},"img":{"alt_text":"","src":"https:\/\/i0.wp.com\/lasprimeras.com.do\/wp-content\/uploads\/2025\/02\/pandillas.jpg?resize=350%2C200&ssl=1","width":350,"height":200,"srcset":"https:\/\/i0.wp.com\/lasprimeras.com.do\/wp-content\/uploads\/2025\/02\/pandillas.jpg?resize=350%2C200&ssl=1 1x, https:\/\/i0.wp.com\/lasprimeras.com.do\/wp-content\/uploads\/2025\/02\/pandillas.jpg?resize=525%2C300&ssl=1 1.5x, https:\/\/i0.wp.com\/lasprimeras.com.do\/wp-content\/uploads\/2025\/02\/pandillas.jpg?resize=700%2C400&ssl=1 2x"},"classes":[]}],"jetpack_sharing_enabled":true,"jetpack_featured_media_url":"https:\/\/lasprimeras.com.do\/wp-content\/uploads\/2026\/08\/HAITIANOS-2.jpg","_links":{"self":[{"href":"https:\/\/lasprimeras.com.do\/index.php\/wp-json\/wp\/v2\/posts\/138528","targetHints":{"allow":["GET"]}}],"collection":[{"href":"https:\/\/lasprimeras.com.do\/index.php\/wp-json\/wp\/v2\/posts"}],"about":[{"href":"https:\/\/lasprimeras.com.do\/index.php\/wp-json\/wp\/v2\/types\/post"}],"author":[{"embeddable":true,"href":"https:\/\/lasprimeras.com.do\/index.php\/wp-json\/wp\/v2\/users\/10"}],"replies":[{"embeddable":true,"href":"https:\/\/lasprimeras.com.do\/index.php\/wp-json\/wp\/v2\/comments?post=138528"}],"version-history":[{"count":1,"href":"https:\/\/lasprimeras.com.do\/index.php\/wp-json\/wp\/v2\/posts\/138528\/revisions"}],"predecessor-version":[{"id":138530,"href":"https:\/\/lasprimeras.com.do\/index.php\/wp-json\/wp\/v2\/posts\/138528\/revisions\/138530"}],"wp:featuredmedia":[{"embeddable":true,"href":"https:\/\/lasprimeras.com.do\/index.php\/wp-json\/wp\/v2\/media\/138529"}],"wp:attachment":[{"href":"https:\/\/lasprimeras.com.do\/index.php\/wp-json\/wp\/v2\/media?parent=138528"}],"wp:term":[{"taxonomy":"category","embeddable":true,"href":"https:\/\/lasprimeras.com.do\/index.php\/wp-json\/wp\/v2\/categories?post=138528"},{"taxonomy":"post_tag","embeddable":true,"href":"https:\/\/lasprimeras.com.do\/index.php\/wp-json\/wp\/v2\/tags?post=138528"}],"curies":[{"name":"wp","href":"https:\/\/api.w.org\/{rel}","templated":true}]}}