{"id":138531,"date":"2026-08-30T21:14:28","date_gmt":"2026-08-31T01:14:28","guid":{"rendered":"https:\/\/lasprimeras.com.do\/?p=138531"},"modified":"2026-08-30T21:17:04","modified_gmt":"2026-08-31T01:17:04","slug":"presidente-de-honduras-solicita-asesoria-a-rd-para-preparar-jc-honduras-2029","status":"publish","type":"post","link":"https:\/\/lasprimeras.com.do\/index.php\/2026\/08\/30\/presidente-de-honduras-solicita-asesoria-a-rd-para-preparar-jc-honduras-2029\/","title":{"rendered":"Presidente de Honduras solicita asesor\u00eda a RD para preparar JC Honduras 2029"},"content":{"rendered":"\n<p class=\"wp-block-paragraph\">Santo Domingo.\u2013 El presidente de Honduras, Nasry Asfura Zablah, solicit\u00f3 asesor\u00eda al presidente Luis Abinader, con miras a la preparaci\u00f3n de los XIII Juegos Centroamericanos, que se celebrar\u00e1n en Tegucigalpa, Honduras, en noviembre de 2029.<\/p>\n\n\n\n<p class=\"wp-block-paragraph\">Nasry Asfura Zablah fue recibido este domingo en el Palacio Nacional por el presidente Luis Abinader, junto a una peque\u00f1a comisi\u00f3n de funcionarios e invitados.<\/p>\n\n\n\n<p class=\"wp-block-paragraph\">La solicitud del mandatario de Honduras es un reconocimiento a los exitosos y reci\u00e9n celebrados Juegos Centroamericanos y del Caribe Santo Domingo 2026, donde participaron m\u00e1s de 6,000 atletas de 37 pa\u00edses en unas 40 disciplinas, con un r\u00e9cord hist\u00f3rico de 3,244 medallas, con ocasi\u00f3n de la conmemoraci\u00f3n del centenario de la creaci\u00f3n de estos juegos regionales en 1926.<\/p>\n\n\n\n<p class=\"wp-block-paragraph\">Al destacar la colaboraci\u00f3n que debe existir entre los pa\u00edses para el fortalecimiento en todos los aspectos, Asfura Zablah cit\u00f3 como un de profesionalismo el trabajo realizado en los Juegos Centroamericanos y del Caribe Santo Domingo 2026.<\/p>\n\n\n\n<p class=\"wp-block-paragraph\">\u201cUn ejemplo donde ustedes fueron los actores importantes en todos los aspectos, incluyendo esas 155 medallas\u201d, expres\u00f3.<\/p>\n\n\n\n<p class=\"wp-block-paragraph\">Acto seguido, solicit\u00f3 la colaboraci\u00f3n dominicana para organizar el pr\u00f3ximo evento deportivo en su pa\u00eds.<\/p>\n\n\n\n<p class=\"wp-block-paragraph\">\u201cMuch\u00edsimas gracias por darnos la oportunidad de poder tambi\u00e9n prepararnos nosotros y darnos ese apoyo para noviembre del 2029, que somos la sede de los Juegos Centroamericanos en Honduras\u201d, dijo Asfura en el Palacio Nacional.<\/p>\n\n\n\n<p class=\"wp-block-paragraph\">La solicitud fue correspondida por su hom\u00f3logo Luis Abinader, quien manifest\u00f3 su disposici\u00f3n de apoyar con la asesor\u00eda necesaria para el \u00e9xito de los Juegos Centroamericanos Honduras 2029, dando instrucciones al ministro de Deportes, Kelvin Cruz, para que inicie la coordinaci\u00f3n y los contactos para esos fines.<\/p>\n\n\n\n<p class=\"wp-block-paragraph\">El anuncio de que Honduras ser\u00e1 la sede de los pr\u00f3ximos Juegos Centroamericanos se dio a conocer durante la ceremonia de clausura de los Juegos de Santo Domingo 2026.<\/p>\n\n\n\n<p class=\"wp-block-paragraph\">Durante el acto, celebrado en el Sal\u00f3n de Embajadores del Palacio Nacional, tambi\u00e9n acompa\u00f1aron a los jefes de Estado el canciller V\u00edctor (Ito) Bison\u00f3; el ministro de Deportes, Kelvin Cruz; el presidente de Centro Caribe Sports, Luis\u00edn Mej\u00eda; y el presidente del Comit\u00e9 Organizador de los pasados Juegos Centroamericanos y del Caribe, Jos\u00e9 P. Monegro, quienes tambi\u00e9n mostraron disposici\u00f3n de asesorar a Honduras en el montaje de su evento, entre otras personalidades.<\/p>\n","protected":false},"excerpt":{"rendered":"<p>Santo Domingo.\u2013 El presidente de Honduras, Nasry Asfura Zablah, solicit\u00f3 asesor\u00eda al presidente Luis Abinader, con miras a la preparaci\u00f3n de los XIII Juegos Centroamericanos, que se celebrar\u00e1n en Tegucigalpa,&hellip;<\/p>\n","protected":false},"author":10,"featured_media":138532,"comment_status":"open","ping_status":"open","sticky":false,"template":"","format":"standard","meta":{"content-type":"","_jetpack_newsletter_access":"","_jetpack_dont_email_post_to_subs":false,"_jetpack_newsletter_tier_id":0,"_jetpack_memberships_contains_paywalled_content":false,"_jetpack_feature_clip_id":0,"_jetpack_memberships_contains_paid_content":false,"footnotes":"","jetpack_post_was_ever_published":false},"categories":[25],"tags":[7021,68,4497,36097,35636,127,36136],"class_list":["post-138531","post","type-post","status-publish","format-standard","has-post-thumbnail","hentry","category-portada","tag-asesoria","tag-honduras","tag-juegos-centroamericanos","tag-nasry-asfura-zablah","tag-presidente-de-honduras","tag-rd","tag-tegucigalpa"],"jetpack-related-posts":[{"id":136893,"url":"https:\/\/lasprimeras.com.do\/index.php\/2026\/08\/07\/presidente-de-honduras-elogia-a-luis-abinader-por-el-exito-de-los-juegos-2026\/","url_meta":{"origin":138531,"position":0},"title":"Presidente de Honduras elogia a Luis Abinader por el \u00e9xito de los Juegos 2026","author":"Nelson Feliz","date":"7 de agosto de 2026","format":false,"excerpt":"Durante un encuentro celebrado en Cali, Colombia, el mandatario hondure\u00f1o solicit\u00f3 al presidente Abinader la colaboraci\u00f3n de la Rep\u00fablica Dominicana para la organizaci\u00f3n de los Juegos Centroamericanos y del Caribe 2029, que tendr\u00e1n como sede a Honduras. Cali, Colombia.- El presidente de la Rep\u00fablica de Honduras, Nasry Asfura, felicit\u00f3 al\u2026","rel":"","context":"En \u00abDEPORTES\u00bb","block_context":{"text":"DEPORTES","link":"https:\/\/lasprimeras.com.do\/index.php\/category\/deportes\/"},"img":{"alt_text":"Nasry Asfura","src":"https:\/\/i0.wp.com\/lasprimeras.com.do\/wp-content\/uploads\/2026\/08\/Nasry-Asfura-1.jpg?resize=350%2C200&ssl=1","width":350,"height":200,"srcset":"https:\/\/i0.wp.com\/lasprimeras.com.do\/wp-content\/uploads\/2026\/08\/Nasry-Asfura-1.jpg?resize=350%2C200&ssl=1 1x, https:\/\/i0.wp.com\/lasprimeras.com.do\/wp-content\/uploads\/2026\/08\/Nasry-Asfura-1.jpg?resize=525%2C300&ssl=1 1.5x, https:\/\/i0.wp.com\/lasprimeras.com.do\/wp-content\/uploads\/2026\/08\/Nasry-Asfura-1.jpg?resize=700%2C400&ssl=1 2x"},"classes":[]},{"id":136890,"url":"https:\/\/lasprimeras.com.do\/index.php\/2026\/08\/07\/abinader-concluye-agenda-en-colombia-y-retorna-a-republica-dominicana\/","url_meta":{"origin":138531,"position":1},"title":"Abinader concluye agenda en Colombia y retorna a Rep\u00fablica Dominicana","author":"Nelson Feliz","date":"7 de agosto de 2026","format":false,"excerpt":"Cali, Colombia.- El presidente de la Rep\u00fablica, Luis Abinader, sali\u00f3 este viernes en la noche desde Cali, Colombia, con destino a Santo Domingo, tras concluir su agenda oficial en esta ciudad, donde asisti\u00f3 a la ceremonia de toma de posesi\u00f3n de Abelardo de la Espriella como nuevo mandatario colombiano. Durante\u2026","rel":"","context":"En \u00abSin categor\u00eda\u00bb","block_context":{"text":"Sin categor\u00eda","link":"https:\/\/lasprimeras.com.do\/index.php\/category\/sin-categoria\/"},"img":{"alt_text":"Luis Abinader","src":"https:\/\/i0.wp.com\/lasprimeras.com.do\/wp-content\/uploads\/2026\/08\/Luis-Abinader.jpg?resize=350%2C200&ssl=1","width":350,"height":200,"srcset":"https:\/\/i0.wp.com\/lasprimeras.com.do\/wp-content\/uploads\/2026\/08\/Luis-Abinader.jpg?resize=350%2C200&ssl=1 1x, https:\/\/i0.wp.com\/lasprimeras.com.do\/wp-content\/uploads\/2026\/08\/Luis-Abinader.jpg?resize=525%2C300&ssl=1 1.5x, https:\/\/i0.wp.com\/lasprimeras.com.do\/wp-content\/uploads\/2026\/08\/Luis-Abinader.jpg?resize=700%2C400&ssl=1 2x"},"classes":[]},{"id":138434,"url":"https:\/\/lasprimeras.com.do\/index.php\/2026\/08\/28\/presidente-abinader-y-nasry-asfura-zablah-de-honduras-desarrollaran-agenda-oficial-este-fin-de-semana\/","url_meta":{"origin":138531,"position":2},"title":"Presidente Abinader y Nasry Asfura Zablah de Honduras desarrollar\u00e1n agenda oficial este fin de semana","author":"Nelson Feliz","date":"28 de agosto de 2026","format":false,"excerpt":"La agenda de este s\u00e1bado 29 y el domingo 30 de agosto incluir\u00e1 recorridos por la Base A\u00e9rea de San Isidro y el muro fronterizo, una reuni\u00f3n bilateral, firma de instrumentos y una ofrenda floral en el Altar de la Patria. Santo Domingo.\u2013 El presidente Luis Abinader, encabezar\u00e1 junto con\u2026","rel":"","context":"En \u00abINTERNACIONALES\u00bb","block_context":{"text":"INTERNACIONALES","link":"https:\/\/lasprimeras.com.do\/index.php\/category\/sin-categoria\/internacionales\/"},"img":{"alt_text":"Luis Abinader y Nasry Asfura Zablah","src":"https:\/\/i0.wp.com\/lasprimeras.com.do\/wp-content\/uploads\/2026\/08\/Luis-Abinader-y-Nasry-Asfura-Zablah.jpg?resize=350%2C200&ssl=1","width":350,"height":200,"srcset":"https:\/\/i0.wp.com\/lasprimeras.com.do\/wp-content\/uploads\/2026\/08\/Luis-Abinader-y-Nasry-Asfura-Zablah.jpg?resize=350%2C200&ssl=1 1x, https:\/\/i0.wp.com\/lasprimeras.com.do\/wp-content\/uploads\/2026\/08\/Luis-Abinader-y-Nasry-Asfura-Zablah.jpg?resize=525%2C300&ssl=1 1.5x, https:\/\/i0.wp.com\/lasprimeras.com.do\/wp-content\/uploads\/2026\/08\/Luis-Abinader-y-Nasry-Asfura-Zablah.jpg?resize=700%2C400&ssl=1 2x"},"classes":[]},{"id":138485,"url":"https:\/\/lasprimeras.com.do\/index.php\/2026\/08\/29\/presidente-de-honduras-califica-a-rd-como-ejemplo-regional-en-seguridad-fronteriza-e-industria-militar\/","url_meta":{"origin":138531,"position":3},"title":"Presidente de Honduras califica a RD como ejemplo regional en seguridad fronteriza e industria militar","author":"Nelson Feliz","date":"29 de agosto de 2026","format":false,"excerpt":"Nasry Asfura Zablah destaca acciones de Abinader para garantizar la soberan\u00eda nacional Dajab\u00f3n.\u2013 El presidente de la Rep\u00fablica de Honduras, Nasry Asfura Zablah, calific\u00f3 este s\u00e1bado a la Rep\u00fablica Dominicana como un ejemplo a nivel de Centroam\u00e9rica y el Caribe por los avances alcanzados en seguridad fronteriza e industria militar\u2026","rel":"","context":"En \u00abPORTADA\u00bb","block_context":{"text":"PORTADA","link":"https:\/\/lasprimeras.com.do\/index.php\/category\/portada\/"},"img":{"alt_text":"","src":"https:\/\/i0.wp.com\/lasprimeras.com.do\/wp-content\/uploads\/2026\/08\/Fronte-1.jpg?resize=350%2C200&ssl=1","width":350,"height":200,"srcset":"https:\/\/i0.wp.com\/lasprimeras.com.do\/wp-content\/uploads\/2026\/08\/Fronte-1.jpg?resize=350%2C200&ssl=1 1x, https:\/\/i0.wp.com\/lasprimeras.com.do\/wp-content\/uploads\/2026\/08\/Fronte-1.jpg?resize=525%2C300&ssl=1 1.5x, https:\/\/i0.wp.com\/lasprimeras.com.do\/wp-content\/uploads\/2026\/08\/Fronte-1.jpg?resize=700%2C400&ssl=1 2x"},"classes":[]},{"id":116342,"url":"https:\/\/lasprimeras.com.do\/index.php\/2025\/12\/01\/con-43-de-conteo-preliminar-en-honduras-conservador-nasry-asfura-encabeza-eleccion-nasralla-cerca\/","url_meta":{"origin":138531,"position":4},"title":"Con 43% de conteo preliminar en Honduras, conservador Nasry Asfura encabeza elecci\u00f3n; Nasralla cerca","author":"Nelson Feliz","date":"1 de diciembre de 2025","format":false,"excerpt":"POR MARLON GONZ\u00c1LEZand CHRISTOPHER SHERMAN TEGUCIGALPA (AP) \u2014 Con el 43% de los votos escrutados en Honduras, los resultados preliminares y parciales publicados la madrugada del lunes mostraban al empresario conservador Nasry Asfura encabezando la contienda presidencial del domingo, con el popular expresentador de TV Salvador Nasralla cerca en segundo\u2026","rel":"","context":"En \u00abINTERNACIONALES\u00bb","block_context":{"text":"INTERNACIONALES","link":"https:\/\/lasprimeras.com.do\/index.php\/category\/sin-categoria\/internacionales\/"},"img":{"alt_text":"","src":"https:\/\/i0.wp.com\/lasprimeras.com.do\/wp-content\/uploads\/2025\/12\/Honduras-1.jpg?resize=350%2C200&ssl=1","width":350,"height":200,"srcset":"https:\/\/i0.wp.com\/lasprimeras.com.do\/wp-content\/uploads\/2025\/12\/Honduras-1.jpg?resize=350%2C200&ssl=1 1x, https:\/\/i0.wp.com\/lasprimeras.com.do\/wp-content\/uploads\/2025\/12\/Honduras-1.jpg?resize=525%2C300&ssl=1 1.5x, https:\/\/i0.wp.com\/lasprimeras.com.do\/wp-content\/uploads\/2025\/12\/Honduras-1.jpg?resize=700%2C400&ssl=1 2x"},"classes":[]},{"id":117308,"url":"https:\/\/lasprimeras.com.do\/index.php\/2025\/12\/09\/asfura-sigue-a-la-cabeza-de-presidenciales-en-honduras-con-99-de-actas-escrutadas\/","url_meta":{"origin":138531,"position":5},"title":"Asfura sigue a la cabeza de presidenciales en Honduras con 99% de actas escrutadas","author":"Nelson Feliz","date":"9 de diciembre de 2025","format":false,"excerpt":"POR MARLON GONZ\u00c1LEZ TEGUCIGALPA (AP) \u2014 El candidato del conservador Partido Nacional, Nasry Asfura, aventajaba el martes a su rival m\u00e1s cercano en las elecciones presidenciales en Honduras con una diferencia de m\u00e1s de 42.000 votos, acerc\u00e1ndose cada vez m\u00e1s a conseguir la victoria. Con el 99,40% de las actas\u2026","rel":"","context":"En \u00abINTERNACIONALES\u00bb","block_context":{"text":"INTERNACIONALES","link":"https:\/\/lasprimeras.com.do\/index.php\/category\/sin-categoria\/internacionales\/"},"img":{"alt_text":"Nasry Asfura","src":"https:\/\/i0.wp.com\/lasprimeras.com.do\/wp-content\/uploads\/2025\/12\/Nasry-Asfura.jpg?resize=350%2C200&ssl=1","width":350,"height":200,"srcset":"https:\/\/i0.wp.com\/lasprimeras.com.do\/wp-content\/uploads\/2025\/12\/Nasry-Asfura.jpg?resize=350%2C200&ssl=1 1x, https:\/\/i0.wp.com\/lasprimeras.com.do\/wp-content\/uploads\/2025\/12\/Nasry-Asfura.jpg?resize=525%2C300&ssl=1 1.5x, https:\/\/i0.wp.com\/lasprimeras.com.do\/wp-content\/uploads\/2025\/12\/Nasry-Asfura.jpg?resize=700%2C400&ssl=1 2x"},"classes":[]}],"jetpack_sharing_enabled":true,"jetpack_featured_media_url":"https:\/\/lasprimeras.com.do\/wp-content\/uploads\/2026\/08\/Nasry-Asfura-Zablah.jpg","_links":{"self":[{"href":"https:\/\/lasprimeras.com.do\/index.php\/wp-json\/wp\/v2\/posts\/138531","targetHints":{"allow":["GET"]}}],"collection":[{"href":"https:\/\/lasprimeras.com.do\/index.php\/wp-json\/wp\/v2\/posts"}],"about":[{"href":"https:\/\/lasprimeras.com.do\/index.php\/wp-json\/wp\/v2\/types\/post"}],"author":[{"embeddable":true,"href":"https:\/\/lasprimeras.com.do\/index.php\/wp-json\/wp\/v2\/users\/10"}],"replies":[{"embeddable":true,"href":"https:\/\/lasprimeras.com.do\/index.php\/wp-json\/wp\/v2\/comments?post=138531"}],"version-history":[{"count":1,"href":"https:\/\/lasprimeras.com.do\/index.php\/wp-json\/wp\/v2\/posts\/138531\/revisions"}],"predecessor-version":[{"id":138533,"href":"https:\/\/lasprimeras.com.do\/index.php\/wp-json\/wp\/v2\/posts\/138531\/revisions\/138533"}],"wp:featuredmedia":[{"embeddable":true,"href":"https:\/\/lasprimeras.com.do\/index.php\/wp-json\/wp\/v2\/media\/138532"}],"wp:attachment":[{"href":"https:\/\/lasprimeras.com.do\/index.php\/wp-json\/wp\/v2\/media?parent=138531"}],"wp:term":[{"taxonomy":"category","embeddable":true,"href":"https:\/\/lasprimeras.com.do\/index.php\/wp-json\/wp\/v2\/categories?post=138531"},{"taxonomy":"post_tag","embeddable":true,"href":"https:\/\/lasprimeras.com.do\/index.php\/wp-json\/wp\/v2\/tags?post=138531"}],"curies":[{"name":"wp","href":"https:\/\/api.w.org\/{rel}","templated":true}]}}