{"id":138534,"date":"2026-08-30T21:38:54","date_gmt":"2026-08-31T01:38:54","guid":{"rendered":"https:\/\/lasprimeras.com.do\/?p=138534"},"modified":"2026-08-30T21:38:55","modified_gmt":"2026-08-31T01:38:55","slug":"danilo-pide-investigar-causas-de-mortalidad-neonatal-y-revisar-cumplimiento-de-protocolos-video","status":"publish","type":"post","link":"https:\/\/lasprimeras.com.do\/index.php\/2026\/08\/30\/danilo-pide-investigar-causas-de-mortalidad-neonatal-y-revisar-cumplimiento-de-protocolos-video\/","title":{"rendered":"Danilo pide investigar causas de mortalidad neonatal y revisar cumplimiento de protocolos | Video"},"content":{"rendered":"\n<p class=\"wp-block-paragraph\"><strong>El expresidente afirma que la muerte de reci\u00e9n nacidos debe asumirse como un problema del sistema de salud y advierte que, pese a la amplia cobertura prenatal, persisten factores que requieren atenci\u00f3n e investigaci\u00f3n.<\/strong><\/p>\n\n\n\n<p class=\"wp-block-paragraph\"><strong>SANTO DOMINGO &#8211;<\/strong> El expresidente de la Rep\u00fablica y presidente del Partido de la Liberaci\u00f3n Dominicana (PLD), Danilo Medina, consider\u00f3 como preocupante la cantidad de muertes de reci\u00e9n nacidos que se registra en el pa\u00eds y plante\u00f3 la necesidad de investigar sus causas y revisar el cumplimiento de los protocolos de atenci\u00f3n neonatal.<\/p>\n\n\n\n<p class=\"wp-block-paragraph\">Medina ofreci\u00f3 sus declaraciones al concluir una asamblea de dirigentes, militantes, miembros y simpatizantes del PLD celebrada en el Pabell\u00f3n de Balonmano de Salcedo, municipio cabecera de la provincia Hermanas Mirabal.<\/p>\n\n\n\n<p class=\"wp-block-paragraph\">Al ser consultado por periodistas sobre los reportes del fallecimiento de m\u00e1s de una docena de neonatos, el exmandatario calific\u00f3 la situaci\u00f3n de \u201cterrible\u201d, aunque aclar\u00f3 que no quer\u00eda que sus planteamientos fueran interpretados simplemente como una cr\u00edtica al Gobierno.<\/p>\n\n\n\n<p class=\"wp-block-paragraph\">\u201cLo veo como un problema del sistema de salud de la Rep\u00fablica Dominicana\u201d, expres\u00f3.<\/p>\n\n\n\n<p class=\"wp-block-paragraph\">Danilo Medina se\u00f1al\u00f3 que en el pa\u00eds est\u00e1n muriendo 20.8 ni\u00f1os por cada mil nacidos vivos y sostuvo que el 82 % de esas muertes corresponde a neonatos, es decir, ni\u00f1os que no han cumplido los primeros 28 d\u00edas de vida.<\/p>\n\n\n\n<p class=\"wp-block-paragraph\">Agreg\u00f3 que alrededor del 80 % de esas muertes son evitables, raz\u00f3n por la cual entiende que las autoridades deben determinar qu\u00e9 est\u00e1 fallando dentro del sistema.<\/p>\n\n\n\n<p class=\"wp-block-paragraph\">\u201cY como son evitables, el Gobierno tiene que investigar qu\u00e9 es lo que est\u00e1 pasando\u201d, manifest\u00f3.<\/p>\n\n\n\n<p class=\"wp-block-paragraph\">El presidente del PLD llam\u00f3 la atenci\u00f3n sobre el hecho de que, seg\u00fan las cifras citadas, Rep\u00fablica Dominicana tiene una cobertura de atenci\u00f3n prenatal de 97.6 %, lo que a su juicio demuestra que el problema no radica fundamentalmente en el acceso de las embarazadas a los servicios m\u00e9dicos.<\/p>\n\n\n\n<p class=\"wp-block-paragraph\">\u201c\u00bfPero c\u00f3mo es que se est\u00e1n muriendo tantos ni\u00f1os antes de cumplir los 28 d\u00edas?\u201d, pregunt\u00f3.<\/p>\n\n\n\n<p class=\"wp-block-paragraph\">Medina identific\u00f3 entre las principales causas de fallecimientos los partos prematuros y el bajo peso al nacer. Tambi\u00e9n mostr\u00f3 preocupaci\u00f3n porque, seg\u00fan explic\u00f3, solo el 19 % de los ni\u00f1os recibe lactancia materna durante los primeros seis meses de vida.<\/p>\n\n\n\n<p class=\"wp-block-paragraph\">\u201cEl 81 % no recibe los seis meses que se requieren para que el ni\u00f1o pueda crecer saludable\u201d, indic\u00f3.<\/p>\n\n\n\n<p class=\"wp-block-paragraph\">Asimismo, cuestion\u00f3 el elevado porcentaje de ces\u00e1reas que se practica en el pa\u00eds, que situ\u00f3 en un 68 % de los partos.<\/p>\n\n\n\n<p class=\"wp-block-paragraph\">A su juicio, todos estos elementos deben ser investigados en conjunto para determinar las causas de la mortalidad neonatal y adoptar las medidas correspondientes: \u201cNo son problemas de cobertura. Son problemas de falta de ejecuci\u00f3n de los protocolos de los ni\u00f1os despu\u00e9s de haber nacido\u201d, concluy\u00f3.<\/p>\n\n\n\n<p class=\"wp-block-paragraph\">PLD celebra concurrida asamblea en la Provincia Hermanas Mirabal<\/p>\n\n\n\n<p class=\"wp-block-paragraph\">La declaraci\u00f3n de Medina se produjo al t\u00e9rmino de una concurrida asamblea provincial del PLD, encabezada por el propio exmandatario y el secretario general de la organizaci\u00f3n, Johnny Pujols, como parte del proceso de reactivaci\u00f3n, reorganizaci\u00f3n y fortalecimiento que desarrolla el partido en todo el territorio nacional.<\/p>\n\n\n\n<p class=\"wp-block-paragraph\">La presidenta municipal del PLD en Salcedo, Mar\u00eda Hern\u00e1ndez, tuvo a su cargo las palabras de bienvenida y destac\u00f3 el proceso de fortalecimiento que, afirm\u00f3, experimenta la organizaci\u00f3n en la provincia.<\/p>\n\n\n\n<p class=\"wp-block-paragraph\">Durante la actividad intervinieron tambi\u00e9n los j\u00f3venes \u00c1ngel Gonz\u00e1lez y Annetty Medina, nuevos miembros del PLD, quienes exhortaron a la juventud a involucrarse en la actividad pol\u00edtica y organizarse para defender sus aspiraciones y oportunidades.<\/p>\n\n\n\n<p class=\"wp-block-paragraph\">Ambos contrastaron la situaci\u00f3n actual de los j\u00f3venes con las pol\u00edticas desarrolladas durante los gobiernos del PLD, destacando programas de becas y otras facilidades dirigidas a ese segmento de la poblaci\u00f3n.<\/p>\n\n\n\n<p class=\"wp-block-paragraph\">El presidente provincial del PLD, Carlos Cepeda, hizo un recuento de obras ejecutadas en Hermanas Mirabal durante las administraciones encabezadas por Danilo Medina y contrast\u00f3 esas inversiones con la situaci\u00f3n actual de la provincia.<\/p>\n\n\n\n<p class=\"wp-block-paragraph\">Danilo reitera que Gobierno del PRM \u201cle ha salido caro\u201d al pa\u00eds<\/p>\n\n\n\n<p class=\"wp-block-paragraph\">En sus palabras ante la asamblea, Medina reiter\u00f3 el planteamiento realizado la semana anterior de que el Gobierno del Partido Revolucionario Moderno (PRM) \u201cle ha salido caro al pa\u00eds\u201d.<\/p>\n\n\n\n<p class=\"wp-block-paragraph\">Como ejemplo cit\u00f3 el crecimiento de la n\u00f3mina p\u00fablica, que asegur\u00f3 pas\u00f3 de alrededor de RD$204 mil millones a RD$377 mil millones.<\/p>\n\n\n\n<p class=\"wp-block-paragraph\">Tambi\u00e9n volvi\u00f3 a referirse al aumento del subsidio destinado al sector el\u00e9ctrico, se\u00f1alando que, pese al incremento de los recursos p\u00fablicos destinados al sistema, persisten los apagones y las quejas de la poblaci\u00f3n por las elevadas facturaciones.<\/p>\n\n\n\n<p class=\"wp-block-paragraph\">La asamblea se desarroll\u00f3 en medio de constantes manifestaciones de entusiasmo, aplausos y consignas de los asistentes, quienes ondeaban banderas moradas durante las diferentes intervenciones.<\/p>\n\n\n\n<p class=\"wp-block-paragraph\">La l\u00ednea principal estuvo encabezada por Danilo Medina y Johnny Pujols, junto al ex vicepresidente de la Rep\u00fablica Jaime David Fern\u00e1ndez Mirabal; Carlos Cepeda, presidente provincial del PLD; Mar\u00eda Hern\u00e1ndez, presidenta municipal en Salcedo; y Yudith N\u00fa\u00f1ez Pantale\u00f3n, enlace de la direcci\u00f3n pol\u00edtica con el Comit\u00e9 Provincial de Hermanas Mirabal.<\/p>\n\n\n\n<p class=\"wp-block-paragraph\">Participaron adem\u00e1s Rafael Medina, presidente municipal del PLD en Villa Tapia; Bernaldo L\u00f3pez, presidente municipal en Tenares; el regidor de Salcedo Jos\u00e9 Alexander P\u00e9rez, conocido como \u201cChande\u201d; y Tom\u00e1s Henr\u00edquez, en representaci\u00f3n de los regidores de Villa Tapia.<\/p>\n\n\n\n<p class=\"wp-block-paragraph\">Durante el encuentro se hizo una menci\u00f3n especial a Vinicio V\u00e1zquez, antiguo militante del PRM recientemente juramentado en el PLD por Danilo Medina, as\u00ed como al presidente de la Asociaci\u00f3n Dominicana de Profesores (ADP), Eduardo Hidalgo.<\/p>\n\n\n\n<p class=\"wp-block-paragraph\">La representaci\u00f3n del Comit\u00e9 Pol\u00edtico incluy\u00f3 a los vicepresidentes del PLD Tem\u00edstocles Mont\u00e1s y Zoraima Cuello, as\u00ed como a Lidio Cadet, Luc\u00eda Medina, Radham\u00e9s Camacho, Mayobanex Escoto, Sim\u00f3n Lizardo, Sonia Mateo, Thelma Eusebio, Rub\u00e9n Bichara, Carlos Pared P\u00e9rez, Aura Toribio, Kenia Lora, Margarita Pimentel, El\u00edas Cornelio y H\u00e9ctor Olivo<\/p>\n\n\n\n<p class=\"wp-block-paragraph\">La asamblea forma parte de la implementaci\u00f3n de la nueva L\u00ednea Organizativa y Electoral (LOE) del PLD, mediante la cual la organizaci\u00f3n desarrolla un proceso nacional de reactivaci\u00f3n, reestructuraci\u00f3n y fortalecimiento de sus estructuras.<\/p>\n\n\n\n<figure class=\"wp-block-embed is-type-rich is-provider-x wp-block-embed-x\"><div class=\"wp-block-embed__wrapper\">\n<div class=\"embed-x\"><blockquote class=\"twitter-tweet\" data-width=\"500\" data-dnt=\"true\"><p lang=\"es\" dir=\"ltr\"><a href=\"https:\/\/x.com\/hashtag\/DelPartidoPLD?src=hash&amp;ref_src=twsrc%5Etfw\">#DelPartidoPLD<\/a> | Danilo Medina: Es terrible la muerte de reci\u00e9n nacidos. Un problema del sistema de salud al que debemos prestar atenci\u00f3n. <a href=\"https:\/\/t.co\/94FWYubNan\">pic.twitter.com\/94FWYubNan<\/a><\/p>&mdash; PLD (@PLDenlinea) <a href=\"https:\/\/x.com\/PLDenlinea\/status\/2094118930721964454?ref_src=twsrc%5Etfw\">August 30, 2026<\/a><\/blockquote><script async src=\"https:\/\/platform.x.com\/widgets.js\" charset=\"utf-8\"><\/script><\/div>\n<\/div><\/figure>\n","protected":false},"excerpt":{"rendered":"<p>El expresidente afirma que la muerte de reci\u00e9n nacidos debe asumirse como un problema del sistema de salud y advierte que, pese a la amplia cobertura prenatal, persisten factores que&hellip;<\/p>\n","protected":false},"author":10,"featured_media":138535,"comment_status":"open","ping_status":"open","sticky":false,"template":"","format":"standard","meta":{"content-type":"","_jetpack_newsletter_access":"","_jetpack_dont_email_post_to_subs":false,"_jetpack_newsletter_tier_id":0,"_jetpack_memberships_contains_paywalled_content":false,"_jetpack_feature_clip_id":0,"_jetpack_memberships_contains_paid_content":false,"footnotes":"","jetpack_post_was_ever_published":false},"categories":[25],"tags":[12568,6997,501,3220,29038,1674,9126,1857],"class_list":["post-138534","post","type-post","status-publish","format-standard","has-post-thumbnail","hentry","category-portada","tag-causas","tag-cumplimiento","tag-danilo-medina","tag-investigar","tag-mortalidad-neonatal","tag-protocolos","tag-revisar","tag-video"],"jetpack-related-posts":[{"id":115060,"url":"https:\/\/lasprimeras.com.do\/index.php\/2025\/11\/18\/danilo-medina-se-reune-con-aspirantes-presidenciales-pld\/","url_meta":{"origin":138534,"position":0},"title":"Danilo Medina se re\u00fane con aspirantes presidenciales PLD","author":"Nelson Feliz","date":"18 de noviembre de 2025","format":false,"excerpt":"El presidente del Partido de la Liberaci\u00f3n Dominicana (PLD) Danilo Medina, se reuni\u00f3 con los aspirantes presidenciales de esta organizaci\u00f3n pol\u00edtica. Participaron los aspirantes y miembros del Comit\u00e9 Pol\u00edtico, Francisco Dom\u00ednguez Brito, Francisco Javier Garc\u00eda, Abel Mart\u00ednez y Charlie Mariotti. \u201cSe consensu\u00f3 el protocolo de trabajo que regir\u00e1 la competencia\u2026","rel":"","context":"En \u00abPOLITICA\u00bb","block_context":{"text":"POLITICA","link":"https:\/\/lasprimeras.com.do\/index.php\/category\/politica\/"},"img":{"alt_text":"","src":"https:\/\/i0.wp.com\/lasprimeras.com.do\/wp-content\/uploads\/2025\/11\/danilo.jpeg?resize=350%2C200&ssl=1","width":350,"height":200,"srcset":"https:\/\/i0.wp.com\/lasprimeras.com.do\/wp-content\/uploads\/2025\/11\/danilo.jpeg?resize=350%2C200&ssl=1 1x, https:\/\/i0.wp.com\/lasprimeras.com.do\/wp-content\/uploads\/2025\/11\/danilo.jpeg?resize=525%2C300&ssl=1 1.5x, https:\/\/i0.wp.com\/lasprimeras.com.do\/wp-content\/uploads\/2025\/11\/danilo.jpeg?resize=700%2C400&ssl=1 2x, https:\/\/i0.wp.com\/lasprimeras.com.do\/wp-content\/uploads\/2025\/11\/danilo.jpeg?resize=1050%2C600&ssl=1 3x"},"classes":[]},{"id":108268,"url":"https:\/\/lasprimeras.com.do\/index.php\/2025\/09\/03\/gustavo-sanchez-defiende-al-pld-dice-maxy-montilla-y-alexis-medina-abusaron-de-confianza-de-danilo\/","url_meta":{"origin":138534,"position":1},"title":"Gustavo S\u00e1nchez defiende al PLD: Dice Maxy Montilla y Alexis Medina abusaron de confianza de Danilo","author":"Nelson Feliz","date":"3 de septiembre de 2025","format":false,"excerpt":"Para el legislador, tanto Alexis Medina como Maxy Montilla, hermano de C\u00e1ndida Montilla, abusaron de la confianza del expresidente Danilo Medina. El vocero de la bancada del Partido de la Liberaci\u00f3n Dominicana (PLD) en la C\u00e1mara de Diputados, Gustavo S\u00e1nchez, reaccion\u00f3 este mi\u00e9rcoles a la decisi\u00f3n de Maxy Montilla, cu\u00f1ado\u2026","rel":"","context":"En \u00abPOLITICA\u00bb","block_context":{"text":"POLITICA","link":"https:\/\/lasprimeras.com.do\/index.php\/category\/politica\/"},"img":{"alt_text":"Gustavo-Sanchez","src":"https:\/\/i0.wp.com\/lasprimeras.com.do\/wp-content\/uploads\/2023\/11\/Gustavo-Sanchez-4.jpg?resize=350%2C200&ssl=1","width":350,"height":200,"srcset":"https:\/\/i0.wp.com\/lasprimeras.com.do\/wp-content\/uploads\/2023\/11\/Gustavo-Sanchez-4.jpg?resize=350%2C200&ssl=1 1x, https:\/\/i0.wp.com\/lasprimeras.com.do\/wp-content\/uploads\/2023\/11\/Gustavo-Sanchez-4.jpg?resize=525%2C300&ssl=1 1.5x, https:\/\/i0.wp.com\/lasprimeras.com.do\/wp-content\/uploads\/2023\/11\/Gustavo-Sanchez-4.jpg?resize=700%2C400&ssl=1 2x"},"classes":[]},{"id":121156,"url":"https:\/\/lasprimeras.com.do\/index.php\/2026\/02\/01\/danilo-medina-el-pld-esta-abierta-a-construir-alianzas-politicas-de-cara-a-las-elecciones-de-2028\/","url_meta":{"origin":138534,"position":2},"title":"Danilo Medina: &#8220;El PLD est\u00e1 abierta a construir alianzas pol\u00edticas de cara a las elecciones de 2028&#8221;","author":"Nelson Feliz","date":"1 de febrero de 2026","format":false,"excerpt":"El expresidente de la Rep\u00fablica y presidente del Partido de la Liberaci\u00f3n Dominicana (PLD), Danilo Medina, asegur\u00f3 que la organizaci\u00f3n est\u00e1 abierta a construir alianzas pol\u00edticas de cara a las elecciones de 2028, pero dej\u00f3 claro que cualquier proyecto de coalici\u00f3n deber\u00e1 girar en torno al PLD como fuerza principal.\u2026","rel":"","context":"En \u00abPOLITICA\u00bb","block_context":{"text":"POLITICA","link":"https:\/\/lasprimeras.com.do\/index.php\/category\/politica\/"},"img":{"alt_text":"Danilo Medina","src":"https:\/\/i0.wp.com\/lasprimeras.com.do\/wp-content\/uploads\/2025\/03\/Danilo_Medina-removebg-preview.png?resize=350%2C200&ssl=1","width":350,"height":200,"srcset":"https:\/\/i0.wp.com\/lasprimeras.com.do\/wp-content\/uploads\/2025\/03\/Danilo_Medina-removebg-preview.png?resize=350%2C200&ssl=1 1x, https:\/\/i0.wp.com\/lasprimeras.com.do\/wp-content\/uploads\/2025\/03\/Danilo_Medina-removebg-preview.png?resize=525%2C300&ssl=1 1.5x"},"classes":[]},{"id":118732,"url":"https:\/\/lasprimeras.com.do\/index.php\/2026\/01\/02\/gobierno-logra-reduccion-de-un-16-en-la-mortalidad-neonatal-en-2025\/","url_meta":{"origin":138534,"position":3},"title":"Gobierno logra reducci\u00f3n de un 16 % en la mortalidad neonatal en 2025","author":"Nelson Feliz","date":"2 de enero de 2026","format":false,"excerpt":"El Gobierno dominicano logr\u00f3 una reducci\u00f3n de un 16 % en la mortalidad neonatal 2025, como resultado de las acciones y estrategias implementadas a trav\u00e9s del Servicio Nacional de Salud (SNS), dirigidas al fortalecimiento de la atenci\u00f3n de las madres y sus reci\u00e9n nacidos. Se produjeron 294 muertes neonatales menos\u2026","rel":"","context":"En \u00abSALUD\u00bb","block_context":{"text":"SALUD","link":"https:\/\/lasprimeras.com.do\/index.php\/category\/salud\/"},"img":{"alt_text":"","src":"https:\/\/i0.wp.com\/lasprimeras.com.do\/wp-content\/uploads\/2026\/01\/SNS-1.jpg?resize=350%2C200&ssl=1","width":350,"height":200,"srcset":"https:\/\/i0.wp.com\/lasprimeras.com.do\/wp-content\/uploads\/2026\/01\/SNS-1.jpg?resize=350%2C200&ssl=1 1x, https:\/\/i0.wp.com\/lasprimeras.com.do\/wp-content\/uploads\/2026\/01\/SNS-1.jpg?resize=525%2C300&ssl=1 1.5x, https:\/\/i0.wp.com\/lasprimeras.com.do\/wp-content\/uploads\/2026\/01\/SNS-1.jpg?resize=700%2C400&ssl=1 2x"},"classes":[]},{"id":128698,"url":"https:\/\/lasprimeras.com.do\/index.php\/2026\/04\/25\/danilo-medina-encabezara-actos-de-juramentacion-del-pld-este-domingo\/","url_meta":{"origin":138534,"position":4},"title":"Danilo Medina encabezar\u00e1 actos de juramentaci\u00f3n del PLD este domingo","author":"Nelson Feliz","date":"25 de abril de 2026","format":false,"excerpt":"Danilo Medina encabezar\u00e1 este domingo sendas actividades de juramentaci\u00f3n: la primera en Mao en la ma\u00f1ana y la segunda en Santiago en horas de la tarde. El expresidente Danilo Medina, presidente del Partido de la Liberaci\u00f3n Dominicana (PLD), participar\u00e1 este domingo en sendos actos de juramentaci\u00f3n de ciudadanos que apoyan\u2026","rel":"","context":"En \u00abPOLITICA\u00bb","block_context":{"text":"POLITICA","link":"https:\/\/lasprimeras.com.do\/index.php\/category\/politica\/"},"img":{"alt_text":"Danilo Medina","src":"https:\/\/i0.wp.com\/lasprimeras.com.do\/wp-content\/uploads\/2026\/04\/Danilo-Medina-2.jpg?resize=350%2C200&ssl=1","width":350,"height":200,"srcset":"https:\/\/i0.wp.com\/lasprimeras.com.do\/wp-content\/uploads\/2026\/04\/Danilo-Medina-2.jpg?resize=350%2C200&ssl=1 1x, https:\/\/i0.wp.com\/lasprimeras.com.do\/wp-content\/uploads\/2026\/04\/Danilo-Medina-2.jpg?resize=525%2C300&ssl=1 1.5x, https:\/\/i0.wp.com\/lasprimeras.com.do\/wp-content\/uploads\/2026\/04\/Danilo-Medina-2.jpg?resize=700%2C400&ssl=1 2x"},"classes":[]},{"id":131464,"url":"https:\/\/lasprimeras.com.do\/index.php\/2026\/05\/21\/danilo-medina-el-poder-se-conquista-con-trabajo\/","url_meta":{"origin":138534,"position":5},"title":"Danilo Medina: \u201cel poder se conquista con trabajo\u201d","author":"Nelson Feliz","date":"21 de mayo de 2026","format":false,"excerpt":"Invita a militantes y dirigentes del PLD a evitar divisiones internas, porque al final \u201ctodos vamos a trabajar para que el Partido vuelva al poder\u201d. El expresidente de la Rep\u00fablica y presidente del Partido de la Liberaci\u00f3n Dominicana (PLD), Danilo Medina, llam\u00f3 este jueves a la dirigencia pelede\u00edsta a preservar\u2026","rel":"","context":"En \u00abPOLITICA\u00bb","block_context":{"text":"POLITICA","link":"https:\/\/lasprimeras.com.do\/index.php\/category\/politica\/"},"img":{"alt_text":"Danilo Medina","src":"https:\/\/i0.wp.com\/lasprimeras.com.do\/wp-content\/uploads\/2026\/05\/Danilo-Medina-6.jpg?resize=350%2C200&ssl=1","width":350,"height":200,"srcset":"https:\/\/i0.wp.com\/lasprimeras.com.do\/wp-content\/uploads\/2026\/05\/Danilo-Medina-6.jpg?resize=350%2C200&ssl=1 1x, https:\/\/i0.wp.com\/lasprimeras.com.do\/wp-content\/uploads\/2026\/05\/Danilo-Medina-6.jpg?resize=525%2C300&ssl=1 1.5x, https:\/\/i0.wp.com\/lasprimeras.com.do\/wp-content\/uploads\/2026\/05\/Danilo-Medina-6.jpg?resize=700%2C400&ssl=1 2x"},"classes":[]}],"jetpack_sharing_enabled":true,"jetpack_featured_media_url":"https:\/\/lasprimeras.com.do\/wp-content\/uploads\/2026\/08\/Danilo-Medina-1-1.jpg","_links":{"self":[{"href":"https:\/\/lasprimeras.com.do\/index.php\/wp-json\/wp\/v2\/posts\/138534","targetHints":{"allow":["GET"]}}],"collection":[{"href":"https:\/\/lasprimeras.com.do\/index.php\/wp-json\/wp\/v2\/posts"}],"about":[{"href":"https:\/\/lasprimeras.com.do\/index.php\/wp-json\/wp\/v2\/types\/post"}],"author":[{"embeddable":true,"href":"https:\/\/lasprimeras.com.do\/index.php\/wp-json\/wp\/v2\/users\/10"}],"replies":[{"embeddable":true,"href":"https:\/\/lasprimeras.com.do\/index.php\/wp-json\/wp\/v2\/comments?post=138534"}],"version-history":[{"count":1,"href":"https:\/\/lasprimeras.com.do\/index.php\/wp-json\/wp\/v2\/posts\/138534\/revisions"}],"predecessor-version":[{"id":138536,"href":"https:\/\/lasprimeras.com.do\/index.php\/wp-json\/wp\/v2\/posts\/138534\/revisions\/138536"}],"wp:featuredmedia":[{"embeddable":true,"href":"https:\/\/lasprimeras.com.do\/index.php\/wp-json\/wp\/v2\/media\/138535"}],"wp:attachment":[{"href":"https:\/\/lasprimeras.com.do\/index.php\/wp-json\/wp\/v2\/media?parent=138534"}],"wp:term":[{"taxonomy":"category","embeddable":true,"href":"https:\/\/lasprimeras.com.do\/index.php\/wp-json\/wp\/v2\/categories?post=138534"},{"taxonomy":"post_tag","embeddable":true,"href":"https:\/\/lasprimeras.com.do\/index.php\/wp-json\/wp\/v2\/tags?post=138534"}],"curies":[{"name":"wp","href":"https:\/\/api.w.org\/{rel}","templated":true}]}}