{"id":138540,"date":"2026-08-30T22:13:21","date_gmt":"2026-08-31T02:13:21","guid":{"rendered":"https:\/\/lasprimeras.com.do\/?p=138540"},"modified":"2026-08-30T22:14:55","modified_gmt":"2026-08-31T02:14:55","slug":"cientos-de-personas-se-presentan-para-juzgar-concurso-de-imitadores-del-alcalde-de-ny-zohran-mamdani","status":"publish","type":"post","link":"https:\/\/lasprimeras.com.do\/index.php\/2026\/08\/30\/cientos-de-personas-se-presentan-para-juzgar-concurso-de-imitadores-del-alcalde-de-ny-zohran-mamdani\/","title":{"rendered":"Cientos de personas se presentan para juzgar concurso de imitadores del alcalde de NY Zohran Mamdani"},"content":{"rendered":"\n<p class=\"wp-block-paragraph\">Por Anna Wilder y Heather Khalifa<\/p>\n\n\n\n<p class=\"wp-block-paragraph\">NUEVA YORK (AP) \u2014 Cientos de personas se congregaron el domingo cerca del popular parque Washington Square de la ciudad de Nueva York para juzgar un concurso de imitadores del alcalde Zohran Mamdani .<\/p>\n\n\n\n<p class=\"wp-block-paragraph\">El ganador, Amadeo Fusca, era el favorito del p\u00fablico y vest\u00eda una camiseta de los New York Knicks, campeones de la NBA, debajo de un traje. Fusca tambi\u00e9n luc\u00eda un corte de pelo y barba similares a los de Mamdani, y se llev\u00f3 un premio de 100 d\u00f3lares.<\/p>\n\n\n\n<p class=\"wp-block-paragraph\">Mamdani, socialista democr\u00e1tica que asumi\u00f3 el cargo en enero, ha logrado un gran n\u00famero de seguidores en las redes sociales y entre los j\u00f3venes. El evento fue patrocinado por la aplicaci\u00f3n de redes sociales Sonder.<\/p>\n\n\n\n<p class=\"wp-block-paragraph\">La agenda de Mamdani como alcalde se centra en reorientar el poder del gobierno hacia la ayuda a la clase trabajadora de la ciudad, que atraviesa dificultades .<\/p>\n\n\n\n<p class=\"wp-block-paragraph\">Nueve participantes, muchos con barba similar a la de Mamdani, acudieron vestidos al m\u00e1s puro estilo Mamdani, incluyendo el traje marr\u00f3n que us\u00f3 durante su campa\u00f1a en 2025, corbatas estampadas rojas y negras, zapatos de vestir, trajes azul oscuro y negros, y anillos de plata.<\/p>\n\n\n\n<p class=\"wp-block-paragraph\">Uno de los participantes apareci\u00f3 sin camisa, pero con un delantal puesto, en alusi\u00f3n a un videoclip de rap que Mamdani grab\u00f3 en 2019.<\/p>\n\n\n\n<p class=\"wp-block-paragraph\">En la competici\u00f3n, a los hombres se les hizo una sola pregunta: nombrar su pizza favorita, y el ganador se decidi\u00f3 por quien recibi\u00f3 m\u00e1s aplausos.<\/p>\n\n\n\n<p class=\"wp-block-paragraph\">Los asistentes se reunieron inicialmente en el parque, pero la polic\u00eda les indic\u00f3 que deb\u00edan marcharse porque no contaban con el permiso correspondiente. As\u00ed que se trasladaron a las inmediaciones del parque para la competici\u00f3n.<\/p>\n\n\n\n<p class=\"wp-block-paragraph\">No era la primera vez que se reun\u00edan personas parecidas a Mamdani. Un concurso similar se celebr\u00f3 en Brooklyn en 2025, cuando Mamdani hac\u00eda campa\u00f1a para alcalde.<\/p>\n\n\n\n<hr class=\"wp-block-separator has-alpha-channel-opacity\"\/>\n\n\n\n<p class=\"wp-block-paragraph\">Wilder inform\u00f3 desde Austin, Texas, y es miembro del equipo de The Associated Press\/Report for America Statehouse News Initiative. Report for America es un programa nacional sin fines de lucro que asigna periodistas a redacciones locales para cubrir temas poco difundidos.<\/p>\n","protected":false},"excerpt":{"rendered":"<p>Por Anna Wilder y Heather Khalifa NUEVA YORK (AP) \u2014 Cientos de personas se congregaron el domingo cerca del popular parque Washington Square de la ciudad de Nueva York para&hellip;<\/p>\n","protected":false},"author":10,"featured_media":138541,"comment_status":"open","ping_status":"open","sticky":false,"template":"","format":"standard","meta":{"content-type":"","_jetpack_newsletter_access":"","_jetpack_dont_email_post_to_subs":false,"_jetpack_newsletter_tier_id":0,"_jetpack_memberships_contains_paywalled_content":false,"_jetpack_feature_clip_id":0,"_jetpack_memberships_contains_paid_content":false,"footnotes":"","jetpack_post_was_ever_published":false},"categories":[16289],"tags":[8356,27452,7557,36138,36139,20876],"class_list":["post-138540","post","type-post","status-publish","format-standard","has-post-thumbnail","hentry","category-internacionales","tag-alcalde-de-ny","tag-cientos-de-personas","tag-concurso","tag-imitadores","tag-juzgar","tag-zohran-mamdani"],"jetpack-related-posts":[{"id":117117,"url":"https:\/\/lasprimeras.com.do\/index.php\/2025\/12\/07\/mamdani-informa-a-inmigrantes-en-ny-sobre-su-derecho-a-no-acatar-ordenes-del-ice\/","url_meta":{"origin":138540,"position":0},"title":"Mamdani informa a inmigrantes en NY sobre su derecho a no acatar \u00f3rdenes del ICE","author":"Nelson Feliz","date":"7 de diciembre de 2025","format":false,"excerpt":"NUEVA YORK (AP) \u2014 El alcalde electo de la ciudad de Nueva York, Zohran Mamdani, public\u00f3 un video en las redes sociales el domingo explicando el derecho de los inmigrantes a negarse a hablar con o acatar \u00f3rdenes de los agentes del Servicio de Inmigraci\u00f3n y Control de Aduanas de\u2026","rel":"","context":"En \u00abINTERNACIONALES\u00bb","block_context":{"text":"INTERNACIONALES","link":"https:\/\/lasprimeras.com.do\/index.php\/category\/sin-categoria\/internacionales\/"},"img":{"alt_text":"Zohran Mamdani","src":"https:\/\/i0.wp.com\/lasprimeras.com.do\/wp-content\/uploads\/2025\/12\/Zohran-Mamdani.jpg?resize=350%2C200&ssl=1","width":350,"height":200,"srcset":"https:\/\/i0.wp.com\/lasprimeras.com.do\/wp-content\/uploads\/2025\/12\/Zohran-Mamdani.jpg?resize=350%2C200&ssl=1 1x, https:\/\/i0.wp.com\/lasprimeras.com.do\/wp-content\/uploads\/2025\/12\/Zohran-Mamdani.jpg?resize=525%2C300&ssl=1 1.5x, https:\/\/i0.wp.com\/lasprimeras.com.do\/wp-content\/uploads\/2025\/12\/Zohran-Mamdani.jpg?resize=700%2C400&ssl=1 2x"},"classes":[]},{"id":113657,"url":"https:\/\/lasprimeras.com.do\/index.php\/2025\/11\/05\/zohran-mamdani-gana-la-eleccion-por-la-alcaldia-de-nueva-york\/","url_meta":{"origin":138540,"position":1},"title":"Zohran Mamdani gana la elecci\u00f3n por la alcald\u00eda de Nueva York","author":"Nelson Feliz","date":"5 de noviembre de 2025","format":false,"excerpt":"POR ANTHONY IZAGUIRRE and JILL COLVIN NUEVA YORK (AP) \u2014 Los votantes de la ciudad de Nueva York eligieron a Zohran Mamdani como alcalde el martes, tras un vertiginoso ascenso del legislador estatal de 34 a\u00f1os, quien se convertir\u00e1 en el alcalde m\u00e1s liberal de la ciudad en generaciones. En\u2026","rel":"","context":"En \u00abINTERNACIONALES\u00bb","block_context":{"text":"INTERNACIONALES","link":"https:\/\/lasprimeras.com.do\/index.php\/category\/sin-categoria\/internacionales\/"},"img":{"alt_text":"","src":"https:\/\/i0.wp.com\/lasprimeras.com.do\/wp-content\/uploads\/2025\/11\/Zohran-Mamdani.jpg?resize=350%2C200&ssl=1","width":350,"height":200,"srcset":"https:\/\/i0.wp.com\/lasprimeras.com.do\/wp-content\/uploads\/2025\/11\/Zohran-Mamdani.jpg?resize=350%2C200&ssl=1 1x, https:\/\/i0.wp.com\/lasprimeras.com.do\/wp-content\/uploads\/2025\/11\/Zohran-Mamdani.jpg?resize=525%2C300&ssl=1 1.5x, https:\/\/i0.wp.com\/lasprimeras.com.do\/wp-content\/uploads\/2025\/11\/Zohran-Mamdani.jpg?resize=700%2C400&ssl=1 2x"},"classes":[]},{"id":119125,"url":"https:\/\/lasprimeras.com.do\/index.php\/2026\/01\/07\/mamdani-defiende-a-funcionaria-acusada-de-publicar-sobre-supremacia-blanca\/","url_meta":{"origin":138540,"position":2},"title":"Mamdani defiende a funcionaria acusada de publicar sobre \u201csupremac\u00eda blanca\u201d","author":"Nelson Feliz","date":"7 de enero de 2026","format":false,"excerpt":"POR JAKE OFFENHARTZ NUEVA YORK (AP) \u2014 El alcalde de la ciudad de Nueva York, Zohran Mamdani, respald\u00f3 a una funcionaria de vivienda reci\u00e9n nombrada mientras enfrenta cr\u00edticas por publicaciones en redes sociales de hace a\u00f1os, incluidas mensajes que ped\u00edan la confiscaci\u00f3n de propiedades privadas y vinculaban la propiedad de\u2026","rel":"","context":"En \u00abINTERNACIONALES\u00bb","block_context":{"text":"INTERNACIONALES","link":"https:\/\/lasprimeras.com.do\/index.php\/category\/sin-categoria\/internacionales\/"},"img":{"alt_text":"Zohran Mamdani","src":"https:\/\/i0.wp.com\/lasprimeras.com.do\/wp-content\/uploads\/2026\/01\/Zohran-Mamdani.jpg?resize=350%2C200&ssl=1","width":350,"height":200,"srcset":"https:\/\/i0.wp.com\/lasprimeras.com.do\/wp-content\/uploads\/2026\/01\/Zohran-Mamdani.jpg?resize=350%2C200&ssl=1 1x, https:\/\/i0.wp.com\/lasprimeras.com.do\/wp-content\/uploads\/2026\/01\/Zohran-Mamdani.jpg?resize=525%2C300&ssl=1 1.5x, https:\/\/i0.wp.com\/lasprimeras.com.do\/wp-content\/uploads\/2026\/01\/Zohran-Mamdani.jpg?resize=700%2C400&ssl=1 2x"},"classes":[]},{"id":115583,"url":"https:\/\/lasprimeras.com.do\/index.php\/2025\/11\/24\/mamdani-mantiene-criticas-a-trump-pese-a-reunion-amistosa-en-la-casa-blanca\/","url_meta":{"origin":138540,"position":3},"title":"Mamdani mantiene cr\u00edticas a Trump pese a reuni\u00f3n amistosa en la Casa Blanca","author":"Nelson Feliz","date":"24 de noviembre de 2025","format":false,"excerpt":"WASHINGTON (AP) \u2014 El alcalde electo de la ciudad de Nueva York, Zohran Mamdani, no se retract\u00f3 de haber calificado de \u201cd\u00e9spota\u201d y \u201cfascista\u201d al presidente Donald Trump en el pasado, en una entrevista trasmitida el domingo y despu\u00e9s de una reuni\u00f3n sorprendentemente amistosa en la Casa Blanca. El reci\u00e9n\u2026","rel":"","context":"En \u00abINTERNACIONALES\u00bb","block_context":{"text":"INTERNACIONALES","link":"https:\/\/lasprimeras.com.do\/index.php\/category\/sin-categoria\/internacionales\/"},"img":{"alt_text":"El presidente Donald Trump estrecha la mano del alcalde electo de la ciudad de Nueva York, Zohran Mamdani, en el Despacho Oval de la Casa Blanca, viernes 21 de noviembre de 2025, en Washington. (Foto AP\/Evan Vucci)","src":"https:\/\/i0.wp.com\/lasprimeras.com.do\/wp-content\/uploads\/2025\/11\/Donald-Trump-y-Zohran-Mamdani.jpg?resize=350%2C200&ssl=1","width":350,"height":200,"srcset":"https:\/\/i0.wp.com\/lasprimeras.com.do\/wp-content\/uploads\/2025\/11\/Donald-Trump-y-Zohran-Mamdani.jpg?resize=350%2C200&ssl=1 1x, https:\/\/i0.wp.com\/lasprimeras.com.do\/wp-content\/uploads\/2025\/11\/Donald-Trump-y-Zohran-Mamdani.jpg?resize=525%2C300&ssl=1 1.5x, https:\/\/i0.wp.com\/lasprimeras.com.do\/wp-content\/uploads\/2025\/11\/Donald-Trump-y-Zohran-Mamdani.jpg?resize=700%2C400&ssl=1 2x"},"classes":[]},{"id":118592,"url":"https:\/\/lasprimeras.com.do\/index.php\/2025\/12\/31\/zohran-mamdani-eligio-un-coran-lleno-de-simbolismo-para-su-juramento-como-alcalde\/","url_meta":{"origin":138540,"position":4},"title":"Zohran Mamdani eligi\u00f3 un Cor\u00e1n lleno de simbolismo para su juramento como alcalde","author":"Nelson Feliz","date":"31 de diciembre de 2025","format":false,"excerpt":"Por SAFIYAH RIDDLE NUEVA YORK (AP) \u2014 El alcalde entrante Zohran Mamdani prestar\u00e1 juramento a medianoche sobre un Cor\u00e1n centenario, lo que marca la primera vez que un alcalde de la ciudad de Nueva York utiliza el texto sagrado del Islam para jurar su cargo y subraya una serie de\u2026","rel":"","context":"En \u00abINTERNACIONALES\u00bb","block_context":{"text":"INTERNACIONALES","link":"https:\/\/lasprimeras.com.do\/index.php\/category\/sin-categoria\/internacionales\/"},"img":{"alt_text":"","src":"https:\/\/i0.wp.com\/lasprimeras.com.do\/wp-content\/uploads\/2025\/12\/una1.jpg?resize=350%2C200&ssl=1","width":350,"height":200,"srcset":"https:\/\/i0.wp.com\/lasprimeras.com.do\/wp-content\/uploads\/2025\/12\/una1.jpg?resize=350%2C200&ssl=1 1x, https:\/\/i0.wp.com\/lasprimeras.com.do\/wp-content\/uploads\/2025\/12\/una1.jpg?resize=525%2C300&ssl=1 1.5x, https:\/\/i0.wp.com\/lasprimeras.com.do\/wp-content\/uploads\/2025\/12\/una1.jpg?resize=700%2C400&ssl=1 2x"},"classes":[]},{"id":101738,"url":"https:\/\/lasprimeras.com.do\/index.php\/2025\/06\/26\/zohran-mamdani-declara-la-victoria-en-las-primarias-democratas-para-alcalde-de-ny-mientras-cuomo-reconoce\/","url_meta":{"origin":138540,"position":5},"title":"Zohran Mamdani declara la victoria en las primarias dem\u00f3cratas para alcalde de NY mientras Cuomo reconoce","author":"Nelson Feliz","date":"26 de junio de 2025","format":false,"excerpt":"Por Anthony Izaguirre NUEVA YORK (AP) \u2014 Zohran Mamdani declar\u00f3 la victoria en las primarias dem\u00f3cratas para la alcald\u00eda de la ciudad de Nueva York el martes por la noche despu\u00e9s de que Andrew Cuomo concedi\u00f3 la carrera en una sorprendente sorpresa, mientras que el joven y progresista advenedizo que\u2026","rel":"","context":"En \u00abINTERNACIONALES\u00bb","block_context":{"text":"INTERNACIONALES","link":"https:\/\/lasprimeras.com.do\/index.php\/category\/sin-categoria\/internacionales\/"},"img":{"alt_text":"","src":"https:\/\/i0.wp.com\/lasprimeras.com.do\/wp-content\/uploads\/2025\/06\/zohran-1.jpg?resize=350%2C200&ssl=1","width":350,"height":200,"srcset":"https:\/\/i0.wp.com\/lasprimeras.com.do\/wp-content\/uploads\/2025\/06\/zohran-1.jpg?resize=350%2C200&ssl=1 1x, https:\/\/i0.wp.com\/lasprimeras.com.do\/wp-content\/uploads\/2025\/06\/zohran-1.jpg?resize=525%2C300&ssl=1 1.5x, https:\/\/i0.wp.com\/lasprimeras.com.do\/wp-content\/uploads\/2025\/06\/zohran-1.jpg?resize=700%2C400&ssl=1 2x"},"classes":[]}],"jetpack_sharing_enabled":true,"jetpack_featured_media_url":"https:\/\/lasprimeras.com.do\/wp-content\/uploads\/2026\/08\/Zohran-Mamdani.jpg","_links":{"self":[{"href":"https:\/\/lasprimeras.com.do\/index.php\/wp-json\/wp\/v2\/posts\/138540","targetHints":{"allow":["GET"]}}],"collection":[{"href":"https:\/\/lasprimeras.com.do\/index.php\/wp-json\/wp\/v2\/posts"}],"about":[{"href":"https:\/\/lasprimeras.com.do\/index.php\/wp-json\/wp\/v2\/types\/post"}],"author":[{"embeddable":true,"href":"https:\/\/lasprimeras.com.do\/index.php\/wp-json\/wp\/v2\/users\/10"}],"replies":[{"embeddable":true,"href":"https:\/\/lasprimeras.com.do\/index.php\/wp-json\/wp\/v2\/comments?post=138540"}],"version-history":[{"count":1,"href":"https:\/\/lasprimeras.com.do\/index.php\/wp-json\/wp\/v2\/posts\/138540\/revisions"}],"predecessor-version":[{"id":138542,"href":"https:\/\/lasprimeras.com.do\/index.php\/wp-json\/wp\/v2\/posts\/138540\/revisions\/138542"}],"wp:featuredmedia":[{"embeddable":true,"href":"https:\/\/lasprimeras.com.do\/index.php\/wp-json\/wp\/v2\/media\/138541"}],"wp:attachment":[{"href":"https:\/\/lasprimeras.com.do\/index.php\/wp-json\/wp\/v2\/media?parent=138540"}],"wp:term":[{"taxonomy":"category","embeddable":true,"href":"https:\/\/lasprimeras.com.do\/index.php\/wp-json\/wp\/v2\/categories?post=138540"},{"taxonomy":"post_tag","embeddable":true,"href":"https:\/\/lasprimeras.com.do\/index.php\/wp-json\/wp\/v2\/tags?post=138540"}],"curies":[{"name":"wp","href":"https:\/\/api.w.org\/{rel}","templated":true}]}}