{"id":138543,"date":"2026-08-30T22:25:30","date_gmt":"2026-08-31T02:25:30","guid":{"rendered":"https:\/\/lasprimeras.com.do\/?p=138543"},"modified":"2026-08-30T22:25:32","modified_gmt":"2026-08-31T02:25:32","slug":"eeuu-planea-sancionar-otro-banco-en-un-intento-por-frenar-transacciones-con-iran-segun-declaro-bessent-a-la-ap","status":"publish","type":"post","link":"https:\/\/lasprimeras.com.do\/index.php\/2026\/08\/30\/eeuu-planea-sancionar-otro-banco-en-un-intento-por-frenar-transacciones-con-iran-segun-declaro-bessent-a-la-ap\/","title":{"rendered":"EEUU planea sancionar otro banco en un intento por frenar transacciones con Ir\u00e1n, seg\u00fan declar\u00f3 Bessent a la AP"},"content":{"rendered":"\n<p class=\"wp-block-paragraph\">Por FATIMA HUSSEIN<\/p>\n\n\n\n<p class=\"wp-block-paragraph\">ASHEVILLE, Carolina del Norte (AP) \u2014 La administraci\u00f3n del presidente Donald Trump planea imponer sanciones a otro banco esta semana, en el marco de sus esfuerzos por aislar econ\u00f3micamente a Ir\u00e1n , seg\u00fan declar\u00f3 el secretario del Tesoro estadounidense, Scott Bessent, a The Associated Press el domingo.<\/p>\n\n\n\n<p class=\"wp-block-paragraph\">\u201cSi es necesario, recurriremos a la violencia financiera\u201d, dijo Bessent en la entrevista. \u201cLes estamos demostrando a las personas que sabemos qui\u00e9nes son, que ustedes saben qui\u00e9nes son, y que esto tiene que parar\u201d.<\/p>\n\n\n\n<p class=\"wp-block-paragraph\">Bessent habl\u00f3 con la AP antes de las reuniones del G20 en Asheville, Carolina del Norte, donde se reunir\u00e1 individualmente con sus hom\u00f3logos de las principales econom\u00edas del mundo y de las econom\u00edas en desarrollo para fomentar la cooperaci\u00f3n contra Ir\u00e1n.<\/p>\n\n\n\n<p class=\"wp-block-paragraph\">Dijo que planea centrarse en fomentar el crecimiento econ\u00f3mico en sus reuniones, que se celebran mientras se enfrenta a un escrutinio por un inusual programa de recompra de bonos y su enfoque respecto a los 40 billones de d\u00f3lares de deuda estadounidense, y defendi\u00f3 la decisi\u00f3n del Tesoro de excluir a ciertos periodistas de la cobertura del evento.<\/p>\n\n\n\n<p class=\"wp-block-paragraph\">Bessent no mencion\u00f3 el nombre del banco que ser\u00eda sancionado esta semana.<br>Sus declaraciones se producen despu\u00e9s de que la administraci\u00f3n Trump indicara que pasar\u00eda de los ataques militares a la presi\u00f3n econ\u00f3mica durante una guerra que recientemente cumpli\u00f3 seis meses, prometiendo lo que denomin\u00f3 un &#8220;D\u00eda D econ\u00f3mico&#8221; contra un pa\u00eds que ya ha soportado d\u00e9cadas de duras sanciones.<\/p>\n\n\n\n<p class=\"wp-block-paragraph\">Estados Unidos est\u00e1 intentando presionar a Ir\u00e1n.<\/p>\n\n\n\n<p class=\"wp-block-paragraph\">Sin embargo, las hostilidades entre Estados Unidos e Ir\u00e1n se recrudecieron el domingo.<\/p>\n\n\n\n<p class=\"wp-block-paragraph\">Las fuerzas estadounidenses atacaron lanzacohetes iran\u00edes en el estrecho de Ormuz en su primera acci\u00f3n militar en un mes, rompiendo as\u00ed una tregua en los combates.<\/p>\n\n\n\n<p class=\"wp-block-paragraph\">Ir\u00e1n prometi\u00f3 tomar represalias por lo que calific\u00f3 de ataque mortal.<\/p>\n\n\n\n<p class=\"wp-block-paragraph\">Adem\u00e1s, la administraci\u00f3n se ha basado principalmente en advertencias en lugar de nuevas sanciones contra los socios comerciales de Ir\u00e1n.<\/p>\n\n\n\n<p class=\"wp-block-paragraph\">Tambi\u00e9n queda por ver c\u00f3mo manejar\u00e1 Trump la situaci\u00f3n con China , que es el principal socio comercial de Ir\u00e1n y el mayor comprador de su petr\u00f3leo.<\/p>\n\n\n\n<p class=\"wp-block-paragraph\">Bessent declar\u00f3 a la AP que hablar\u00eda con sus hom\u00f3logos chinos en la reuni\u00f3n del G20 y que &#8220;todas las opciones est\u00e1n sobre la mesa&#8221; en lo que respecta a la imposici\u00f3n de sanciones a Pek\u00edn por sus continuas compras.<\/p>\n\n\n\n<p class=\"wp-block-paragraph\">Pero rechaz\u00f3 la idea de que la administraci\u00f3n se mostrara reacia a confrontar a China, calific\u00e1ndola de &#8220;una narrativa completamente falsa que los medios de comunicaci\u00f3n difundieron&#8221;.<\/p>\n\n\n\n<p class=\"wp-block-paragraph\">Insisti\u00f3 en que China y Estados Unidos deben estar de acuerdo en la necesidad de reabrir el estrecho de Ormuz e impedir que Ir\u00e1n desarrolle un arma nuclear.<\/p>\n\n\n\n<p class=\"wp-block-paragraph\">La primera medida oficial del Tesoro en esta campa\u00f1a de presi\u00f3n econ\u00f3mica fue una propuesta de reglamentaci\u00f3n presentada el viernes, que, de aprobarse, impedir\u00eda a las sucursales emirat\u00edes de Banque Misr, el segundo banco m\u00e1s grande de Egipto, el acceso al sistema financiero estadounidense.<\/p>\n\n\n\n<p class=\"wp-block-paragraph\">Al no imponer sanciones al banco egipcio, el gobierno republicano pareci\u00f3 indicar su reticencia a penalizar a los principales socios comerciales que hacen negocios con Ir\u00e1n, incluidos China e India.<\/p>\n\n\n\n<p class=\"wp-block-paragraph\">El Tesoro restringi\u00f3 el acceso de los medios de comunicaci\u00f3n a la reuni\u00f3n del G20.<\/p>\n\n\n\n<p class=\"wp-block-paragraph\">El Departamento del Tesoro prohibi\u00f3 a ciertos periodistas de The New York Times, The Wall Street Journal y Bloomberg News cubrir las reuniones del G20.<\/p>\n\n\n\n<p class=\"wp-block-paragraph\">Seg\u00fan The Times, no se trataba &#8220;solo de otro intento inquietante por parte de la administraci\u00f3n de socavar el periodismo independiente, sino de un intento flagrante de eludir el escrutinio p\u00fablico&#8221;.<\/p>\n\n\n\n<p class=\"wp-block-paragraph\">Los funcionarios del Tesoro no han explicado su decisi\u00f3n.<\/p>\n\n\n\n<p class=\"wp-block-paragraph\">Bessent defendi\u00f3 la exclusi\u00f3n diciendo a la AP que &#8220;no tiene nada que ver con el punto de vista&#8221;.<\/p>\n\n\n\n<p class=\"wp-block-paragraph\">Bessent se enfrenta a un escrutinio en el mercado de bonos.<br>Bessent afirm\u00f3 que quer\u00eda centrarse en el crecimiento durante la cumbre con sus hom\u00f3logos.<\/p>\n\n\n\n<p class=\"wp-block-paragraph\">\u201cEl mundo tiene una enorme deuda, y tenemos que salir de ella mediante el crecimiento econ\u00f3mico, porque, como saben, hay muchos pa\u00edses que tienen d\u00e9ficits presupuestarios muy grandes, pero que a la vez no experimentan crecimiento alguno\u201d, afirm\u00f3.<\/p>\n\n\n\n<p class=\"wp-block-paragraph\">A principios de este mes, Bessent sorprendi\u00f3 a los mercados financieros con una intervenci\u00f3n inusual en el mercado de bonos que provoc\u00f3 cr\u00edticas por considerar que la administraci\u00f3n no ha hecho lo suficiente para abordar los problemas fiscales.<\/p>\n\n\n\n<p class=\"wp-block-paragraph\">Esta medida, que se produjo el mismo d\u00eda en que la deuda estadounidense super\u00f3 los 40 billones de d\u00f3lares, fue vista como una forma de intentar frenar el aumento de los rendimientos de los bonos, que han elevado los costes de endeudamiento para los consumidores.<\/p>\n\n\n\n<p class=\"wp-block-paragraph\">Algunas de las cr\u00edticas m\u00e1s duras provinieron de Stan Druckenmiller, director ejecutivo de Duquesne Family Office LLC \u2014antiguo jefe de Bessent en la d\u00e9cada de 1990\u2014, quien escribi\u00f3 en The Wall Street Journal que el Departamento del Tesoro estaba &#8220;en el lado equivocado de esa operaci\u00f3n&#8221; y necesitaba hacer m\u00e1s para abordar el d\u00e9ficit.<\/p>\n\n\n\n<p class=\"wp-block-paragraph\">Bessent promete tomar medidas contra la deuda y el d\u00e9ficit.<\/p>\n\n\n\n<p class=\"wp-block-paragraph\">Al ser preguntado sobre las cr\u00edticas, Bessent reconoci\u00f3 que \u201chemos estado en contacto\u201d y dijo: \u201cStan es un gran gestor de fondos. Cambia mucho de opini\u00f3n\u201d.<\/p>\n\n\n\n<p class=\"wp-block-paragraph\">\u201cHa pedido dos veces que Estados Unidos declare la suspensi\u00f3n de pagos de su deuda \u2014una en la d\u00e9cada de 1990 y otra en 2011\u2014, as\u00ed que le gustan las medidas extremas. No creo que hayamos llegado al punto en que necesitemos medidas extremas todav\u00eda\u201d, dijo Bessent.<\/p>\n\n\n\n<p class=\"wp-block-paragraph\">En una entrevista de 2011, Druckenmiller afirm\u00f3 que un impago t\u00e9cnico de la deuda &#8220;ser\u00eda horrible&#8221;, pero no &#8220;el fin del mundo&#8221; si conllevaba medidas que limitaran el gasto en programas del gobierno estadounidense.<\/p>\n\n\n\n<p class=\"wp-block-paragraph\">Bessent declar\u00f3 a la AP que estaba trabajando con Russ Vought, director de la Oficina de Administraci\u00f3n y Presupuesto, en un paquete fiscal para reducir la deuda y el d\u00e9ficit, que se dar\u00eda a conocer en las pr\u00f3ximas semanas.<\/p>\n\n\n\n<p class=\"wp-block-paragraph\">Tambi\u00e9n argument\u00f3 que los rendimientos de los bonos estadounidenses a largo plazo bajaron en agosto &#8220;a pesar de todo el revuelo&#8221; y dijo que el aumento de los rendimientos era &#8220;un fen\u00f3meno global&#8221;.<\/p>\n\n\n\n<p class=\"wp-block-paragraph\">Bessent atribuy\u00f3 el aumento del d\u00e9ficit a los reembolsos de aranceles.<\/p>\n\n\n\n<p class=\"wp-block-paragraph\">El gobierno se vio obligado a reembolsar algunos aranceles pagados por las empresas despu\u00e9s de que la Corte Suprema de Estados Unidos dictaminara que Trump se hab\u00eda extralimitado en sus funciones al imponer aranceles generalizados a las importaciones procedentes de la mayor\u00eda de los pa\u00edses.<\/p>\n","protected":false},"excerpt":{"rendered":"<p>Por FATIMA HUSSEIN ASHEVILLE, Carolina del Norte (AP) \u2014 La administraci\u00f3n del presidente Donald Trump planea imponer sanciones a otro banco esta semana, en el marco de sus esfuerzos por&hellip;<\/p>\n","protected":false},"author":10,"featured_media":138544,"comment_status":"open","ping_status":"open","sticky":false,"template":"","format":"standard","meta":{"content-type":"","_jetpack_newsletter_access":"","_jetpack_dont_email_post_to_subs":false,"_jetpack_newsletter_tier_id":0,"_jetpack_memberships_contains_paywalled_content":false,"_jetpack_feature_clip_id":0,"_jetpack_memberships_contains_paid_content":false,"footnotes":"","jetpack_post_was_ever_published":false},"categories":[16289],"tags":[34252,7393,979,13627,6186,24865,34062,6726],"class_list":["post-138543","post","type-post","status-publish","format-standard","has-post-thumbnail","hentry","category-internacionales","tag-ap","tag-banco","tag-eeuu","tag-frenar","tag-iran","tag-sancionar","tag-scott-bessent","tag-transacciones"],"jetpack-related-posts":[{"id":138036,"url":"https:\/\/lasprimeras.com.do\/index.php\/2026\/08\/24\/estados-unidos-lanza-la-operacion-paria-economico-para-bloquear-las-fuentes-de-ingresos-de-iran\/","url_meta":{"origin":138543,"position":0},"title":"Estados Unidos lanza la operaci\u00f3n &#8220;Paria Econ\u00f3mico&#8221; para bloquear las fuentes de ingresos de Ir\u00e1n","author":"Nelson Feliz","date":"24 de agosto de 2026","format":false,"excerpt":"La nueva operaci\u00f3n econ\u00f3mica de Washington tiene lugar a casi seis meses de la guerra lanzada por EE.UU. e Israel contra la Rep\u00fablica Isl\u00e1mica Washington, EFE-El secretario del Tesoro de Estados Unidos, Scott Bessent, anunci\u00f3 este lunes el inicio de la operaci\u00f3n 'Paria Econ\u00f3mico' para cortar \"todas las opciones econ\u00f3micas\"\u2026","rel":"","context":"En \u00abINTERNACIONALES\u00bb","block_context":{"text":"INTERNACIONALES","link":"https:\/\/lasprimeras.com.do\/index.php\/category\/sin-categoria\/internacionales\/"},"img":{"alt_text":"","src":"https:\/\/i0.wp.com\/lasprimeras.com.do\/wp-content\/uploads\/2026\/08\/mujer-irani-ondea-la-bandera-nacional-de-Iran.jpg?resize=350%2C200&ssl=1","width":350,"height":200,"srcset":"https:\/\/i0.wp.com\/lasprimeras.com.do\/wp-content\/uploads\/2026\/08\/mujer-irani-ondea-la-bandera-nacional-de-Iran.jpg?resize=350%2C200&ssl=1 1x, https:\/\/i0.wp.com\/lasprimeras.com.do\/wp-content\/uploads\/2026\/08\/mujer-irani-ondea-la-bandera-nacional-de-Iran.jpg?resize=525%2C300&ssl=1 1.5x"},"classes":[]},{"id":124485,"url":"https:\/\/lasprimeras.com.do\/index.php\/2026\/03\/13\/ee-uu-autoriza-ciertas-transacciones-con-petroleo-ruso-ante-la-volatilidad-energetica\/","url_meta":{"origin":138543,"position":1},"title":"EE.UU. autoriza ciertas transacciones con petr\u00f3leo ruso ante la volatilidad energ\u00e9tica","author":"Nelson Feliz","date":"13 de marzo de 2026","format":false,"excerpt":"El secretario del Tesoro de EE.UU., Scott Bessent, escribi\u00f3 en su cuenta de X que el presidente Donald Trump \"est\u00e1 tomando medidas decisivas\" para promover la estabilidad en los mercados energ\u00e9ticos mundiales. Estados Unidos emiti\u00f3 una nueva licencia general sobre Rusia que autoriza la venta de crudo y de productos\u2026","rel":"","context":"En \u00abINTERNACIONALES\u00bb","block_context":{"text":"INTERNACIONALES","link":"https:\/\/lasprimeras.com.do\/index.php\/category\/sin-categoria\/internacionales\/"},"img":{"alt_text":"Scott Bessent","src":"https:\/\/i0.wp.com\/lasprimeras.com.do\/wp-content\/uploads\/2026\/03\/Scott-Bessent.jpg?resize=350%2C200&ssl=1","width":350,"height":200,"srcset":"https:\/\/i0.wp.com\/lasprimeras.com.do\/wp-content\/uploads\/2026\/03\/Scott-Bessent.jpg?resize=350%2C200&ssl=1 1x, https:\/\/i0.wp.com\/lasprimeras.com.do\/wp-content\/uploads\/2026\/03\/Scott-Bessent.jpg?resize=525%2C300&ssl=1 1.5x, https:\/\/i0.wp.com\/lasprimeras.com.do\/wp-content\/uploads\/2026\/03\/Scott-Bessent.jpg?resize=700%2C400&ssl=1 2x"},"classes":[]},{"id":132108,"url":"https:\/\/lasprimeras.com.do\/index.php\/2026\/05\/28\/depto-del-tesoro-de-eeuu-confirma-que-esta-dando-pasos-para-un-billete-de-250-con-imagen-de-trump\/","url_meta":{"origin":138543,"position":2},"title":"Depto. del Tesoro de EEUU confirma que est\u00e1 dando pasos para un billete de $250 con imagen de Trump","author":"Nelson Feliz","date":"28 de mayo de 2026","format":false,"excerpt":"POR BILL BARROW El secretario del Tesoro de Estados Unidos, Scott Bessent, dijo el jueves que su departamento ha preparado el dise\u00f1o para un billete de 250 d\u00f3lares con la imagen del presidente Donald Trump, anticip\u00e1ndose a la posible aprobaci\u00f3n de una iniciativa de ley para incluir al presidente en\u2026","rel":"","context":"En \u00abECONOM\u00cdA\u00bb","block_context":{"text":"ECONOM\u00cdA","link":"https:\/\/lasprimeras.com.do\/index.php\/category\/economia\/"},"img":{"alt_text":"Scott Bessent","src":"https:\/\/i0.wp.com\/lasprimeras.com.do\/wp-content\/uploads\/2026\/05\/Scott-Bessent.jpg?resize=350%2C200&ssl=1","width":350,"height":200,"srcset":"https:\/\/i0.wp.com\/lasprimeras.com.do\/wp-content\/uploads\/2026\/05\/Scott-Bessent.jpg?resize=350%2C200&ssl=1 1x, https:\/\/i0.wp.com\/lasprimeras.com.do\/wp-content\/uploads\/2026\/05\/Scott-Bessent.jpg?resize=525%2C300&ssl=1 1.5x, https:\/\/i0.wp.com\/lasprimeras.com.do\/wp-content\/uploads\/2026\/05\/Scott-Bessent.jpg?resize=700%2C400&ssl=1 2x"},"classes":[]},{"id":118602,"url":"https:\/\/lasprimeras.com.do\/index.php\/2025\/12\/31\/ee-uu-impone-sanciones-a-4-petroleras-venezolanas-y-4-petroleros-mas-en-represion-a-maduro\/","url_meta":{"origin":138543,"position":3},"title":"EE.UU. impone sanciones a 4 petroleras venezolanas y 4 petroleros m\u00e1s en represi\u00f3n a Maduro","author":"Nelson Feliz","date":"31 de diciembre de 2025","format":false,"excerpt":"Por F\u00c1TIMA HUSSEIN WASHINGTON (AP) \u2014 Estados Unidos impuso el mi\u00e9rcoles sanciones a cuatro empresas que operan en el sector petrolero de Venezuela y design\u00f3 como propiedad bloqueada a otros cuatro buques petroleros, a los que acusa de ser parte de una flota paralela al servicio del gobierno del presidente\u2026","rel":"","context":"En \u00abINTERNACIONALES\u00bb","block_context":{"text":"INTERNACIONALES","link":"https:\/\/lasprimeras.com.do\/index.php\/category\/sin-categoria\/internacionales\/"},"img":{"alt_text":"","src":"https:\/\/i0.wp.com\/lasprimeras.com.do\/wp-content\/uploads\/2025\/12\/Scott-Bessent.jpg?resize=350%2C200&ssl=1","width":350,"height":200,"srcset":"https:\/\/i0.wp.com\/lasprimeras.com.do\/wp-content\/uploads\/2025\/12\/Scott-Bessent.jpg?resize=350%2C200&ssl=1 1x, https:\/\/i0.wp.com\/lasprimeras.com.do\/wp-content\/uploads\/2025\/12\/Scott-Bessent.jpg?resize=525%2C300&ssl=1 1.5x, https:\/\/i0.wp.com\/lasprimeras.com.do\/wp-content\/uploads\/2025\/12\/Scott-Bessent.jpg?resize=700%2C400&ssl=1 2x"},"classes":[]},{"id":137810,"url":"https:\/\/lasprimeras.com.do\/index.php\/2026\/08\/21\/trump-declara-un-dia-d-economico-contra-iran-y-advierte-a-sus-aliados\/","url_meta":{"origin":138543,"position":4},"title":"Trump declara un &#8220;D\u00eda D econ\u00f3mico&#8221; contra Ir\u00e1n y advierte a sus aliados","author":"Nelson Feliz","date":"21 de agosto de 2026","format":false,"excerpt":"Por FARNOUSH AMIRI NUEVA YORK (AP) \u2014 A punto de cumplirse seis meses de la guerra contra Ir\u00e1n y ante la disminuci\u00f3n de sus reservas de armas clave , la administraci\u00f3n Trump est\u00e1 promocionando una aplastante campa\u00f1a financiera contra Teher\u00e1n, prometiendo un \"D\u00eda D econ\u00f3mico\" contra un pa\u00eds que hasta\u2026","rel":"","context":"En \u00abINTERNACIONALES\u00bb","block_context":{"text":"INTERNACIONALES","link":"https:\/\/lasprimeras.com.do\/index.php\/category\/sin-categoria\/internacionales\/"},"img":{"alt_text":"","src":"https:\/\/i0.wp.com\/lasprimeras.com.do\/wp-content\/uploads\/2026\/08\/Donald-Trump-1.jpg?resize=350%2C200&ssl=1","width":350,"height":200,"srcset":"https:\/\/i0.wp.com\/lasprimeras.com.do\/wp-content\/uploads\/2026\/08\/Donald-Trump-1.jpg?resize=350%2C200&ssl=1 1x, https:\/\/i0.wp.com\/lasprimeras.com.do\/wp-content\/uploads\/2026\/08\/Donald-Trump-1.jpg?resize=525%2C300&ssl=1 1.5x, https:\/\/i0.wp.com\/lasprimeras.com.do\/wp-content\/uploads\/2026\/08\/Donald-Trump-1.jpg?resize=700%2C400&ssl=1 2x"},"classes":[]},{"id":138428,"url":"https:\/\/lasprimeras.com.do\/index.php\/2026\/08\/28\/trump-solia-decir-que-su-guerra-con-iran-acabaria-rapido-6-meses-despues-afirma-que-no-hay-prisa\/","url_meta":{"origin":138543,"position":5},"title":"Trump sol\u00eda decir que su guerra con Ir\u00e1n acabar\u00eda r\u00e1pido; 6 meses despu\u00e9s, afirma que no hay prisa","author":"Nelson Feliz","date":"28 de agosto de 2026","format":false,"excerpt":"POR AAMER MADHANI WASHINGTON (AP) \u2014 Donald Trump enfrenta el viernes un momento inc\u00f3modo para su presidencia, cuando la guerra de Estados Unidos e Israel con Ir\u00e1n cumple seis meses, un hito significativo en un conflicto que el mandatario republicano asegur\u00f3 repetidamente a los estadounidenses que ser\u00eda una \u201cpeque\u00f1a excursi\u00f3n\u201d\u2026","rel":"","context":"En \u00abINTERNACIONALES\u00bb","block_context":{"text":"INTERNACIONALES","link":"https:\/\/lasprimeras.com.do\/index.php\/category\/sin-categoria\/internacionales\/"},"img":{"alt_text":"","src":"https:\/\/i0.wp.com\/lasprimeras.com.do\/wp-content\/uploads\/2026\/08\/Donald-Trump-1-1.jpg?resize=350%2C200&ssl=1","width":350,"height":200,"srcset":"https:\/\/i0.wp.com\/lasprimeras.com.do\/wp-content\/uploads\/2026\/08\/Donald-Trump-1-1.jpg?resize=350%2C200&ssl=1 1x, https:\/\/i0.wp.com\/lasprimeras.com.do\/wp-content\/uploads\/2026\/08\/Donald-Trump-1-1.jpg?resize=525%2C300&ssl=1 1.5x, https:\/\/i0.wp.com\/lasprimeras.com.do\/wp-content\/uploads\/2026\/08\/Donald-Trump-1-1.jpg?resize=700%2C400&ssl=1 2x"},"classes":[]}],"jetpack_sharing_enabled":true,"jetpack_featured_media_url":"https:\/\/lasprimeras.com.do\/wp-content\/uploads\/2026\/08\/Scott-Bessent.jpg","_links":{"self":[{"href":"https:\/\/lasprimeras.com.do\/index.php\/wp-json\/wp\/v2\/posts\/138543","targetHints":{"allow":["GET"]}}],"collection":[{"href":"https:\/\/lasprimeras.com.do\/index.php\/wp-json\/wp\/v2\/posts"}],"about":[{"href":"https:\/\/lasprimeras.com.do\/index.php\/wp-json\/wp\/v2\/types\/post"}],"author":[{"embeddable":true,"href":"https:\/\/lasprimeras.com.do\/index.php\/wp-json\/wp\/v2\/users\/10"}],"replies":[{"embeddable":true,"href":"https:\/\/lasprimeras.com.do\/index.php\/wp-json\/wp\/v2\/comments?post=138543"}],"version-history":[{"count":1,"href":"https:\/\/lasprimeras.com.do\/index.php\/wp-json\/wp\/v2\/posts\/138543\/revisions"}],"predecessor-version":[{"id":138545,"href":"https:\/\/lasprimeras.com.do\/index.php\/wp-json\/wp\/v2\/posts\/138543\/revisions\/138545"}],"wp:featuredmedia":[{"embeddable":true,"href":"https:\/\/lasprimeras.com.do\/index.php\/wp-json\/wp\/v2\/media\/138544"}],"wp:attachment":[{"href":"https:\/\/lasprimeras.com.do\/index.php\/wp-json\/wp\/v2\/media?parent=138543"}],"wp:term":[{"taxonomy":"category","embeddable":true,"href":"https:\/\/lasprimeras.com.do\/index.php\/wp-json\/wp\/v2\/categories?post=138543"},{"taxonomy":"post_tag","embeddable":true,"href":"https:\/\/lasprimeras.com.do\/index.php\/wp-json\/wp\/v2\/tags?post=138543"}],"curies":[{"name":"wp","href":"https:\/\/api.w.org\/{rel}","templated":true}]}}