{"id":138546,"date":"2026-08-30T22:39:35","date_gmt":"2026-08-31T02:39:35","guid":{"rendered":"https:\/\/lasprimeras.com.do\/?p=138546"},"modified":"2026-08-30T22:39:37","modified_gmt":"2026-08-31T02:39:37","slug":"la-nasa-lanza-el-telescopio-espacial-mas-reciente-en-una-mision-para-explorar-el-universo-oculto","status":"publish","type":"post","link":"https:\/\/lasprimeras.com.do\/index.php\/2026\/08\/30\/la-nasa-lanza-el-telescopio-espacial-mas-reciente-en-una-mision-para-explorar-el-universo-oculto\/","title":{"rendered":"La NASA lanza el telescopio espacial m\u00e1s reciente en una misi\u00f3n para explorar el universo oculto"},"content":{"rendered":"\n<p class=\"wp-block-paragraph\">Por MARCIA DUNN<\/p>\n\n\n\n<p class=\"wp-block-paragraph\">CABO CA\u00d1AVERAL, Florida (AP) \u2014 La joya de la corona m\u00e1s reciente de la NASA despeg\u00f3 el domingo para buscar planetas alrededor de otras estrellas , explorar la energ\u00eda oscura secreta y estudiar el cosmos como nunca antes.<\/p>\n\n\n\n<p class=\"wp-block-paragraph\">SpaceX lanz\u00f3 el telescopio espacial Roman, valorado en 4300 millones de d\u00f3lares, poco despu\u00e9s del amanecer a bordo de un cohete Falcon Heavy con el triple de potencia.<\/p>\n\n\n\n<p class=\"wp-block-paragraph\">Roman se dirigi\u00f3 hacia un punto de observaci\u00f3n situado a 1,6 millones de kil\u00f3metros (1 mill\u00f3n de millas) de distancia, donde se encuentra el telescopio espacial Webb , otro de los grandes telescopios de la NASA.<\/p>\n\n\n\n<p class=\"wp-block-paragraph\">El telescopio del tama\u00f1o de un autob\u00fas, que lleva el nombre de la fallecida Nancy Grace Roman, la primera astr\u00f3noma jefe de la NASA, tardar\u00e1 m\u00e1s de tres meses en llegar a su destino.<\/p>\n\n\n\n<p class=\"wp-block-paragraph\">Una vez all\u00ed, ofrecer\u00e1 la visi\u00f3n m\u00e1s amplia hasta la fecha de las partes ocultas del universo desde el espacio, revelando lo inimaginable a una velocidad sin precedentes.<\/p>\n\n\n\n<p class=\"wp-block-paragraph\">\u201cVa a descubrir miles de supernovas, decenas de miles de planetas, miles de millones de galaxias y decenas de miles de millones de estrellas\u201d, declar\u00f3 Nicky Fox, directora de la misi\u00f3n cient\u00edfica de la NASA. \u201cCon su enorme campo de visi\u00f3n, podr\u00e1 hacer cosas que nunca antes hab\u00edamos podido hacer\u201d.<\/p>\n\n\n\n<p class=\"wp-block-paragraph\">3&#8230; 2&#8230; 1&#8230; \u00a1Despegue! Y una llamada del presidente. Varios minutos despu\u00e9s del estruendoso lanzamiento desde el Centro Espacial Kennedy, los dos propulsores laterales reutilizables del cohete descendieron de cola en una escena emocionante, produciendo fuertes estampidos s\u00f3nicos al aterrizar en Cabo Ca\u00f1averal.<\/p>\n\n\n\n<p class=\"wp-block-paragraph\">Poco despu\u00e9s, el telescopio se separ\u00f3 con \u00e9xito de la etapa superior del cohete, provocando aplausos de los controladores en tierra.<\/p>\n\n\n\n<p class=\"wp-block-paragraph\">Fox estaba conmovida hasta las l\u00e1grimas mientras observaba lo que suced\u00eda. &#8220;\u00a1Es un d\u00eda maravilloso!&#8221;, exclam\u00f3.<\/p>\n\n\n\n<p class=\"wp-block-paragraph\">Un par de horas despu\u00e9s, el administrador de la NASA, Jared Isaacman, estaba en medio de una rueda de prensa, prediciendo que el Telescopio Espacial Roman pronto ser\u00eda muy conocido, cuando son\u00f3 su tel\u00e9fono m\u00f3vil. Era el presidente Donald Trump , quien lo felicitaba.<\/p>\n\n\n\n<p class=\"wp-block-paragraph\">\u201c\u00a1Vaya, se ve\u00eda precioso en televisi\u00f3n!\u201d, dijo Trump, reci\u00e9n llegado de su visita al Centro Espacial Johnson de Houston el viernes para homenajear a la tripulaci\u00f3n lunar de Artemis II . \u201cSon los m\u00e1s atractivos del espacio\u201d.<\/p>\n\n\n\n<p class=\"wp-block-paragraph\">El telescopio espacial romano proporcionar\u00e1 una perspectiva m\u00e1s amplia.<\/p>\n\n\n\n<p class=\"wp-block-paragraph\">El campo de visi\u00f3n de Roman es m\u00e1s de 100 veces m\u00e1s amplio que el del Telescopio Espacial Hubble de la NASA , que sigue capturando im\u00e1genes celestes espectaculares tras 36 a\u00f1os en \u00f3rbita.<\/p>\n\n\n\n<p class=\"wp-block-paragraph\">Webb se uni\u00f3 al proyecto hace varios a\u00f1os con una visi\u00f3n a\u00fan m\u00e1s precisa, pero igualmente n\u00edtida, capaz de acercarse a objetos casi tan antiguos como el Big Bang, el evento que dio origen al universo.<\/p>\n\n\n\n<p class=\"wp-block-paragraph\">Estas tres potencias orbitales unir\u00e1n fuerzas, junto con la nave espacial Euclid de la Agencia Espacial Europea y el Observatorio Vera C. Rubin de la Fundaci\u00f3n Nacional de Ciencias en Chile, para revelar algunos de los mayores secretos del universo.<\/p>\n\n\n\n<p class=\"wp-block-paragraph\">Dentro de las incontables galaxias que esperan ser descubiertas hay estrellas con planetas.<\/p>\n\n\n\n<p class=\"wp-block-paragraph\">Una vez que Roman detecte estos nuevos mundos, el telescopio Webb, m\u00e1s potente y sensible, se encargar\u00e1 de completar la informaci\u00f3n faltante.<\/p>\n\n\n\n<p class=\"wp-block-paragraph\">\u00abEl amplio alcance de Roman nos permitir\u00e1 encontrar lo extra\u00f1o, lo raro y lo inusual\u00bb, declar\u00f3 la cient\u00edfica principal del proyecto, Julie McEnery, en v\u00edsperas del lanzamiento. \u00abRedefiniremos lo que significa encontrar una aguja en un pajar\u00bb.<\/p>\n\n\n\n<p class=\"wp-block-paragraph\">Quiz\u00e1s a\u00fan m\u00e1s importante, los astr\u00f3nomos esperan que Roman arroje luz sobre la materia oscura y la energ\u00eda oscura que componen la mayor parte del universo, pero que permanecen ocultas.<\/p>\n\n\n\n<p class=\"wp-block-paragraph\">El cat\u00e1logo de galaxias de Roman ayudar\u00e1 a los cient\u00edficos a determinar la velocidad de expansi\u00f3n del universo debido a estas fuerzas enigm\u00e1ticas e invisibles.<\/p>\n\n\n\n<p class=\"wp-block-paragraph\">Roman escanear\u00e1 el cielo 1.000 veces m\u00e1s r\u00e1pido que el Hubble.<br>El superpoder de Roman es la velocidad.<\/p>\n\n\n\n<p class=\"wp-block-paragraph\">Seg\u00fan McEnery, un mes de observaciones de la V\u00eda L\u00e1ctea por parte de Roman le tomar\u00eda al Hubble un siglo completarlo.<\/p>\n\n\n\n<p class=\"wp-block-paragraph\">A\u00f1adi\u00f3 que Roman deber\u00eda escanear r\u00e1pidamente el bulbo gal\u00e1ctico en el centro, lo que proporcionar\u00eda la visi\u00f3n m\u00e1s profunda hasta la fecha del coraz\u00f3n de nuestra galaxia.<\/p>\n\n\n\n<p class=\"wp-block-paragraph\">Adem\u00e1s de una c\u00e1mara infrarroja de amplio campo con una sensibilidad similar a la del Hubble pero 1000 veces m\u00e1s r\u00e1pida, Roman lleva consigo un instrumento para bloquear la luz estelar.<\/p>\n\n\n\n<p class=\"wp-block-paragraph\">Este coron\u00f3grafo experimental, que crea eclipses, le permitir\u00e1 a Roman obtener im\u00e1genes directas de cualquier planeta, por tenue que sea, que orbite la estrella oculta.<\/p>\n\n\n\n<p class=\"wp-block-paragraph\">Aunque Roman no est\u00e1 dise\u00f1ado para buscar vida, Fox afirm\u00f3 que allanar\u00e1 el camino para que futuros observatorios respondan a la que la NASA considera la pregunta m\u00e1s importante: &#8220;\u00bfEstamos solos? \u00bfHay otra Tierra 2.0 observ\u00e1ndonos?&#8221;.<\/p>\n\n\n\n<p class=\"wp-block-paragraph\">El telescopio est\u00e1 dise\u00f1ado para ser reabastecido de combustible, lo que significa que si en la pr\u00f3xima d\u00e9cada se dispone de un buque cisterna rob\u00f3tico, eso podr\u00eda prolongar su vida \u00fatil.<\/p>\n\n\n\n<p class=\"wp-block-paragraph\">El espejo del telescopio tiene un origen sorprendente. Lanzado casi un a\u00f1o antes de lo previsto y dentro del presupuesto, Roman es el primer telescopio espacial de la NASA que lleva el nombre de una mujer.<\/p>\n\n\n\n<p class=\"wp-block-paragraph\">El cient\u00edfico jubilado de la NASA, Ed Weiler, afirm\u00f3 que este reconocimiento era m\u00e1s que merecido. \u00c9l acu\u00f1\u00f3 la expresi\u00f3n &#8220;Madre del Hubble&#8221; en honor a Roman, quien lo contrat\u00f3 en 1978.<\/p>\n\n\n\n<p class=\"wp-block-paragraph\">Ella insist\u00eda, tras incorporarse a la reci\u00e9n creada NASA en 1959, en que los observatorios situados por encima de la atm\u00f3sfera terrestre pueden observar con mayor claridad y a mayor distancia. Falleci\u00f3 en 2018 a los 93 a\u00f1os.<\/p>\n\n\n\n<p class=\"wp-block-paragraph\">\u201cEsto es muy, muy apropiado. Creo que Nancy estar\u00eda muy orgullosa\u201d de que el telescopio que lleva su nombre aborde algunas de las preguntas m\u00e1s importantes y persistentes sobre el universo, como la energ\u00eda oscura, dijo Weiler.<\/p>\n\n\n\n<p class=\"wp-block-paragraph\">El Hubble fue lanzado en 1990 con un espejo defectuoso que requiri\u00f3 la intervenci\u00f3n de astronautas durante una caminata espacial.<\/p>\n\n\n\n<p class=\"wp-block-paragraph\">El espejo principal del Roman tiene el mismo tama\u00f1o que el del Hubble \u2014casi 2,4 metros de di\u00e1metro\u2014 y, de hecho, proviene de un sat\u00e9lite esp\u00eda sobrante.<\/p>\n\n\n\n<p class=\"wp-block-paragraph\">La Oficina Nacional de Reconocimiento don\u00f3 dos espejos sobrantes a la NASA hace m\u00e1s de una d\u00e9cada para que les dieran un nuevo uso. El segundo espejo a\u00fan se encuentra almacenado.<\/p>\n\n\n\n<hr class=\"wp-block-separator has-alpha-channel-opacity\"\/>\n\n\n\n<p class=\"wp-block-paragraph\">El Departamento de Salud y Ciencia de Associated Press recibe apoyo del Departamento de Educaci\u00f3n Cient\u00edfica del Instituto M\u00e9dico Howard Hughes y de la Fundaci\u00f3n Robert Wood Johnson. AP es la \u00fanica responsable de todo el contenido.<\/p>\n","protected":false},"excerpt":{"rendered":"<p>Por MARCIA DUNN CABO CA\u00d1AVERAL, Florida (AP) \u2014 La joya de la corona m\u00e1s reciente de la NASA despeg\u00f3 el domingo para buscar planetas alrededor de otras estrellas , explorar&hellip;<\/p>\n","protected":false},"author":10,"featured_media":138547,"comment_status":"open","ping_status":"open","sticky":false,"template":"","format":"standard","meta":{"content-type":"","_jetpack_newsletter_access":"","_jetpack_dont_email_post_to_subs":false,"_jetpack_newsletter_tier_id":0,"_jetpack_memberships_contains_paywalled_content":false,"_jetpack_feature_clip_id":0,"_jetpack_memberships_contains_paid_content":false,"footnotes":"","jetpack_post_was_ever_published":false},"categories":[16289],"tags":[12167,36140,2170,36141,36142],"class_list":["post-138546","post","type-post","status-publish","format-standard","has-post-thumbnail","hentry","category-internacionales","tag-explorar","tag-la-nasa","tag-mision","tag-telescopio-espacial","tag-universo-oculto"],"jetpack-related-posts":[{"id":123833,"url":"https:\/\/lasprimeras.com.do\/index.php\/2026\/03\/05\/no-hay-posibilidad-de-que-un-asteroide-choque-contra-la-luna-en-2032-dice-la-nasa\/","url_meta":{"origin":138546,"position":0},"title":"No hay posibilidad de que un asteroide choque contra la Luna en 2032, dice la NASA","author":"Nelson Feliz","date":"5 de marzo de 2026","format":false,"excerpt":"CABO CA\u00d1AVERAL, Florida, EE.UU. (AP) \u2014 La NASA emiti\u00f3 el jueves un visto bueno que fue recibido con benepl\u00e1cito, al anunciar que ahora hay cero posibilidades de que el asteroide 2024 YR se estrelle contra la Luna en 2032. La agencia hab\u00eda pronosticado una probabilidad del 4,3% de un impacto\u2026","rel":"","context":"En \u00abINTERNACIONALES\u00bb","block_context":{"text":"INTERNACIONALES","link":"https:\/\/lasprimeras.com.do\/index.php\/category\/sin-categoria\/internacionales\/"},"img":{"alt_text":"","src":"https:\/\/i0.wp.com\/lasprimeras.com.do\/wp-content\/uploads\/2026\/03\/luna.jpg?resize=350%2C200&ssl=1","width":350,"height":200,"srcset":"https:\/\/i0.wp.com\/lasprimeras.com.do\/wp-content\/uploads\/2026\/03\/luna.jpg?resize=350%2C200&ssl=1 1x, https:\/\/i0.wp.com\/lasprimeras.com.do\/wp-content\/uploads\/2026\/03\/luna.jpg?resize=525%2C300&ssl=1 1.5x, https:\/\/i0.wp.com\/lasprimeras.com.do\/wp-content\/uploads\/2026\/03\/luna.jpg?resize=700%2C400&ssl=1 2x"},"classes":[]},{"id":135259,"url":"https:\/\/lasprimeras.com.do\/index.php\/2026\/07\/21\/lanzamientos-de-misiones-privadas-para-prolongar-la-vida-util-de-satelites-de-comunicaciones-sin-gas\/","url_meta":{"origin":138546,"position":1},"title":"Lanzamientos de misiones privadas para prolongar la vida \u00fatil de sat\u00e9lites de comunicaciones sin gas","author":"Nelson Feliz","date":"21 de julio de 2026","format":false,"excerpt":"Por MARCIA DUNN CABO CA\u00d1AVERAL, Florida (AP) \u2014 Un robot espacial de dos brazos despeg\u00f3 el martes en una operaci\u00f3n de rescate privada para colocar mochilas propulsoras que prolongan la vida \u00fatil de viejos sat\u00e9lites con poco combustible a miles de kil\u00f3metros de altura. Esta es la segunda misi\u00f3n de\u2026","rel":"","context":"En \u00abTECNOL\u00d3GIA\u00bb","block_context":{"text":"TECNOL\u00d3GIA","link":"https:\/\/lasprimeras.com.do\/index.php\/category\/tecnologia\/"},"img":{"alt_text":"","src":"https:\/\/i0.wp.com\/lasprimeras.com.do\/wp-content\/uploads\/2026\/07\/florida.jpg?resize=350%2C200&ssl=1","width":350,"height":200,"srcset":"https:\/\/i0.wp.com\/lasprimeras.com.do\/wp-content\/uploads\/2026\/07\/florida.jpg?resize=350%2C200&ssl=1 1x, https:\/\/i0.wp.com\/lasprimeras.com.do\/wp-content\/uploads\/2026\/07\/florida.jpg?resize=525%2C300&ssl=1 1.5x, https:\/\/i0.wp.com\/lasprimeras.com.do\/wp-content\/uploads\/2026\/07\/florida.jpg?resize=700%2C400&ssl=1 2x"},"classes":[]},{"id":65740,"url":"https:\/\/lasprimeras.com.do\/index.php\/2023\/10\/31\/tres-astronautas-regresan-a-la-tierra-tras-una-estancia-de-seis-meses-en-la-estacion-espacial-de-china\/","url_meta":{"origin":138546,"position":2},"title":"Tres astronautas regresan a la Tierra tras una estancia de seis meses en la estaci\u00f3n espacial de China","author":"Nelson Feliz","date":"31 de octubre de 2023","format":false,"excerpt":"POR CHRISTOPHER BODEEN TAIPEI, Taiw\u00e1n (AP) \u2014 Tres astronautas chinos regresaron a la Tierra el martes por la ma\u00f1ana despu\u00e9s de seis meses a bordo de la estaci\u00f3n espacial orbital de China. Jing Haipeng, Zhu Yangzhu y Gui Haichao salieron con buena salud de la c\u00e1psula de regreso cerca del\u2026","rel":"","context":"En \u00abSin categor\u00eda\u00bb","block_context":{"text":"Sin categor\u00eda","link":"https:\/\/lasprimeras.com.do\/index.php\/category\/sin-categoria\/"},"img":{"alt_text":"ATRONAUTAS","src":"https:\/\/i0.wp.com\/lasprimeras.com.do\/wp-content\/uploads\/2023\/10\/ATRONAUTAS.jpg?resize=350%2C200&ssl=1","width":350,"height":200,"srcset":"https:\/\/i0.wp.com\/lasprimeras.com.do\/wp-content\/uploads\/2023\/10\/ATRONAUTAS.jpg?resize=350%2C200&ssl=1 1x, https:\/\/i0.wp.com\/lasprimeras.com.do\/wp-content\/uploads\/2023\/10\/ATRONAUTAS.jpg?resize=525%2C300&ssl=1 1.5x, https:\/\/i0.wp.com\/lasprimeras.com.do\/wp-content\/uploads\/2023\/10\/ATRONAUTAS.jpg?resize=700%2C400&ssl=1 2x"},"classes":[]},{"id":87187,"url":"https:\/\/lasprimeras.com.do\/index.php\/2024\/08\/08\/por-que-los-astronautas-que-viajaron-en-la-capsula-de-boeing-se-podrian-quedar-varados-en-el-espacio-hasta-2025\/","url_meta":{"origin":138546,"position":3},"title":"Por qu\u00e9 los astronautas que viajaron en la c\u00e1psula de Boeing se podr\u00edan quedar varados en el espacio hasta 2025","author":"Nelson Feliz","date":"8 de agosto de 2024","format":false,"excerpt":"Los dos astronautas de la NASA deb\u00edan haber regresado a la Tierra el pasado 14 de junio, tan solo ocho d\u00edas despu\u00e9s de su lanzamiento desde el Centro Espacial Kennedy en Florida, pero fallas en los propulsores y peque\u00f1as fugas de helio en la Starliner han impedido su regreso. Por:\u2026","rel":"","context":"En \u00abSin categor\u00eda\u00bb","block_context":{"text":"Sin categor\u00eda","link":"https:\/\/lasprimeras.com.do\/index.php\/category\/sin-categoria\/"},"img":{"alt_text":"","src":"https:\/\/i0.wp.com\/lasprimeras.com.do\/wp-content\/uploads\/2024\/08\/nave-Starliner.jpg?resize=350%2C200&ssl=1","width":350,"height":200,"srcset":"https:\/\/i0.wp.com\/lasprimeras.com.do\/wp-content\/uploads\/2024\/08\/nave-Starliner.jpg?resize=350%2C200&ssl=1 1x, https:\/\/i0.wp.com\/lasprimeras.com.do\/wp-content\/uploads\/2024\/08\/nave-Starliner.jpg?resize=525%2C300&ssl=1 1.5x, https:\/\/i0.wp.com\/lasprimeras.com.do\/wp-content\/uploads\/2024\/08\/nave-Starliner.jpg?resize=700%2C400&ssl=1 2x"},"classes":[]},{"id":73253,"url":"https:\/\/lasprimeras.com.do\/index.php\/2024\/01\/08\/lanzan-hacia-la-luna-primer-modulo-de-aterrizaje-lunar-de-ee-uu-en-mas-de-50-anos\/","url_meta":{"origin":138546,"position":4},"title":"Lanzan hacia la Luna primer m\u00f3dulo de aterrizaje lunar de EE. UU. en m\u00e1s de 50 a\u00f1os","author":"Nelson Feliz","date":"8 de enero de 2024","format":false,"excerpt":"con entregas comerciales POR MARCIA DUNN CABO CA\u00d1AVERAL, Florida, EE.UU. (AP) \u2014 El primer m\u00f3dulo de aterrizaje lunar estadounidense en m\u00e1s de 50 a\u00f1os se lanz\u00f3 hacia la Luna el lunes, lanzando a empresas privadas a una carrera espacial para realizar entregas para la NASA y otros clientes. El m\u00f3dulo\u2026","rel":"","context":"En \u00abSin categor\u00eda\u00bb","block_context":{"text":"Sin categor\u00eda","link":"https:\/\/lasprimeras.com.do\/index.php\/category\/sin-categoria\/"},"img":{"alt_text":"primer m\u00f3dulo de aterrizaje lunar de EE. UU.","src":"https:\/\/i0.wp.com\/lasprimeras.com.do\/wp-content\/uploads\/2024\/01\/primer-modulo-de-aterrizaje-lunar-de-EE.-UU.jpg?resize=350%2C200&ssl=1","width":350,"height":200,"srcset":"https:\/\/i0.wp.com\/lasprimeras.com.do\/wp-content\/uploads\/2024\/01\/primer-modulo-de-aterrizaje-lunar-de-EE.-UU.jpg?resize=350%2C200&ssl=1 1x, https:\/\/i0.wp.com\/lasprimeras.com.do\/wp-content\/uploads\/2024\/01\/primer-modulo-de-aterrizaje-lunar-de-EE.-UU.jpg?resize=525%2C300&ssl=1 1.5x, https:\/\/i0.wp.com\/lasprimeras.com.do\/wp-content\/uploads\/2024\/01\/primer-modulo-de-aterrizaje-lunar-de-EE.-UU.jpg?resize=700%2C400&ssl=1 2x"},"classes":[]},{"id":94238,"url":"https:\/\/lasprimeras.com.do\/index.php\/2025\/02\/26\/compania-privada-lanza-cohete-con-el-objetivo-de-colocar-modulo-espacial-en-la-luna\/","url_meta":{"origin":138546,"position":5},"title":"Compa\u00f1\u00eda privada lanza cohete con el objetivo de colocar m\u00f3dulo espacial en la luna","author":"Nelson Feliz","date":"26 de febrero de 2025","format":false,"excerpt":"POR MARCIA DUNN CABO CA\u00d1AVERAL, Florida, EE.UU. (AP) \u2014 Una empresa privada lanz\u00f3 el mi\u00e9rcoles un nuevo m\u00f3dulo lunar con el objetivo de acercarse al polo sur de la luna, esta vez con un dron que se dirigir\u00e1 a un cr\u00e1ter que nunca recibe la luz solar. SpaceX lanz\u00f3 el\u2026","rel":"","context":"En \u00abINTERNACIONALES\u00bb","block_context":{"text":"INTERNACIONALES","link":"https:\/\/lasprimeras.com.do\/index.php\/category\/sin-categoria\/internacionales\/"},"img":{"alt_text":"","src":"https:\/\/i0.wp.com\/lasprimeras.com.do\/wp-content\/uploads\/2025\/02\/cohete.jpg?resize=350%2C200&ssl=1","width":350,"height":200,"srcset":"https:\/\/i0.wp.com\/lasprimeras.com.do\/wp-content\/uploads\/2025\/02\/cohete.jpg?resize=350%2C200&ssl=1 1x, https:\/\/i0.wp.com\/lasprimeras.com.do\/wp-content\/uploads\/2025\/02\/cohete.jpg?resize=525%2C300&ssl=1 1.5x, https:\/\/i0.wp.com\/lasprimeras.com.do\/wp-content\/uploads\/2025\/02\/cohete.jpg?resize=700%2C400&ssl=1 2x"},"classes":[]}],"jetpack_sharing_enabled":true,"jetpack_featured_media_url":"https:\/\/lasprimeras.com.do\/wp-content\/uploads\/2026\/08\/telescopio-1.jpg","_links":{"self":[{"href":"https:\/\/lasprimeras.com.do\/index.php\/wp-json\/wp\/v2\/posts\/138546","targetHints":{"allow":["GET"]}}],"collection":[{"href":"https:\/\/lasprimeras.com.do\/index.php\/wp-json\/wp\/v2\/posts"}],"about":[{"href":"https:\/\/lasprimeras.com.do\/index.php\/wp-json\/wp\/v2\/types\/post"}],"author":[{"embeddable":true,"href":"https:\/\/lasprimeras.com.do\/index.php\/wp-json\/wp\/v2\/users\/10"}],"replies":[{"embeddable":true,"href":"https:\/\/lasprimeras.com.do\/index.php\/wp-json\/wp\/v2\/comments?post=138546"}],"version-history":[{"count":1,"href":"https:\/\/lasprimeras.com.do\/index.php\/wp-json\/wp\/v2\/posts\/138546\/revisions"}],"predecessor-version":[{"id":138548,"href":"https:\/\/lasprimeras.com.do\/index.php\/wp-json\/wp\/v2\/posts\/138546\/revisions\/138548"}],"wp:featuredmedia":[{"embeddable":true,"href":"https:\/\/lasprimeras.com.do\/index.php\/wp-json\/wp\/v2\/media\/138547"}],"wp:attachment":[{"href":"https:\/\/lasprimeras.com.do\/index.php\/wp-json\/wp\/v2\/media?parent=138546"}],"wp:term":[{"taxonomy":"category","embeddable":true,"href":"https:\/\/lasprimeras.com.do\/index.php\/wp-json\/wp\/v2\/categories?post=138546"},{"taxonomy":"post_tag","embeddable":true,"href":"https:\/\/lasprimeras.com.do\/index.php\/wp-json\/wp\/v2\/tags?post=138546"}],"curies":[{"name":"wp","href":"https:\/\/api.w.org\/{rel}","templated":true}]}}