{"id":138552,"date":"2026-08-30T22:57:56","date_gmt":"2026-08-31T02:57:56","guid":{"rendered":"https:\/\/lasprimeras.com.do\/?p=138552"},"modified":"2026-08-30T22:58:01","modified_gmt":"2026-08-31T02:58:01","slug":"dentro-del-motin-de-24-horas-contra-la-junta-militar-de-niger-y-como-intervino-rusia","status":"publish","type":"post","link":"https:\/\/lasprimeras.com.do\/index.php\/2026\/08\/30\/dentro-del-motin-de-24-horas-contra-la-junta-militar-de-niger-y-como-intervino-rusia\/","title":{"rendered":"Dentro del mot\u00edn de 24 horas contra la junta militar de N\u00edger y c\u00f3mo intervino Rusia"},"content":{"rendered":"\n<p class=\"wp-block-paragraph\">POR CHINEDU ASADU<\/p>\n\n\n\n<p class=\"wp-block-paragraph\">ABUYA, Nigeria (AP) \u2014 La capital Niamey se ve\u00eda tranquila el domingo tras haberse restablecido la normalidad en N\u00edger luego de un d\u00eda de disturbios, en el que soldados agraviados protagonizaron un mot\u00edn contra la junta militar gobernante antes de ser repelidos por fuerzas leales, con ayuda de efectivos rusos.<\/p>\n\n\n\n<p class=\"wp-block-paragraph\">En lo que se considera una amenaza de gran envergadura para la junta en el poder desde un golpe de Estado en 2023, los soldados se enfrentaron a fuerzas leales en un intercambio sostenido de disparos desde el viernes hasta el s\u00e1bado por la noche.<\/p>\n\n\n\n<p class=\"wp-block-paragraph\">La mayor\u00eda de los choques ocurrieron en el principal aeropuerto de Niamey, donde se encuentra la base a\u00e9rea militar, y en un distrito en el que est\u00e1 ubicado el palacio presidencial.<\/p>\n\n\n\n<p class=\"wp-block-paragraph\">Los disturbios culminaron con el arresto o la muerte de decenas de soldados, algunos de los cuales fueron exhibidos ante las c\u00e1maras en directo en la televisi\u00f3n estatal.<\/p>\n\n\n\n<p class=\"wp-block-paragraph\">El destino de los amotinados no estaba claro de momento, y las autoridades no dieron a conocer ning\u00fan cargo en su contra.<\/p>\n\n\n\n<p class=\"wp-block-paragraph\">El domingo se ve\u00edan camiones militares y puestos de control por toda la ciudad, en particular a lo largo de las principales avenidas entre el aeropuerto y el distrito presidencial.<\/p>\n\n\n\n<p class=\"wp-block-paragraph\">El l\u00edder de la junta, Abdourahamane Tchiani, a\u00fan no hab\u00eda hecho comentarios ni aparecido en p\u00fablico.<\/p>\n\n\n\n<p class=\"wp-block-paragraph\">Esto es lo que se sabe sobre el mot\u00edn, seg\u00fan testigos, analistas y diplom\u00e1ticos:<\/p>\n\n\n\n<p class=\"wp-block-paragraph\">Los disturbios comenzaron con una toma de rehenes<\/p>\n\n\n\n<p class=\"wp-block-paragraph\">Los nigerinos se despertaron aproximadamente a la medianoche, del viernes al s\u00e1bado, al escuchar r\u00e1fagas de disparos y explosiones que comenzaron en el Aeropuerto Internacional Diori Hamani.<\/p>\n\n\n\n<p class=\"wp-block-paragraph\">\u00c9ste es un enclave estrat\u00e9gico que alberga una base a\u00e9rea militar clave, conocida como Base 101, al igual que la sede del Cuerpo de \u00c1frica de Rusia en el pa\u00eds. Era la tercera vez este a\u00f1o que el aeropuerto experimentaba disturbios.<\/p>\n\n\n\n<p class=\"wp-block-paragraph\">Adem\u00e1s se escucharon disparos cerca del palacio presidencial, en el distrito Plateau de Niamey, cuando un grupo de soldados se enfrent\u00f3 a fuerzas leales a la junta.<\/p>\n\n\n\n<p class=\"wp-block-paragraph\">El Ministerio de Defensa de N\u00edger indic\u00f3 que sus fuerzas iban recuperando gradualmente el control de la situaci\u00f3n despu\u00e9s de que un grupo de soldados tomara como rehenes a sus \u201ccamaradas\u201d en la base a\u00e9rea y disparara contra sitios \u201cdelicados\u201d, sin precisar la causa de los disturbios.<\/p>\n\n\n\n<p class=\"wp-block-paragraph\">El caos se prolong\u00f3 durante horas hasta bien entrado el s\u00e1bado, mientras la guardia presidencial y otras fuerzas leales tomaban el control de la base a\u00e9rea y la presidencia, se\u00f1alaron analistas y diplom\u00e1ticos.<\/p>\n\n\n\n<p class=\"wp-block-paragraph\">Algunos de los amotinados proced\u00edan de focos de tensi\u00f3n en el sur y el oeste, entre las zonas m\u00e1s golpeadas por la violencia yihadista, y estaban recabando apoyo de otros efectivos apostados fuera de la ciudad, seg\u00fan un diplom\u00e1tico europeo, el cual habl\u00f3 a condici\u00f3n de guardar el anonimato porque no se le permite referirse p\u00fablicamente al asunto.<\/p>\n\n\n\n<p class=\"wp-block-paragraph\">Los soldados parec\u00edan agraviados por la agudizaci\u00f3n de la crisis de seguridad<\/p>\n\n\n\n<p class=\"wp-block-paragraph\">Los disturbios parec\u00edan haber sido desencadenados por quejas ante el aumento de la inseguridad, incluidos ataques yihadistas rampantes en los que ha habido matanzas masivas de soldados en el \u00faltimo a\u00f1o.<\/p>\n\n\n\n<p class=\"wp-block-paragraph\">Los ataques mortales \u201cse est\u00e1n volviendo algo habitual (en el pa\u00eds), y seguir\u00e1n azuzando disturbios y agravando las tensiones dentro de las filas del ej\u00e9rcito\u201d, manifest\u00f3 H\u00e9ni Nsaibia, analista s\u00e9nior de \u00c1frica Occidental en Armed Conflict Location and Event Data, un organismo que monitorea conflictos.<\/p>\n\n\n\n<p class=\"wp-block-paragraph\">La violencia yihadista se ha agravado en otras \u00e1reas del Sahel, incluidas las vecinas Burkina Faso y Mali, donde los militares tambi\u00e9n arrebataron el poder a gobiernos civiles.<\/p>\n\n\n\n<p class=\"wp-block-paragraph\">La junta en N\u00edger prometi\u00f3 estabilizar el pa\u00eds, pero en lugar de ello la seguridad se ha deteriorado.<\/p>\n\n\n\n<p class=\"wp-block-paragraph\">Han aumentado los ataques contra posiciones militares, incluido uno de hace aproximadamente una semana, cuando, seg\u00fan informes, al menos 18 soldados murieron en la regi\u00f3n sure\u00f1a de Dosso.<\/p>\n\n\n\n<p class=\"wp-block-paragraph\">El mot\u00edn fue encabezado en su mayor parte por soldados desplegados sobre el terreno contra los yihadistas, de acuerdo con Wassim Nasr, investigador s\u00e9nior del Soufan Center, un centro de estudios con sede en Nueva York.<br>\u201cEl agravamiento de la inseguridad impuls\u00f3 los golpes de Estado que se extendieron por el Sahel central, y los \u00faltimos acontecimientos muestran c\u00f3mo esas mismas presiones est\u00e1n azuzando ahora los disturbios dentro de las fuerzas armadas que tomaron el poder\u201d, explic\u00f3.<\/p>\n\n\n\n<p class=\"wp-block-paragraph\">El bienestar de los soldados es otro asunto clave, desde quejas por las raciones de comida hasta equipamiento insuficiente, seg\u00fan Beverly Ochieng, analista s\u00e9nior de la consultora de riesgo geopol\u00edtico Control Risks.<\/p>\n\n\n\n<p class=\"wp-block-paragraph\">\u201cLa estabilidad de estos gobiernos depende en gran medida de cu\u00e1nto puedan garantizar que el ej\u00e9rcito se mantenga cohesionado y puedan proporcionar seguridad y reformas pol\u00edticas\u201d.<\/p>\n\n\n\n<p class=\"wp-block-paragraph\">El Cuerpo de \u00c1frica de Rusia acude al rescate de la junta<\/p>\n\n\n\n<p class=\"wp-block-paragraph\">Los amotinados permanecieron atrincherados durante varias horas en la base militar dentro del complejo aeroportuario, resistiendo los embates de las fuerzas leales, hasta que el Cuerpo de \u00c1frica de Rusia intervino con apoyo terrestre y a\u00e9reo, indicaron varios analistas.<\/p>\n\n\n\n<p class=\"wp-block-paragraph\">Se cree que el Cuerpo de \u00c1frica cuenta con entre 200 y 300 efectivos en N\u00edger, donde principalmente protege a la junta y sus intereses, y tambi\u00e9n apoya la lucha contra los yihadistas.<\/p>\n\n\n\n<p class=\"wp-block-paragraph\">En entrevistas difundidas por medios rusos, el embajador de Mosc\u00fa en N\u00edger, Viktor Voropayev, indic\u00f3 que el gobierno nigerino le solicit\u00f3 apoyo a la fuerza rusa y que los amotinados fueron \u201cneutralizados gracias, en particular, a la intervenci\u00f3n\u201d del Cuerpo de \u00c1frica.<\/p>\n\n\n\n<p class=\"wp-block-paragraph\">Los soldados inconformes superaban en n\u00famero a la guardia presidencial de \u00e9lite que fue desplegada para retomar la base a\u00e9rea, y no estaba claro qui\u00e9n ten\u00eda el control hasta que intervinieron los rusos, seg\u00fan Nasr, del Soufan Center.<\/p>\n\n\n\n<p class=\"wp-block-paragraph\">\u201cA fin de cuentas, es m\u00e1s f\u00e1cil aplicar una represi\u00f3n total cuando se trata de una fuerza extranjera\u201d, apunt\u00f3 Nasr.<\/p>\n\n\n\n<p class=\"wp-block-paragraph\">Vecinos y aliados expresan apoyo a la junta militar de N\u00edger<\/p>\n\n\n\n<p class=\"wp-block-paragraph\">La Alianza de Estados del Sahel (AES), que incluye a Burkina Faso y Mali, emiti\u00f3 un comunicado el s\u00e1bado por la noche en el que expres\u00f3 su \u201cpleno apoyo\u201d a N\u00edger y conden\u00f3 la \u201ctraici\u00f3n\u201d de los soldados.<\/p>\n\n\n\n<p class=\"wp-block-paragraph\">\u201cGracias a la valent\u00eda y el profesionalismo de las fuerzas republicanas leales, este intento m\u00e1s reciente fue contenido y frustrado\u201d, se\u00f1al\u00f3.<\/p>\n\n\n\n<p class=\"wp-block-paragraph\">Argelia, el primer pa\u00eds que expres\u00f3 apoyo el s\u00e1bado a N\u00edger, su vecino del sureste, le asegur\u00f3 su \u201cplena solidaridad y firme apoyo\u201d.<\/p>\n\n\n\n<p class=\"wp-block-paragraph\">El domingo arrib\u00f3 a Niamey una delegaci\u00f3n argelina con cuatro aviones de combate y una aeronave de transporte militar, en lo que el consejo gobernante de N\u00edger describi\u00f3 como \u201cla demostraci\u00f3n del apoyo estrat\u00e9gico\u201d.<\/p>\n\n\n\n<p class=\"wp-block-paragraph\">Turqu\u00eda, otro aliado clave de N\u00edger, expres\u00f3 solidaridad con el pa\u00eds y su pueblo, y pidi\u00f3 \u201cmesura\u201d para preservar la seguridad y la estabilidad del pa\u00eds.<\/p>\n\n\n\n<p class=\"wp-block-paragraph\">\u2014\u2014\u2014<\/p>\n\n\n\n<p class=\"wp-block-paragraph\">Esta historia fue traducida del ingl\u00e9s por un editor de AP con la ayuda de una herramienta de inteligencia artificial generativa.<\/p>\n","protected":false},"excerpt":{"rendered":"<p>POR CHINEDU ASADU ABUYA, Nigeria (AP) \u2014 La capital Niamey se ve\u00eda tranquila el domingo tras haberse restablecido la normalidad en N\u00edger luego de un d\u00eda de disturbios, en el&hellip;<\/p>\n","protected":false},"author":10,"featured_media":138553,"comment_status":"open","ping_status":"open","sticky":false,"template":"","format":"standard","meta":{"content-type":"","_jetpack_newsletter_access":"","_jetpack_dont_email_post_to_subs":false,"_jetpack_newsletter_tier_id":0,"_jetpack_memberships_contains_paywalled_content":false,"_jetpack_feature_clip_id":0,"_jetpack_memberships_contains_paid_content":false,"footnotes":"","jetpack_post_was_ever_published":false},"categories":[16289],"tags":[36146,36145,36144,36147,1119],"class_list":["post-138552","post","type-post","status-publish","format-standard","has-post-thumbnail","hentry","category-internacionales","tag-dentro-del-motin-de-24-horas","tag-intervino","tag-junta-militar","tag-niger","tag-rusia"],"jetpack-related-posts":[{"id":109069,"url":"https:\/\/lasprimeras.com.do\/index.php\/2025\/09\/14\/al-menos-14-soldados-nigerinos-mueren-en-una-emboscada-en-una-region-conflictiva-segun-autoridades\/","url_meta":{"origin":138552,"position":0},"title":"Al menos 14 soldados nigerinos mueren en una emboscada en una regi\u00f3n conflictiva, seg\u00fan autoridades","author":"Nelson Feliz","date":"14 de septiembre de 2025","format":false,"excerpt":"POR BABA AHMED Al menos 14 soldados murieron esta semana en una emboscada de hombres armados en una regi\u00f3n conflictiva de N\u00edger, seg\u00fan afirm\u00f3 el ministro nigerino de Defensa en un comunicado, dentro de un aumento de los ataques milicianos en la naci\u00f3n de \u00c1frica Occidental, gobernada por militares. El\u2026","rel":"","context":"En \u00abINTERNACIONALES\u00bb","block_context":{"text":"INTERNACIONALES","link":"https:\/\/lasprimeras.com.do\/index.php\/category\/sin-categoria\/internacionales\/"},"img":{"alt_text":"","src":"https:\/\/i0.wp.com\/lasprimeras.com.do\/wp-content\/uploads\/2025\/09\/Al-menos-14-soldados-nigerinos-mueren-en-una-emboscada-en-una-region-conflictiva.jpg?resize=350%2C200&ssl=1","width":350,"height":200,"srcset":"https:\/\/i0.wp.com\/lasprimeras.com.do\/wp-content\/uploads\/2025\/09\/Al-menos-14-soldados-nigerinos-mueren-en-una-emboscada-en-una-region-conflictiva.jpg?resize=350%2C200&ssl=1 1x, https:\/\/i0.wp.com\/lasprimeras.com.do\/wp-content\/uploads\/2025\/09\/Al-menos-14-soldados-nigerinos-mueren-en-una-emboscada-en-una-region-conflictiva.jpg?resize=525%2C300&ssl=1 1.5x, https:\/\/i0.wp.com\/lasprimeras.com.do\/wp-content\/uploads\/2025\/09\/Al-menos-14-soldados-nigerinos-mueren-en-una-emboscada-en-una-region-conflictiva.jpg?resize=700%2C400&ssl=1 2x"},"classes":[]},{"id":90293,"url":"https:\/\/lasprimeras.com.do\/index.php\/2024\/10\/17\/se-registra-motin-en-el-centro-de-acogida-vacacional-haina\/","url_meta":{"origin":138552,"position":1},"title":"Se registra mot\u00edn en el Centro de Acogida Vacacional Haina","author":"Nelson Feliz","date":"17 de octubre de 2024","format":false,"excerpt":"Este jueves, se registr\u00f3 un violento mot\u00edn en el Centro de Acogida Vacacional Haina, donde se encuentran retenidos haitianos indocumentados bajo la custodia de agentes del Control Migratorio. Seg\u00fan informes del encargado provincial de derechos humanos, la situaci\u00f3n escal\u00f3 a tal punto que se escucharon varios disparos en el interior\u2026","rel":"","context":"En \u00abNACIONALES\u00bb","block_context":{"text":"NACIONALES","link":"https:\/\/lasprimeras.com.do\/index.php\/category\/nacionales\/"},"img":{"alt_text":"","src":"","width":0,"height":0},"classes":[]},{"id":53239,"url":"https:\/\/lasprimeras.com.do\/index.php\/2023\/06\/24\/el-kremlin-revela-las-condiciones-del-acuerdo-con-el-grupo-wagner\/","url_meta":{"origin":138552,"position":2},"title":"El Kremlin revela las condiciones del acuerdo con el grupo Wagner","author":"Nelson Feliz","date":"24 de junio de 2023","format":false,"excerpt":"El l\u00edder del grupo militar privado acept\u00f3 este s\u00e1bado la propuesta mediada por el presidente bielorruso y fren\u00f3 el avance de sus fuerzas. El acuerdo entre Mosc\u00fa y la compa\u00f1\u00eda militar privada Wagner que se logr\u00f3 este s\u00e1bado por mediaci\u00f3n del presidente bielorruso Alex\u00e1nder Lukashenko estipula el fin de las\u2026","rel":"","context":"En \u00abSin categor\u00eda\u00bb","block_context":{"text":"Sin categor\u00eda","link":"https:\/\/lasprimeras.com.do\/index.php\/category\/sin-categoria\/"},"img":{"alt_text":"Controles de seguridad en una autopista de Mosc\u00fa, el 24 de junio de 2023.","src":"https:\/\/i0.wp.com\/lasprimeras.com.do\/wp-content\/uploads\/2023\/06\/Controles-de-seguridad.jpg?resize=350%2C200&ssl=1","width":350,"height":200,"srcset":"https:\/\/i0.wp.com\/lasprimeras.com.do\/wp-content\/uploads\/2023\/06\/Controles-de-seguridad.jpg?resize=350%2C200&ssl=1 1x, https:\/\/i0.wp.com\/lasprimeras.com.do\/wp-content\/uploads\/2023\/06\/Controles-de-seguridad.jpg?resize=525%2C300&ssl=1 1.5x, https:\/\/i0.wp.com\/lasprimeras.com.do\/wp-content\/uploads\/2023\/06\/Controles-de-seguridad.jpg?resize=700%2C400&ssl=1 2x"},"classes":[]},{"id":58459,"url":"https:\/\/lasprimeras.com.do\/index.php\/2023\/08\/24\/el-accidente-aereo-que-se-cree-mato-al-jefe-mercenario-prigozhin-es-visto-como-una-venganza-del-kremlin\/","url_meta":{"origin":138552,"position":3},"title":"El accidente a\u00e9reo que se cree mat\u00f3 al jefe mercenario Prigozhin es visto como una venganza del Kremlin","author":"Nelson Feliz","date":"24 de agosto de 2023","format":false,"excerpt":"POR LA PRENSA ASOCIADA El jefe mercenario ruso Yevgeny Prigozhin y altos oficiales de su compa\u00f1\u00eda militar privada Wagner fueron dados por muertos en un accidente a\u00e9reo que fue ampliamente visto como un asesinato, dos meses despu\u00e9s de que organizaron un mot\u00edn que afect\u00f3 la autoridad del presidente Vladimir Putin.\u2026","rel":"","context":"En \u00abSin categor\u00eda\u00bb","block_context":{"text":"Sin categor\u00eda","link":"https:\/\/lasprimeras.com.do\/index.php\/category\/sin-categoria\/"},"img":{"alt_text":"Yevgeny Prigozhin","src":"https:\/\/i0.wp.com\/lasprimeras.com.do\/wp-content\/uploads\/2023\/08\/Yevgeny-Prigozhin.jpg?resize=350%2C200&ssl=1","width":350,"height":200,"srcset":"https:\/\/i0.wp.com\/lasprimeras.com.do\/wp-content\/uploads\/2023\/08\/Yevgeny-Prigozhin.jpg?resize=350%2C200&ssl=1 1x, https:\/\/i0.wp.com\/lasprimeras.com.do\/wp-content\/uploads\/2023\/08\/Yevgeny-Prigozhin.jpg?resize=525%2C300&ssl=1 1.5x, https:\/\/i0.wp.com\/lasprimeras.com.do\/wp-content\/uploads\/2023\/08\/Yevgeny-Prigozhin.jpg?resize=700%2C400&ssl=1 2x, https:\/\/i0.wp.com\/lasprimeras.com.do\/wp-content\/uploads\/2023\/08\/Yevgeny-Prigozhin.jpg?resize=1050%2C600&ssl=1 3x, https:\/\/i0.wp.com\/lasprimeras.com.do\/wp-content\/uploads\/2023\/08\/Yevgeny-Prigozhin.jpg?resize=1400%2C800&ssl=1 4x"},"classes":[]},{"id":118097,"url":"https:\/\/lasprimeras.com.do\/index.php\/2025\/12\/21\/liberan-a-130-ninos-y-personal-escolar-secuestrados-el-mes-pasado-en-nigeria-informa-la-policia\/","url_meta":{"origin":138552,"position":4},"title":"Liberan a 130 ni\u00f1os y personal escolar secuestrados el mes pasado en Nigeria, informa la polic\u00eda","author":"Nelson Feliz","date":"21 de diciembre de 2025","format":false,"excerpt":"POR DYEPKAZAH SHIBAYAN ABUYA, Nigeria (AP) \u2014 Unos 130 ni\u00f1os y miembros del personal que fueron secuestrados por hombres armados en una escuela cat\u00f3lica de Nigeria han sido liberados, inform\u00f3 la polic\u00eda el domingo. Hombres armados tomaron como rehenes a por lo menos 303 estudiantes y 12 maestros en el\u2026","rel":"","context":"En \u00abINTERNACIONALES\u00bb","block_context":{"text":"INTERNACIONALES","link":"https:\/\/lasprimeras.com.do\/index.php\/category\/sin-categoria\/internacionales\/"},"img":{"alt_text":"Estudiantes liberados de la Escuela Cat\u00f3lica St. Mary se re\u00fanen con sus padres, el martes 9 de diciembre de 2025, en la comunidad de Papiri, Nigeria. (AP Foto\/Afolabi Sotunde, Archivo)","src":"https:\/\/i0.wp.com\/lasprimeras.com.do\/wp-content\/uploads\/2025\/12\/Liberan-a-130-ninos.jpg?resize=350%2C200&ssl=1","width":350,"height":200,"srcset":"https:\/\/i0.wp.com\/lasprimeras.com.do\/wp-content\/uploads\/2025\/12\/Liberan-a-130-ninos.jpg?resize=350%2C200&ssl=1 1x, https:\/\/i0.wp.com\/lasprimeras.com.do\/wp-content\/uploads\/2025\/12\/Liberan-a-130-ninos.jpg?resize=525%2C300&ssl=1 1.5x, https:\/\/i0.wp.com\/lasprimeras.com.do\/wp-content\/uploads\/2025\/12\/Liberan-a-130-ninos.jpg?resize=700%2C400&ssl=1 2x"},"classes":[]},{"id":55342,"url":"https:\/\/lasprimeras.com.do\/index.php\/2023\/07\/20\/los-mercenarios-rusos-de-wagner-lanzan-un-entrenamiento-cerca-de-la-frontera-con-polonia\/","url_meta":{"origin":138552,"position":5},"title":"Los mercenarios rusos de Wagner lanzan un entrenamiento cerca de la frontera con Polonia","author":"Nelson Feliz","date":"20 de julio de 2023","format":false,"excerpt":"MOSC\u00da (AP) \u2014 Mercenarios de la compa\u00f1\u00eda militar rusa Wagner lanzaron el jueves ejercicios conjuntos con el ej\u00e9rcito bielorruso cerca de la frontera con Polonia luego de su reubicaci\u00f3n en Bielorrusia despu\u00e9s de su rebeli\u00f3n de corta duraci\u00f3n, una medida que llev\u00f3 a Varsovia a redesplegar sus tropas. El Ministerio\u2026","rel":"","context":"En \u00abSin categor\u00eda\u00bb","block_context":{"text":"Sin categor\u00eda","link":"https:\/\/lasprimeras.com.do\/index.php\/category\/sin-categoria\/"},"img":{"alt_text":"Mercenarios de la compa\u00f1\u00eda militar rusa Wagner","src":"https:\/\/i0.wp.com\/lasprimeras.com.do\/wp-content\/uploads\/2023\/07\/MERCENARIOS.jpg?resize=350%2C200&ssl=1","width":350,"height":200,"srcset":"https:\/\/i0.wp.com\/lasprimeras.com.do\/wp-content\/uploads\/2023\/07\/MERCENARIOS.jpg?resize=350%2C200&ssl=1 1x, https:\/\/i0.wp.com\/lasprimeras.com.do\/wp-content\/uploads\/2023\/07\/MERCENARIOS.jpg?resize=525%2C300&ssl=1 1.5x, https:\/\/i0.wp.com\/lasprimeras.com.do\/wp-content\/uploads\/2023\/07\/MERCENARIOS.jpg?resize=700%2C400&ssl=1 2x"},"classes":[]}],"jetpack_sharing_enabled":true,"jetpack_featured_media_url":"https:\/\/lasprimeras.com.do\/wp-content\/uploads\/2026\/08\/ciudad.jpg","_links":{"self":[{"href":"https:\/\/lasprimeras.com.do\/index.php\/wp-json\/wp\/v2\/posts\/138552","targetHints":{"allow":["GET"]}}],"collection":[{"href":"https:\/\/lasprimeras.com.do\/index.php\/wp-json\/wp\/v2\/posts"}],"about":[{"href":"https:\/\/lasprimeras.com.do\/index.php\/wp-json\/wp\/v2\/types\/post"}],"author":[{"embeddable":true,"href":"https:\/\/lasprimeras.com.do\/index.php\/wp-json\/wp\/v2\/users\/10"}],"replies":[{"embeddable":true,"href":"https:\/\/lasprimeras.com.do\/index.php\/wp-json\/wp\/v2\/comments?post=138552"}],"version-history":[{"count":1,"href":"https:\/\/lasprimeras.com.do\/index.php\/wp-json\/wp\/v2\/posts\/138552\/revisions"}],"predecessor-version":[{"id":138554,"href":"https:\/\/lasprimeras.com.do\/index.php\/wp-json\/wp\/v2\/posts\/138552\/revisions\/138554"}],"wp:featuredmedia":[{"embeddable":true,"href":"https:\/\/lasprimeras.com.do\/index.php\/wp-json\/wp\/v2\/media\/138553"}],"wp:attachment":[{"href":"https:\/\/lasprimeras.com.do\/index.php\/wp-json\/wp\/v2\/media?parent=138552"}],"wp:term":[{"taxonomy":"category","embeddable":true,"href":"https:\/\/lasprimeras.com.do\/index.php\/wp-json\/wp\/v2\/categories?post=138552"},{"taxonomy":"post_tag","embeddable":true,"href":"https:\/\/lasprimeras.com.do\/index.php\/wp-json\/wp\/v2\/tags?post=138552"}],"curies":[{"name":"wp","href":"https:\/\/api.w.org\/{rel}","templated":true}]}}