{"id":138558,"date":"2026-08-30T23:25:26","date_gmt":"2026-08-31T03:25:26","guid":{"rendered":"https:\/\/lasprimeras.com.do\/?p=138558"},"modified":"2026-08-30T23:25:27","modified_gmt":"2026-08-31T03:25:27","slug":"richard-medina-advierte-alza-de-hasta-42-en-viveres-pulveriza-el-poder-adquisitivo-de-los-hogares-mas-pobres","status":"publish","type":"post","link":"https:\/\/lasprimeras.com.do\/index.php\/2026\/08\/30\/richard-medina-advierte-alza-de-hasta-42-en-viveres-pulveriza-el-poder-adquisitivo-de-los-hogares-mas-pobres\/","title":{"rendered":"Richard Medina advierte alza de hasta 42% en v\u00edveres pulveriza el poder adquisitivo de los hogares m\u00e1s pobres"},"content":{"rendered":"\n<p class=\"wp-block-paragraph\"><strong>El economista del PLD se\u00f1ala que la inflaci\u00f3n en alimentos duplica el ritmo previo a la pandemia y obliga a los ciudadanos a consumir menos.<\/strong><\/p>\n\n\n\n<p class=\"wp-block-paragraph\"><strong>SANTO DOMINGO. \u2013<\/strong> El economista y miembro del Comit\u00e9 Pol\u00edtico del Partido de la Liberaci\u00f3n Dominicana (PLD), Richard Medina, advirti\u00f3 que la inflaci\u00f3n actual en la Rep\u00fablica Dominicana duplica los niveles previos a la pandemia, afectando severamente el poder adquisitivo de las familias y diluyendo el impacto del crecimiento econ\u00f3mico en la poblaci\u00f3n.<\/p>\n\n\n\n<p class=\"wp-block-paragraph\">Al ser entrevistado en el programa &#8220;A Diario&#8221; por Space 89.3 FM (Grupo RCC Media), el experto en pol\u00edticas p\u00fablicas analiz\u00f3 las contradicciones entre los indicadores macroecon\u00f3micos y la realidad de la econom\u00eda popular.<\/p>\n\n\n\n<p class=\"wp-block-paragraph\"><strong>Inflaci\u00f3n duplica niveles hist\u00f3ricos y golpea la canasta b\u00e1sica<\/strong><\/p>\n\n\n\n<p class=\"wp-block-paragraph\">Medina se\u00f1al\u00f3 que la inflaci\u00f3n se sit\u00faa en un 5.4%, una cifra considerablemente alta para los par\u00e1metros del pa\u00eds.<\/p>\n\n\n\n<p class=\"wp-block-paragraph\">&#8220;Previo al COVID, entre 2013 y 2019, tuvimos una inflaci\u00f3n de entre 2% y 3%. Ahora los precios crecen al doble del ritmo de lo que crec\u00edan antes&#8221;, explic\u00f3.<\/p>\n\n\n\n<p class=\"wp-block-paragraph\">El panorama es a\u00fan m\u00e1s cr\u00edtico en el sector de los alimentos, donde el incremento general alcanza el 7%, destac\u00e1ndose subidas alarmantes en productos esenciales de la dieta dominicana:<\/p>\n\n\n\n<p class=\"wp-block-paragraph\">Yuca: +42%<\/p>\n\n\n\n<p class=\"wp-block-paragraph\">Papa: +18%<\/p>\n\n\n\n<p class=\"wp-block-paragraph\">Pl\u00e1tano: +14%<\/p>\n\n\n\n<p class=\"wp-block-paragraph\">Pl\u00e1tano maduro: +13%<\/p>\n\n\n\n<p class=\"wp-block-paragraph\">Arroz: +6%<\/p>\n\n\n\n<p class=\"wp-block-paragraph\">Pollo: +6%<\/p>\n\n\n\n<p class=\"wp-block-paragraph\">&#8220;Los productos de mayor incidencia en la canasta b\u00e1sica de los hogares m\u00e1s pobres han aumentado m\u00e1s de un 12% en un a\u00f1o. Como los salarios no suben al mismo ritmo, la gente se ve obligada a consumir menos; la calidad y el poder adquisitivo bajan, por lo que ganas menos aunque nominalmente ganes igual&#8221;, enfatiz\u00f3 el dirigente pol\u00edtico.<\/p>\n\n\n\n<p class=\"wp-block-paragraph\"><strong>La clase media bajo presi\u00f3n financiera<\/strong><\/p>\n\n\n\n<p class=\"wp-block-paragraph\">Medina aclar\u00f3 que la crisis de precios ya no se limita a la gasolina, sino que ha mutado hacia otros componentes del gasto residencial y familiar de la clase media, tales como:<\/p>\n\n\n\n<p class=\"wp-block-paragraph\">Incrementos significativos en los colegios privados.<\/p>\n\n\n\n<p class=\"wp-block-paragraph\">Alzas en el costo de mantenimiento de los residenciales.<\/p>\n\n\n\n<p class=\"wp-block-paragraph\">Aumento de las cuotas de pr\u00e9stamos hipotecarios y de veh\u00edculos debido al incremento en las tasas de inter\u00e9s.<\/p>\n\n\n\n<p class=\"wp-block-paragraph\"><strong>Un crecimiento econ\u00f3mico &#8220;desgajado&#8221; y dependiente del Estado<\/strong><\/p>\n\n\n\n<p class=\"wp-block-paragraph\">Respecto al crecimiento del Producto Interno Bruto (PIB) del 4.5% reportado por el Banco Central, el economista utiliz\u00f3 una met\u00e1fora para explicar por qu\u00e9 la ciudadan\u00eda no lo percibe en sus bolsillos: &#8220;Si promediamos la edad de un ni\u00f1o de un a\u00f1o y su abuela de 100, el promedio es 50 a\u00f1os, pero ninguno tiene esa edad. Eso pasa hoy con la econom\u00eda&#8221;.<\/p>\n\n\n\n<p class=\"wp-block-paragraph\">Hist\u00f3ricamente, el dinamismo dominicano integraba a todos los sectores. Sin embargo, Medina detall\u00f3 que el crecimiento actual est\u00e1 concentrado casi exclusivamente en el sector financiero, el turismo (hoteles, bares y restaurantes) y una reactivaci\u00f3n de la construcci\u00f3n tras destrabarse los permisos de viviendas.<\/p>\n\n\n\n<p class=\"wp-block-paragraph\">Sostuvo adem\u00e1s que el empleo privado sufri\u00f3 una reducci\u00f3n que fue amortiguada artificialmente por el Gobierno central, el cual increment\u00f3 la empleoman\u00eda estatal en unos 35,000 nuevos puestos de trabajo en el \u00faltimo a\u00f1o.<\/p>\n\n\n\n<p class=\"wp-block-paragraph\"><strong>Inversi\u00f3n en telecomunicaciones e impacto geopol\u00edtico<\/strong><\/p>\n\n\n\n<p class=\"wp-block-paragraph\">En otros temas, Medina valor\u00f3 de forma positiva la posible llegada de la empresa de telecomunicaciones Vietel al pa\u00eds, indicando que la inversi\u00f3n extranjera directa siempre es bienvenida porque genera empleos y dinamiza el PIB.<\/p>\n\n\n\n<p class=\"wp-block-paragraph\">No obstante, se mantuvo cauto sobre el beneficio final para el usuario: &#8220;Casi siempre la competencia beneficia al consumidor, pero habr\u00e1 que ver si la entrada de este nuevo jugador inducir\u00e1 una reducci\u00f3n real de los precios del servicio cuando la empresa est\u00e9 madura&#8221;.<\/p>\n\n\n\n<p class=\"wp-block-paragraph\">Finalmente, al abordar el panorama internacional, el experto se refiri\u00f3 a las tensiones en el Medio Oriente y el rol de China, pa\u00eds que defini\u00f3 como un socio estrat\u00e9gico de Ir\u00e1n.<\/p>\n\n\n\n<p class=\"wp-block-paragraph\">Afirm\u00f3 que China y Rusia observan el panorama desde afuera mientras Estados Unidos agota sus cartas diplom\u00e1ticas ante un bloque de resistencia que dificulta las soluciones r\u00e1pidas en la regi\u00f3n.<\/p>\n","protected":false},"excerpt":{"rendered":"<p>El economista del PLD se\u00f1ala que la inflaci\u00f3n en alimentos duplica el ritmo previo a la pandemia y obliga a los ciudadanos a consumir menos. SANTO DOMINGO. \u2013 El economista&hellip;<\/p>\n","protected":false},"author":10,"featured_media":138559,"comment_status":"open","ping_status":"open","sticky":false,"template":"","format":"standard","meta":{"content-type":"","_jetpack_newsletter_access":"","_jetpack_dont_email_post_to_subs":false,"_jetpack_newsletter_tier_id":0,"_jetpack_memberships_contains_paywalled_content":false,"_jetpack_feature_clip_id":0,"_jetpack_memberships_contains_paid_content":false,"footnotes":"","jetpack_post_was_ever_published":false},"categories":[39],"tags":[36151,1400,3516,36152,14863,36149,7825,36150],"class_list":["post-138558","post","type-post","status-publish","format-standard","has-post-thumbnail","hentry","category-economia","tag-36151","tag-alza","tag-hogares","tag-mas-pobres","tag-poder-adquisitivo","tag-pulveriza","tag-richard-medina","tag-viveres"],"jetpack-related-posts":[{"id":126086,"url":"https:\/\/lasprimeras.com.do\/index.php\/2026\/03\/29\/richard-medina-crisis-petrolera-encuentra-al-pais-con-el-peor-crecimiento-economico-en-15-anos\/","url_meta":{"origin":138558,"position":0},"title":"Richard Medina: Crisis petrolera encuentra al pa\u00eds con el peor crecimiento econ\u00f3mico en 15 a\u00f1os","author":"Nelson Feliz","date":"29 de marzo de 2026","format":false,"excerpt":"El miembro del Comit\u00e9 Pol\u00edtico del Partido de la Liberaci\u00f3n Dominicana (PLD), economista Richard Medina, considera, que ante de cargar el costo de la crisis sobre las familias dominicanas, el gobierno debe disponer de un plan de austeridad para mitigar esa crisis. \u201cEl gobierno primero debe apretarse el cintur\u00f3n, proponer\u2026","rel":"","context":"En \u00abECONOM\u00cdA\u00bb","block_context":{"text":"ECONOM\u00cdA","link":"https:\/\/lasprimeras.com.do\/index.php\/category\/economia\/"},"img":{"alt_text":"","src":"https:\/\/i0.wp.com\/lasprimeras.com.do\/wp-content\/uploads\/2025\/09\/Richard-Medina.jpg?resize=350%2C200&ssl=1","width":350,"height":200,"srcset":"https:\/\/i0.wp.com\/lasprimeras.com.do\/wp-content\/uploads\/2025\/09\/Richard-Medina.jpg?resize=350%2C200&ssl=1 1x, https:\/\/i0.wp.com\/lasprimeras.com.do\/wp-content\/uploads\/2025\/09\/Richard-Medina.jpg?resize=525%2C300&ssl=1 1.5x"},"classes":[]},{"id":117423,"url":"https:\/\/lasprimeras.com.do\/index.php\/2025\/12\/10\/richard-medina-preve-crecimiento-economico-dificil-en-rd-en-el-primer-trimestre-de-2026\/","url_meta":{"origin":138558,"position":1},"title":"Richard Medina prev\u00e9 crecimiento econ\u00f3mico dif\u00edcil en RD en el primer trimestre de 2026","author":"Nelson Feliz","date":"10 de diciembre de 2025","format":false,"excerpt":"El economista Richard Medina, miembro del Comit\u00e9 Pol\u00edtico del Partido de la Liberaci\u00f3n Dominicana (PLD) prev\u00e9 un crecimiento econ\u00f3mico dif\u00edcil para el primer trimestre del pr\u00f3ximo a\u00f1o 2026 en Rep\u00fablica Dominicana (PLD). Medina al intervenir en el programa El Sol de la Ma\u00f1ana reiter\u00f3 que el ritmo de crecimiento no\u2026","rel":"","context":"En \u00abECONOM\u00cdA\u00bb","block_context":{"text":"ECONOM\u00cdA","link":"https:\/\/lasprimeras.com.do\/index.php\/category\/economia\/"},"img":{"alt_text":"Richard Medina","src":"https:\/\/i0.wp.com\/lasprimeras.com.do\/wp-content\/uploads\/2025\/04\/Richard-Medina.jpg?resize=350%2C200&ssl=1","width":350,"height":200,"srcset":"https:\/\/i0.wp.com\/lasprimeras.com.do\/wp-content\/uploads\/2025\/04\/Richard-Medina.jpg?resize=350%2C200&ssl=1 1x, https:\/\/i0.wp.com\/lasprimeras.com.do\/wp-content\/uploads\/2025\/04\/Richard-Medina.jpg?resize=525%2C300&ssl=1 1.5x, https:\/\/i0.wp.com\/lasprimeras.com.do\/wp-content\/uploads\/2025\/04\/Richard-Medina.jpg?resize=700%2C400&ssl=1 2x"},"classes":[]},{"id":112192,"url":"https:\/\/lasprimeras.com.do\/index.php\/2025\/10\/19\/pld-reitera-pedimento-de-restablecer-indexacion-de-salarios-en-2026\/","url_meta":{"origin":138558,"position":2},"title":"PLD reitera pedimento de restablecer indexaci\u00f3n de salarios en 2026","author":"Nelson Feliz","date":"19 de octubre de 2025","format":false,"excerpt":"El cambio de contexto tras la pandemia hace necesario proteger el ingreso real de los trabajadores asalariados. El miembro del Comit\u00e9 Pol\u00edtico del Partido de la Liberaci\u00f3n Dominicana (PLD) y exdirector de Impuestos Internos, Guarocuya F\u00e9lix, reitera su demanda al Gobierno de restablecer la indexaci\u00f3n salarial establecida en el art\u00edculo\u2026","rel":"","context":"En \u00abECONOM\u00cdA\u00bb","block_context":{"text":"ECONOM\u00cdA","link":"https:\/\/lasprimeras.com.do\/index.php\/category\/economia\/"},"img":{"alt_text":"","src":"https:\/\/i0.wp.com\/lasprimeras.com.do\/wp-content\/uploads\/2025\/10\/guaro.jpg?resize=350%2C200&ssl=1","width":350,"height":200,"srcset":"https:\/\/i0.wp.com\/lasprimeras.com.do\/wp-content\/uploads\/2025\/10\/guaro.jpg?resize=350%2C200&ssl=1 1x, https:\/\/i0.wp.com\/lasprimeras.com.do\/wp-content\/uploads\/2025\/10\/guaro.jpg?resize=525%2C300&ssl=1 1.5x, https:\/\/i0.wp.com\/lasprimeras.com.do\/wp-content\/uploads\/2025\/10\/guaro.jpg?resize=700%2C400&ssl=1 2x"},"classes":[]},{"id":131386,"url":"https:\/\/lasprimeras.com.do\/index.php\/2026\/05\/21\/inflacion-el-pasado-ano-subio-un-8-uno-de-los-aumentos-mas-altos-desde-el-2021\/","url_meta":{"origin":138558,"position":3},"title":"Inflaci\u00f3n el pasado a\u00f1o subi\u00f3 un 8%, uno de los aumentos m\u00e1s altos desde el 2021","author":"Nelson Feliz","date":"21 de mayo de 2026","format":false,"excerpt":"El economista y miembro del Comit\u00e9 Pol\u00edtico del Partido de la Liberaci\u00f3n Dominicana (PLD), Richard Medina, dijo que la situaci\u00f3n de par\u00e1lisis econ\u00f3mica que tiene la Rep\u00fablica en estos momentos no es algo intr\u00ednseco o \u00fanico que se le pueda achacar precisamente al conflicto que existe en el Medio Oriente.\u2026","rel":"","context":"En \u00abECONOM\u00cdA\u00bb","block_context":{"text":"ECONOM\u00cdA","link":"https:\/\/lasprimeras.com.do\/index.php\/category\/economia\/"},"img":{"alt_text":"Richard Medina","src":"https:\/\/i0.wp.com\/lasprimeras.com.do\/wp-content\/uploads\/2025\/12\/Richard-Medina.jpg?resize=350%2C200&ssl=1","width":350,"height":200,"srcset":"https:\/\/i0.wp.com\/lasprimeras.com.do\/wp-content\/uploads\/2025\/12\/Richard-Medina.jpg?resize=350%2C200&ssl=1 1x, https:\/\/i0.wp.com\/lasprimeras.com.do\/wp-content\/uploads\/2025\/12\/Richard-Medina.jpg?resize=525%2C300&ssl=1 1.5x"},"classes":[]},{"id":130511,"url":"https:\/\/lasprimeras.com.do\/index.php\/2026\/05\/14\/advierte-sobre-desaceleracion-del-crecimiento-economico\/","url_meta":{"origin":138558,"position":4},"title":"Advierte sobre desaceleraci\u00f3n del crecimiento econ\u00f3mico","author":"Nelson Feliz","date":"14 de mayo de 2026","format":false,"excerpt":"Altas tasas en Estados Unidos impactar\u00edan a la Rep\u00fablica Dominicana, advierte el economista Richard Medina, miembro del CP del PLD. Richard Medina, economista y miembro del Comit\u00e9 Pol\u00edtico del Partido de la Liberaci\u00f3n Dominicana (PLD), se\u00f1al\u00f3 que la persistencia de tasas altas en Estados Unidos tendr\u00eda efectos directos sobre Rep\u00fablica\u2026","rel":"","context":"En \u00abECONOM\u00cdA\u00bb","block_context":{"text":"ECONOM\u00cdA","link":"https:\/\/lasprimeras.com.do\/index.php\/category\/economia\/"},"img":{"alt_text":"Richard Medina","src":"https:\/\/i0.wp.com\/lasprimeras.com.do\/wp-content\/uploads\/2026\/01\/Richard-Medina.jpg?resize=350%2C200&ssl=1","width":350,"height":200,"srcset":"https:\/\/i0.wp.com\/lasprimeras.com.do\/wp-content\/uploads\/2026\/01\/Richard-Medina.jpg?resize=350%2C200&ssl=1 1x, https:\/\/i0.wp.com\/lasprimeras.com.do\/wp-content\/uploads\/2026\/01\/Richard-Medina.jpg?resize=525%2C300&ssl=1 1.5x, https:\/\/i0.wp.com\/lasprimeras.com.do\/wp-content\/uploads\/2026\/01\/Richard-Medina.jpg?resize=700%2C400&ssl=1 2x"},"classes":[]},{"id":61281,"url":"https:\/\/lasprimeras.com.do\/index.php\/2023\/09\/25\/richard-medina-dice-que-la-economia-crecera-menos-de-un-3-este-ano\/","url_meta":{"origin":138558,"position":5},"title":"Richard Medina dice que la econom\u00eda crecer\u00e1 menos de un 3% este a\u00f1o","author":"Nelson Feliz","date":"25 de septiembre de 2023","format":false,"excerpt":"El director de la Escuela de Econom\u00eda de la Universidad Intec, Richard Medina, consider\u00f3 que la econom\u00eda dominicana crecer\u00e1 menos del tres por ciento en el presente a\u00f1o. El economista expres\u00f3 que la reducci\u00f3n en el crecimiento de la econom\u00eda no ayuda a la generaci\u00f3n de empleos formales. Medina, consider\u00f3\u2026","rel":"","context":"En \u00abECONOM\u00cdA\u00bb","block_context":{"text":"ECONOM\u00cdA","link":"https:\/\/lasprimeras.com.do\/index.php\/category\/economia\/"},"img":{"alt_text":"Richard Medina","src":"https:\/\/i0.wp.com\/lasprimeras.com.do\/wp-content\/uploads\/2023\/09\/Richard-Medina.jpg?resize=350%2C200&ssl=1","width":350,"height":200},"classes":[]}],"jetpack_sharing_enabled":true,"jetpack_featured_media_url":"https:\/\/lasprimeras.com.do\/wp-content\/uploads\/2026\/08\/Richard-Medina.jpg","_links":{"self":[{"href":"https:\/\/lasprimeras.com.do\/index.php\/wp-json\/wp\/v2\/posts\/138558","targetHints":{"allow":["GET"]}}],"collection":[{"href":"https:\/\/lasprimeras.com.do\/index.php\/wp-json\/wp\/v2\/posts"}],"about":[{"href":"https:\/\/lasprimeras.com.do\/index.php\/wp-json\/wp\/v2\/types\/post"}],"author":[{"embeddable":true,"href":"https:\/\/lasprimeras.com.do\/index.php\/wp-json\/wp\/v2\/users\/10"}],"replies":[{"embeddable":true,"href":"https:\/\/lasprimeras.com.do\/index.php\/wp-json\/wp\/v2\/comments?post=138558"}],"version-history":[{"count":1,"href":"https:\/\/lasprimeras.com.do\/index.php\/wp-json\/wp\/v2\/posts\/138558\/revisions"}],"predecessor-version":[{"id":138560,"href":"https:\/\/lasprimeras.com.do\/index.php\/wp-json\/wp\/v2\/posts\/138558\/revisions\/138560"}],"wp:featuredmedia":[{"embeddable":true,"href":"https:\/\/lasprimeras.com.do\/index.php\/wp-json\/wp\/v2\/media\/138559"}],"wp:attachment":[{"href":"https:\/\/lasprimeras.com.do\/index.php\/wp-json\/wp\/v2\/media?parent=138558"}],"wp:term":[{"taxonomy":"category","embeddable":true,"href":"https:\/\/lasprimeras.com.do\/index.php\/wp-json\/wp\/v2\/categories?post=138558"},{"taxonomy":"post_tag","embeddable":true,"href":"https:\/\/lasprimeras.com.do\/index.php\/wp-json\/wp\/v2\/tags?post=138558"}],"curies":[{"name":"wp","href":"https:\/\/api.w.org\/{rel}","templated":true}]}}