{"id":138561,"date":"2026-08-30T23:36:55","date_gmt":"2026-08-31T03:36:55","guid":{"rendered":"https:\/\/lasprimeras.com.do\/?p=138561"},"modified":"2026-08-30T23:36:56","modified_gmt":"2026-08-31T03:36:56","slug":"quien-fue-el-autor-intelectual-de-la-muerte-de-las-hermanas-mirabal-y-rufino-de-la-cruz","status":"publish","type":"post","link":"https:\/\/lasprimeras.com.do\/index.php\/2026\/08\/30\/quien-fue-el-autor-intelectual-de-la-muerte-de-las-hermanas-mirabal-y-rufino-de-la-cruz\/","title":{"rendered":"\u00bfQui\u00e9n fue el autor intelectual de la muerte de las hermanas Mirabal y Rufino de la Cruz?"},"content":{"rendered":"\n<p class=\"wp-block-paragraph\">Por Dayvi L\u00f3pez Vargas<\/p>\n\n\n\n<p class=\"wp-block-paragraph\">El asesinato de las hermanas Mirabal es probablemente el crimen con mayor repercusi\u00f3n&nbsp;hist\u00f3rica, pol\u00edtica y social&nbsp;de toda la historia del siglo XX dominicano.<\/p>\n\n\n\n<p class=\"wp-block-paragraph\">Uno de los elementos que ocasion\u00f3 mayor impacto fue la muerte de tres mujeres. Desde las \u00e9pocas de la Independencia e incluso durante la invasi\u00f3n de Estados Unidos al pa\u00eds, no se registra un hecho de caracter\u00edsticas similares.<\/p>\n\n\n\n<p class=\"wp-block-paragraph\">Tampoco, dentro de toda la Era de Trujillo, se hab\u00eda producido un asesinato de mujeres con la repercusi\u00f3n que tendr\u00eda posteriormente el de las hermanas Mirabal.<\/p>\n\n\n\n<p class=\"wp-block-paragraph\">Esto trae serias sospechas y obliga a preguntarnos si, a esas alturas,&nbsp;Trujillo habr\u00eda tomado personalmente la decisi\u00f3n de ordenar un crimen de semejante magnitud.<\/p>\n\n\n\n<p class=\"wp-block-paragraph\">\u00bfPor qu\u00e9 dej\u00f3 vivo a los lideres de los movimientos que los ten\u00eda en sus manos?<\/p>\n\n\n\n<p class=\"wp-block-paragraph\">Si bien las hermanas Mirabal eran una amenaza para Trujillo y estuvieron involucradas en actividades de resistencia contra la dictadura, incluyendo, seg\u00fan relatos y testimonios hist\u00f3ricos, intentos de colocar artefactos explosivos con el prop\u00f3sito de atentar contra el dictador en lugares como la actual avenida M\u00e1ximo G\u00f3mez o la Feria Ganadera, debemos analizar los hechos y determinar&nbsp;qui\u00e9n tuvo realmente el poder para ordenar y ejecutar una operaci\u00f3n de ese nivel.<\/p>\n\n\n\n<p class=\"wp-block-paragraph\">Podemos estar seguros de que, para cometerse una acci\u00f3n de esa naturaleza desde el aparato represivo del r\u00e9gimen, hab\u00eda que contar con la autorizaci\u00f3n de las m\u00e1s altas instancias de la dictadura.<\/p>\n\n\n\n<p class=\"wp-block-paragraph\">La responsabilidad pol\u00edtica de Trujillo ha sido ampliamente se\u00f1alada por la historiograf\u00eda.&nbsp;Pero eso no necesariamente responde por s\u00ed solo a la pregunta de qui\u00e9n fue el verdadero autor intelectual o qui\u00e9n pudo haber dise\u00f1ado una operaci\u00f3n de mayores dimensiones.<\/p>\n\n\n\n<p class=\"wp-block-paragraph\">Podemos irnos m\u00e1s lejos y preguntarnos por qu\u00e9 ninguno de los culpables fue sometido a una investigaci\u00f3n internacional de la magnitud que merec\u00eda el crimen, ni se produjo una solicitud de extradici\u00f3n contra quienes pudieran haber tenido responsabilidades superiores, durante los gobiernos posteriores a la dictadura:&nbsp;el profesor Juan Bosch, el Triunvirato, el doctor Joaqu\u00edn Balaguer, Antonio Guzm\u00e1n Fern\u00e1ndez, Salvador Jorge Blanco, Leonel Fern\u00e1ndez, Hip\u00f3lito Mej\u00eda y nuevamente Leonel Fern\u00e1ndez, entre otros.<\/p>\n\n\n\n<p class=\"wp-block-paragraph\">Los culpables f\u00edsicos terminaron muriendo sin enfrentar una condena proporcional a la magnitud del crimen. Algunos incluso murieron en sus camas en Miami, Estados Unidos.&nbsp;<\/p>\n\n\n\n<p class=\"wp-block-paragraph\">El principal sospechoso intelectual que aqu\u00ed planteamos como hip\u00f3tesis tambi\u00e9n muri\u00f3. Para nadie es un secreto que el presidente&nbsp;Donald Trump&nbsp;ha realizado fuertes cr\u00edticas contra el FBI y ha calificado p\u00fablicamente a su exdirector&nbsp;James Comey&nbsp;en t\u00e9rminos extremadamente duros.<\/p>\n\n\n\n<p class=\"wp-block-paragraph\">Esto no demuestra ninguna relaci\u00f3n con los acontecimientos de 1960, pero s\u00ed vuelve a colocar sobre la mesa el debate sobre la actuaci\u00f3n hist\u00f3rica de determinadas instituciones de seguridad estadounidenses.<\/p>\n\n\n\n<p class=\"wp-block-paragraph\">Siendo m\u00e1s precisos, seg\u00fan el escritor&nbsp;George Morat\u00f3, quien afirm\u00f3 haber tenido una relaci\u00f3n muy cercana con Trujillo, incluso describi\u00e9ndola como la de un hijo, habr\u00eda manifestado, refiri\u00e9ndose al asesinato de las Mirabal:<\/p>\n\n\n\n<p class=\"wp-block-paragraph\">\u201cHoy con la distancia que da el tiempo, puedo decirlo sin miedo, fue una arquitectura precisa, fr\u00eda, dise\u00f1ada por John Edgar Hoover; fue el arquitecto. Los dem\u00e1s, simples peones\u201d.<\/p>\n\n\n\n<p class=\"wp-block-paragraph\">La cita es atribuida a su obra&nbsp;L\u00e1grimas de un ni\u00f1o, p\u00e1gina 117.&nbsp;Esta afirmaci\u00f3n debe ser considerada un testimonio o alegaci\u00f3n atribuida a Morat\u00f3 y requiere ser contrastada documentalmente antes de presentarla como un hecho hist\u00f3rico probado.<\/p>\n\n\n\n<p class=\"wp-block-paragraph\">Debemos recordar que&nbsp;J. Edgar Hoover&nbsp;fue una de las figuras m\u00e1s poderosas de la historia del aparato de seguridad estadounidense. Fue director del Bureau of Investigation y posteriormente del&nbsp;Federal Bureau of Investigation (FBI), instituci\u00f3n que dirigi\u00f3 durante casi cinco d\u00e9cadas, desde 1924 hasta su muerte en 1972, a los 77 a\u00f1os.<\/p>\n\n\n\n<p class=\"wp-block-paragraph\">Las fuentes hist\u00f3ricas y documentos desclasificados de estas organizaciones, fechados alrededor del&nbsp;15 de noviembre de 1960, se\u00f1alan que el r\u00e9gimen habr\u00eda ordenado el asesinato de&nbsp;Patria, Minerva y Mar\u00eda Teresa Mirabal, junto con&nbsp;Rufino de la Cruz, el 25 de noviembre de 1960.<\/p>\n\n\n\n<p class=\"wp-block-paragraph\">Sin embargo, surge una pregunta fundamental:<\/p>\n\n\n\n<p class=\"wp-block-paragraph\">\u00bfC\u00f3mo pudieron saberlo?<\/p>\n\n\n\n<p class=\"wp-block-paragraph\">\u00bfPor qu\u00e9, si esa informaci\u00f3n exist\u00eda antes del crimen, no hicieron nada?<\/p>\n\n\n\n<p class=\"wp-block-paragraph\">\u00bfExisti\u00f3 alg\u00fan tipo de comunicaci\u00f3n entre el FBI y el r\u00e9gimen de Trujillo?<\/p>\n\n\n\n<p class=\"wp-block-paragraph\">\u00bfHubo una orden, una advertencia, una omisi\u00f3n deliberada o qu\u00e9 podr\u00eda explicar semejante misterio?<\/p>\n\n\n\n<p class=\"wp-block-paragraph\">El FBI ten\u00eda un inter\u00e9s importante en los asuntos de Trujillo. El caso de&nbsp;Jes\u00fas de Gal\u00edndez, quien hab\u00eda trabajado como informante del FBI y la CIA, y su desaparici\u00f3n en 1956 provocaron una investigaci\u00f3n estadounidense que apunt\u00f3 hacia el r\u00e9gimen de Trujillo.<\/p>\n\n\n\n<p class=\"wp-block-paragraph\">Adem\u00e1s, documentos hist\u00f3ricos muestran que Hoover recib\u00eda y transmit\u00eda informaci\u00f3n sobre dirigentes y acontecimientos pol\u00edticos dominicanos.<\/p>\n\n\n\n<p class=\"wp-block-paragraph\">El contexto geopol\u00edtico era extraordinariamente complejo en 1960. Se hab\u00eda producido el atentado contra&nbsp;R\u00f3mulo Betancourt, presidente de Venezuela, y las relaciones entre Washington y Trujillo se deterioraban r\u00e1pidamente.<\/p>\n\n\n\n<p class=\"wp-block-paragraph\">En abril de 1960, la CIA ya describ\u00eda la situaci\u00f3n del r\u00e9gimen de Trujillo como precaria, hablaba de arrestos masivos y de conspiraciones revolucionarias para derrocarlo.<\/p>\n\n\n\n<p class=\"wp-block-paragraph\">Por eso debemos formular una pregunta que hasta ahora no ha recibido una respuesta definitiva:<\/p>\n\n\n\n<p class=\"wp-block-paragraph\">\u00bfEl FBI recibi\u00f3 informaci\u00f3n sobre la orden de Trujillo entre el 15 y el 25 de noviembre de 1960 y, en caso afirmativo, qu\u00e9 hizo J. Edgar Hoover con esa informaci\u00f3n?<\/p>\n\n\n\n<p class=\"wp-block-paragraph\">Esto es importante porque un informe estadounidense podr\u00eda describir una operaci\u00f3n represiva sin mencionar necesariamente el apellido&nbsp;Mirabal. Podr\u00eda referirse al&nbsp;SIM, a opositores pol\u00edticos, prisioneros, conspiradores o a una operaci\u00f3n contra elementos de la resistencia.<\/p>\n\n\n\n<p class=\"wp-block-paragraph\">El&nbsp;25 de noviembre de 1960&nbsp;fue una fecha que no solo estremeci\u00f3 a la Rep\u00fablica Dominicana, sino al mundo.<\/p>\n\n\n\n<p class=\"wp-block-paragraph\">D\u00e9cadas despu\u00e9s, esta fecha fue adoptada por las Naciones Unidas como el&nbsp;D\u00eda Internacional de la Eliminaci\u00f3n de la Violencia contra la Mujer.<\/p>\n\n\n\n<p class=\"wp-block-paragraph\">Pero existe otro aspecto que consideramos fundamental:&nbsp;junto a las tres hermanas Mirabal fue asesinado Rufino de la Cruz. Por eso, aunque el crimen se haya convertido en un s\u00edmbolo mundial de la violencia contra la mujer, no podemos permitir que Rufino sea sacado de la historia.&nbsp;<\/p>\n\n\n\n<p class=\"wp-block-paragraph\">\u00c9l tambi\u00e9n fue v\u00edctima del mismo operativo y su asesinato forma parte inseparable de este crimen.<\/p>\n\n\n\n<p class=\"wp-block-paragraph\">Por ello solicitamos:<\/p>\n\n\n\n<p class=\"wp-block-paragraph\">Primero:&nbsp;en vista de las fuertes cr\u00edticas que el presidente Donald Trump ha expresado sobre determinadas instituciones de seguridad estadounidenses, que se solicite a la&nbsp;Embajada de los Estados Unidos en la Rep\u00fablica Dominicana, por los canales diplom\u00e1ticos correspondientes, la desclasificaci\u00f3n y entrega de los documentos de la \u00e9poca relacionados con&nbsp;J. Edgar Hoover, el FBI, la CIA, Rafael Le\u00f3nidas Trujillo, el SIM, las hermanas Mirabal y Rufino de la Cruz.<\/p>\n\n\n\n<p class=\"wp-block-paragraph\">Segundo:&nbsp;que se investigue espec\u00edficamente qu\u00e9 informaci\u00f3n pose\u00edan las agencias estadounidenses antes del&nbsp;25 de noviembre de 1960, qu\u00e9 informaci\u00f3n recibieron despu\u00e9s del crimen y qui\u00e9nes dentro de esas instituciones tuvieron acceso a ella.<\/p>\n\n\n\n<p class=\"wp-block-paragraph\">Tercero:&nbsp;en dado caso de existir complicidad estadounidense o de demostrarse documentalmente que el exdirector del FBI&nbsp;J. Edgar Hoover&nbsp;fue autor intelectual, que se produzca un reconocimiento y un&nbsp;perd\u00f3n p\u00fablico al pueblo dominicano.<\/p>\n\n\n\n<p class=\"wp-block-paragraph\">Porque, de comprobarse una participaci\u00f3n externa en la planificaci\u00f3n del crimen,&nbsp;no estar\u00edamos \u00fanicamente ante un caso de violencia contra la mujer. De hecho, no fueron solamente mujeres las v\u00edctimas: junto a ellas fue asesinado&nbsp;Rufino de la Cruz.<\/p>\n\n\n\n<p class=\"wp-block-paragraph\">Estar\u00edamos entonces ante un crimen pol\u00edtico de enormes dimensiones y, dependiendo de lo que revelaran los documentos, ante actos que podr\u00edan ser analizados desde la perspectiva del&nbsp;terrorismo de Estado o del terrorismo pol\u00edtico.<\/p>\n\n\n\n<p class=\"wp-block-paragraph\">La historia no puede construirse solamente con las versiones que sobrevivieron al paso del tiempo.&nbsp;Los archivos todav\u00eda pueden tener respuestas. Y si realmente no hubo participaci\u00f3n de Hoover ni del FBI, entonces que los documentos lo demuestren. Porque la mejor manera de defender la memoria de las hermanas Mirabal y de Rufino de la Cruz no es proteger una versi\u00f3n: es buscar la verdad.<\/p>\n\n\n\n<p class=\"wp-block-paragraph\">Dayvi L\u00f3pez Vargas<br>Flanco Nacionalista<\/p>\n","protected":false},"excerpt":{"rendered":"<p>Por Dayvi L\u00f3pez Vargas El asesinato de las hermanas Mirabal es probablemente el crimen con mayor repercusi\u00f3n&nbsp;hist\u00f3rica, pol\u00edtica y social&nbsp;de toda la historia del siglo XX dominicano. Uno de los&hellip;<\/p>\n","protected":false},"author":10,"featured_media":138562,"comment_status":"open","ping_status":"open","sticky":false,"template":"","format":"standard","meta":{"content-type":"","_jetpack_newsletter_access":"","_jetpack_dont_email_post_to_subs":false,"_jetpack_newsletter_tier_id":0,"_jetpack_memberships_contains_paywalled_content":false,"_jetpack_feature_clip_id":0,"_jetpack_memberships_contains_paid_content":false,"footnotes":"","jetpack_post_was_ever_published":false},"categories":[482],"tags":[31061,3292,330,36153],"class_list":["post-138561","post","type-post","status-publish","format-standard","has-post-thumbnail","hentry","category-historia","tag-autor-intelectual","tag-hermanas-mirabal","tag-muerte","tag-rufino-de-la-cruz"],"jetpack-related-posts":[{"id":121076,"url":"https:\/\/lasprimeras.com.do\/index.php\/2026\/01\/31\/recordamos-a-belgica-adela-mirabal-reyes-la-unica-hermana-mirabal-reyes-que-sobrevivio-a-trujillo\/","url_meta":{"origin":138561,"position":0},"title":"Recordamos a B\u00e9lgica Adela Mirabal Reyes, la \u00fanica hermana Mirabal Reyes , que sobrevivi\u00f3 a Trujillo","author":"Nelson Feliz","date":"31 de enero de 2026","format":false,"excerpt":"B\u00e9lgica Adela Mirabal Reyes, la \u00fanica hermana Mirabal Reyes , que sobrevivi\u00f3 a Trujillo, record\u00e1ndola en el d\u00eda de su fallecimiento. Do\u00f1a Ded\u00e9 como se le conoc\u00eda, naci\u00f3 en Ojo de Agua, Salcedo, un 28 de febrero de 1925 y declarada el 1 de marzo, fecha en la que celebra\u2026","rel":"","context":"En \u00abHISTORIA\u00bb","block_context":{"text":"HISTORIA","link":"https:\/\/lasprimeras.com.do\/index.php\/category\/historia\/"},"img":{"alt_text":"B\u00e9lgica Adela Mirabal Reyes","src":"https:\/\/i0.wp.com\/lasprimeras.com.do\/wp-content\/uploads\/2026\/01\/Belgica-Adela-Mirabal-Reyes.jpg?resize=350%2C200&ssl=1","width":350,"height":200},"classes":[]},{"id":115934,"url":"https:\/\/lasprimeras.com.do\/index.php\/2025\/11\/25\/festival-cultural-hermanas-mirabal-2025-concluye-con-actos-en-honor-a-las-hermanas-mirabal\/","url_meta":{"origin":138561,"position":1},"title":"Festival Cultural Hermanas Mirabal 2025 concluye con actos en honor a las Hermanas Mirabal","author":"Nelson Feliz","date":"25 de noviembre de 2025","format":false,"excerpt":"Este 25 de noviembre se conmemora el 65 aniversario del asesinato de Las Mariposas. El Festival Cultural Hermanas Mirabal 2025 concluy\u00f3 de manera exitosa con una serie de actos conmemorativos que resaltaron el compromiso y el liderazgo de la legisladora Mar\u00eda Mercedes Ortiz Dilon\u00e9, quien tambi\u00e9n es presidenta ejecutiva del\u2026","rel":"","context":"En \u00abENTRETENIMIENTO\u00bb","block_context":{"text":"ENTRETENIMIENTO","link":"https:\/\/lasprimeras.com.do\/index.php\/category\/entretenimiento\/"},"img":{"alt_text":"","src":"https:\/\/i0.wp.com\/lasprimeras.com.do\/wp-content\/uploads\/2025\/11\/Festival-Cultural-Hermanas-Mirabal-2025.jpg?resize=350%2C200&ssl=1","width":350,"height":200,"srcset":"https:\/\/i0.wp.com\/lasprimeras.com.do\/wp-content\/uploads\/2025\/11\/Festival-Cultural-Hermanas-Mirabal-2025.jpg?resize=350%2C200&ssl=1 1x, https:\/\/i0.wp.com\/lasprimeras.com.do\/wp-content\/uploads\/2025\/11\/Festival-Cultural-Hermanas-Mirabal-2025.jpg?resize=525%2C300&ssl=1 1.5x, https:\/\/i0.wp.com\/lasprimeras.com.do\/wp-content\/uploads\/2025\/11\/Festival-Cultural-Hermanas-Mirabal-2025.jpg?resize=700%2C400&ssl=1 2x"},"classes":[]},{"id":135621,"url":"https:\/\/lasprimeras.com.do\/index.php\/2026\/07\/25\/dominicana-llevara-la-historia-de-las-hermanas-mirabal-a-italia\/","url_meta":{"origin":138561,"position":2},"title":"Dominicana llevar\u00e1 la historia de las hermanas Mirabal a Italia","author":"Nelson Feliz","date":"25 de julio de 2026","format":false,"excerpt":"Ferentino, Italia.\u2013 La dominicana Vanessa Garc\u00eda Ram\u00edrez, estudiante del quinto a\u00f1o y pr\u00f3xima a graduarse en Teolog\u00eda en el Instituto Teol\u00f3gico Leoniano de Anagni, ofrecer\u00e1 una conferencia acompa\u00f1ada de una exposici\u00f3n fotogr\u00e1fica sobre la vida y el legado de las hermanas Mirabal, en una actividad organizada por la Asociaci\u00f3n Cultural\u2026","rel":"","context":"En \u00abENTRETENIMIENTO\u00bb","block_context":{"text":"ENTRETENIMIENTO","link":"https:\/\/lasprimeras.com.do\/index.php\/category\/entretenimiento\/"},"img":{"alt_text":"","src":"https:\/\/i0.wp.com\/lasprimeras.com.do\/wp-content\/uploads\/2026\/07\/Vanessa-Garcia-Ramirez.jpg?resize=350%2C200&ssl=1","width":350,"height":200,"srcset":"https:\/\/i0.wp.com\/lasprimeras.com.do\/wp-content\/uploads\/2026\/07\/Vanessa-Garcia-Ramirez.jpg?resize=350%2C200&ssl=1 1x, https:\/\/i0.wp.com\/lasprimeras.com.do\/wp-content\/uploads\/2026\/07\/Vanessa-Garcia-Ramirez.jpg?resize=525%2C300&ssl=1 1.5x, https:\/\/i0.wp.com\/lasprimeras.com.do\/wp-content\/uploads\/2026\/07\/Vanessa-Garcia-Ramirez.jpg?resize=700%2C400&ssl=1 2x"},"classes":[]},{"id":124479,"url":"https:\/\/lasprimeras.com.do\/index.php\/2026\/03\/12\/abinader-destaca-a-minerva-mirabal-como-pilar-de-la-democracia\/","url_meta":{"origin":138561,"position":3},"title":"Abinader destaca a Minerva Mirabal como pilar de la democracia","author":"Nelson Feliz","date":"12 de marzo de 2026","format":false,"excerpt":"El presidente Luis Abinader encabez\u00f3 este jueves los actos conmemorativos del centenario del nacimiento de Minerva Mirabal, donde resalt\u00f3 su liderazgo, su valent\u00eda frente a la tiran\u00eda y el legado de libertad que dej\u00f3 para la Rep\u00fablica Dominicana y el mundo. Durante su intervenci\u00f3n, el mandatario manifest\u00f3 que Minerva Mirabal\u2026","rel":"","context":"En \u00abNACIONALES\u00bb","block_context":{"text":"NACIONALES","link":"https:\/\/lasprimeras.com.do\/index.php\/category\/nacionales\/"},"img":{"alt_text":"Luis Abinader","src":"https:\/\/i0.wp.com\/lasprimeras.com.do\/wp-content\/uploads\/2026\/03\/Luis-Abinader-2.jpg?resize=350%2C200&ssl=1","width":350,"height":200,"srcset":"https:\/\/i0.wp.com\/lasprimeras.com.do\/wp-content\/uploads\/2026\/03\/Luis-Abinader-2.jpg?resize=350%2C200&ssl=1 1x, https:\/\/i0.wp.com\/lasprimeras.com.do\/wp-content\/uploads\/2026\/03\/Luis-Abinader-2.jpg?resize=525%2C300&ssl=1 1.5x, https:\/\/i0.wp.com\/lasprimeras.com.do\/wp-content\/uploads\/2026\/03\/Luis-Abinader-2.jpg?resize=700%2C400&ssl=1 2x"},"classes":[]},{"id":115313,"url":"https:\/\/lasprimeras.com.do\/index.php\/2025\/11\/20\/propeep-inaugura-dos-paseos-de-los-colores-en-villa-tapia-en-honor-a-las-hermanas-mirabal\/","url_meta":{"origin":138561,"position":4},"title":"Propeep inaugura dos Paseos de los Colores en Villa Tapia en honor a las hermanas Mirabal","author":"Nelson Feliz","date":"20 de noviembre de 2025","format":false,"excerpt":"El pr\u00f3ximo 25 de noviembre, se conmemora el D\u00eda Internacional de la Eliminaci\u00f3n de la Violencia contra la Mujer, establecido por la ONU; en honor a Patria, Minerva y Mar\u00eda Teresa Mirabal En el marco del Festival Cultural Hermanas Mirabal \u201cVilla Tapia est\u00e1 en Festival\u201d, la Direcci\u00f3n de los Proyectos\u2026","rel":"","context":"En \u00abNACIONALES\u00bb","block_context":{"text":"NACIONALES","link":"https:\/\/lasprimeras.com.do\/index.php\/category\/nacionales\/"},"img":{"alt_text":"","src":"https:\/\/i0.wp.com\/lasprimeras.com.do\/wp-content\/uploads\/2025\/11\/Paseos-de-los-Colores-1.jpg?resize=350%2C200&ssl=1","width":350,"height":200,"srcset":"https:\/\/i0.wp.com\/lasprimeras.com.do\/wp-content\/uploads\/2025\/11\/Paseos-de-los-Colores-1.jpg?resize=350%2C200&ssl=1 1x, https:\/\/i0.wp.com\/lasprimeras.com.do\/wp-content\/uploads\/2025\/11\/Paseos-de-los-Colores-1.jpg?resize=525%2C300&ssl=1 1.5x, https:\/\/i0.wp.com\/lasprimeras.com.do\/wp-content\/uploads\/2025\/11\/Paseos-de-los-Colores-1.jpg?resize=700%2C400&ssl=1 2x"},"classes":[]},{"id":51308,"url":"https:\/\/lasprimeras.com.do\/index.php\/2023\/05\/30\/62-anos-despues-del-ajusticiamiento-de-trujillo\/","url_meta":{"origin":138561,"position":5},"title":"62 a\u00f1os despu\u00e9s del ajusticiamiento de Trujillo","author":"prenxa100","date":"30 de mayo de 2023","format":false,"excerpt":"La noche del 30 de mayo de 1961 Modesto D\u00edaz, Salvador Estrella Sadhal\u00e1, Antonio de la Maza, Amado Garc\u00eda Guerrero, Manuel (Tunti), C\u00e1ceres Michel, Juan Tom\u00e1s D\u00edaz, Roberto Pastoriza, Luis Amiama Tio, Antonio Imbert Barrera, Pedro Livio Cede\u00f1o y Hu\u00e1scar Tejeda le dieron punto final a su planeada emboscada y\u2026","rel":"","context":"En \u00abHISTORIA\u00bb","block_context":{"text":"HISTORIA","link":"https:\/\/lasprimeras.com.do\/index.php\/category\/historia\/"},"img":{"alt_text":"","src":"","width":0,"height":0},"classes":[]}],"jetpack_sharing_enabled":true,"jetpack_featured_media_url":"https:\/\/lasprimeras.com.do\/wp-content\/uploads\/2026\/08\/WhatsApp-Image-2026-08-30-at-10.50.31-PM.jpeg","_links":{"self":[{"href":"https:\/\/lasprimeras.com.do\/index.php\/wp-json\/wp\/v2\/posts\/138561","targetHints":{"allow":["GET"]}}],"collection":[{"href":"https:\/\/lasprimeras.com.do\/index.php\/wp-json\/wp\/v2\/posts"}],"about":[{"href":"https:\/\/lasprimeras.com.do\/index.php\/wp-json\/wp\/v2\/types\/post"}],"author":[{"embeddable":true,"href":"https:\/\/lasprimeras.com.do\/index.php\/wp-json\/wp\/v2\/users\/10"}],"replies":[{"embeddable":true,"href":"https:\/\/lasprimeras.com.do\/index.php\/wp-json\/wp\/v2\/comments?post=138561"}],"version-history":[{"count":1,"href":"https:\/\/lasprimeras.com.do\/index.php\/wp-json\/wp\/v2\/posts\/138561\/revisions"}],"predecessor-version":[{"id":138563,"href":"https:\/\/lasprimeras.com.do\/index.php\/wp-json\/wp\/v2\/posts\/138561\/revisions\/138563"}],"wp:featuredmedia":[{"embeddable":true,"href":"https:\/\/lasprimeras.com.do\/index.php\/wp-json\/wp\/v2\/media\/138562"}],"wp:attachment":[{"href":"https:\/\/lasprimeras.com.do\/index.php\/wp-json\/wp\/v2\/media?parent=138561"}],"wp:term":[{"taxonomy":"category","embeddable":true,"href":"https:\/\/lasprimeras.com.do\/index.php\/wp-json\/wp\/v2\/categories?post=138561"},{"taxonomy":"post_tag","embeddable":true,"href":"https:\/\/lasprimeras.com.do\/index.php\/wp-json\/wp\/v2\/tags?post=138561"}],"curies":[{"name":"wp","href":"https:\/\/api.w.org\/{rel}","templated":true}]}}