{"id":138564,"date":"2026-08-31T00:01:28","date_gmt":"2026-08-31T04:01:28","guid":{"rendered":"https:\/\/lasprimeras.com.do\/?p=138564"},"modified":"2026-08-31T00:01:30","modified_gmt":"2026-08-31T04:01:30","slug":"sector-externo-de-la-fp-juramenta-estructura-provincial-en-sanchez-ramirez","status":"publish","type":"post","link":"https:\/\/lasprimeras.com.do\/index.php\/2026\/08\/31\/sector-externo-de-la-fp-juramenta-estructura-provincial-en-sanchez-ramirez\/","title":{"rendered":"Sector Externo de la FP juramenta estructura provincial en S\u00e1nchez Ram\u00edrez"},"content":{"rendered":"\n<p class=\"wp-block-paragraph\"><strong>F\u00e9lix V\u00e1squez afirma que la organizaci\u00f3n continuar\u00e1 ampliando su presencia territorial y fortaleciendo su estructura de cara a las pr\u00f3ximas elecciones<\/strong><\/p>\n\n\n\n<p class=\"wp-block-paragraph\"><strong>S\u00e1nchez Ram\u00edrez.\u2013 <\/strong>El Sector Externo de la Fuerza del Pueblo en la provincia S\u00e1nchez Ram\u00edrez present\u00f3 y jurament\u00f3 oficialmente su estructura de coordinaci\u00f3n provincial, encabezada por el agr\u00f3nomo F\u00e9lix V\u00e1squez, como parte del proceso de organizaci\u00f3n y fortalecimiento pol\u00edtico que desarrolla esa entidad en toda la provincia.<\/p>\n\n\n\n<p class=\"wp-block-paragraph\">La nueva estructura est\u00e1 integrada por hombres y mujeres provenientes de diferentes sectores sociales y productivos, quienes tendr\u00e1n la responsabilidad de trabajar de manera articulada con m\u00e1s de 200 coordinadores distribuidos en los municipios y distritos municipales de S\u00e1nchez Ram\u00edrez.<\/p>\n\n\n\n<p class=\"wp-block-paragraph\">Durante el acto, V\u00e1squez explic\u00f3 que la organizaci\u00f3n continuar\u00e1 concentrando sus esfuerzos en ampliar su presencia territorial, incorporar nuevos ciudadanos, fortalecer las estructuras existentes y respaldar las candidaturas de la Fuerza del Pueblo en los diferentes niveles de elecci\u00f3n.<\/p>\n\n\n\n<p class=\"wp-block-paragraph\">\u00abEstamos trabajando para sumar las voluntades y los votos necesarios para que la Fuerza del Pueblo alcance la victoria en las pr\u00f3ximas elecciones y llevemos nuevamente al doctor Leonel Fern\u00e1ndez al Palacio Nacional como presidente de la Rep\u00fablica\u00bb, expres\u00f3.<\/p>\n\n\n\n<p class=\"wp-block-paragraph\">El dirigente pol\u00edtico manifest\u00f3 que el Sector Externo mantiene sus puertas abiertas a ciudadanos independientes y personas de buena voluntad que deseen integrarse y aportar sus capacidades al proyecto pol\u00edtico.<\/p>\n\n\n\n<p class=\"wp-block-paragraph\">Se\u00f1al\u00f3 que el prop\u00f3sito de la organizaci\u00f3n trasciende la competencia electoral y procura contribuir a crear mejores condiciones de progreso, desarrollo y oportunidades para los habitantes de S\u00e1nchez Ram\u00edrez.<\/p>\n\n\n\n<p class=\"wp-block-paragraph\">\u00abEste proyecto no se construye \u00fanicamente para ganar unas elecciones; se construye para transformar la esperanza de nuestra gente en oportunidades y la confianza del pueblo en resultados\u00bb, sostuvo V\u00e1squez.<\/p>\n\n\n\n<p class=\"wp-block-paragraph\">Durante la actividad tambi\u00e9n fue presentado formalmente el equipo dirigencial, con sus respectivos cargos y demarcaciones territoriales, cuya lectura estuvo a cargo del doctor Esteban Tiburcio.<\/p>\n","protected":false},"excerpt":{"rendered":"<p>F\u00e9lix V\u00e1squez afirma que la organizaci\u00f3n continuar\u00e1 ampliando su presencia territorial y fortaleciendo su estructura de cara a las pr\u00f3ximas elecciones S\u00e1nchez Ram\u00edrez.\u2013 El Sector Externo de la Fuerza del&hellip;<\/p>\n","protected":false},"author":10,"featured_media":138565,"comment_status":"open","ping_status":"open","sticky":false,"template":"","format":"standard","meta":{"content-type":"","_jetpack_newsletter_access":"","_jetpack_dont_email_post_to_subs":false,"_jetpack_newsletter_tier_id":0,"_jetpack_memberships_contains_paywalled_content":false,"_jetpack_feature_clip_id":0,"_jetpack_memberships_contains_paid_content":false,"footnotes":"","jetpack_post_was_ever_published":false},"categories":[16559],"tags":[36155,268,8070,36154],"class_list":["post-138564","post","type-post","status-publish","format-standard","has-post-thumbnail","hentry","category-politica","tag-estructura-provincial","tag-juramenta","tag-sanchez-ramirez","tag-sector-externo-de-la-fp"],"jetpack-related-posts":[{"id":51068,"url":"https:\/\/lasprimeras.com.do\/index.php\/2023\/05\/26\/leonel-hoy-reune-en-la-romana-a-sus-dirigentes-del-este-y-el-sabado-ira-a-cotui\/","url_meta":{"origin":138564,"position":0},"title":"Leonel hoy re\u00fane en La Romana a sus dirigentes del Este y el s\u00e1bado ir\u00e1 a Cotu\u00ed","author":"prenxa100","date":"26 de mayo de 2023","format":false,"excerpt":"Por Wilson P\u00e9rez Santo Domingo. - El presidente del partido Fuerza del Pueblo, Leonel Fern\u00e1ndez, se re\u00fane este viernes en La Romana con todos sus dirigentes de la regi\u00f3n Este del pa\u00eds, mientras que, el s\u00e1bado estar\u00e1 en diversas actividades en la provincia S\u00e1nchez Ram\u00edrez. Mediante comunicado de prensa, la\u2026","rel":"","context":"En \u00abSin categor\u00eda\u00bb","block_context":{"text":"Sin categor\u00eda","link":"https:\/\/lasprimeras.com.do\/index.php\/category\/sin-categoria\/"},"img":{"alt_text":"","src":"","width":0,"height":0},"classes":[]},{"id":58667,"url":"https:\/\/lasprimeras.com.do\/index.php\/2023\/08\/27\/ricardo-de-los-santos-juramenta-en-el-prm-al-presidente-y-ex-secretario-del-pld-en-cotui\/","url_meta":{"origin":138564,"position":1},"title":"Ricardo De los Santos juramenta en el PRM al presidente y ex secretario del PLD en Cotui\u00a0","author":"Nelson Feliz","date":"27 de agosto de 2023","format":false,"excerpt":"El senador por la provincia S\u00e1nchez Ram\u00edrez, Ricardo De los Santos, jurament\u00f3 en la fila del Partido Revolucionario Moderno (PRM), al presidente y ex secretario de Organizaci\u00f3n del Partido de la Liberaci\u00f3n Dominicana (PLD), en el Distrito Municipal de Zambrana en Cotui, Cristino Viloria y a su equipo de dirigentes.\u2026","rel":"","context":"En \u00abPORTADA\u00bb","block_context":{"text":"PORTADA","link":"https:\/\/lasprimeras.com.do\/index.php\/category\/portada\/"},"img":{"alt_text":"Ricardo de los Santos","src":"https:\/\/i0.wp.com\/lasprimeras.com.do\/wp-content\/uploads\/2023\/08\/Ricardo-de-los-Santos-2.jpg?resize=350%2C200&ssl=1","width":350,"height":200,"srcset":"https:\/\/i0.wp.com\/lasprimeras.com.do\/wp-content\/uploads\/2023\/08\/Ricardo-de-los-Santos-2.jpg?resize=350%2C200&ssl=1 1x, https:\/\/i0.wp.com\/lasprimeras.com.do\/wp-content\/uploads\/2023\/08\/Ricardo-de-los-Santos-2.jpg?resize=525%2C300&ssl=1 1.5x, https:\/\/i0.wp.com\/lasprimeras.com.do\/wp-content\/uploads\/2023\/08\/Ricardo-de-los-Santos-2.jpg?resize=700%2C400&ssl=1 2x"},"classes":[]},{"id":51088,"url":"https:\/\/lasprimeras.com.do\/index.php\/2023\/05\/27\/leonel-estamos-consolidando-nuestra-propia-fuerza-en-alianza-con-el-pueblo-dominicano\/","url_meta":{"origin":138564,"position":2},"title":"Leonel: &#8220;Estamos consolidando nuestra propia fuerza en alianza con el pueblo dominicano&#8221;","author":"prenxa100","date":"27 de mayo de 2023","format":false,"excerpt":"LF juramenta en la Fuerza del Pueblo a dirigentes del PRM, PRSC y PLD Por Wilson P\u00e9rez S\u00e1nchez Ram\u00edrez, Cotu\u00ed.- Tras juramentar en la Fuerza del Pueblo a un importante grupo de dirigentes pol\u00edticos de diferentes organizaciones, Leonel Fern\u00e1ndez asegur\u00f3 estar consolidando su propia fuerza en alianza con el pueblo\u2026","rel":"","context":"En \u00abPORTADA\u00bb","block_context":{"text":"PORTADA","link":"https:\/\/lasprimeras.com.do\/index.php\/category\/portada\/"},"img":{"alt_text":"","src":"","width":0,"height":0},"classes":[]},{"id":61190,"url":"https:\/\/lasprimeras.com.do\/index.php\/2023\/09\/22\/roberto-angel-juramenta-exgobernadora-del-pld-en-dajabon-en-la-unidad-externa\/","url_meta":{"origin":138564,"position":3},"title":"Roberto \u00c1ngel juramenta exgobernadora del PLD en Dajab\u00f3n en la Unidad Externa","author":"Nelson Feliz","date":"22 de septiembre de 2023","format":false,"excerpt":"Esther Ram\u00edrez ingres\u00f3 a esta plataforma electoral externa del PRM junto a su equipo pol\u00edtico y decenas de expeledeistas. El miembro de la Direcci\u00f3n Ejecutiva del Partido Revolucionario Moderno (PRM), Roberto \u00c1ngel Salcedo, jurament\u00f3 en la Unidad Externa con Luis a la exgobernadora del PLD en la provincia Dajab\u00f3n, Esther\u2026","rel":"","context":"En \u00abSin categor\u00eda\u00bb","block_context":{"text":"Sin categor\u00eda","link":"https:\/\/lasprimeras.com.do\/index.php\/category\/sin-categoria\/"},"img":{"alt_text":"Roberto Angel Salcedo","src":"https:\/\/i0.wp.com\/lasprimeras.com.do\/wp-content\/uploads\/2023\/09\/Roberto-Angel.jpg?resize=350%2C200&ssl=1","width":350,"height":200,"srcset":"https:\/\/i0.wp.com\/lasprimeras.com.do\/wp-content\/uploads\/2023\/09\/Roberto-Angel.jpg?resize=350%2C200&ssl=1 1x, https:\/\/i0.wp.com\/lasprimeras.com.do\/wp-content\/uploads\/2023\/09\/Roberto-Angel.jpg?resize=525%2C300&ssl=1 1.5x, https:\/\/i0.wp.com\/lasprimeras.com.do\/wp-content\/uploads\/2023\/09\/Roberto-Angel.jpg?resize=700%2C400&ssl=1 2x"},"classes":[]},{"id":131614,"url":"https:\/\/lasprimeras.com.do\/index.php\/2026\/05\/23\/asamblea-del-pld-este-domingo-en-cotui-provincia-sanchez-ramirez\/","url_meta":{"origin":138564,"position":4},"title":"Asamblea del PLD este domingo en Cotu\u00ed, provincia S\u00e1nchez Ram\u00edrez","author":"Nelson Feliz","date":"23 de mayo de 2026","format":false,"excerpt":"El expresidente Danilo Medina, presidente del PLD y Johnny Pujols, Secretario General, encabezan este domingo la asamblea de miembros y militantes en la provincia S\u00e1nchez Ram\u00edrez El expresidente de la Rep\u00fablica, Danilo Medina, presidente del Partido de la Liberaci\u00f3n Dominicana (PLD), acompa\u00f1ado del Secretario General de la organizaci\u00f3n pol\u00edtica, Johnny\u2026","rel":"","context":"En \u00abOPINI\u00d3N\u00bb","block_context":{"text":"OPINI\u00d3N","link":"https:\/\/lasprimeras.com.do\/index.php\/category\/opinion\/"},"img":{"alt_text":"Danilo Medina y Johnny Pujols","src":"https:\/\/i0.wp.com\/lasprimeras.com.do\/wp-content\/uploads\/2026\/05\/Danilo-Medina-y-Johnny-Pujols.jpg?resize=350%2C200&ssl=1","width":350,"height":200,"srcset":"https:\/\/i0.wp.com\/lasprimeras.com.do\/wp-content\/uploads\/2026\/05\/Danilo-Medina-y-Johnny-Pujols.jpg?resize=350%2C200&ssl=1 1x, https:\/\/i0.wp.com\/lasprimeras.com.do\/wp-content\/uploads\/2026\/05\/Danilo-Medina-y-Johnny-Pujols.jpg?resize=525%2C300&ssl=1 1.5x, https:\/\/i0.wp.com\/lasprimeras.com.do\/wp-content\/uploads\/2026\/05\/Danilo-Medina-y-Johnny-Pujols.jpg?resize=700%2C400&ssl=1 2x"},"classes":[]},{"id":130552,"url":"https:\/\/lasprimeras.com.do\/index.php\/2026\/05\/14\/danilo-medina-juramenta-otro-dirigente-del-prm-en-el-pld\/","url_meta":{"origin":138564,"position":5},"title":"Danilo Medina juramenta otro dirigente del PRM en el PLD","author":"Nelson Feliz","date":"14 de mayo de 2026","format":false,"excerpt":"La avalancha de nuevos miembros llega al PLD procedentes de otros partidos. Caso de Carlos Vidal, ex secretario general del PRM en Zambrana, S\u00e1nchez Ram\u00edrez. En la continuaci\u00f3n de la avalancha de nuevos miembros que ingresan al Partido de la Liberaci\u00f3n Dominicana (PLD), el ex presidente de la Rep\u00fablica, Danilo\u2026","rel":"","context":"En \u00abPOLITICA\u00bb","block_context":{"text":"POLITICA","link":"https:\/\/lasprimeras.com.do\/index.php\/category\/politica\/"},"img":{"alt_text":"Danilo Medina","src":"https:\/\/i0.wp.com\/lasprimeras.com.do\/wp-content\/uploads\/2026\/05\/Danilo-Medina-2.jpg?resize=350%2C200&ssl=1","width":350,"height":200,"srcset":"https:\/\/i0.wp.com\/lasprimeras.com.do\/wp-content\/uploads\/2026\/05\/Danilo-Medina-2.jpg?resize=350%2C200&ssl=1 1x, https:\/\/i0.wp.com\/lasprimeras.com.do\/wp-content\/uploads\/2026\/05\/Danilo-Medina-2.jpg?resize=525%2C300&ssl=1 1.5x, https:\/\/i0.wp.com\/lasprimeras.com.do\/wp-content\/uploads\/2026\/05\/Danilo-Medina-2.jpg?resize=700%2C400&ssl=1 2x"},"classes":[]}],"jetpack_sharing_enabled":true,"jetpack_featured_media_url":"https:\/\/lasprimeras.com.do\/wp-content\/uploads\/2026\/08\/sector-externo-FP-1.jpg","_links":{"self":[{"href":"https:\/\/lasprimeras.com.do\/index.php\/wp-json\/wp\/v2\/posts\/138564","targetHints":{"allow":["GET"]}}],"collection":[{"href":"https:\/\/lasprimeras.com.do\/index.php\/wp-json\/wp\/v2\/posts"}],"about":[{"href":"https:\/\/lasprimeras.com.do\/index.php\/wp-json\/wp\/v2\/types\/post"}],"author":[{"embeddable":true,"href":"https:\/\/lasprimeras.com.do\/index.php\/wp-json\/wp\/v2\/users\/10"}],"replies":[{"embeddable":true,"href":"https:\/\/lasprimeras.com.do\/index.php\/wp-json\/wp\/v2\/comments?post=138564"}],"version-history":[{"count":1,"href":"https:\/\/lasprimeras.com.do\/index.php\/wp-json\/wp\/v2\/posts\/138564\/revisions"}],"predecessor-version":[{"id":138566,"href":"https:\/\/lasprimeras.com.do\/index.php\/wp-json\/wp\/v2\/posts\/138564\/revisions\/138566"}],"wp:featuredmedia":[{"embeddable":true,"href":"https:\/\/lasprimeras.com.do\/index.php\/wp-json\/wp\/v2\/media\/138565"}],"wp:attachment":[{"href":"https:\/\/lasprimeras.com.do\/index.php\/wp-json\/wp\/v2\/media?parent=138564"}],"wp:term":[{"taxonomy":"category","embeddable":true,"href":"https:\/\/lasprimeras.com.do\/index.php\/wp-json\/wp\/v2\/categories?post=138564"},{"taxonomy":"post_tag","embeddable":true,"href":"https:\/\/lasprimeras.com.do\/index.php\/wp-json\/wp\/v2\/tags?post=138564"}],"curies":[{"name":"wp","href":"https:\/\/api.w.org\/{rel}","templated":true}]}}