{"id":138567,"date":"2026-08-31T00:30:47","date_gmt":"2026-08-31T04:30:47","guid":{"rendered":"https:\/\/lasprimeras.com.do\/?p=138567"},"modified":"2026-08-31T00:30:49","modified_gmt":"2026-08-31T04:30:49","slug":"gobierno-avanza-en-la-construccion-del-monoriel-de-santo-domingo-con-financiamiento-de-francia","status":"publish","type":"post","link":"https:\/\/lasprimeras.com.do\/index.php\/2026\/08\/31\/gobierno-avanza-en-la-construccion-del-monoriel-de-santo-domingo-con-financiamiento-de-francia\/","title":{"rendered":"Gobierno avanza en la construcci\u00f3n del Monoriel de Santo Domingo con financiamiento de Francia"},"content":{"rendered":"\n<p class=\"wp-block-paragraph\">SANTO DOMINGO OESTE.\u2013 El Gobierno dominicano inici\u00f3 formalmente los trabajos de construcci\u00f3n del Monorriel de Santo Domingo, un ambicioso proyecto vial de transporte masivo anunciado por el presidente Luis Abinader que contar\u00e1 con el financiamiento del Gobierno de Francia.<\/p>\n\n\n\n<p class=\"wp-block-paragraph\">Durante un recorrido realizado este domingo por el Residencial Santo Domingo, en el municipio Santo Domingo Oeste, se constat\u00f3 el avance f\u00edsico en la estructura de una de las principales terminales de la obra.<\/p>\n\n\n\n<p class=\"wp-block-paragraph\">El sistema de transporte se establece en un trazado longitudinal en direcci\u00f3n Oeste a Este. Su ruta conectar\u00e1 inicialmente desde el Kil\u00f3metro 9 de la Autopista Duarte \u2014enlazando con la L\u00ednea 2 del Metro de Santo Domingo\u2014 y atravesar\u00e1 la Avenida Gregorio Luper\u00f3n, la Avenida 27 de Febrero, la Avenida M\u00e9xico y la Autopista Las Am\u00e9ricas, hasta culminar en el Puente Juan Carlos en la Avenida Charles de Gaulle, donde se consolidar\u00e1n los viajes en la Terminal Interurbana del Este.<\/p>\n\n\n\n<p class=\"wp-block-paragraph\">En una segunda fase, el proyecto se extender\u00e1 por toda la Autopista Las Am\u00e9ricas hasta el Aeropuerto Internacional de Las Am\u00e9ricas (AILA).<\/p>\n\n\n\n<p class=\"wp-block-paragraph\">Esto marcar\u00e1 un hito hist\u00f3rico al transformarse en la primera conexi\u00f3n de un sistema de transporte masivo dise\u00f1ado para los viajeros internacionales que arriban a la ciudad de Santo Domingo.<\/p>\n\n\n\n<p class=\"wp-block-paragraph\">Comunitarios piden reordenamiento urbano y ampliaci\u00f3n vialA ra\u00edz del inicio de esta megaobra, los residentes del Residencial Santo Domingo, El Caf\u00e9 de Herrera, el Ensanche Altagracia y sectores aleda\u00f1os al Kil\u00f3metro 12 de Haina manifestaron que esperan con ansias la intervenci\u00f3n de las autoridades para resolver problemas hist\u00f3ricos de vialidad en la zona.<\/p>\n\n\n\n<p class=\"wp-block-paragraph\">Los comunitarios solicitaron formalmente al Gobierno central que aproveche los trabajos del Monorriel para recuperar las \u00e1reas ocupadas en la franja divisoria entre el Residencial Santo Domingo y el Country Club Santo Domingo.<\/p>\n\n\n\n<p class=\"wp-block-paragraph\">El objetivo principal es lograr la ampliaci\u00f3n de la calle principal que da acceso al sector El Caf\u00e9 de Herrera.Seg\u00fan denunciaron los moradores, esta v\u00eda es sumamente estrecha y dificulta de forma cr\u00edtica la circulaci\u00f3n vehicular diaria.<\/p>\n\n\n\n<p class=\"wp-block-paragraph\">Explican que, ante la inacci\u00f3n de las autoridades municipales correspondientes, m\u00faltiples particulares aprovecharon la pared del Country Club Santo Domingo para levantar viviendas y establecer comercios informales en terrenos p\u00fablicos, por lo que exigen que este proyecto ferroviario incluya un plan integral de recuperaci\u00f3n urbana y ordenamiento territorial.<\/p>\n","protected":false},"excerpt":{"rendered":"<p>SANTO DOMINGO OESTE.\u2013 El Gobierno dominicano inici\u00f3 formalmente los trabajos de construcci\u00f3n del Monorriel de Santo Domingo, un ambicioso proyecto vial de transporte masivo anunciado por el presidente Luis Abinader&hellip;<\/p>\n","protected":false},"author":10,"featured_media":138568,"comment_status":"open","ping_status":"open","sticky":false,"template":"","format":"standard","meta":{"content-type":"","_jetpack_newsletter_access":"","_jetpack_dont_email_post_to_subs":false,"_jetpack_newsletter_tier_id":0,"_jetpack_memberships_contains_paywalled_content":false,"_jetpack_feature_clip_id":0,"_jetpack_memberships_contains_paid_content":false,"footnotes":"","jetpack_post_was_ever_published":false},"categories":[25],"tags":[970,9723,1482,171,36156,806],"class_list":["post-138567","post","type-post","status-publish","format-standard","has-post-thumbnail","hentry","category-portada","tag-construccion","tag-financiamiento","tag-francia","tag-gobierno","tag-monoriel","tag-santo-domingo"],"jetpack-related-posts":[{"id":100847,"url":"https:\/\/lasprimeras.com.do\/index.php\/2025\/06\/12\/cntu-respalda-anuncio-del-gobierno-de-francia-de-financiar-el-85-del-tren-metropolitano-de-sd\/","url_meta":{"origin":138567,"position":0},"title":"CNTU respalda anuncio del gobierno de Francia de financiar el 85 % del tren metropolitano de SD","author":"Nelson Feliz","date":"12 de junio de 2025","format":false,"excerpt":"El presidente de la Central Nacional de Transportistas Unificados (CNTU), William P\u00e9rez Figuereo, calific\u00f3 de positivo para el sector transporte el inter\u00e9s del Gobierno franc\u00e9s en financiar hasta el 85 % del tren metropolitano de Santo Domingo y respaldar el plan integral de transporte del Gran Santo Domingo. \" Creemos\u2026","rel":"","context":"En \u00abNACIONALES\u00bb","block_context":{"text":"NACIONALES","link":"https:\/\/lasprimeras.com.do\/index.php\/category\/nacionales\/"},"img":{"alt_text":"William P\u00e9rez Figuereo","src":"https:\/\/i0.wp.com\/lasprimeras.com.do\/wp-content\/uploads\/2025\/06\/William-Perez-Figuereo.jpg?resize=350%2C200&ssl=1","width":350,"height":200,"srcset":"https:\/\/i0.wp.com\/lasprimeras.com.do\/wp-content\/uploads\/2025\/06\/William-Perez-Figuereo.jpg?resize=350%2C200&ssl=1 1x, https:\/\/i0.wp.com\/lasprimeras.com.do\/wp-content\/uploads\/2025\/06\/William-Perez-Figuereo.jpg?resize=525%2C300&ssl=1 1.5x, https:\/\/i0.wp.com\/lasprimeras.com.do\/wp-content\/uploads\/2025\/06\/William-Perez-Figuereo.jpg?resize=700%2C400&ssl=1 2x"},"classes":[]},{"id":111423,"url":"https:\/\/lasprimeras.com.do\/index.php\/2025\/10\/08\/abinader-inaugura-paso-a-desnivel-27-de-febrero-isabel-aguiar-entre-santo-domingo-oeste\/","url_meta":{"origin":138567,"position":1},"title":"Abinader inaugura paso a desnivel 27 de Febrero\u2013Isabel Aguiar entre Santo Domingo Oeste","author":"Nelson Feliz","date":"8 de octubre de 2025","format":false,"excerpt":"Mandatario destaca que esta obra forma parte de un plan integral, el cual abarca la construcci\u00f3n de la terminal de Santo Domingo Oeste. El presidente Luis Abinader dej\u00f3 inaugurado este mi\u00e9rcoles el paso a desnivel de la prolongaci\u00f3n 27 de Febrero con avenida Isabel Aguiar, una obra esperada por d\u00e9cadas\u2026","rel":"","context":"En \u00abNACIONALES\u00bb","block_context":{"text":"NACIONALES","link":"https:\/\/lasprimeras.com.do\/index.php\/category\/nacionales\/"},"img":{"alt_text":"","src":"https:\/\/i0.wp.com\/lasprimeras.com.do\/wp-content\/uploads\/2025\/10\/paso-a-desnivel.jpg?resize=350%2C200&ssl=1","width":350,"height":200,"srcset":"https:\/\/i0.wp.com\/lasprimeras.com.do\/wp-content\/uploads\/2025\/10\/paso-a-desnivel.jpg?resize=350%2C200&ssl=1 1x, https:\/\/i0.wp.com\/lasprimeras.com.do\/wp-content\/uploads\/2025\/10\/paso-a-desnivel.jpg?resize=525%2C300&ssl=1 1.5x, https:\/\/i0.wp.com\/lasprimeras.com.do\/wp-content\/uploads\/2025\/10\/paso-a-desnivel.jpg?resize=700%2C400&ssl=1 2x"},"classes":[]},{"id":78165,"url":"https:\/\/lasprimeras.com.do\/index.php\/2024\/02\/28\/presidente-cntu-cree-esperanzador-discurso-de-presidente-abinader\/","url_meta":{"origin":138567,"position":2},"title":"CNTU cree esperanzador discurso del presidente\u00a0Abinader","author":"Nelson Feliz","date":"28 de febrero de 2024","format":false,"excerpt":"Por Martin Restituyo El presidente de la Central Nacional de Transportistas Unificados (CNTU), Williams P\u00e9rez Figuereo,\u00a0 consider\u00f3 de esperanzador para el sector transporte el discurso del presidente Luis Abinader, al conmemorar\u00a0 este 27 de febrero el 180 aniversario de la Independencia Nacional. Para el l\u00edder choferil el discurso de rendici\u00f3n\u2026","rel":"","context":"En \u00abNACIONALES\u00bb","block_context":{"text":"NACIONALES","link":"https:\/\/lasprimeras.com.do\/index.php\/category\/nacionales\/"},"img":{"alt_text":"William P\u00e9rez Figuereo","src":"https:\/\/i0.wp.com\/lasprimeras.com.do\/wp-content\/uploads\/2024\/01\/William-Perez-Figuereo-1.jpg?resize=350%2C200&ssl=1","width":350,"height":200,"srcset":"https:\/\/i0.wp.com\/lasprimeras.com.do\/wp-content\/uploads\/2024\/01\/William-Perez-Figuereo-1.jpg?resize=350%2C200&ssl=1 1x, https:\/\/i0.wp.com\/lasprimeras.com.do\/wp-content\/uploads\/2024\/01\/William-Perez-Figuereo-1.jpg?resize=525%2C300&ssl=1 1.5x, https:\/\/i0.wp.com\/lasprimeras.com.do\/wp-content\/uploads\/2024\/01\/William-Perez-Figuereo-1.jpg?resize=700%2C400&ssl=1 2x"},"classes":[]},{"id":108317,"url":"https:\/\/lasprimeras.com.do\/index.php\/2025\/09\/04\/provincia-santo-domingo-se-llevo-el-pastel-mas-grande-en-descentralizacion-de-la-inversion-publica\/","url_meta":{"origin":138567,"position":3},"title":"Provincia Santo Domingo se llev\u00f3 el pastel m\u00e1s grande en descentralizaci\u00f3n de la inversi\u00f3n p\u00fablica","author":"Nelson Feliz","date":"4 de septiembre de 2025","format":false,"excerpt":"Correspondiente con su peso econ\u00f3mico, poblacional y electoral, la provincia de Santo Domingo se llev\u00f3 la mayor cantidad de obras principales durante los 5 a\u00f1os de gobierno del presidente Luis Abinader, con un total de 315 obras de alto impacto terminadas y en desarrollo. La primera es la L\u00ednea 2C\u2026","rel":"","context":"En \u00abECONOM\u00cdA\u00bb","block_context":{"text":"ECONOM\u00cdA","link":"https:\/\/lasprimeras.com.do\/index.php\/category\/economia\/"},"img":{"alt_text":"","src":"https:\/\/i0.wp.com\/lasprimeras.com.do\/wp-content\/uploads\/2025\/09\/obras-1.jpg?resize=350%2C200&ssl=1","width":350,"height":200,"srcset":"https:\/\/i0.wp.com\/lasprimeras.com.do\/wp-content\/uploads\/2025\/09\/obras-1.jpg?resize=350%2C200&ssl=1 1x, https:\/\/i0.wp.com\/lasprimeras.com.do\/wp-content\/uploads\/2025\/09\/obras-1.jpg?resize=525%2C300&ssl=1 1.5x, https:\/\/i0.wp.com\/lasprimeras.com.do\/wp-content\/uploads\/2025\/09\/obras-1.jpg?resize=700%2C400&ssl=1 2x"},"classes":[]},{"id":78186,"url":"https:\/\/lasprimeras.com.do\/index.php\/2024\/02\/28\/presidente-cntu-cree-esperanzador-discurso-de-presidente-abinader-este-27-de-febrero\/","url_meta":{"origin":138567,"position":4},"title":"Presidente CNTU cree esperanzador discurso de presidente Abinader este 27 de febrero","author":"BIMARY DE JES\u00daS Matos","date":"28 de febrero de 2024","format":false,"excerpt":"Martin Restituyo Santo Domingo, D.N. - El empresario del transporte, Willians P\u00e9rez Figuereo, presidente de la Central Nacional de Transportistas Unificados (Cntu), consider\u00f3 de esperanzador para el sector transporte el discurso del presidente Luis Abinader, al conmemorar este 27 de febrero el 180 aniversario de la Independencia Nacional. Para el\u2026","rel":"","context":"En \u00abPORTADA\u00bb","block_context":{"text":"PORTADA","link":"https:\/\/lasprimeras.com.do\/index.php\/category\/portada\/"},"img":{"alt_text":"","src":"https:\/\/i0.wp.com\/lasprimeras.com.do\/wp-content\/uploads\/2024\/02\/IMG-20240228-WA0062-1.jpg?resize=350%2C200&ssl=1","width":350,"height":200,"srcset":"https:\/\/i0.wp.com\/lasprimeras.com.do\/wp-content\/uploads\/2024\/02\/IMG-20240228-WA0062-1.jpg?resize=350%2C200&ssl=1 1x, https:\/\/i0.wp.com\/lasprimeras.com.do\/wp-content\/uploads\/2024\/02\/IMG-20240228-WA0062-1.jpg?resize=525%2C300&ssl=1 1.5x, https:\/\/i0.wp.com\/lasprimeras.com.do\/wp-content\/uploads\/2024\/02\/IMG-20240228-WA0062-1.jpg?resize=700%2C400&ssl=1 2x"},"classes":[]},{"id":67832,"url":"https:\/\/lasprimeras.com.do\/index.php\/2023\/11\/19\/gobierno-anuncia-desvios-por-trabajos-en-tramo-del-paso-a-desnivel-que-colapso\/","url_meta":{"origin":138567,"position":5},"title":"Gobierno anuncia desv\u00edos por trabajos en tramo del paso a desnivel que colaps\u00f3","author":"Nelson Feliz","date":"19 de noviembre de 2023","format":false,"excerpt":"El Metro de Santo Domingo y la OMSA extienden sus horarios. El Gobierno anunci\u00f3 la noche de este domingo las rutas alternas para los veh\u00edculos que se desplazaban por el paso a desnivel de la intersecci\u00f3n 27 de Febrero, esquina M\u00e1ximo G\u00f3mez, el cual sufri\u00f3 un colaps\u00f3 en uno de\u2026","rel":"","context":"En \u00abNACIONALES\u00bb","block_context":{"text":"NACIONALES","link":"https:\/\/lasprimeras.com.do\/index.php\/category\/nacionales\/"},"img":{"alt_text":"","src":"https:\/\/i0.wp.com\/lasprimeras.com.do\/wp-content\/uploads\/2023\/11\/joel-santos-rutas-alternas-focus-0-0-896-504.jpg?resize=350%2C200&ssl=1","width":350,"height":200,"srcset":"https:\/\/i0.wp.com\/lasprimeras.com.do\/wp-content\/uploads\/2023\/11\/joel-santos-rutas-alternas-focus-0-0-896-504.jpg?resize=350%2C200&ssl=1 1x, https:\/\/i0.wp.com\/lasprimeras.com.do\/wp-content\/uploads\/2023\/11\/joel-santos-rutas-alternas-focus-0-0-896-504.jpg?resize=525%2C300&ssl=1 1.5x, https:\/\/i0.wp.com\/lasprimeras.com.do\/wp-content\/uploads\/2023\/11\/joel-santos-rutas-alternas-focus-0-0-896-504.jpg?resize=700%2C400&ssl=1 2x"},"classes":[]}],"jetpack_sharing_enabled":true,"jetpack_featured_media_url":"https:\/\/lasprimeras.com.do\/wp-content\/uploads\/2026\/08\/Monoriel-de-Santo-Domingo-2.jpg","_links":{"self":[{"href":"https:\/\/lasprimeras.com.do\/index.php\/wp-json\/wp\/v2\/posts\/138567","targetHints":{"allow":["GET"]}}],"collection":[{"href":"https:\/\/lasprimeras.com.do\/index.php\/wp-json\/wp\/v2\/posts"}],"about":[{"href":"https:\/\/lasprimeras.com.do\/index.php\/wp-json\/wp\/v2\/types\/post"}],"author":[{"embeddable":true,"href":"https:\/\/lasprimeras.com.do\/index.php\/wp-json\/wp\/v2\/users\/10"}],"replies":[{"embeddable":true,"href":"https:\/\/lasprimeras.com.do\/index.php\/wp-json\/wp\/v2\/comments?post=138567"}],"version-history":[{"count":1,"href":"https:\/\/lasprimeras.com.do\/index.php\/wp-json\/wp\/v2\/posts\/138567\/revisions"}],"predecessor-version":[{"id":138569,"href":"https:\/\/lasprimeras.com.do\/index.php\/wp-json\/wp\/v2\/posts\/138567\/revisions\/138569"}],"wp:featuredmedia":[{"embeddable":true,"href":"https:\/\/lasprimeras.com.do\/index.php\/wp-json\/wp\/v2\/media\/138568"}],"wp:attachment":[{"href":"https:\/\/lasprimeras.com.do\/index.php\/wp-json\/wp\/v2\/media?parent=138567"}],"wp:term":[{"taxonomy":"category","embeddable":true,"href":"https:\/\/lasprimeras.com.do\/index.php\/wp-json\/wp\/v2\/categories?post=138567"},{"taxonomy":"post_tag","embeddable":true,"href":"https:\/\/lasprimeras.com.do\/index.php\/wp-json\/wp\/v2\/tags?post=138567"}],"curies":[{"name":"wp","href":"https:\/\/api.w.org\/{rel}","templated":true}]}}