{"id":138570,"date":"2026-08-31T07:28:45","date_gmt":"2026-08-31T11:28:45","guid":{"rendered":"https:\/\/lasprimeras.com.do\/?p=138570"},"modified":"2026-08-31T07:28:47","modified_gmt":"2026-08-31T11:28:47","slug":"vaguada-y-onda-tropical-generaran-aguaceros-tormentas-electricas-y-rafagas-de-vientos-esta-tarde","status":"publish","type":"post","link":"https:\/\/lasprimeras.com.do\/index.php\/2026\/08\/31\/vaguada-y-onda-tropical-generaran-aguaceros-tormentas-electricas-y-rafagas-de-vientos-esta-tarde\/","title":{"rendered":"Vaguada y Onda tropical generar\u00e1n aguaceros, tormentas el\u00e9ctricas y r\u00e1fagas de vientos est\u00e1 tarde"},"content":{"rendered":"\n<p class=\"wp-block-paragraph\"><strong>Santo Domingo = El Instituto Dominicano de Meteorolog\u00eda (Indomet) inform\u00f3 este<\/strong> lunes, que una vaguada interact\u00faa con onda tropical que se aleja sobre aguas del mar Caribe, generando algunos nublados acompa\u00f1ados de aguaceros dispersos sobre localidades de las regiones sureste y nordeste, como Saman\u00e1, La Altagracia, El Seibo, Monte Plata, Mar\u00eda Trinidad S\u00e1nchez, entre otras.<\/p>\n\n\n\n<p class=\"wp-block-paragraph\">Se espera que estas precipitaciones se intensifiquen con tormentas el\u00e9ctricas y r\u00e1fagas de viento, contin\u00faen durante la tarde y se extiendan hacia localidades de Hermanas Mirabal, Espaillat, La Vega, Monse\u00f1or Nouel, San Jos\u00e9 de Ocoa, Santiago, Puerto Plata, Azua, San Juan, El\u00edas Pi\u00f1a, Dajab\u00f3n, Independencia, Baoruco, Barahona, Pedernales y el Gran Santo Domingo, entre otras provincias.<\/p>\n\n\n\n<p class=\"wp-block-paragraph\"><strong>Debido a las precipitaciones previstas, se mantienen las ALERTAS meteorol\u00f3gicas ante posibles crecidas de r\u00edos, arroyos y ca\u00f1adas, as\u00ed como inundaciones repentinas en zonas aisladas y altamente vulnerables de las siguientes provincias:<\/strong><\/p>\n\n\n\n<figure class=\"wp-block-table\"><table class=\"has-fixed-layout\"><tbody><tr><td colspan=\"4\">&nbsp;&nbsp;&nbsp;&nbsp;&nbsp;&nbsp;&nbsp;&nbsp;&nbsp;&nbsp;&nbsp;&nbsp;&nbsp;&nbsp;&nbsp;&nbsp;&nbsp;&nbsp;&nbsp;&nbsp;&nbsp;&nbsp;&nbsp;&nbsp;&nbsp;&nbsp;&nbsp;&nbsp;&nbsp;&nbsp;&nbsp;&nbsp;&nbsp;&nbsp;&nbsp;&nbsp;&nbsp;&nbsp;&nbsp;&nbsp;&nbsp;&nbsp;&nbsp;&nbsp;&nbsp;&nbsp;&nbsp;&nbsp;&nbsp;&nbsp;&nbsp;&nbsp;&nbsp;&nbsp;&nbsp;&nbsp;&nbsp;&nbsp;&nbsp;&nbsp;&nbsp;&nbsp;&nbsp;&nbsp;&nbsp;&nbsp;&nbsp;&nbsp;&nbsp;&nbsp;&nbsp;&nbsp;&nbsp;&nbsp;&nbsp;&nbsp;&nbsp;&nbsp;&nbsp;&nbsp;&nbsp;&nbsp;&nbsp;&nbsp;&nbsp;&nbsp;&nbsp;&nbsp;&nbsp;&nbsp;&nbsp; Niveles de Alerta Meteorol\u00f3gico<\/td><td><\/td><td><\/td><td><\/td><\/tr><tr><td colspan=\"2\">Alerta<\/td><td><\/td><td>Aviso<\/td><td>Descontinuada<\/td><\/tr><tr><td>La Altagracia<\/td><td>San Pedro de Macor\u00eds<\/td><td>&nbsp;<\/td><td>&nbsp;<\/td><\/tr><tr><td>La Romana<\/td><td>Saman\u00e1<\/td><td>&nbsp;<\/td><td>&nbsp;<\/td><\/tr><tr><td>El Seibo<\/td><td>El Gran Santo Domingo<\/td><td>&nbsp;<\/td><td>&nbsp;<\/td><\/tr><tr><td>Hato Mayor<\/td><td>&nbsp;<\/td><td>&nbsp;<\/td><td>&nbsp;<\/td><\/tr><tr><td colspan=\"2\">Total: 7<\/td><td><\/td><td>Total: 0<\/td><td>Total: 0<\/td><\/tr><\/tbody><\/table><\/figure>\n\n\n\n<p class=\"wp-block-paragraph\">Se vigila una onda tropical, asociada a los remanentes de la tormenta tropical Dolly, localizada al este de Puerto Rico.<\/p>\n\n\n\n<p class=\"wp-block-paragraph\">Su probabilidad de alcanzar la categor\u00eda de cicl\u00f3n tropical es baja, inferior al 20 %; sin embargo, se espera que produzca lluvias importantes sobre sectores del nordeste y norte del Caribe durante los pr\u00f3ximos d\u00edas.<\/p>\n\n\n\n<p class=\"wp-block-paragraph\">Por su ubicaci\u00f3n y desplazamiento previsto, se recomienda dar seguimiento a su evoluci\u00f3n.<\/p>\n\n\n\n<p class=\"wp-block-paragraph\">Asimismo, se informa sobre otro disturbio ubicado sobre el Golfo de Am\u00e9rica, con un potencial de 70 % para alcanzar la categor\u00eda de cicl\u00f3n tropical durante las pr\u00f3ximas 48 horas o los siguientes 7 d\u00edas.&nbsp;<\/p>\n\n\n\n<p class=\"wp-block-paragraph\"><strong>Por su posici\u00f3n y desplazamiento previsto, no representa peligro para la Rep\u00fablica Dominicana<\/strong>.<\/p>\n\n\n\n<p class=\"wp-block-paragraph\"><strong>Distrito Nacional:<\/strong>&nbsp;incrementos nubosos ocasionales con aguaceros, tronadas y r\u00e1fagas de viento al mediod\u00eda y la tarde.<\/p>\n\n\n\n<p class=\"wp-block-paragraph\"><strong>Santo Domingo Norte:<\/strong>&nbsp;incrementos con aguaceros, tronadas y posibles r\u00e1fagas de viento al mediod\u00eda y la tarde.<\/p>\n\n\n\n<p class=\"wp-block-paragraph\"><strong>Santo Domingo Oeste:<\/strong>&nbsp;incrementos nubosos con aguaceros, tronadas y posibles r\u00e1fagas de viento a mediod\u00eda y la tarde.<\/p>\n\n\n\n<p class=\"wp-block-paragraph\"><strong>Santo Domingo Este:<\/strong>&nbsp;incrementos nubosos &nbsp;con aguaceros, tronadas y posibles r\u00e1fagas de viento cercano al mediod\u00eda y la tarde.<\/p>\n\n\n\n<p class=\"wp-block-paragraph\"><strong>Temperaturas:<\/strong>&nbsp;m\u00ednimas entre&nbsp;<strong>24 \u00b0C y 26 \u00b0C<\/strong>&nbsp;y m\u00e1ximas entre&nbsp;<strong>34 \u00b0C y 36 \u00b0C<\/strong>.<br>Para ma\u00f1ana martes, se prev\u00e9 que la onda tropical haya salido de nuestra \u00e1rea.<\/p>\n\n\n\n<p class=\"wp-block-paragraph\">No obstante, la humedad remanente tras su paso, combinada con los efectos de una vaguada, mantendr\u00e1 condiciones favorables para incrementos nubosos durante la tarde, acompa\u00f1ados de fuertes aguaceros, tormentas el\u00e9ctricas y r\u00e1fagas de viento, principalmente sobre las regiones nordeste, norte, noroeste, cordillera Central y zona fronteriza.<\/p>\n\n\n\n<p class=\"wp-block-paragraph\">Santo Domingo: nublados ocasionales con aguaceros y tronadas, especialmente en horas de la tarde.<\/p>\n\n\n\n<p class=\"wp-block-paragraph\">Distrito Nacional: nublados ocasionales con aguaceros y tronadas.<\/p>\n\n\n\n<p class=\"wp-block-paragraph\">El mi\u00e9rcoles, la vaguada favorecer\u00e1 incrementos nubosos, especialmente durante la tarde, acompa\u00f1ados de aguaceros dispersos y tronadas hasta las primeras horas de la noche, principalmente hacia localidades de las regiones nordeste, sureste, cordillera Central y zona fronteriza.<\/p>\n","protected":false},"excerpt":{"rendered":"<p>Santo Domingo = El Instituto Dominicano de Meteorolog\u00eda (Indomet) inform\u00f3 este lunes, que una vaguada interact\u00faa con onda tropical que se aleja sobre aguas del mar Caribe, generando algunos nublados&hellip;<\/p>\n","protected":false},"author":10,"featured_media":89452,"comment_status":"open","ping_status":"open","sticky":false,"template":"","format":"standard","meta":{"content-type":"","_jetpack_newsletter_access":"","_jetpack_dont_email_post_to_subs":false,"_jetpack_newsletter_tier_id":0,"_jetpack_memberships_contains_paywalled_content":false,"_jetpack_feature_clip_id":0,"_jetpack_memberships_contains_paid_content":false,"footnotes":"","jetpack_post_was_ever_published":false},"categories":[23530],"tags":[4192,13553,5377,6681,1518],"class_list":["post-138570","post","type-post","status-publish","format-standard","has-post-thumbnail","hentry","category-clima","tag-clima","tag-indomet","tag-rafagas-de-viento","tag-tormentas-electricas","tag-vaguada"],"jetpack-related-posts":[{"id":110062,"url":"https:\/\/lasprimeras.com.do\/index.php\/2025\/09\/25\/activa-onda-tropical-y-una-vaguada-inciden-en-las-condiciones-del-tiempo\/","url_meta":{"origin":138570,"position":0},"title":"Activa onda tropical y una vaguada inciden en las condiciones del tiempo","author":"Nelson Feliz","date":"25 de septiembre de 2025","format":false,"excerpt":"SE MANTIENEN VIGENTES LAS ALERTAS METEOROL\u00d3GICAS POR POSIBLES INUNDACIONES URBANAS. Una activa onda tropical y una vaguada en varios niveles de la troposfera, dominan las condiciones atmosf\u00e9ricas del pa\u00eds, y generan un ambiente cargado de abundante humedad e inestabilidad, originando desde horas matutinas, condiciones muy propicias para que se presenten,\u2026","rel":"","context":"En \u00abNACIONALES\u00bb","block_context":{"text":"NACIONALES","link":"https:\/\/lasprimeras.com.do\/index.php\/category\/nacionales\/"},"img":{"alt_text":"","src":"https:\/\/i0.wp.com\/lasprimeras.com.do\/wp-content\/uploads\/2023\/10\/WhatsApp-Image-2023-10-04-at-5.20.12-PM-2.webp?resize=350%2C200&ssl=1","width":350,"height":200,"srcset":"https:\/\/i0.wp.com\/lasprimeras.com.do\/wp-content\/uploads\/2023\/10\/WhatsApp-Image-2023-10-04-at-5.20.12-PM-2.webp?resize=350%2C200&ssl=1 1x, https:\/\/i0.wp.com\/lasprimeras.com.do\/wp-content\/uploads\/2023\/10\/WhatsApp-Image-2023-10-04-at-5.20.12-PM-2.webp?resize=525%2C300&ssl=1 1.5x, https:\/\/i0.wp.com\/lasprimeras.com.do\/wp-content\/uploads\/2023\/10\/WhatsApp-Image-2023-10-04-at-5.20.12-PM-2.webp?resize=700%2C400&ssl=1 2x, https:\/\/i0.wp.com\/lasprimeras.com.do\/wp-content\/uploads\/2023\/10\/WhatsApp-Image-2023-10-04-at-5.20.12-PM-2.webp?resize=1050%2C600&ssl=1 3x"},"classes":[]},{"id":113360,"url":"https:\/\/lasprimeras.com.do\/index.php\/2025\/11\/02\/indomet-advierte-onda-tropical-y-vaguada-seguira-provocando-aguaceros-con-tormentas-electricas\/","url_meta":{"origin":138570,"position":1},"title":"INDOMET advierte onda tropical y vaguada seguir\u00e1 provocando aguaceros con tormentas el\u00e9ctricas","author":"Nelson Feliz","date":"2 de noviembre de 2025","format":false,"excerpt":"SE MANTIENEN LOS ALERTAS Y AVISOS METEOROL\u00d3GICOS El Instituto Dominicano De Meteorolog\u00eda inform\u00f3 este domingo que debido al tr\u00e1nsito de una onda tropical sobre el territorio dominicano m\u00e1s la incidencia de una vaguada en los niveles altos de la troposfera, seguir\u00e1n los aguaceros con tormentas el\u00e9ctricas y r\u00e1fagas de viento,\u2026","rel":"","context":"En \u00abCLIMA\u00bb","block_context":{"text":"CLIMA","link":"https:\/\/lasprimeras.com.do\/index.php\/category\/clima\/"},"img":{"alt_text":"","src":"https:\/\/i0.wp.com\/lasprimeras.com.do\/wp-content\/uploads\/2025\/10\/lluvias.jpg?resize=350%2C200&ssl=1","width":350,"height":200,"srcset":"https:\/\/i0.wp.com\/lasprimeras.com.do\/wp-content\/uploads\/2025\/10\/lluvias.jpg?resize=350%2C200&ssl=1 1x, https:\/\/i0.wp.com\/lasprimeras.com.do\/wp-content\/uploads\/2025\/10\/lluvias.jpg?resize=525%2C300&ssl=1 1.5x, https:\/\/i0.wp.com\/lasprimeras.com.do\/wp-content\/uploads\/2025\/10\/lluvias.jpg?resize=700%2C400&ssl=1 2x"},"classes":[]},{"id":91124,"url":"https:\/\/lasprimeras.com.do\/index.php\/2024\/11\/10\/onda-tropical-y-vaguada-produciran-aguaceros-tormentas-electricas-en-las-proximas-24-a-48-horas\/","url_meta":{"origin":138570,"position":2},"title":"Onda Tropical y Vaguada producir\u00e1n aguaceros, tormentas el\u00e9ctricas en las pr\u00f3ximas 24 a 48 horas","author":"Nelson Feliz","date":"10 de noviembre de 2024","format":false,"excerpt":"Varias provincias en alertas y avisos meteorol\u00f3gicos. El Instituto Dominicano de Meteorolog\u00eda (INDOMET) informo hoy producto de la inestabilidad de la vaguada y la humedad de la onda tropical, desde la madrugada ocurren nublados con lluvias, tronadas y aisladas r\u00e1fagas de viento, en puntos del sureste caribe\u00f1o y nordeste Atl\u00e1ntico;\u2026","rel":"","context":"En \u00abNACIONALES\u00bb","block_context":{"text":"NACIONALES","link":"https:\/\/lasprimeras.com.do\/index.php\/category\/nacionales\/"},"img":{"alt_text":"","src":"https:\/\/i0.wp.com\/lasprimeras.com.do\/wp-content\/uploads\/2023\/07\/lluvias-1.jpg?resize=350%2C200&ssl=1","width":350,"height":200,"srcset":"https:\/\/i0.wp.com\/lasprimeras.com.do\/wp-content\/uploads\/2023\/07\/lluvias-1.jpg?resize=350%2C200&ssl=1 1x, https:\/\/i0.wp.com\/lasprimeras.com.do\/wp-content\/uploads\/2023\/07\/lluvias-1.jpg?resize=525%2C300&ssl=1 1.5x"},"classes":[]},{"id":59428,"url":"https:\/\/lasprimeras.com.do\/index.php\/2023\/09\/04\/onamet-aguaceros-con-tronadas-por-la-incidencia-de-vaguada-y-la-humedad-dejada-por-una-onda-tropical\/","url_meta":{"origin":138570,"position":3},"title":"Onamet: Aguaceros con tronadas por la incidencia de vaguada y la humedad dejada por una onda tropical","author":"Nelson Feliz","date":"4 de septiembre de 2023","format":false,"excerpt":"La Oficina Nacional de Meteorologia (ONAMET), report\u00f3 este lunes que nuestra \u00e1rea de pron\u00f3sticos permanece h\u00fameda e inestable, producto del paso de una onda tropical y los efectos de una vaguada que se localiza en varios niveles de la troposfera, y mantiene las condiciones propicias para que se presenten aguaceros\u2026","rel":"","context":"En \u00abNACIONALES\u00bb","block_context":{"text":"NACIONALES","link":"https:\/\/lasprimeras.com.do\/index.php\/category\/nacionales\/"},"img":{"alt_text":"","src":"https:\/\/i0.wp.com\/lasprimeras.com.do\/wp-content\/uploads\/2023\/07\/lluvias-1.jpg?resize=350%2C200&ssl=1","width":350,"height":200,"srcset":"https:\/\/i0.wp.com\/lasprimeras.com.do\/wp-content\/uploads\/2023\/07\/lluvias-1.jpg?resize=350%2C200&ssl=1 1x, https:\/\/i0.wp.com\/lasprimeras.com.do\/wp-content\/uploads\/2023\/07\/lluvias-1.jpg?resize=525%2C300&ssl=1 1.5x"},"classes":[]},{"id":86796,"url":"https:\/\/lasprimeras.com.do\/index.php\/2024\/08\/01\/activa-onda-tropical-y-vaguada-provocaran-aguaceros-y-tormentas-electricas-en-varias-provincias\/","url_meta":{"origin":138570,"position":4},"title":"Activa onda tropical y vaguada provocaran aguaceros y tormentas el\u00e9ctricas en varias provincias","author":"Nelson Feliz","date":"1 de agosto de 2024","format":false,"excerpt":"El Instituto Dominicano de Meteorolog\u00eda -INDOMET-, inform\u00f3 este jueves sobre los incrementos significativos de la nubosidad sobre diferentes regiones del territorio nacional, producto de la incidencia de una activa onda tropical en la porci\u00f3n oriental del pa\u00eds y una vaguada en altura. En consecuencia, ambos sistemas meteorol\u00f3gicos se mantendr\u00e1n originando\u2026","rel":"","context":"En \u00abNACIONALES\u00bb","block_context":{"text":"NACIONALES","link":"https:\/\/lasprimeras.com.do\/index.php\/category\/nacionales\/"},"img":{"alt_text":"","src":"https:\/\/i0.wp.com\/lasprimeras.com.do\/wp-content\/uploads\/2023\/10\/WhatsApp-Image-2023-10-04-at-5.20.12-PM-2.webp?resize=350%2C200&ssl=1","width":350,"height":200,"srcset":"https:\/\/i0.wp.com\/lasprimeras.com.do\/wp-content\/uploads\/2023\/10\/WhatsApp-Image-2023-10-04-at-5.20.12-PM-2.webp?resize=350%2C200&ssl=1 1x, https:\/\/i0.wp.com\/lasprimeras.com.do\/wp-content\/uploads\/2023\/10\/WhatsApp-Image-2023-10-04-at-5.20.12-PM-2.webp?resize=525%2C300&ssl=1 1.5x, https:\/\/i0.wp.com\/lasprimeras.com.do\/wp-content\/uploads\/2023\/10\/WhatsApp-Image-2023-10-04-at-5.20.12-PM-2.webp?resize=700%2C400&ssl=1 2x, https:\/\/i0.wp.com\/lasprimeras.com.do\/wp-content\/uploads\/2023\/10\/WhatsApp-Image-2023-10-04-at-5.20.12-PM-2.webp?resize=1050%2C600&ssl=1 3x"},"classes":[]},{"id":137048,"url":"https:\/\/lasprimeras.com.do\/index.php\/2026\/08\/12\/onda-tropical-y-vaguada-provocando-aguaceros-con-tronadas-en-varias-provincias\/","url_meta":{"origin":138570,"position":5},"title":"Onda Tropical y Vaguada provocando aguaceros con tronadas en varias provincias","author":"Nelson Feliz","date":"12 de agosto de 2026","format":false,"excerpt":"Santo Domingo =El Instituto Dominicano de Meteorolog\u00eda (INDOMET) informa este mi\u00e9rcoles que la onda tropical se ubicar\u00e1 pr\u00f3ximo a la porci\u00f3n occidental de la isla, que junto a la vaguada en los niveles altos de la troposfera permanecer\u00e1n generando desde horas matutinas hasta primeras horas de la noche, actividad de\u2026","rel":"","context":"En \u00abPORTADA\u00bb","block_context":{"text":"PORTADA","link":"https:\/\/lasprimeras.com.do\/index.php\/category\/portada\/"},"img":{"alt_text":"","src":"https:\/\/i0.wp.com\/lasprimeras.com.do\/wp-content\/uploads\/2026\/05\/Lluvias-1.png?resize=350%2C200&ssl=1","width":350,"height":200,"srcset":"https:\/\/i0.wp.com\/lasprimeras.com.do\/wp-content\/uploads\/2026\/05\/Lluvias-1.png?resize=350%2C200&ssl=1 1x, https:\/\/i0.wp.com\/lasprimeras.com.do\/wp-content\/uploads\/2026\/05\/Lluvias-1.png?resize=525%2C300&ssl=1 1.5x, https:\/\/i0.wp.com\/lasprimeras.com.do\/wp-content\/uploads\/2026\/05\/Lluvias-1.png?resize=700%2C400&ssl=1 2x, https:\/\/i0.wp.com\/lasprimeras.com.do\/wp-content\/uploads\/2026\/05\/Lluvias-1.png?resize=1050%2C600&ssl=1 3x"},"classes":[]}],"jetpack_sharing_enabled":true,"jetpack_featured_media_url":"https:\/\/lasprimeras.com.do\/wp-content\/uploads\/2024\/09\/vaguada.jpg","_links":{"self":[{"href":"https:\/\/lasprimeras.com.do\/index.php\/wp-json\/wp\/v2\/posts\/138570","targetHints":{"allow":["GET"]}}],"collection":[{"href":"https:\/\/lasprimeras.com.do\/index.php\/wp-json\/wp\/v2\/posts"}],"about":[{"href":"https:\/\/lasprimeras.com.do\/index.php\/wp-json\/wp\/v2\/types\/post"}],"author":[{"embeddable":true,"href":"https:\/\/lasprimeras.com.do\/index.php\/wp-json\/wp\/v2\/users\/10"}],"replies":[{"embeddable":true,"href":"https:\/\/lasprimeras.com.do\/index.php\/wp-json\/wp\/v2\/comments?post=138570"}],"version-history":[{"count":1,"href":"https:\/\/lasprimeras.com.do\/index.php\/wp-json\/wp\/v2\/posts\/138570\/revisions"}],"predecessor-version":[{"id":138571,"href":"https:\/\/lasprimeras.com.do\/index.php\/wp-json\/wp\/v2\/posts\/138570\/revisions\/138571"}],"wp:featuredmedia":[{"embeddable":true,"href":"https:\/\/lasprimeras.com.do\/index.php\/wp-json\/wp\/v2\/media\/89452"}],"wp:attachment":[{"href":"https:\/\/lasprimeras.com.do\/index.php\/wp-json\/wp\/v2\/media?parent=138570"}],"wp:term":[{"taxonomy":"category","embeddable":true,"href":"https:\/\/lasprimeras.com.do\/index.php\/wp-json\/wp\/v2\/categories?post=138570"},{"taxonomy":"post_tag","embeddable":true,"href":"https:\/\/lasprimeras.com.do\/index.php\/wp-json\/wp\/v2\/tags?post=138570"}],"curies":[{"name":"wp","href":"https:\/\/api.w.org\/{rel}","templated":true}]}}