{"id":138573,"date":"2026-08-31T08:10:03","date_gmt":"2026-08-31T12:10:03","guid":{"rendered":"https:\/\/lasprimeras.com.do\/?p=138573"},"modified":"2026-08-31T08:10:05","modified_gmt":"2026-08-31T12:10:05","slug":"denuncian-contaminacion-de-planta-del-idac-en-san-carlos-y-alertan-riesgo-de-monoxido-de-carbono","status":"publish","type":"post","link":"https:\/\/lasprimeras.com.do\/index.php\/2026\/08\/31\/denuncian-contaminacion-de-planta-del-idac-en-san-carlos-y-alertan-riesgo-de-monoxido-de-carbono\/","title":{"rendered":"Denuncian contaminaci\u00f3n de planta del IDAC en San Carlos y alertan riesgo de mon\u00f3xido de carbono"},"content":{"rendered":"\n<p class=\"wp-block-paragraph\"><em>SANTO DOMINGO.<\/em> Residentes del sector San Carlos, en el Distrito Nacional, denunciaron una grave situaci\u00f3n de contaminaci\u00f3n que atribuyen a la planta el\u00e9ctrica del Instituto Dominicano de Aviaci\u00f3n Civil, IDAC.<\/p>\n\n\n\n<p class=\"wp-block-paragraph\">La planta est\u00e1 ubicada en la Av. M\u00e9xico esquina 30 de Marzo y sus emisiones de humo y gases t\u00f3xicos invaden viviendas vecinas.<\/p>\n\n\n\n<p class=\"wp-block-paragraph\">La afectaci\u00f3n ocurre de forma regular desde las 4:00 AM y se extiende durante toda la ma\u00f1ana.<\/p>\n\n\n\n<p class=\"wp-block-paragraph\">Los comunitarios alertan que lo m\u00e1s peligroso ocurre en la madrugada, cuando el humo penetra las casas mientras las familias duermen.<\/p>\n\n\n\n<p class=\"wp-block-paragraph\">Advierten sobre el riesgo de acumulaci\u00f3n de mon\u00f3xido de carbono, un gas letal, invisible e inodoro que puede causar asfixia o da\u00f1os severos a la salud.<\/p>\n\n\n\n<p class=\"wp-block-paragraph\">\u201cNos est\u00e1 exponiendo a una tragedia\u201d, expresaron.<\/p>\n\n\n\n<p class=\"wp-block-paragraph\">La problem\u00e1tica fue reportada formalmente al Ministerio de Medio Ambiente y Recursos Naturales el pasado 3 de agosto.<\/p>\n\n\n\n<p class=\"wp-block-paragraph\">El caso qued\u00f3 registrado con el c\u00f3digo de denuncia MMARN-47978. Hasta la fecha, aseguran, no han recibido respuesta ni inspecci\u00f3n por parte del ministerio.<\/p>\n\n\n\n<p class=\"wp-block-paragraph\">De igual forma, el IDAC fue notificado a trav\u00e9s de redes sociales.<\/p>\n\n\n\n<p class=\"wp-block-paragraph\">Seg\u00fan los denunciantes, la instituci\u00f3n prometi\u00f3 una soluci\u00f3n pero no ha tomado acciones.<\/p>\n\n\n\n<p class=\"wp-block-paragraph\">Los residentes entregan videos, fotos y la ubicaci\u00f3n exacta como evidencia de la contaminaci\u00f3n.<\/p>\n\n\n\n<p class=\"wp-block-paragraph\">Los vecinos de San Carlos piden la intervenci\u00f3n urgente de las autoridades ambientales y del IDAC.<\/p>\n\n\n\n<p class=\"wp-block-paragraph\">Los residentes del sector San Carlos solicitaron al Ministerio de Medio Ambiente, Salud P\u00fablica y al mismo diablo una inspecci\u00f3n inmediata y medidas correctivas para detener las emisiones.<\/p>\n\n\n\n<p class=\"wp-block-paragraph\">Solicitaron a los medios de comunicaci\u00f3n el apoyo para difundir la denuncia y evitar da\u00f1os mayores a la salud p\u00fablica.<\/p>\n\n\n\n<figure class=\"wp-block-video\"><video height=\"1280\" style=\"aspect-ratio: 720 \/ 1280;\" width=\"720\" controls src=\"https:\/\/lasprimeras.com.do\/wp-content\/uploads\/2026\/08\/595008.mp4\"><\/video><\/figure>\n","protected":false},"excerpt":{"rendered":"<p>SANTO DOMINGO. Residentes del sector San Carlos, en el Distrito Nacional, denunciaron una grave situaci\u00f3n de contaminaci\u00f3n que atribuyen a la planta el\u00e9ctrica del Instituto Dominicano de Aviaci\u00f3n Civil, IDAC.&hellip;<\/p>\n","protected":false},"author":10,"featured_media":138574,"comment_status":"open","ping_status":"open","sticky":false,"template":"","format":"standard","meta":{"content-type":"","_jetpack_newsletter_access":"","_jetpack_dont_email_post_to_subs":false,"_jetpack_newsletter_tier_id":0,"_jetpack_memberships_contains_paywalled_content":false,"_jetpack_feature_clip_id":0,"_jetpack_memberships_contains_paid_content":false,"footnotes":"","jetpack_post_was_ever_published":false},"categories":[25],"tags":[4737,8657,30318,3634,6954,7901,806],"class_list":["post-138573","post","type-post","status-publish","format-standard","has-post-thumbnail","hentry","category-portada","tag-contaminacion","tag-dioxido-de-carbono","tag-humo","tag-idac","tag-planta-electrica","tag-san-carlos","tag-santo-domingo"],"jetpack-related-posts":[{"id":95371,"url":"https:\/\/lasprimeras.com.do\/index.php\/2025\/03\/13\/bajo-trump-agencia-ambiental-anula-regulaciones-ambientales-incluso-sobre-cambio-climatico\/","url_meta":{"origin":138573,"position":0},"title":"Bajo Trump, agencia ambiental anula regulaciones ambientales, incluso sobre cambio clim\u00e1tico","author":"Nelson Feliz","date":"13 de marzo de 2025","format":false,"excerpt":"POR MATTHEW DALY WASHINGTON (AP) \u2014 En lo que llam\u00f3 el \u201cd\u00eda m\u00e1s trascendental de desregulaci\u00f3n en la historia estadounidense\u201d, el director de la Agencia de Protecci\u00f3n Ambiental (EPA) anunci\u00f3 una serie de acciones el mi\u00e9rcoles para anular regulaciones ambientales hist\u00f3ricas, incluidas las normas sobre la contaminaci\u00f3n de las plantas\u2026","rel":"","context":"En \u00abINTERNACIONALES\u00bb","block_context":{"text":"INTERNACIONALES","link":"https:\/\/lasprimeras.com.do\/index.php\/category\/sin-categoria\/internacionales\/"},"img":{"alt_text":"Agencia de Protecci\u00f3n Ambiental de Estados Unidos en Washington","src":"https:\/\/i0.wp.com\/lasprimeras.com.do\/wp-content\/uploads\/2025\/03\/Agencia-de-Proteccion-Ambiental-de-Estados-Unidos-en-Washington.png?resize=350%2C200&ssl=1","width":350,"height":200,"srcset":"https:\/\/i0.wp.com\/lasprimeras.com.do\/wp-content\/uploads\/2025\/03\/Agencia-de-Proteccion-Ambiental-de-Estados-Unidos-en-Washington.png?resize=350%2C200&ssl=1 1x, https:\/\/i0.wp.com\/lasprimeras.com.do\/wp-content\/uploads\/2025\/03\/Agencia-de-Proteccion-Ambiental-de-Estados-Unidos-en-Washington.png?resize=525%2C300&ssl=1 1.5x, https:\/\/i0.wp.com\/lasprimeras.com.do\/wp-content\/uploads\/2025\/03\/Agencia-de-Proteccion-Ambiental-de-Estados-Unidos-en-Washington.png?resize=700%2C400&ssl=1 2x"},"classes":[]},{"id":52819,"url":"https:\/\/lasprimeras.com.do\/index.php\/2023\/06\/21\/idac-saluda-voluntad-de-las-autoridades-aeronautica-para-reducir-impacto-ambiental\/","url_meta":{"origin":138573,"position":1},"title":"IDAC saluda voluntad de las autoridades aeron\u00e1utica para reducir impacto ambiental","author":"Nelson Feliz","date":"21 de junio de 2023","format":false,"excerpt":"Delegaci\u00f3n del IDAC y otros organismos del sector aeron\u00e1utico dominicano participan en Paris Air Show, donde se presentan las principales innovaciones y tendencias del mundo de la aviaci\u00f3n internacional. El director general interino del Instituto Dominicano de Aviaci\u00f3n Civil (IDAC) H\u00e9ctor Porcella, salud\u00f3 la voluntad de las autoridades y el\u2026","rel":"","context":"En \u00abTURISMO\u00bb","block_context":{"text":"TURISMO","link":"https:\/\/lasprimeras.com.do\/index.php\/category\/turismo\/"},"img":{"alt_text":"H\u00e9ctor Porcella","src":"https:\/\/i0.wp.com\/lasprimeras.com.do\/wp-content\/uploads\/2023\/06\/Hector-Porcella.jpg?resize=350%2C200&ssl=1","width":350,"height":200,"srcset":"https:\/\/i0.wp.com\/lasprimeras.com.do\/wp-content\/uploads\/2023\/06\/Hector-Porcella.jpg?resize=350%2C200&ssl=1 1x, https:\/\/i0.wp.com\/lasprimeras.com.do\/wp-content\/uploads\/2023\/06\/Hector-Porcella.jpg?resize=525%2C300&ssl=1 1.5x, https:\/\/i0.wp.com\/lasprimeras.com.do\/wp-content\/uploads\/2023\/06\/Hector-Porcella.jpg?resize=700%2C400&ssl=1 2x"},"classes":[]},{"id":86163,"url":"https:\/\/lasprimeras.com.do\/index.php\/2024\/07\/19\/abinader-entrega-remozada-planta-de-tratamiento-de-hainamosa\/","url_meta":{"origin":138573,"position":2},"title":"Abinader entrega remozada planta de tratamiento de Hainamosa","author":"Nelson Feliz","date":"19 de julio de 2024","format":false,"excerpt":"Tambi\u00e9n inaugura carretera que une autopista Juan Pablo II con Mata Los Indios, Bella Vista y San Antonio de Guerra. El presidente Luis Abinader entreg\u00f3, junto al director de la CAASD, Fellito Suberv\u00ed, la remozada planta de tratamiento de aguas residuales dom\u00e9sticas de Hainamosa. Posteriormente inaugur\u00f3 la carretera que une\u2026","rel":"","context":"En \u00abECONOM\u00cdA\u00bb","block_context":{"text":"ECONOM\u00cdA","link":"https:\/\/lasprimeras.com.do\/index.php\/category\/economia\/"},"img":{"alt_text":"Luis Abinader","src":"https:\/\/i0.wp.com\/lasprimeras.com.do\/wp-content\/uploads\/2024\/07\/Luis-Abinader-8.jpg?resize=350%2C200&ssl=1","width":350,"height":200,"srcset":"https:\/\/i0.wp.com\/lasprimeras.com.do\/wp-content\/uploads\/2024\/07\/Luis-Abinader-8.jpg?resize=350%2C200&ssl=1 1x, https:\/\/i0.wp.com\/lasprimeras.com.do\/wp-content\/uploads\/2024\/07\/Luis-Abinader-8.jpg?resize=525%2C300&ssl=1 1.5x, https:\/\/i0.wp.com\/lasprimeras.com.do\/wp-content\/uploads\/2024\/07\/Luis-Abinader-8.jpg?resize=700%2C400&ssl=1 2x"},"classes":[]},{"id":54478,"url":"https:\/\/lasprimeras.com.do\/index.php\/2023\/07\/11\/ampliaran-programa-e-delivery-con-2000-motores-electricos-en-el-gran-santo-domingo\/","url_meta":{"origin":138573,"position":3},"title":"Ampliar\u00e1n programa \u201cE-Delivery\u201d con 2,000 motores el\u00e9ctricos en el Gran Santo Domingo","author":"Nelson Feliz","date":"11 de julio de 2023","format":false,"excerpt":"El programa de transici\u00f3n de motores de combusti\u00f3n a motores el\u00e9ctricos \u201cE-Delivery\u201d, ser\u00e1 ampliado en el Gran Santo Domingo con la finalidad de ofrecer a cientos de peque\u00f1os negocios (colmados) una oportunidad de transformaci\u00f3n para reducir la contaminaci\u00f3n ac\u00fastica y medioambiental y eficientizar recursos. E-Delivery es uno de los esfuerzos\u2026","rel":"","context":"En \u00abNACIONALES\u00bb","block_context":{"text":"NACIONALES","link":"https:\/\/lasprimeras.com.do\/index.php\/category\/nacionales\/"},"img":{"alt_text":"ejecutivos E- Delivery","src":"https:\/\/i0.wp.com\/lasprimeras.com.do\/wp-content\/uploads\/2023\/07\/Foto-ejecutivos-E-Delivery.jpg?resize=350%2C200&ssl=1","width":350,"height":200,"srcset":"https:\/\/i0.wp.com\/lasprimeras.com.do\/wp-content\/uploads\/2023\/07\/Foto-ejecutivos-E-Delivery.jpg?resize=350%2C200&ssl=1 1x, https:\/\/i0.wp.com\/lasprimeras.com.do\/wp-content\/uploads\/2023\/07\/Foto-ejecutivos-E-Delivery.jpg?resize=525%2C300&ssl=1 1.5x, https:\/\/i0.wp.com\/lasprimeras.com.do\/wp-content\/uploads\/2023\/07\/Foto-ejecutivos-E-Delivery.jpg?resize=700%2C400&ssl=1 2x"},"classes":[]},{"id":130434,"url":"https:\/\/lasprimeras.com.do\/index.php\/2026\/05\/13\/camara-de-cuentas-aprueba-auditorias-a-la-sipen-asdn-edeeste-e-idac-en-su-novena-sesion-ordinaria\/","url_meta":{"origin":138573,"position":4},"title":"C\u00e1mara de Cuentas aprueba auditor\u00edas a la SIPEN, ASDN, EDEESTE e IDAC en su novena sesi\u00f3n ordinaria","author":"Nelson Feliz","date":"13 de mayo de 2026","format":false,"excerpt":"El Pleno de la C\u00e1mara de Cuentas de la Rep\u00fablica Dominicana (CCRD), encabezado por su presidenta, la doctora Emma Polanco Melo, aprob\u00f3 cuatro nuevos informes de auditor\u00eda durante su novena sesi\u00f3n ordinaria, celebrada el pasado jueves 23 de abril. En cumplimiento de su mandato constitucional y de las disposiciones establecidas\u2026","rel":"","context":"En \u00abECONOM\u00cdA\u00bb","block_context":{"text":"ECONOM\u00cdA","link":"https:\/\/lasprimeras.com.do\/index.php\/category\/economia\/"},"img":{"alt_text":"C\u00e1mara de Cuentas","src":"https:\/\/i0.wp.com\/lasprimeras.com.do\/wp-content\/uploads\/2026\/05\/Camara-de-Cuentas-1.jpg?resize=350%2C200&ssl=1","width":350,"height":200,"srcset":"https:\/\/i0.wp.com\/lasprimeras.com.do\/wp-content\/uploads\/2026\/05\/Camara-de-Cuentas-1.jpg?resize=350%2C200&ssl=1 1x, https:\/\/i0.wp.com\/lasprimeras.com.do\/wp-content\/uploads\/2026\/05\/Camara-de-Cuentas-1.jpg?resize=525%2C300&ssl=1 1.5x, https:\/\/i0.wp.com\/lasprimeras.com.do\/wp-content\/uploads\/2026\/05\/Camara-de-Cuentas-1.jpg?resize=700%2C400&ssl=1 2x"},"classes":[]},{"id":121973,"url":"https:\/\/lasprimeras.com.do\/index.php\/2026\/02\/11\/encuentran-sin-vida-a-dominicano-y-a-su-familia-dentro-de-su-vivienda-en-florida\/","url_meta":{"origin":138573,"position":5},"title":"Encuentran sin vida a dominicano y a su familia dentro de su vivienda en Florida","author":"Nelson Feliz","date":"11 de febrero de 2026","format":false,"excerpt":"Los cuerpos de la familia fueron encontrados durante un control de bienestar realizado el s\u00e1bado por la noche, en lo que aparenta ser un incidente de intoxicaci\u00f3n por mon\u00f3xido de carbono Un dominicano, identificado por la cadena de noticias Fox como veterano retirado de la Guardia Costera de Estados Unidos,\u2026","rel":"","context":"En \u00abNACIONALES\u00bb","block_context":{"text":"NACIONALES","link":"https:\/\/lasprimeras.com.do\/index.php\/category\/nacionales\/"},"img":{"alt_text":"","src":"https:\/\/i0.wp.com\/lasprimeras.com.do\/wp-content\/uploads\/2026\/02\/familia.jpg?resize=350%2C200&ssl=1","width":350,"height":200,"srcset":"https:\/\/i0.wp.com\/lasprimeras.com.do\/wp-content\/uploads\/2026\/02\/familia.jpg?resize=350%2C200&ssl=1 1x, https:\/\/i0.wp.com\/lasprimeras.com.do\/wp-content\/uploads\/2026\/02\/familia.jpg?resize=525%2C300&ssl=1 1.5x, https:\/\/i0.wp.com\/lasprimeras.com.do\/wp-content\/uploads\/2026\/02\/familia.jpg?resize=700%2C400&ssl=1 2x"},"classes":[]}],"jetpack_sharing_enabled":true,"jetpack_featured_media_url":"https:\/\/lasprimeras.com.do\/wp-content\/uploads\/2026\/08\/IMG-20260830-WA0197.jpg","_links":{"self":[{"href":"https:\/\/lasprimeras.com.do\/index.php\/wp-json\/wp\/v2\/posts\/138573","targetHints":{"allow":["GET"]}}],"collection":[{"href":"https:\/\/lasprimeras.com.do\/index.php\/wp-json\/wp\/v2\/posts"}],"about":[{"href":"https:\/\/lasprimeras.com.do\/index.php\/wp-json\/wp\/v2\/types\/post"}],"author":[{"embeddable":true,"href":"https:\/\/lasprimeras.com.do\/index.php\/wp-json\/wp\/v2\/users\/10"}],"replies":[{"embeddable":true,"href":"https:\/\/lasprimeras.com.do\/index.php\/wp-json\/wp\/v2\/comments?post=138573"}],"version-history":[{"count":1,"href":"https:\/\/lasprimeras.com.do\/index.php\/wp-json\/wp\/v2\/posts\/138573\/revisions"}],"predecessor-version":[{"id":138576,"href":"https:\/\/lasprimeras.com.do\/index.php\/wp-json\/wp\/v2\/posts\/138573\/revisions\/138576"}],"wp:featuredmedia":[{"embeddable":true,"href":"https:\/\/lasprimeras.com.do\/index.php\/wp-json\/wp\/v2\/media\/138574"}],"wp:attachment":[{"href":"https:\/\/lasprimeras.com.do\/index.php\/wp-json\/wp\/v2\/media?parent=138573"}],"wp:term":[{"taxonomy":"category","embeddable":true,"href":"https:\/\/lasprimeras.com.do\/index.php\/wp-json\/wp\/v2\/categories?post=138573"},{"taxonomy":"post_tag","embeddable":true,"href":"https:\/\/lasprimeras.com.do\/index.php\/wp-json\/wp\/v2\/tags?post=138573"}],"curies":[{"name":"wp","href":"https:\/\/api.w.org\/{rel}","templated":true}]}}