{"id":138577,"date":"2026-08-31T08:27:33","date_gmt":"2026-08-31T12:27:33","guid":{"rendered":"https:\/\/lasprimeras.com.do\/?p=138577"},"modified":"2026-08-31T08:27:35","modified_gmt":"2026-08-31T12:27:35","slug":"nueva-encuesta-da-a-los-democratas-una-ventaja-de-cinco-puntos-sobre-los-republicanos-a-nivel-nacional","status":"publish","type":"post","link":"https:\/\/lasprimeras.com.do\/index.php\/2026\/08\/31\/nueva-encuesta-da-a-los-democratas-una-ventaja-de-cinco-puntos-sobre-los-republicanos-a-nivel-nacional\/","title":{"rendered":"Nueva encuesta da a los dem\u00f3cratas una ventaja de cinco puntos sobre los republicanos a nivel nacional"},"content":{"rendered":"\n<p class=\"wp-block-paragraph\">Por Ram\u00f3n Mercedes<\/p>\n\n\n\n<p class=\"wp-block-paragraph\">NUEVA YORK.- Los dem\u00f3cratas superan a los republicanos por cinco puntos en la intenci\u00f3n de voto para el Congreso de Estados Unidos, seg\u00fan la m\u00e1s reciente encuesta Voters&#8217; Voice Poll de The Center Square, que les otorga un 47% de apoyo frente al 42% de los republicanos.<br><br>El 59% de los hispanos encuestados afirm\u00f3 que votar\u00eda por un candidato dem\u00f3crata, un dato que podr\u00eda encender las alarmas en el Partido Republicano de cara a las elecciones de noviembre.<\/p>\n\n\n\n<p class=\"wp-block-paragraph\">Entre los votantes independientes, el 40% respalda al candidato dem\u00f3crata, el 33% al republicano y un 20% permanece indeciso.<\/p>\n\n\n\n<p class=\"wp-block-paragraph\">Asimismo, entre quienes perciben ingresos inferiores a 50 mil d\u00f3lares anuales, el 50% se inclina por el Partido Dem\u00f3crata, mientras que el 37% favorece al Republicano.<\/p>\n\n\n\n<p class=\"wp-block-paragraph\">Los j\u00f3venes de entre 18 y 29 a\u00f1os muestran una preferencia por los dem\u00f3cratas de 54% frente a 36%.<\/p>\n\n\n\n<p class=\"wp-block-paragraph\">Entre las mujeres, la ventaja tambi\u00e9n es dem\u00f3crata, 52% contra 35%.<\/p>\n\n\n\n<p class=\"wp-block-paragraph\">Aunque la encuesta refleja una creciente preocupaci\u00f3n por el costo de la vida, no establece una relaci\u00f3n directa entre ese factor y la intenci\u00f3n de voto.<\/p>\n\n\n\n<p class=\"wp-block-paragraph\">Otras mediciones recientes presentan resultados similares.<\/p>\n\n\n\n<p class=\"wp-block-paragraph\">Emerson College Polling registr\u00f3 una ventaja dem\u00f3crata de 51% frente a 43% entre votantes probables, mientras que Cygnal report\u00f3 49% contra 42%.<\/p>\n\n\n\n<p class=\"wp-block-paragraph\">El promedio de Silver Bulletin, correspondiente al 25 de agosto, situ\u00f3 la ventaja dem\u00f3crata en 6.6 puntos porcentuales.<\/p>\n\n\n\n<p class=\"wp-block-paragraph\">En cualquier caso, estas encuestas representan una fotograf\u00eda del momento y no permiten predecir con certeza qu\u00e9 partido obtendr\u00e1 el control del Congreso en 2027.<\/p>\n","protected":false},"excerpt":{"rendered":"<p>Por Ram\u00f3n Mercedes NUEVA YORK.- Los dem\u00f3cratas superan a los republicanos por cinco puntos en la intenci\u00f3n de voto para el Congreso de Estados Unidos, seg\u00fan la m\u00e1s reciente encuesta&hellip;<\/p>\n","protected":false},"author":10,"featured_media":138578,"comment_status":"open","ping_status":"open","sticky":false,"template":"","format":"standard","meta":{"content-type":"","_jetpack_newsletter_access":"","_jetpack_dont_email_post_to_subs":false,"_jetpack_newsletter_tier_id":0,"_jetpack_memberships_contains_paywalled_content":false,"_jetpack_feature_clip_id":0,"_jetpack_memberships_contains_paid_content":false,"footnotes":"","jetpack_post_was_ever_published":false},"categories":[25580],"tags":[5300,2195,98,7201],"class_list":["post-138577","post","type-post","status-publish","format-standard","has-post-thumbnail","hentry","category-la-voz-de-la-diaspora","tag-democrata","tag-encuesta","tag-estados-unidos","tag-republicano"],"jetpack-related-posts":[{"id":72111,"url":"https:\/\/lasprimeras.com.do\/index.php\/2023\/12\/27\/estadounidenses-enojados-con-el-proceso-de-elecciones-primarias-segun-una-encuesta-de-ap-norc\/","url_meta":{"origin":138577,"position":0},"title":"Estadounidenses enojados con el proceso de elecciones primarias, seg\u00fan una encuesta de AP-NORC","author":"Nelson Feliz","date":"27 de diciembre de 2023","format":false,"excerpt":"POR NICHOLAS RICCARDI Y LINLEY SANDERS WASHINGTON (AP) \u2014 Ahora que el proceso de las primarias republicanas est\u00e1 a punto de comenzar, muchos republicanos no est\u00e1n seguros de que los votos se cuenten correctamente en sus primarias presidenciales, en medio de un pesimismo generalizado sobre el futuro de los partidos\u2026","rel":"","context":"En \u00abSin categor\u00eda\u00bb","block_context":{"text":"Sin categor\u00eda","link":"https:\/\/lasprimeras.com.do\/index.php\/category\/sin-categoria\/"},"img":{"alt_text":"enojados","src":"https:\/\/i0.wp.com\/lasprimeras.com.do\/wp-content\/uploads\/2023\/12\/enojados.jpg?resize=350%2C200&ssl=1","width":350,"height":200,"srcset":"https:\/\/i0.wp.com\/lasprimeras.com.do\/wp-content\/uploads\/2023\/12\/enojados.jpg?resize=350%2C200&ssl=1 1x, https:\/\/i0.wp.com\/lasprimeras.com.do\/wp-content\/uploads\/2023\/12\/enojados.jpg?resize=525%2C300&ssl=1 1.5x, https:\/\/i0.wp.com\/lasprimeras.com.do\/wp-content\/uploads\/2023\/12\/enojados.jpg?resize=700%2C400&ssl=1 2x"},"classes":[]},{"id":77510,"url":"https:\/\/lasprimeras.com.do\/index.php\/2024\/02\/21\/biden-supera-a-trump-por-4-puntos-para-las-presidenciales-segun-una-nueva-encuesta\/","url_meta":{"origin":138577,"position":1},"title":"Biden supera a Trump por 4 puntos para las presidenciales, seg\u00fan una nueva encuesta","author":"Nelson Feliz","date":"21 de febrero de 2024","format":false,"excerpt":"El 67% de los votantes piensa que Biden, de 81 a\u00f1os, es demasiado mayor para cumplir otros cuatro a\u00f1os en la Casa Blanca. En cambio, el 57% piensa que Trump no es demasiado mayor, seg\u00fan una encuesta de la Universidad Quinnipiac. Por Ra\u00fal Castillo El presidente Joe Biden supera al\u2026","rel":"","context":"En \u00abSin categor\u00eda\u00bb","block_context":{"text":"Sin categor\u00eda","link":"https:\/\/lasprimeras.com.do\/index.php\/category\/sin-categoria\/"},"img":{"alt_text":"Joe Biden y Donald Trump","src":"https:\/\/i0.wp.com\/lasprimeras.com.do\/wp-content\/uploads\/2024\/02\/Joe-Biden-y-Donald-Trump.jpg?resize=350%2C200&ssl=1","width":350,"height":200,"srcset":"https:\/\/i0.wp.com\/lasprimeras.com.do\/wp-content\/uploads\/2024\/02\/Joe-Biden-y-Donald-Trump.jpg?resize=350%2C200&ssl=1 1x, https:\/\/i0.wp.com\/lasprimeras.com.do\/wp-content\/uploads\/2024\/02\/Joe-Biden-y-Donald-Trump.jpg?resize=525%2C300&ssl=1 1.5x, https:\/\/i0.wp.com\/lasprimeras.com.do\/wp-content\/uploads\/2024\/02\/Joe-Biden-y-Donald-Trump.jpg?resize=700%2C400&ssl=1 2x"},"classes":[]},{"id":66792,"url":"https:\/\/lasprimeras.com.do\/index.php\/2023\/11\/09\/nueva-encuesta-muestra-a-trump-cuatro-puntos-delante-de-biden\/","url_meta":{"origin":138577,"position":2},"title":"Nueva encuesta muestra a Trump cuatro puntos delante de Biden","author":"BIMARY DE JES\u00daS Matos","date":"9 de noviembre de 2023","format":false,"excerpt":"WASHINGTON.- El expresidente Donald Trump le saca cuatro puntos de ventaja (49 % frente a 45 %) al actual gobernante de EEUU, Joe Biden, por quien m\u00e1s de la mitad de los potenciales votantes dice que no votar\u00eda en ning\u00fan caso, seg\u00fan una encuesta publicada por CNN. Los resultados de\u2026","rel":"","context":"En \u00abSin categor\u00eda\u00bb","block_context":{"text":"Sin categor\u00eda","link":"https:\/\/lasprimeras.com.do\/index.php\/category\/sin-categoria\/"},"img":{"alt_text":"","src":"https:\/\/i0.wp.com\/lasprimeras.com.do\/wp-content\/uploads\/2023\/11\/WhatsApp-Image-2023-11-09-at-1.32.38-PM-4-5.jpeg?resize=350%2C200&ssl=1","width":350,"height":200,"srcset":"https:\/\/i0.wp.com\/lasprimeras.com.do\/wp-content\/uploads\/2023\/11\/WhatsApp-Image-2023-11-09-at-1.32.38-PM-4-5.jpeg?resize=350%2C200&ssl=1 1x, https:\/\/i0.wp.com\/lasprimeras.com.do\/wp-content\/uploads\/2023\/11\/WhatsApp-Image-2023-11-09-at-1.32.38-PM-4-5.jpeg?resize=525%2C300&ssl=1 1.5x"},"classes":[]},{"id":87895,"url":"https:\/\/lasprimeras.com.do\/index.php\/2024\/08\/19\/kamala-harris-supera-a-donald-trump-encuestas-muestran-5-puntos-de-diferencia\/","url_meta":{"origin":138577,"position":3},"title":"Kamala Harris supera a Donald Trump; encuestas muestran 5 puntos de diferencia","author":"Nelson Feliz","date":"19 de agosto de 2024","format":false,"excerpt":"Grethell Anguiano Mon\u00e1rrez Kamala Harris ha tomado la delantera sobre Donald Trump en las encuestas de cara a las elecciones presidenciales en Estados Unidos. Nuevas encuestas fechadas este domingo 18 de agosto indican que la candidata dem\u00f3crata tiene una ventaja del 50% frente al 45% del republicano Trump. La diferencia\u2026","rel":"","context":"En \u00abSin categor\u00eda\u00bb","block_context":{"text":"Sin categor\u00eda","link":"https:\/\/lasprimeras.com.do\/index.php\/category\/sin-categoria\/"},"img":{"alt_text":"Kamala Harris supera a Donald Trump","src":"https:\/\/i0.wp.com\/lasprimeras.com.do\/wp-content\/uploads\/2024\/08\/Kamala-Harris-supera-a-Donald-Trump.jpg?resize=350%2C200&ssl=1","width":350,"height":200,"srcset":"https:\/\/i0.wp.com\/lasprimeras.com.do\/wp-content\/uploads\/2024\/08\/Kamala-Harris-supera-a-Donald-Trump.jpg?resize=350%2C200&ssl=1 1x, https:\/\/i0.wp.com\/lasprimeras.com.do\/wp-content\/uploads\/2024\/08\/Kamala-Harris-supera-a-Donald-Trump.jpg?resize=525%2C300&ssl=1 1.5x"},"classes":[]},{"id":54806,"url":"https:\/\/lasprimeras.com.do\/index.php\/2023\/07\/14\/pensilvania-siguiente-en-la-lista-de-deseos-de-la-campana-republicana-para-el-senado-de-ee-uu-de-2024\/","url_meta":{"origin":138577,"position":4},"title":"Pensilvania, siguiente en la lista de deseos de la campa\u00f1a republicana para el Senado de EE. UU. de 2024","author":"Nelson Feliz","date":"14 de julio de 2023","format":false,"excerpt":"Por David Morgan y Jarrett Renshaw Los principales republicanos del Senado de EE. UU. se est\u00e1n moviendo para tratar de alinear candidatos de alta calidad para las elecciones del pr\u00f3ximo a\u00f1o despu\u00e9s de que candidatos no probados con opiniones marginales les costaron esca\u00f1os en 2022, con Pensilvania como el pr\u00f3ximo\u2026","rel":"","context":"En \u00abSin categor\u00eda\u00bb","block_context":{"text":"Sin categor\u00eda","link":"https:\/\/lasprimeras.com.do\/index.php\/category\/sin-categoria\/"},"img":{"alt_text":"El l\u00edder de la minor\u00eda del Senado de los EE. UU., Mitch McConnell (R-KY), habla con los medios de comunicaci\u00f3n despu\u00e9s del almuerzo semanal del caucus republicano del Senado con el l\u00edder republicano, el senador Steve Daines (R-MT) y John Thune (R-SD), en los EE. UU. Capitolio en Washington, Estados Unidos, 14 de febrero de 2023. REUTERS\/Evelyn Hockstein","src":"https:\/\/i0.wp.com\/lasprimeras.com.do\/wp-content\/uploads\/2023\/07\/Mitch-McConnell-R-KY.jpg?resize=350%2C200&ssl=1","width":350,"height":200,"srcset":"https:\/\/i0.wp.com\/lasprimeras.com.do\/wp-content\/uploads\/2023\/07\/Mitch-McConnell-R-KY.jpg?resize=350%2C200&ssl=1 1x, https:\/\/i0.wp.com\/lasprimeras.com.do\/wp-content\/uploads\/2023\/07\/Mitch-McConnell-R-KY.jpg?resize=525%2C300&ssl=1 1.5x"},"classes":[]},{"id":53396,"url":"https:\/\/lasprimeras.com.do\/index.php\/2023\/06\/26\/trump-aumenta-su-liderazgo-en-encuestas-tras-las-imputaciones-de-este-mes\/","url_meta":{"origin":138577,"position":5},"title":"Trump aumenta su liderazgo en encuestas tras las imputaciones de este mes","author":"Nelson Feliz","date":"26 de junio de 2023","format":false,"excerpt":"El expresidente se adelant\u00f3 frente a sus rivales republicanos tras ser acusado por el Departamento de Justicia. Donald Trump casi ha duplicado su ventaja sobre su oponente republicano m\u00e1s cercano para la nominaci\u00f3n presidencial del partido en 2024 desde que el exmandatario de EE.UU. fue imputado con cargos federales a\u2026","rel":"","context":"En \u00abSin categor\u00eda\u00bb","block_context":{"text":"Sin categor\u00eda","link":"https:\/\/lasprimeras.com.do\/index.php\/category\/sin-categoria\/"},"img":{"alt_text":"Donald Trump","src":"https:\/\/i0.wp.com\/lasprimeras.com.do\/wp-content\/uploads\/2023\/06\/Donald-Trump.jpg?resize=350%2C200&ssl=1","width":350,"height":200,"srcset":"https:\/\/i0.wp.com\/lasprimeras.com.do\/wp-content\/uploads\/2023\/06\/Donald-Trump.jpg?resize=350%2C200&ssl=1 1x, https:\/\/i0.wp.com\/lasprimeras.com.do\/wp-content\/uploads\/2023\/06\/Donald-Trump.jpg?resize=525%2C300&ssl=1 1.5x, https:\/\/i0.wp.com\/lasprimeras.com.do\/wp-content\/uploads\/2023\/06\/Donald-Trump.jpg?resize=700%2C400&ssl=1 2x, https:\/\/i0.wp.com\/lasprimeras.com.do\/wp-content\/uploads\/2023\/06\/Donald-Trump.jpg?resize=1050%2C600&ssl=1 3x"},"classes":[]}],"jetpack_sharing_enabled":true,"jetpack_featured_media_url":"https:\/\/lasprimeras.com.do\/wp-content\/uploads\/2026\/08\/IMG-20260831-WA0052.jpg","_links":{"self":[{"href":"https:\/\/lasprimeras.com.do\/index.php\/wp-json\/wp\/v2\/posts\/138577","targetHints":{"allow":["GET"]}}],"collection":[{"href":"https:\/\/lasprimeras.com.do\/index.php\/wp-json\/wp\/v2\/posts"}],"about":[{"href":"https:\/\/lasprimeras.com.do\/index.php\/wp-json\/wp\/v2\/types\/post"}],"author":[{"embeddable":true,"href":"https:\/\/lasprimeras.com.do\/index.php\/wp-json\/wp\/v2\/users\/10"}],"replies":[{"embeddable":true,"href":"https:\/\/lasprimeras.com.do\/index.php\/wp-json\/wp\/v2\/comments?post=138577"}],"version-history":[{"count":1,"href":"https:\/\/lasprimeras.com.do\/index.php\/wp-json\/wp\/v2\/posts\/138577\/revisions"}],"predecessor-version":[{"id":138579,"href":"https:\/\/lasprimeras.com.do\/index.php\/wp-json\/wp\/v2\/posts\/138577\/revisions\/138579"}],"wp:featuredmedia":[{"embeddable":true,"href":"https:\/\/lasprimeras.com.do\/index.php\/wp-json\/wp\/v2\/media\/138578"}],"wp:attachment":[{"href":"https:\/\/lasprimeras.com.do\/index.php\/wp-json\/wp\/v2\/media?parent=138577"}],"wp:term":[{"taxonomy":"category","embeddable":true,"href":"https:\/\/lasprimeras.com.do\/index.php\/wp-json\/wp\/v2\/categories?post=138577"},{"taxonomy":"post_tag","embeddable":true,"href":"https:\/\/lasprimeras.com.do\/index.php\/wp-json\/wp\/v2\/tags?post=138577"}],"curies":[{"name":"wp","href":"https:\/\/api.w.org\/{rel}","templated":true}]}}