{"id":138580,"date":"2026-08-31T08:37:56","date_gmt":"2026-08-31T12:37:56","guid":{"rendered":"https:\/\/lasprimeras.com.do\/?p=138580"},"modified":"2026-08-31T08:37:59","modified_gmt":"2026-08-31T12:37:59","slug":"uba-destaca-labor-y-eficiencia-de-la-jce-en-ny-y-valora-apertura-de-oficina-consular-en-el-bronx","status":"publish","type":"post","link":"https:\/\/lasprimeras.com.do\/index.php\/2026\/08\/31\/uba-destaca-labor-y-eficiencia-de-la-jce-en-ny-y-valora-apertura-de-oficina-consular-en-el-bronx\/","title":{"rendered":"UBA destaca labor y eficiencia de la JCE en NY y valora apertura de oficina consular en El Bronx"},"content":{"rendered":"\n<p class=\"wp-block-paragraph\">Por Ram\u00f3n Mercedes<\/p>\n\n\n\n<p class=\"wp-block-paragraph\">NUEVA YORK.- El presidente de United Bodegas of America, UBA, Radham\u00e9s Rodr\u00edguez, destac\u00f3 la labor y eficiencia que realiza la Junta Central Electoral (JCE) en Nueva York y valor\u00f3 la apertura de una nueva oficina del Consulado General de la Rep\u00fablica Dominicana en El Bronx.<\/p>\n\n\n\n<p class=\"wp-block-paragraph\">Estas iniciativas hay que considerarla como un paso importante para acercar los servicios institucionales a la comunidad dominicana.<\/p>\n\n\n\n<p class=\"wp-block-paragraph\">Rodr\u00edguez afirm\u00f3 que el organismo electoral viene desempe\u00f1ando una labor eficiente.<\/p>\n\n\n\n<p class=\"wp-block-paragraph\">Exhort\u00f3 a los diferentes sectores de la comunidad a redoblar esfuerzos para motivar a familiares, amigos y relacionados a obtener el nuevo documento de identidad.<\/p>\n\n\n\n<p class=\"wp-block-paragraph\">Asimismo, resalt\u00f3 el impacto positivo que tendr\u00e1 para miles de dominicanos residentes en el condado de El Bronx la apertura de la oficina consular, en especial para trabajadores, emprendedores, padres y madres de familia que contribuyen a diario al desarrollo de NYC.<\/p>\n\n\n\n<p class=\"wp-block-paragraph\">El presidente de UBA sostuvo que la apertura de esta oficina consular va m\u00e1s all\u00e1 de un espacio f\u00edsico, pues representa una muestra de cercan\u00eda institucional con una comunidad que, durante d\u00e9cadas, ha trabajado y contribuido al crecimiento econ\u00f3mico y social de la ciudad.<\/p>\n\n\n\n<p class=\"wp-block-paragraph\">Esta oficina consular representa mucho m\u00e1s que un nuevo espacio f\u00edsico; representa cercan\u00eda, servicio, dignidad y reconocimiento a una comunidad que durante d\u00e9cadas ha trabajado, ha luchado y ha contribuido enormemente al desarrollo de esta gran ciudad, afirm\u00f3 Rodr\u00edguez.<\/p>\n\n\n\n<p class=\"wp-block-paragraph\">Agreg\u00f3: acercar los servicios consulares a nuestra gente significa facilitarles la vida y demostrarles que nuestras instituciones est\u00e1n donde verdaderamente est\u00e1 nuestra comunidad.<\/p>\n","protected":false},"excerpt":{"rendered":"<p>Por Ram\u00f3n Mercedes NUEVA YORK.- El presidente de United Bodegas of America, UBA, Radham\u00e9s Rodr\u00edguez, destac\u00f3 la labor y eficiencia que realiza la Junta Central Electoral (JCE) en Nueva York&hellip;<\/p>\n","protected":false},"author":10,"featured_media":138581,"comment_status":"open","ping_status":"open","sticky":false,"template":"","format":"standard","meta":{"content-type":"","_jetpack_newsletter_access":"","_jetpack_dont_email_post_to_subs":false,"_jetpack_newsletter_tier_id":0,"_jetpack_memberships_contains_paywalled_content":false,"_jetpack_feature_clip_id":0,"_jetpack_memberships_contains_paid_content":false,"footnotes":"","jetpack_post_was_ever_published":false},"categories":[25580],"tags":[4303,183,104,18227],"class_list":["post-138580","post","type-post","status-publish","format-standard","has-post-thumbnail","hentry","category-la-voz-de-la-diaspora","tag-el-bronx","tag-jce","tag-nueva-york","tag-uba"],"jetpack-related-posts":[{"id":138114,"url":"https:\/\/lasprimeras.com.do\/index.php\/2026\/08\/25\/consulado-dominicano-inaugura-primera-oficina-autorizada-por-el-departamento-de-estado-de-ee-uu-en-el-bronx\/","url_meta":{"origin":138580,"position":0},"title":"Consulado dominicano inaugura primera oficina autorizada por el Departamento de Estado de EE. UU. en El Bronx","author":"Nelson Feliz","date":"25 de agosto de 2026","format":false,"excerpt":"Nueva sede marca un hito en la expansi\u00f3n de los servicios consulares para la comunidad dominicana en Nueva York Bronx, Nueva York.\u2013 El Consulado General de la Rep\u00fablica Dominicana en Nueva York inaugur\u00f3 oficialmente su nueva oficina consular en el Bronx, convirti\u00e9ndose en la primera sede consular dominicana en este\u2026","rel":"","context":"En \u00abLA VOZ DE LA DIASPORA\u00bb","block_context":{"text":"LA VOZ DE LA DIASPORA","link":"https:\/\/lasprimeras.com.do\/index.php\/category\/la-voz-de-la-diaspora\/"},"img":{"alt_text":"","src":"https:\/\/i0.wp.com\/lasprimeras.com.do\/wp-content\/uploads\/2026\/08\/IMG-20260825-WA0285.jpg?resize=350%2C200&ssl=1","width":350,"height":200,"srcset":"https:\/\/i0.wp.com\/lasprimeras.com.do\/wp-content\/uploads\/2026\/08\/IMG-20260825-WA0285.jpg?resize=350%2C200&ssl=1 1x, https:\/\/i0.wp.com\/lasprimeras.com.do\/wp-content\/uploads\/2026\/08\/IMG-20260825-WA0285.jpg?resize=525%2C300&ssl=1 1.5x, https:\/\/i0.wp.com\/lasprimeras.com.do\/wp-content\/uploads\/2026\/08\/IMG-20260825-WA0285.jpg?resize=700%2C400&ssl=1 2x"},"classes":[]},{"id":130982,"url":"https:\/\/lasprimeras.com.do\/index.php\/2026\/05\/18\/goya-foods-reconoce-en-ny-a-la-asociacion-de-bodegueros-presidida-por-un-dominicano\/","url_meta":{"origin":138580,"position":1},"title":"Goya Foods reconoce en NY a la Asociaci\u00f3n de Bodegueros, presidida por un dominicano","author":"Nelson Feliz","date":"18 de mayo de 2026","format":false,"excerpt":"Por Ram\u00f3n Mercedes NUEVA YORK.- Goya Foods, multinacional estadounidense dedicada a la producci\u00f3n y distribuci\u00f3n de alimentos y bebidas en EE.UU. y varios pa\u00edses hispanohablantes (Puerto Rico, RD y Espa\u00f1a), reconoci\u00f3 a la Asociaci\u00f3n de Bodegueros Unidos de Am\u00e9rica (UBA), que aglutina a m\u00e1s de 14 mil bodegueros y es\u2026","rel":"","context":"En \u00abLA VOZ DE LA DIASPORA\u00bb","block_context":{"text":"LA VOZ DE LA DIASPORA","link":"https:\/\/lasprimeras.com.do\/index.php\/category\/la-voz-de-la-diaspora\/"},"img":{"alt_text":"","src":"https:\/\/i0.wp.com\/lasprimeras.com.do\/wp-content\/uploads\/2026\/05\/IMG-20260518-WA0192.jpg?resize=350%2C200&ssl=1","width":350,"height":200,"srcset":"https:\/\/i0.wp.com\/lasprimeras.com.do\/wp-content\/uploads\/2026\/05\/IMG-20260518-WA0192.jpg?resize=350%2C200&ssl=1 1x, https:\/\/i0.wp.com\/lasprimeras.com.do\/wp-content\/uploads\/2026\/05\/IMG-20260518-WA0192.jpg?resize=525%2C300&ssl=1 1.5x"},"classes":[]},{"id":117255,"url":"https:\/\/lasprimeras.com.do\/index.php\/2025\/12\/09\/congresista-espaillat-destaca-avance-comunidad-dominicana-en-nyc\/","url_meta":{"origin":138580,"position":2},"title":"Congresista Espaillat destaca avance comunidad dominicana en NYC","author":"Nelson Feliz","date":"9 de diciembre de 2025","format":false,"excerpt":"https:\/\/www.youtube.com\/watch?v=5COm9TWCZ5o Por Ram\u00f3n Mercedes NUEVA YORK.- El congresista de origen dominicano Adriano Espaillat, representante del Distrito Congresual 13 de Nueva York, durante la entrega de reconocimientos a destacados quisqueyanos en la Gala de Prensa & Comunidad Hispana (PreCoHis), presidida por el periodista Ram\u00f3n Mercedes, destac\u00f3 que \u00abcon el avance profesional\u2026","rel":"","context":"En \u00abINTERNACIONALES\u00bb","block_context":{"text":"INTERNACIONALES","link":"https:\/\/lasprimeras.com.do\/index.php\/category\/sin-categoria\/internacionales\/"},"img":{"alt_text":"Congresista Espaillat destaca avance comunidad dominicana en NYC","src":"https:\/\/i0.wp.com\/lasprimeras.com.do\/wp-content\/uploads\/2025\/12\/Congresista-Espaillat-destaca-avance-comunidad-dominicana-en-NYC.jpg?resize=350%2C200&ssl=1","width":350,"height":200,"srcset":"https:\/\/i0.wp.com\/lasprimeras.com.do\/wp-content\/uploads\/2025\/12\/Congresista-Espaillat-destaca-avance-comunidad-dominicana-en-NYC.jpg?resize=350%2C200&ssl=1 1x, https:\/\/i0.wp.com\/lasprimeras.com.do\/wp-content\/uploads\/2025\/12\/Congresista-Espaillat-destaca-avance-comunidad-dominicana-en-NYC.jpg?resize=525%2C300&ssl=1 1.5x, https:\/\/i0.wp.com\/lasprimeras.com.do\/wp-content\/uploads\/2025\/12\/Congresista-Espaillat-destaca-avance-comunidad-dominicana-en-NYC.jpg?resize=700%2C400&ssl=1 2x, https:\/\/i0.wp.com\/lasprimeras.com.do\/wp-content\/uploads\/2025\/12\/Congresista-Espaillat-destaca-avance-comunidad-dominicana-en-NYC.jpg?resize=1050%2C600&ssl=1 3x, https:\/\/i0.wp.com\/lasprimeras.com.do\/wp-content\/uploads\/2025\/12\/Congresista-Espaillat-destaca-avance-comunidad-dominicana-en-NYC.jpg?resize=1400%2C800&ssl=1 4x"},"classes":[]},{"id":118538,"url":"https:\/\/lasprimeras.com.do\/index.php\/2025\/12\/30\/defensor-del-pueblo-jce-e-index-las-tres-instituciones-gubernamentales-mas-transparentes-y-eficientes-en-rd\/","url_meta":{"origin":138580,"position":3},"title":"Defensor del Pueblo, JCE e INDEX las tres instituciones gubernamentales m\u00e1s transparentes y eficientes en RD","author":"Nelson Feliz","date":"30 de diciembre de 2025","format":false,"excerpt":"Por Ram\u00f3n Mercedes NUEVA YORK.- La oficina del Defensor del Pueblo, la Junta Central Electoral (JCE) y el Instituto del Dominicanos(as) en el Exterior (INDEX) son las instituciones gubernamentales en RD m\u00e1s transparentes y eficientes, seg\u00fan un sondeo realizado por el \u00abEquipo los 6\u00bb entre quisqueyanos residentes en esta ciudad.\u2026","rel":"","context":"En \u00abINTERNACIONALES\u00bb","block_context":{"text":"INTERNACIONALES","link":"https:\/\/lasprimeras.com.do\/index.php\/category\/sin-categoria\/internacionales\/"},"img":{"alt_text":"","src":"https:\/\/i0.wp.com\/lasprimeras.com.do\/wp-content\/uploads\/2025\/12\/inst.jpg?resize=350%2C200&ssl=1","width":350,"height":200,"srcset":"https:\/\/i0.wp.com\/lasprimeras.com.do\/wp-content\/uploads\/2025\/12\/inst.jpg?resize=350%2C200&ssl=1 1x, https:\/\/i0.wp.com\/lasprimeras.com.do\/wp-content\/uploads\/2025\/12\/inst.jpg?resize=525%2C300&ssl=1 1.5x"},"classes":[]},{"id":96571,"url":"https:\/\/lasprimeras.com.do\/index.php\/2025\/04\/03\/uba-reconoce-mujeres-dominicanas-en-ny-por-impulsar-la-sostenibilidad-en-sus-negocios\/","url_meta":{"origin":138580,"position":4},"title":"UBA reconoce mujeres dominicanas en NY por impulsar la sostenibilidad en sus negocios","author":"Nelson Feliz","date":"3 de abril de 2025","format":false,"excerpt":"Por Ram\u00f3n Mercedes NUEVA YORK.- La Asociaci\u00f3n de Bodegas Unidas de Am\u00e9rica (UBA), que preside el empresario Radham\u00e9s Rodr\u00edguez, reconoci\u00f3 recientemente durante un acto a varias bodegueras dominicanas, durante el Mes Internacional de la Mujer. Expres\u00f3 en su discurso durante el evento efectuado en Maestro\u2019s Caterers en El Bronx, que\u2026","rel":"","context":"En \u00abINTERNACIONALES\u00bb","block_context":{"text":"INTERNACIONALES","link":"https:\/\/lasprimeras.com.do\/index.php\/category\/sin-categoria\/internacionales\/"},"img":{"alt_text":"A reconoce mujeres dominicanas en NY por impulsar la sostenibilidad en sus negocios","src":"https:\/\/i0.wp.com\/lasprimeras.com.do\/wp-content\/uploads\/2025\/04\/WhatsApp-Image-2025-04-03-at-4.53.45-AM.jpeg?resize=350%2C200&ssl=1","width":350,"height":200,"srcset":"https:\/\/i0.wp.com\/lasprimeras.com.do\/wp-content\/uploads\/2025\/04\/WhatsApp-Image-2025-04-03-at-4.53.45-AM.jpeg?resize=350%2C200&ssl=1 1x, https:\/\/i0.wp.com\/lasprimeras.com.do\/wp-content\/uploads\/2025\/04\/WhatsApp-Image-2025-04-03-at-4.53.45-AM.jpeg?resize=525%2C300&ssl=1 1.5x, https:\/\/i0.wp.com\/lasprimeras.com.do\/wp-content\/uploads\/2025\/04\/WhatsApp-Image-2025-04-03-at-4.53.45-AM.jpeg?resize=700%2C400&ssl=1 2x, https:\/\/i0.wp.com\/lasprimeras.com.do\/wp-content\/uploads\/2025\/04\/WhatsApp-Image-2025-04-03-at-4.53.45-AM.jpeg?resize=1050%2C600&ssl=1 3x"},"classes":[]},{"id":135794,"url":"https:\/\/lasprimeras.com.do\/index.php\/2026\/07\/28\/alcalde-nyc-no-compartio-tarima-con-lideres-dominicanos-durante-parada-del-bronx\/","url_meta":{"origin":138580,"position":5},"title":"Alcalde NYC no comparti\u00f3 tarima con l\u00edderes dominicanos durante &#8220;Parada del BRONX&#8221;","author":"Nelson Feliz","date":"28 de julio de 2026","format":false,"excerpt":"https:\/\/www.youtube.com\/watch?v=_VbHhQQ32Ww Por Ram\u00f3n Mercedes NUEVA YORK.- La actitud asumida por el alcalde de esta ciudad, Zohran Mamdani, de no compactir una misma tarima con l\u00edderes de la comunidad dominicana durante la Gran Parada Dominicana en El Bronx, el pasado domingo, ha dejado m\u00e1s interrogantes que respuestas entre los oficiales electos\u2026","rel":"","context":"En \u00abLA VOZ DE LA DIASPORA\u00bb","block_context":{"text":"LA VOZ DE LA DIASPORA","link":"https:\/\/lasprimeras.com.do\/index.php\/category\/la-voz-de-la-diaspora\/"},"img":{"alt_text":"","src":"https:\/\/i0.wp.com\/lasprimeras.com.do\/wp-content\/uploads\/2026\/07\/IMG-20260728-WA0009.jpg?resize=350%2C200&ssl=1","width":350,"height":200,"srcset":"https:\/\/i0.wp.com\/lasprimeras.com.do\/wp-content\/uploads\/2026\/07\/IMG-20260728-WA0009.jpg?resize=350%2C200&ssl=1 1x, https:\/\/i0.wp.com\/lasprimeras.com.do\/wp-content\/uploads\/2026\/07\/IMG-20260728-WA0009.jpg?resize=525%2C300&ssl=1 1.5x, https:\/\/i0.wp.com\/lasprimeras.com.do\/wp-content\/uploads\/2026\/07\/IMG-20260728-WA0009.jpg?resize=700%2C400&ssl=1 2x"},"classes":[]}],"jetpack_sharing_enabled":true,"jetpack_featured_media_url":"https:\/\/lasprimeras.com.do\/wp-content\/uploads\/2026\/08\/IMG-20260831-WA0053.jpg","_links":{"self":[{"href":"https:\/\/lasprimeras.com.do\/index.php\/wp-json\/wp\/v2\/posts\/138580","targetHints":{"allow":["GET"]}}],"collection":[{"href":"https:\/\/lasprimeras.com.do\/index.php\/wp-json\/wp\/v2\/posts"}],"about":[{"href":"https:\/\/lasprimeras.com.do\/index.php\/wp-json\/wp\/v2\/types\/post"}],"author":[{"embeddable":true,"href":"https:\/\/lasprimeras.com.do\/index.php\/wp-json\/wp\/v2\/users\/10"}],"replies":[{"embeddable":true,"href":"https:\/\/lasprimeras.com.do\/index.php\/wp-json\/wp\/v2\/comments?post=138580"}],"version-history":[{"count":1,"href":"https:\/\/lasprimeras.com.do\/index.php\/wp-json\/wp\/v2\/posts\/138580\/revisions"}],"predecessor-version":[{"id":138582,"href":"https:\/\/lasprimeras.com.do\/index.php\/wp-json\/wp\/v2\/posts\/138580\/revisions\/138582"}],"wp:featuredmedia":[{"embeddable":true,"href":"https:\/\/lasprimeras.com.do\/index.php\/wp-json\/wp\/v2\/media\/138581"}],"wp:attachment":[{"href":"https:\/\/lasprimeras.com.do\/index.php\/wp-json\/wp\/v2\/media?parent=138580"}],"wp:term":[{"taxonomy":"category","embeddable":true,"href":"https:\/\/lasprimeras.com.do\/index.php\/wp-json\/wp\/v2\/categories?post=138580"},{"taxonomy":"post_tag","embeddable":true,"href":"https:\/\/lasprimeras.com.do\/index.php\/wp-json\/wp\/v2\/tags?post=138580"}],"curies":[{"name":"wp","href":"https:\/\/api.w.org\/{rel}","templated":true}]}}