{"id":138583,"date":"2026-08-31T08:52:13","date_gmt":"2026-08-31T12:52:13","guid":{"rendered":"https:\/\/lasprimeras.com.do\/?p=138583"},"modified":"2026-08-31T08:52:15","modified_gmt":"2026-08-31T12:52:15","slug":"dominicanos-nyc-reclaman-gobierno-atienda-llamado-abogado-eddy-mateo-sobre-el-derrumbao-en-barahona","status":"publish","type":"post","link":"https:\/\/lasprimeras.com.do\/index.php\/2026\/08\/31\/dominicanos-nyc-reclaman-gobierno-atienda-llamado-abogado-eddy-mateo-sobre-el-derrumbao-en-barahona\/","title":{"rendered":"Dominicanos NYC reclaman Gobierno atienda llamado abogado Eddy Mateo sobre \u201cEl Derrumbao\u201d, en Barahona"},"content":{"rendered":"\n<p class=\"wp-block-paragraph\">Por Ram\u00f3n Mercedes<\/p>\n\n\n\n<p class=\"wp-block-paragraph\">NUEVA YORK.- Dominicanos procedentes de la provincia de Barahona y residentes en esta ciudad se suman al pedido hecho recientemente por el abogado V\u00edctor Eddy Mateo para que el Gobierno solucione la grave situaci\u00f3n que persiste en el tramo carretero de alto riesgo conocido como El Derrumbao, en el distrito municipal de San Rafael, municipio de Para\u00edso.<\/p>\n\n\n\n<p class=\"wp-block-paragraph\">Se\u00f1alan en un documento que decenas de miles de ciudadanos, entre ellos productores, turistas y residentes de la regi\u00f3n, contin\u00faan siendo afectados de manera directa desde hace varios a\u00f1os, por lo que entienden que el Gobierno debe prestar mayor atenci\u00f3n a la regi\u00f3n Sur del pa\u00eds.<\/p>\n\n\n\n<p class=\"wp-block-paragraph\">Asimismo, afirman que ese tramo carretero constituye un punto cr\u00edtico que durante a\u00f1os ha representado un peligro para quienes transitan por esa importante v\u00eda y que todav\u00eda requiere una intervenci\u00f3n definitiva.<\/p>\n\n\n\n<p class=\"wp-block-paragraph\">El doctor Mateo considera contradictorio que, mientras el Estado dominicano realiza una inversi\u00f3n hist\u00f3rica para convertir a Pedernales en uno de los principales polos tur\u00edsticos del Caribe, permanezca sin resolverse una problem\u00e1tica de esta naturaleza en una de sus principales v\u00edas de acceso.<\/p>\n\n\n\n<p class=\"wp-block-paragraph\">Agrega que los deslizamientos, la inestabilidad del terreno y las dificultades recurrentes para el tr\u00e1nsito hacen imprescindible pasar de soluciones provisionales a una obra de ingenier\u00eda permanente, segura y acorde con la magnitud del desarrollo proyectado para toda la regi\u00f3n Sur.<\/p>\n\n\n\n<p class=\"wp-block-paragraph\">Por esa raz\u00f3n, los barahoneros residentes en NY se unieron al reclamo y solicitaron de manera urgente que el presidente Luis Abinader ordene de inmediato al Ministerio de Obras P\u00fablicas y a los organismos competentes la intervenci\u00f3n inmediata de El Derrumbao, definiendo y ejecutando la soluci\u00f3n t\u00e9cnica correspondiente.<\/p>\n\n\n\n<p class=\"wp-block-paragraph\">Enfatizan que no se puede esperar a que ocurra una tragedia para actuar.<\/p>\n\n\n\n<p class=\"wp-block-paragraph\">&#8220;Pedernales est\u00e1 cambiando, y ese extraordinario esfuerzo de desarrollo debe ir acompa\u00f1ado de carreteras seguras y de la eliminaci\u00f3n definitiva de aquellos puntos que todav\u00eda representan riesgos para nuestra gente y para los miles de turistas que visitar\u00e1n la regi\u00f3n&#8221;, se\u00f1alan.<\/p>\n\n\n\n<p class=\"wp-block-paragraph\">Entre los firmantes figuran Leonardo Cuevas, Luis Mar\u00eda P\u00e9rez, Jacinto de los Santos, Maribel de Matos, Isidro Feliz, Javier Madera, Miguelina A. de Lama, S\u00f3crates T. Melgen, Kelvyn Yapur, Meregilda Toral, Luis Encarnaci\u00f3n, Stalin Rodr\u00edguez, Juan Su\u00e1rez, Claudio Khoury, H\u00e9ctor Valent\u00edn y Hugo Severino, entre otros.<\/p>\n\n\n\n<p class=\"wp-block-paragraph\">Si quieres, puedo ajustarlo a\u00fan m\u00e1s al estilo de un comunicado formal o al de una nota de prensa para medios.<\/p>\n","protected":false},"excerpt":{"rendered":"<p>Por Ram\u00f3n Mercedes NUEVA YORK.- Dominicanos procedentes de la provincia de Barahona y residentes en esta ciudad se suman al pedido hecho recientemente por el abogado V\u00edctor Eddy Mateo para&hellip;<\/p>\n","protected":false},"author":10,"featured_media":138584,"comment_status":"open","ping_status":"open","sticky":false,"template":"","format":"standard","meta":{"content-type":"","_jetpack_newsletter_access":"","_jetpack_dont_email_post_to_subs":false,"_jetpack_newsletter_tier_id":0,"_jetpack_memberships_contains_paywalled_content":false,"_jetpack_feature_clip_id":0,"_jetpack_memberships_contains_paid_content":false,"footnotes":"","jetpack_post_was_ever_published":false},"categories":[25580],"tags":[265,35891,27394],"class_list":["post-138583","post","type-post","status-publish","format-standard","has-post-thumbnail","hentry","category-la-voz-de-la-diaspora","tag-barahona","tag-el-derrumbao","tag-victor-eddy-mateo"],"jetpack-related-posts":[{"id":125339,"url":"https:\/\/lasprimeras.com.do\/index.php\/2026\/03\/22\/eddy-mateo-vasquez-dice-barahona-se-identifica-con-el-pld\/","url_meta":{"origin":138583,"position":0},"title":"Eddy Mateo V\u00e1squez dice Barahona se identifica con el PLD","author":"Nelson Feliz","date":"22 de marzo de 2026","format":false,"excerpt":"El ex Senador resalta la resiliencia del Partido de la Liberaci\u00f3n Dominicana como fuerza pol\u00edtica. El ex senador del Partido de la Liberaci\u00f3n Dominicana por Barahona, Eddy Mateo V\u00e1squez, dijo que ese partido recuper\u00f3 la plaza en esa provincia, al tiempo que valor\u00f3 el legado de obras ejecutadas durante los\u2026","rel":"","context":"En \u00abPOLITICA\u00bb","block_context":{"text":"POLITICA","link":"https:\/\/lasprimeras.com.do\/index.php\/category\/politica\/"},"img":{"alt_text":"","src":"https:\/\/i0.wp.com\/lasprimeras.com.do\/wp-content\/uploads\/2026\/03\/Eddy-Mateo-Vasquez.jpg?resize=350%2C200&ssl=1","width":350,"height":200,"srcset":"https:\/\/i0.wp.com\/lasprimeras.com.do\/wp-content\/uploads\/2026\/03\/Eddy-Mateo-Vasquez.jpg?resize=350%2C200&ssl=1 1x, https:\/\/i0.wp.com\/lasprimeras.com.do\/wp-content\/uploads\/2026\/03\/Eddy-Mateo-Vasquez.jpg?resize=525%2C300&ssl=1 1.5x, https:\/\/i0.wp.com\/lasprimeras.com.do\/wp-content\/uploads\/2026\/03\/Eddy-Mateo-Vasquez.jpg?resize=700%2C400&ssl=1 2x"},"classes":[]},{"id":124137,"url":"https:\/\/lasprimeras.com.do\/index.php\/2026\/03\/08\/victor-eddy-mateo-denuncia-auge-descontrolado-de-marcas-blancas-en-supermercados\/","url_meta":{"origin":138583,"position":1},"title":"V\u00edctor Eddy Mateo denuncia auge descontrolado de marcas blancas en supermercados","author":"Nelson Feliz","date":"8 de marzo de 2026","format":false,"excerpt":"Por Jesus Feliz El abogado y dirigente pol\u00edtico V\u00edctor Eddy Mateo V\u00e1squez calific\u00f3 como una situaci\u00f3n de \"descuido total\" por parte de las autoridades la proliferaci\u00f3n de \"marcas blancas\" en los supermercados dominicanos que operan sin registros sanitarios definitivos, poniendo en riesgo la salud de la poblaci\u00f3n. Mateo V\u00e1squez, dijo\u2026","rel":"","context":"En \u00abECONOM\u00cdA\u00bb","block_context":{"text":"ECONOM\u00cdA","link":"https:\/\/lasprimeras.com.do\/index.php\/category\/economia\/"},"img":{"alt_text":"V\u00edctor Eddy Mateo V\u00e1squez","src":"https:\/\/i0.wp.com\/lasprimeras.com.do\/wp-content\/uploads\/2025\/01\/Victor-Eddy-Mateo-Vasquez.jpg?resize=350%2C200&ssl=1","width":350,"height":200,"srcset":"https:\/\/i0.wp.com\/lasprimeras.com.do\/wp-content\/uploads\/2025\/01\/Victor-Eddy-Mateo-Vasquez.jpg?resize=350%2C200&ssl=1 1x, https:\/\/i0.wp.com\/lasprimeras.com.do\/wp-content\/uploads\/2025\/01\/Victor-Eddy-Mateo-Vasquez.jpg?resize=525%2C300&ssl=1 1.5x, https:\/\/i0.wp.com\/lasprimeras.com.do\/wp-content\/uploads\/2025\/01\/Victor-Eddy-Mateo-Vasquez.jpg?resize=700%2C400&ssl=1 2x"},"classes":[]},{"id":136512,"url":"https:\/\/lasprimeras.com.do\/index.php\/2026\/08\/05\/victor-eddy-mateo-advierte-que-nuevo-codigo-penal-obligara-al-gobierno-a-construir-mas-carceles\/","url_meta":{"origin":138583,"position":2},"title":"V\u00edctor Eddy Mateo advierte que nuevo C\u00f3digo Penal obligar\u00e1 al Gobierno a construir m\u00e1s c\u00e1rceles","author":"Nelson Feliz","date":"5 de agosto de 2026","format":false,"excerpt":"El abogado y soci\u00f3logo critica que los legisladores usaran el \"vacatio legis\" para hacer modificaciones en lugar de educar al pueblo, y alerta sobre la nueva responsabilidad penal de las empresas. SANTO DOMINGO, R.D. \u2013 El abogado y soci\u00f3logo V\u00edctor Eddy Mateo sostuvo que la entrada en vigencia del nuevo\u2026","rel":"","context":"En \u00abNACIONALES\u00bb","block_context":{"text":"NACIONALES","link":"https:\/\/lasprimeras.com.do\/index.php\/category\/nacionales\/"},"img":{"alt_text":"","src":"","width":0,"height":0},"classes":[]},{"id":124459,"url":"https:\/\/lasprimeras.com.do\/index.php\/2026\/03\/12\/denuncian-venta-masiva-de-productos-sin-registro-sanitario-en-supermercados\/","url_meta":{"origin":138583,"position":3},"title":"Denuncian venta masiva de productos sin registro sanitario en supermercados","author":"Nelson Feliz","date":"12 de marzo de 2026","format":false,"excerpt":"Dice Pro-Consumidor est\u00e1 trabajando de manera muy ambigua y negligente tras el auge de las marcas blancas. Por Alex Montero El Abogado e Investigador V\u00edctor Eddy Mateo V\u00e1squez, denuncio este mi\u00e9rcoles sobre el aumento de los productos importados o marcas blancas y que son colocadas en las g\u00f3ndolas de las\u2026","rel":"","context":"En \u00abECONOM\u00cdA\u00bb","block_context":{"text":"ECONOM\u00cdA","link":"https:\/\/lasprimeras.com.do\/index.php\/category\/economia\/"},"img":{"alt_text":"V\u00edctor Eddy Mateo V\u00e1squez","src":"https:\/\/i0.wp.com\/lasprimeras.com.do\/wp-content\/uploads\/2025\/01\/Victor-Eddy-Mateo-Vasquez.jpg?resize=350%2C200&ssl=1","width":350,"height":200,"srcset":"https:\/\/i0.wp.com\/lasprimeras.com.do\/wp-content\/uploads\/2025\/01\/Victor-Eddy-Mateo-Vasquez.jpg?resize=350%2C200&ssl=1 1x, https:\/\/i0.wp.com\/lasprimeras.com.do\/wp-content\/uploads\/2025\/01\/Victor-Eddy-Mateo-Vasquez.jpg?resize=525%2C300&ssl=1 1.5x, https:\/\/i0.wp.com\/lasprimeras.com.do\/wp-content\/uploads\/2025\/01\/Victor-Eddy-Mateo-Vasquez.jpg?resize=700%2C400&ssl=1 2x"},"classes":[]},{"id":100142,"url":"https:\/\/lasprimeras.com.do\/index.php\/2025\/06\/02\/johnny-pujols-destaca-en-barahona-que-el-pld-sigue-fortaleciendose-para-defender-al-pueblo\/","url_meta":{"origin":138583,"position":4},"title":"Johnny Pujols destaca en Barahona que el PLD sigue fortaleci\u00e9ndose para defender al pueblo","author":"Nelson Feliz","date":"2 de junio de 2025","format":false,"excerpt":"El secretario general del Partido de la Liberaci\u00f3n Dominicana (PLD), Johnny Pujols, asegur\u00f3 que esa organizaci\u00f3n pol\u00edtica se encuentra en un proceso activo de reorganizaci\u00f3n para fortalecer su presencia territorial y prepararse con miras a las elecciones del 2028. Durante una rueda de prensa realizada en la provincia Barahona, como\u2026","rel":"","context":"En \u00abPOLITICA\u00bb","block_context":{"text":"POLITICA","link":"https:\/\/lasprimeras.com.do\/index.php\/category\/politica\/"},"img":{"alt_text":"","src":"https:\/\/i0.wp.com\/lasprimeras.com.do\/wp-content\/uploads\/2025\/06\/Johnny-Pujols.jpg?resize=350%2C200&ssl=1","width":350,"height":200,"srcset":"https:\/\/i0.wp.com\/lasprimeras.com.do\/wp-content\/uploads\/2025\/06\/Johnny-Pujols.jpg?resize=350%2C200&ssl=1 1x, https:\/\/i0.wp.com\/lasprimeras.com.do\/wp-content\/uploads\/2025\/06\/Johnny-Pujols.jpg?resize=525%2C300&ssl=1 1.5x, https:\/\/i0.wp.com\/lasprimeras.com.do\/wp-content\/uploads\/2025\/06\/Johnny-Pujols.jpg?resize=700%2C400&ssl=1 2x"},"classes":[]},{"id":132212,"url":"https:\/\/lasprimeras.com.do\/index.php\/2026\/05\/29\/presidente-abinader-inaugura-carretera-enriquillo-el-higuero-en-barahona\/","url_meta":{"origin":138583,"position":5},"title":"Presidente Abinader inaugura carretera Enriquillo\u2013El Hig\u00fcero en Barahona","author":"Nelson Feliz","date":"29 de mayo de 2026","format":false,"excerpt":"Eduardo Estrella, destaca visi\u00f3n y seguimiento permanente del presidente Abinader para transformar el sur con obras que acercan desarrollo y oportunidades Barahona.\u2013 El presidente Luis Abinader inaugur\u00f3 este viernes la carretera Enriquillo\u2013El Hig\u00fcero, una obra de 13.5 kil\u00f3metros ejecutada a trav\u00e9s del Ministerio de Obras P\u00fablicas y Comunicaciones (MOPC), que\u2026","rel":"","context":"En \u00abNACIONALES\u00bb","block_context":{"text":"NACIONALES","link":"https:\/\/lasprimeras.com.do\/index.php\/category\/nacionales\/"},"img":{"alt_text":"","src":"https:\/\/i0.wp.com\/lasprimeras.com.do\/wp-content\/uploads\/2026\/05\/Luis-Abinader-14.jpg?resize=350%2C200&ssl=1","width":350,"height":200,"srcset":"https:\/\/i0.wp.com\/lasprimeras.com.do\/wp-content\/uploads\/2026\/05\/Luis-Abinader-14.jpg?resize=350%2C200&ssl=1 1x, https:\/\/i0.wp.com\/lasprimeras.com.do\/wp-content\/uploads\/2026\/05\/Luis-Abinader-14.jpg?resize=525%2C300&ssl=1 1.5x, https:\/\/i0.wp.com\/lasprimeras.com.do\/wp-content\/uploads\/2026\/05\/Luis-Abinader-14.jpg?resize=700%2C400&ssl=1 2x"},"classes":[]}],"jetpack_sharing_enabled":true,"jetpack_featured_media_url":"https:\/\/lasprimeras.com.do\/wp-content\/uploads\/2026\/08\/IMG-20260831-WA0051.jpg","_links":{"self":[{"href":"https:\/\/lasprimeras.com.do\/index.php\/wp-json\/wp\/v2\/posts\/138583","targetHints":{"allow":["GET"]}}],"collection":[{"href":"https:\/\/lasprimeras.com.do\/index.php\/wp-json\/wp\/v2\/posts"}],"about":[{"href":"https:\/\/lasprimeras.com.do\/index.php\/wp-json\/wp\/v2\/types\/post"}],"author":[{"embeddable":true,"href":"https:\/\/lasprimeras.com.do\/index.php\/wp-json\/wp\/v2\/users\/10"}],"replies":[{"embeddable":true,"href":"https:\/\/lasprimeras.com.do\/index.php\/wp-json\/wp\/v2\/comments?post=138583"}],"version-history":[{"count":1,"href":"https:\/\/lasprimeras.com.do\/index.php\/wp-json\/wp\/v2\/posts\/138583\/revisions"}],"predecessor-version":[{"id":138585,"href":"https:\/\/lasprimeras.com.do\/index.php\/wp-json\/wp\/v2\/posts\/138583\/revisions\/138585"}],"wp:featuredmedia":[{"embeddable":true,"href":"https:\/\/lasprimeras.com.do\/index.php\/wp-json\/wp\/v2\/media\/138584"}],"wp:attachment":[{"href":"https:\/\/lasprimeras.com.do\/index.php\/wp-json\/wp\/v2\/media?parent=138583"}],"wp:term":[{"taxonomy":"category","embeddable":true,"href":"https:\/\/lasprimeras.com.do\/index.php\/wp-json\/wp\/v2\/categories?post=138583"},{"taxonomy":"post_tag","embeddable":true,"href":"https:\/\/lasprimeras.com.do\/index.php\/wp-json\/wp\/v2\/tags?post=138583"}],"curies":[{"name":"wp","href":"https:\/\/api.w.org\/{rel}","templated":true}]}}