{"id":138586,"date":"2026-08-31T09:07:22","date_gmt":"2026-08-31T13:07:22","guid":{"rendered":"https:\/\/lasprimeras.com.do\/?p=138586"},"modified":"2026-08-31T09:07:24","modified_gmt":"2026-08-31T13:07:24","slug":"detienen-en-nyc-hispano-ofrecian-recompensa-de-35-mil-dolares-equivalente-a-mas-de-dos-millones-de-pesos-dominicanos","status":"publish","type":"post","link":"https:\/\/lasprimeras.com.do\/index.php\/2026\/08\/31\/detienen-en-nyc-hispano-ofrecian-recompensa-de-35-mil-dolares-equivalente-a-mas-de-dos-millones-de-pesos-dominicanos\/","title":{"rendered":"Detienen en NYC hispano ofrec\u00edan recompensa de 35 mil d\u00f3lares; equivalente a m\u00e1s de dos millones de pesos dominicanos"},"content":{"rendered":"\n<p class=\"wp-block-paragraph\">Por Ram\u00f3n Mercedes<\/p>\n\n\n\n<p class=\"wp-block-paragraph\">NUEVA YORK. El hispano Jes\u00fas Acosta, de 31 a\u00f1os, fue apresado este fin de semana en un parque del sector Soundview, cercano a las avenidas Watson y Morrison, en El Bronx, tras ser delatado mediante una llamada an\u00f3nima al 911.<\/p>\n\n\n\n<p class=\"wp-block-paragraph\">El FBI y la Asociaci\u00f3n de Bodegueros Unidos de Am\u00e9rica, UBA, ofrec\u00edan conjuntamente una recompensa de 35 mil d\u00f3lares por informaci\u00f3n que condujera a su captura.<\/p>\n\n\n\n<p class=\"wp-block-paragraph\">De esa cantidad, 25 mil correspond\u00edan al FBI y 10 mil a la UBA, lo que equivale a m\u00e1s de dos millones de pesos dominicanos.<\/p>\n\n\n\n<p class=\"wp-block-paragraph\">Durante la persecuci\u00f3n, las autoridades lo describieron como un individuo violento, peligroso y presuntamente armado.<\/p>\n\n\n\n<p class=\"wp-block-paragraph\">Varios agentes policiales, con sus armas desenfundadas, lo rodearon y lo inmovilizaron de inmediato.<\/p>\n\n\n\n<p class=\"wp-block-paragraph\">Posteriormente, fue trasladado al Precinto 43, ubicado cerca del lugar de su detenci\u00f3n.<\/p>\n\n\n\n<p class=\"wp-block-paragraph\">La Polic\u00eda lo acusa de asesinar recientemente de un disparo en la cabeza a MD Yousuf y de herir de gravedad a otro empleado del restaurante America&#8217;s Best Wings and Pizza, en Brownsville, Brooklyn, durante un asalto ocurrido en horas de la noche.<\/p>\n\n\n\n<p class=\"wp-block-paragraph\">Dos d\u00edas despu\u00e9s, el presunto pistolero ingres\u00f3 en la madrugada al establecimiento 149 Grill &amp; Deli, en el sector de Mott Haven, en El Bronx, donde dispar\u00f3 contra el cliente Tayvon Shuler, de 33 a\u00f1os.<\/p>\n\n\n\n<p class=\"wp-block-paragraph\">Posteriormente, vaci\u00f3 la caja registradora y huy\u00f3 del lugar. Shuler falleci\u00f3 horas m\u00e1s tarde.<\/p>\n\n\n\n<p class=\"wp-block-paragraph\">Tras revisar las c\u00e1maras de vigilancia instaladas en ambos establecimientos, la Polic\u00eda determin\u00f3 que el presunto autor de los hechos era la misma persona.<\/p>\n\n\n\n<p class=\"wp-block-paragraph\">Entre las caracter\u00edsticas que permitieron identificarlo figuraban un tatuaje con la palabra que dec\u00eda &#8220;Bronx&#8221; en una mano, el nombre &#8220;Bobby&#8221; tatuado en el antebrazo izquierdo.<\/p>\n\n\n\n<p class=\"wp-block-paragraph\">Las autoridades no han especificado la nacionalidad del detenido.<\/p>\n\n\n\n<p class=\"wp-block-paragraph\">Sin embargo, informaron que posee un amplio historial delictivo dentro del sistema penal del estado de NY, que se remonta a cuando ten\u00eda 14 a\u00f1os de edad y en el que acumula 13 arrestos.<\/p>\n\n\n\n<p class=\"wp-block-paragraph\">Antes de los hechos m\u00e1s recientes, Acosta pas\u00f3 los \u00faltimos diez a\u00f1os en una prisi\u00f3n del estado de Nueva York tras ser condenado por un asalto a mano armada cometido en el sistema de transporte subterr\u00e1neo.<\/p>\n\n\n\n<p class=\"wp-block-paragraph\">Fue puesto en libertad condicional en abril de 2026.<\/p>\n","protected":false},"excerpt":{"rendered":"<p>Por Ram\u00f3n Mercedes NUEVA YORK. El hispano Jes\u00fas Acosta, de 31 a\u00f1os, fue apresado este fin de semana en un parque del sector Soundview, cercano a las avenidas Watson y&hellip;<\/p>\n","protected":false},"author":10,"featured_media":138587,"comment_status":"open","ping_status":"open","sticky":false,"template":"","format":"standard","meta":{"content-type":"","_jetpack_newsletter_access":"","_jetpack_dont_email_post_to_subs":false,"_jetpack_newsletter_tier_id":0,"_jetpack_memberships_contains_paywalled_content":false,"_jetpack_feature_clip_id":0,"_jetpack_memberships_contains_paid_content":false,"footnotes":"","jetpack_post_was_ever_published":false},"categories":[25580],"tags":[4198,15368,316,1649],"class_list":["post-138586","post","type-post","status-publish","format-standard","has-post-thumbnail","hentry","category-la-voz-de-la-diaspora","tag-detenido","tag-hispanos","tag-nyc","tag-recompensa"],"jetpack-related-posts":[{"id":119388,"url":"https:\/\/lasprimeras.com.do\/index.php\/2026\/01\/12\/5-mil-dolares-recompensa-por-informacion-hispanos-asaltaron-bodeguero-dominicano-en-el-bronx\/","url_meta":{"origin":138586,"position":0},"title":"5 mil d\u00f3lares recompensa por informaci\u00f3n hispanos asaltaron bodeguero dominicano en El Bronx","author":"Nelson Feliz","date":"12 de enero de 2026","format":false,"excerpt":"Por Ram\u00f3n Mercedes NUEVA YORK.-En lo que va del presente a\u00f1o varios bodegueros miembros de la Asociaci\u00f3n de Bodegueros Unidos de Am\u00e9rica (UBA) han sido objeto de asaltos y agresiones, entre ellos el ocurrido recientemente contra la bodega \u201cEl Sitio Deli Grocery\u201d, ubicada en el 892 de la calle Home,\u2026","rel":"","context":"En \u00abECONOM\u00cdA\u00bb","block_context":{"text":"ECONOM\u00cdA","link":"https:\/\/lasprimeras.com.do\/index.php\/category\/economia\/"},"img":{"alt_text":"","src":"https:\/\/i0.wp.com\/lasprimeras.com.do\/wp-content\/uploads\/2026\/01\/UBA-ofrece-5-mil-dolas-por-informacion-asaltantes-bodegueros-dominicanos-Bronx.jpg?resize=350%2C200&ssl=1","width":350,"height":200,"srcset":"https:\/\/i0.wp.com\/lasprimeras.com.do\/wp-content\/uploads\/2026\/01\/UBA-ofrece-5-mil-dolas-por-informacion-asaltantes-bodegueros-dominicanos-Bronx.jpg?resize=350%2C200&ssl=1 1x, https:\/\/i0.wp.com\/lasprimeras.com.do\/wp-content\/uploads\/2026\/01\/UBA-ofrece-5-mil-dolas-por-informacion-asaltantes-bodegueros-dominicanos-Bronx.jpg?resize=525%2C300&ssl=1 1.5x, https:\/\/i0.wp.com\/lasprimeras.com.do\/wp-content\/uploads\/2026\/01\/UBA-ofrece-5-mil-dolas-por-informacion-asaltantes-bodegueros-dominicanos-Bronx.jpg?resize=700%2C400&ssl=1 2x"},"classes":[]},{"id":130982,"url":"https:\/\/lasprimeras.com.do\/index.php\/2026\/05\/18\/goya-foods-reconoce-en-ny-a-la-asociacion-de-bodegueros-presidida-por-un-dominicano\/","url_meta":{"origin":138586,"position":1},"title":"Goya Foods reconoce en NY a la Asociaci\u00f3n de Bodegueros, presidida por un dominicano","author":"Nelson Feliz","date":"18 de mayo de 2026","format":false,"excerpt":"Por Ram\u00f3n Mercedes NUEVA YORK.- Goya Foods, multinacional estadounidense dedicada a la producci\u00f3n y distribuci\u00f3n de alimentos y bebidas en EE.UU. y varios pa\u00edses hispanohablantes (Puerto Rico, RD y Espa\u00f1a), reconoci\u00f3 a la Asociaci\u00f3n de Bodegueros Unidos de Am\u00e9rica (UBA), que aglutina a m\u00e1s de 14 mil bodegueros y es\u2026","rel":"","context":"En \u00abLA VOZ DE LA DIASPORA\u00bb","block_context":{"text":"LA VOZ DE LA DIASPORA","link":"https:\/\/lasprimeras.com.do\/index.php\/category\/la-voz-de-la-diaspora\/"},"img":{"alt_text":"","src":"https:\/\/i0.wp.com\/lasprimeras.com.do\/wp-content\/uploads\/2026\/05\/IMG-20260518-WA0192.jpg?resize=350%2C200&ssl=1","width":350,"height":200,"srcset":"https:\/\/i0.wp.com\/lasprimeras.com.do\/wp-content\/uploads\/2026\/05\/IMG-20260518-WA0192.jpg?resize=350%2C200&ssl=1 1x, https:\/\/i0.wp.com\/lasprimeras.com.do\/wp-content\/uploads\/2026\/05\/IMG-20260518-WA0192.jpg?resize=525%2C300&ssl=1 1.5x"},"classes":[]},{"id":125437,"url":"https:\/\/lasprimeras.com.do\/index.php\/2026\/03\/23\/encuentro-entre-bodegueros-dominicanos-y-el-comisionado-de-asuntos-comunitarios-nypd\/","url_meta":{"origin":138586,"position":2},"title":"Encuentro entre Bodegueros dominicanos y el Comisionado de Asuntos Comunitarios NYPD","author":"Nelson Feliz","date":"23 de marzo de 2026","format":false,"excerpt":"Por Ram\u00f3n Mercedes NUEVA YORK.- La Asociaci\u00f3n de Bodegueros Unidos de Am\u00e9rica (UBA), dirigida por Radhames Rodr\u00edguez, junto a una comisi\u00f3n, se reuni\u00f3 con el Comisionado de Asuntos Comunitarios del NYPD, Isiah Foster, para fortalecer la protecci\u00f3n y el desarrollo de miles de bodegueros miembros, principalmente dominicanos, as\u00ed como de\u2026","rel":"","context":"En \u00abINTERNACIONALES\u00bb","block_context":{"text":"INTERNACIONALES","link":"https:\/\/lasprimeras.com.do\/index.php\/category\/sin-categoria\/internacionales\/"},"img":{"alt_text":"","src":"https:\/\/i0.wp.com\/lasprimeras.com.do\/wp-content\/uploads\/2026\/03\/IMG-20260323-WA0107.jpg?resize=350%2C200&ssl=1","width":350,"height":200,"srcset":"https:\/\/i0.wp.com\/lasprimeras.com.do\/wp-content\/uploads\/2026\/03\/IMG-20260323-WA0107.jpg?resize=350%2C200&ssl=1 1x, https:\/\/i0.wp.com\/lasprimeras.com.do\/wp-content\/uploads\/2026\/03\/IMG-20260323-WA0107.jpg?resize=525%2C300&ssl=1 1.5x, https:\/\/i0.wp.com\/lasprimeras.com.do\/wp-content\/uploads\/2026\/03\/IMG-20260323-WA0107.jpg?resize=700%2C400&ssl=1 2x"},"classes":[]},{"id":134604,"url":"https:\/\/lasprimeras.com.do\/index.php\/2026\/07\/13\/religiosos-y-bodegueros-nyc-envian-ayuda-para-damnificados-venezuela\/","url_meta":{"origin":138586,"position":3},"title":"Religiosos y bodegueros NYC env\u00edan ayuda para damnificados Venezuela","author":"Nelson Feliz","date":"13 de julio de 2026","format":false,"excerpt":"Por Ram\u00f3n Mercedes NUEVA YORK.- La Organizaci\u00f3n de Ministros Hispanos de Nueva York, que preside el reverendo Rub\u00e9n D\u00edaz, y la Asociaci\u00f3n de Bodegueros Unidos de Am\u00e9rica (UBA), presidida por el empresario dominicano Radham\u00e9s Rodr\u00edguez, colectaron decenas de toneladas de alimentos enlatados para ser enviados a los damnificados por el\u2026","rel":"","context":"En \u00abLA VOZ DE LA DIASPORA\u00bb","block_context":{"text":"LA VOZ DE LA DIASPORA","link":"https:\/\/lasprimeras.com.do\/index.php\/category\/la-voz-de-la-diaspora\/"},"img":{"alt_text":"","src":"https:\/\/i0.wp.com\/lasprimeras.com.do\/wp-content\/uploads\/2026\/07\/IMG-20260713-WA0077.jpg?resize=350%2C200&ssl=1","width":350,"height":200},"classes":[]},{"id":127601,"url":"https:\/\/lasprimeras.com.do\/index.php\/2026\/04\/14\/uba-advierte-politica-de-alcalde-de-nyc-causaria-filas-humillantes\/","url_meta":{"origin":138586,"position":4},"title":"UBA advierte: pol\u00edtica de alcalde de NYC causar\u00eda &#8220;filas humillantes&#8221;","author":"Nelson Feliz","date":"14 de abril de 2026","format":false,"excerpt":"Por Ram\u00f3n Mercedes NUEVA YORK.- La Asociaci\u00f3n de Bodegueros Unidos de Am\u00e9rica (UBA), con m\u00e1s de 14 mil miembros, presidida por el dominicano Radhames Rodr\u00edguez, manifest\u00f3 que el alcalde Zohran Mamdani corre el riesgo de generar largas y humillantes filas para recibir asistencia social, reminiscentes de \u00e9pocas pasadas. Mamdani anunci\u00f3\u2026","rel":"","context":"En \u00abINTERNACIONALES\u00bb","block_context":{"text":"INTERNACIONALES","link":"https:\/\/lasprimeras.com.do\/index.php\/category\/sin-categoria\/internacionales\/"},"img":{"alt_text":"","src":"https:\/\/i0.wp.com\/lasprimeras.com.do\/wp-content\/uploads\/2026\/04\/UBA-considera-alcalde-NYC-corre-riesgo-generar-largas-y-humillantes-filas-para-recibir-asistencia-social.jpg?resize=350%2C200&ssl=1","width":350,"height":200},"classes":[]},{"id":72216,"url":"https:\/\/lasprimeras.com.do\/index.php\/2023\/12\/27\/carlos-segura-rd-registra-en-el-2023-las-navidades-mas-caras-de-la-historia\/","url_meta":{"origin":138586,"position":5},"title":"Carlos Segura: &#8220;RD registra en el 2023 las navidades m\u00e1s caras de la historia&#8221;","author":"Nelson Feliz","date":"27 de diciembre de 2023","format":false,"excerpt":"El experto agropecuario y miembro del Comit\u00e9 Central del Partido de la Liberaci\u00f3n Dominicana (PLD), Carlos Segura Foster, atribuy\u00f3 a la err\u00e1tica pol\u00edtica del gobierno del PRM, privilegiando las importaciones en detrimento de la producci\u00f3n local, la paralizaci\u00f3n de la agropecuaria nacional. \u201cEn los cuatro meses finales del a\u00f1o 2020,\u2026","rel":"","context":"En \u00abPORTADA\u00bb","block_context":{"text":"PORTADA","link":"https:\/\/lasprimeras.com.do\/index.php\/category\/portada\/"},"img":{"alt_text":"Carlos Segura Foster","src":"https:\/\/i0.wp.com\/lasprimeras.com.do\/wp-content\/uploads\/2023\/12\/Carlos-Segura-Foster.jpeg?resize=350%2C200&ssl=1","width":350,"height":200,"srcset":"https:\/\/i0.wp.com\/lasprimeras.com.do\/wp-content\/uploads\/2023\/12\/Carlos-Segura-Foster.jpeg?resize=350%2C200&ssl=1 1x, https:\/\/i0.wp.com\/lasprimeras.com.do\/wp-content\/uploads\/2023\/12\/Carlos-Segura-Foster.jpeg?resize=525%2C300&ssl=1 1.5x"},"classes":[]}],"jetpack_sharing_enabled":true,"jetpack_featured_media_url":"https:\/\/lasprimeras.com.do\/wp-content\/uploads\/2026\/08\/IMG-20260831-WA0049.jpg","_links":{"self":[{"href":"https:\/\/lasprimeras.com.do\/index.php\/wp-json\/wp\/v2\/posts\/138586","targetHints":{"allow":["GET"]}}],"collection":[{"href":"https:\/\/lasprimeras.com.do\/index.php\/wp-json\/wp\/v2\/posts"}],"about":[{"href":"https:\/\/lasprimeras.com.do\/index.php\/wp-json\/wp\/v2\/types\/post"}],"author":[{"embeddable":true,"href":"https:\/\/lasprimeras.com.do\/index.php\/wp-json\/wp\/v2\/users\/10"}],"replies":[{"embeddable":true,"href":"https:\/\/lasprimeras.com.do\/index.php\/wp-json\/wp\/v2\/comments?post=138586"}],"version-history":[{"count":1,"href":"https:\/\/lasprimeras.com.do\/index.php\/wp-json\/wp\/v2\/posts\/138586\/revisions"}],"predecessor-version":[{"id":138588,"href":"https:\/\/lasprimeras.com.do\/index.php\/wp-json\/wp\/v2\/posts\/138586\/revisions\/138588"}],"wp:featuredmedia":[{"embeddable":true,"href":"https:\/\/lasprimeras.com.do\/index.php\/wp-json\/wp\/v2\/media\/138587"}],"wp:attachment":[{"href":"https:\/\/lasprimeras.com.do\/index.php\/wp-json\/wp\/v2\/media?parent=138586"}],"wp:term":[{"taxonomy":"category","embeddable":true,"href":"https:\/\/lasprimeras.com.do\/index.php\/wp-json\/wp\/v2\/categories?post=138586"},{"taxonomy":"post_tag","embeddable":true,"href":"https:\/\/lasprimeras.com.do\/index.php\/wp-json\/wp\/v2\/tags?post=138586"}],"curies":[{"name":"wp","href":"https:\/\/api.w.org\/{rel}","templated":true}]}}