{"id":138589,"date":"2026-08-31T09:18:45","date_gmt":"2026-08-31T13:18:45","guid":{"rendered":"https:\/\/lasprimeras.com.do\/?p=138589"},"modified":"2026-08-31T09:18:47","modified_gmt":"2026-08-31T13:18:47","slug":"juan-manuel-mendez-dispone-recuperar-tecnicos-especializados-para-fortalecer-el-intrant","status":"publish","type":"post","link":"https:\/\/lasprimeras.com.do\/index.php\/2026\/08\/31\/juan-manuel-mendez-dispone-recuperar-tecnicos-especializados-para-fortalecer-el-intrant\/","title":{"rendered":"Juan Manuel M\u00e9ndez dispone recuperar t\u00e9cnicos especializados para fortalecer el INTRANT"},"content":{"rendered":"\n<p class=\"wp-block-paragraph\">_El director ejecutivo revel\u00f3 que la reposici\u00f3n de personal t\u00e9cnico con experiencia fue uno de los temas conversados con el presidente Luis Abinader y comparti\u00f3 la emotiva reacci\u00f3n de su hijo de ocho a\u00f1os ante su designaci\u00f3n._<\/p>\n\n\n\n<p class=\"wp-block-paragraph\">Santo Domingo. \u2013. El director ejecutivo del Instituto Nacional de Tr\u00e1nsito y Transporte Terrestre (INTRANT), Juan Manuel M\u00e9ndez, inform\u00f3 que trabaja en la identificaci\u00f3n de t\u00e9cnicos especializados que anteriormente prestaban servicios en la instituci\u00f3n, con miras a evaluar su reintegraci\u00f3n y fortalecer la capacidad t\u00e9cnica del organismo.<br><br>Durante una entrevista con la periodista Nuria Piera, M\u00e9ndez Garc\u00eda destac\u00f3 que recuperar ese conocimiento institucional fue parte de las conversaciones sostenidas con el presidente Luis Abinader antes de asumir sus funciones.<br><br>\u201cMuchos de los t\u00e9cnicos de ac\u00e1 ya no estaban y estoy consiguiendo el listado, porque creo mucho en esa parte, en los t\u00e9cnicos. Ellos tienen el conocimiento\u201d, expres\u00f3.<br><br>\u201cParte de lo que hab\u00eda hablado con el presidente era de la reposici\u00f3n de los mismos. Esos t\u00e9cnicos hay que mandarlos a buscar y reponerlos\u201d, agreg\u00f3.<br><br>*Acciones para impactar el tr\u00e1nsito*<br><br>El director ejecutivo inform\u00f3 que trabaja en un plan de acciones a corto, mediano y largo plazo, al reconocer que existen problemas que no pueden solucionarse de la noche a la ma\u00f1ana, pero sobre los cuales s\u00ed se pueden generar resultados.<br><br>Entre los temas bajo evaluaci\u00f3n mencion\u00f3 la se\u00f1alizaci\u00f3n vial, los giros a la izquierda, la circulaci\u00f3n de veh\u00edculos pesados y la inspecci\u00f3n t\u00e9cnica vehicular, adem\u00e1s de disposiciones contempladas en la Ley 63-17 pendientes de implementaci\u00f3n.<br><br>Tambi\u00e9n destac\u00f3 los proyectos dirigidos a mejorar puntos cr\u00edticos como el kil\u00f3metro 9 de la autopista Duarte, donde recientemente realiz\u00f3 un recorrido t\u00e9cnico para conocer los avances del reordenamiento y la integraci\u00f3n del transporte p\u00fablico.<br><br>*El lado humano de su designaci\u00f3n*<br><br>M\u00e9ndez Garc\u00eda tambi\u00e9n comparti\u00f3 uno de los momentos m\u00e1s emotivos que acompa\u00f1aron su llegada al INTRANT: la reacci\u00f3n de su hijo de ocho a\u00f1os al conocer que dejar\u00eda el Centro de Operaciones de Emergencias (COE), tras m\u00e1s de dos d\u00e9cadas, para asumir una nueva responsabilidad.<br><br>\u201cSe puso a orar: \u2018Dios m\u00edo, que a mi pap\u00e1 no se le da\u00f1e su imagen\u2019\u201d, relat\u00f3.<br><br>Ante la preocupaci\u00f3n del peque\u00f1o, record\u00f3 que le respondi\u00f3: \u201cNo te preocupes, mi hijo, que vamos a trabajar para enfrentar las situaciones\u201d.<br><br>El funcionario sostuvo que asume el reto consciente de las dificultades existentes y sin generar falsas expectativas sobre una problem\u00e1tica tan compleja como el tr\u00e1nsito.<\/p>\n","protected":false},"excerpt":{"rendered":"<p>_El director ejecutivo revel\u00f3 que la reposici\u00f3n de personal t\u00e9cnico con experiencia fue uno de los temas conversados con el presidente Luis Abinader y comparti\u00f3 la emotiva reacci\u00f3n de su&hellip;<\/p>\n","protected":false},"author":10,"featured_media":118641,"comment_status":"open","ping_status":"open","sticky":false,"template":"","format":"standard","meta":{"content-type":"","_jetpack_newsletter_access":"","_jetpack_dont_email_post_to_subs":false,"_jetpack_newsletter_tier_id":0,"_jetpack_memberships_contains_paywalled_content":false,"_jetpack_feature_clip_id":0,"_jetpack_memberships_contains_paid_content":false,"footnotes":"","jetpack_post_was_ever_published":false},"categories":[35],"tags":[349,5840],"class_list":["post-138589","post","type-post","status-publish","format-standard","has-post-thumbnail","hentry","category-nacionales","tag-intrant","tag-juan-manuel-mendez"],"jetpack-related-posts":[{"id":113663,"url":"https:\/\/lasprimeras.com.do\/index.php\/2025\/11\/05\/eeuu-propone-que-onu-autorice-una-fuerza-de-estabilizacion-en-gaza-por-2-anos\/","url_meta":{"origin":138589,"position":0},"title":"EEUU propone que ONU autorice una fuerza de estabilizaci\u00f3n en Gaza por 2 a\u00f1os","author":"Nelson Feliz","date":"5 de noviembre de 2025","format":false,"excerpt":"POR SAM MEDNICK, MATTHEW LEE and FARNOUSH AMIRI NACIONES UNIDAS (AP) \u2014 Estados Unidos ha distribuido un borrador para una resoluci\u00f3n del Consejo de Seguridad de la ONU que proporcionar\u00eda un mandato para una fuerza internacional de estabilizaci\u00f3n en Gaza durante al menos dos a\u00f1os, marcando el siguiente paso en\u2026","rel":"","context":"En \u00abINTERNACIONALES\u00bb","block_context":{"text":"INTERNACIONALES","link":"https:\/\/lasprimeras.com.do\/index.php\/category\/sin-categoria\/internacionales\/"},"img":{"alt_text":"","src":"https:\/\/i0.wp.com\/lasprimeras.com.do\/wp-content\/uploads\/2025\/11\/Palestinos-inspeccionan-los-escombros.jpg?resize=350%2C200&ssl=1","width":350,"height":200,"srcset":"https:\/\/i0.wp.com\/lasprimeras.com.do\/wp-content\/uploads\/2025\/11\/Palestinos-inspeccionan-los-escombros.jpg?resize=350%2C200&ssl=1 1x, https:\/\/i0.wp.com\/lasprimeras.com.do\/wp-content\/uploads\/2025\/11\/Palestinos-inspeccionan-los-escombros.jpg?resize=525%2C300&ssl=1 1.5x, https:\/\/i0.wp.com\/lasprimeras.com.do\/wp-content\/uploads\/2025\/11\/Palestinos-inspeccionan-los-escombros.jpg?resize=700%2C400&ssl=1 2x"},"classes":[]},{"id":49208,"url":"https:\/\/lasprimeras.com.do\/index.php\/2023\/05\/09\/prm-se-refiere-a-controversia-del-borrador-presentado-por-la-jce\/","url_meta":{"origin":138589,"position":1},"title":"PRM se refiere a controversia del borrador presentado por la JCE","author":"prenxa100","date":"9 de mayo de 2023","format":false,"excerpt":"SANTO DOMINGO.-.El presidente de la C\u00e1mara de Diputados, Alfredo Pacheco, y la alcaldesa del Distrito Nacional, Carolina Mej\u00eda, se refirieron a la controversia que han impulsado partidos de la oposici\u00f3n en torno al borrador de resoluci\u00f3n de la Junta Central Electoral (JCE) que establece la manera en que se podr\u00e1n\u2026","rel":"","context":"En \u00abSin categor\u00eda\u00bb","block_context":{"text":"Sin categor\u00eda","link":"https:\/\/lasprimeras.com.do\/index.php\/category\/sin-categoria\/"},"img":{"alt_text":"","src":"","width":0,"height":0},"classes":[]},{"id":49023,"url":"https:\/\/lasprimeras.com.do\/index.php\/2023\/05\/07\/dirigente-de-la-fp-cuestiona-borrador-de-la-resolucion-de-la-jce-dice-favorece-oficialismo\/","url_meta":{"origin":138589,"position":2},"title":"Dirigente de la FP cuestiona \u201cBorrador de la Resoluci\u00f3n de la JCE\u201d, dice favorece oficialismo","author":"prenxa100","date":"7 de mayo de 2023","format":false,"excerpt":"Santo Domingo .- El miembro de la Direcci\u00f3n Central de la Fuerza del Pueblo (FP), Pedro Jim\u00e9nez cuestion\u00f3 hoy al pleno de la Junta Central Electoral de favorecer al gobierno, con el borrador de la resoluci\u00f3n sobre el porcentaje de las reservas de las candidaturas dispuesto por la Ley 33-18,\u2026","rel":"","context":"En \u00abPORTADA\u00bb","block_context":{"text":"PORTADA","link":"https:\/\/lasprimeras.com.do\/index.php\/category\/portada\/"},"img":{"alt_text":"","src":"","width":0,"height":0},"classes":[]},{"id":49201,"url":"https:\/\/lasprimeras.com.do\/index.php\/2023\/05\/09\/pld-reitera-rechazo-al-borrador-de-resolucion-de-la-jce-sobre-reservas-de-candidatura\/","url_meta":{"origin":138589,"position":3},"title":"PLD reitera rechazo al borrador de resoluci\u00f3n de la JCE sobre reservas de candidatura","author":"prenxa100","date":"9 de mayo de 2023","format":false,"excerpt":"CP del PLD ratifica comisi\u00f3n para abordar el tema relativo a las reservas de candidaturas. Danilo Medina, Charles Mariotti, Abel Mart\u00ednez y Francisco Javier Garc\u00eda, la integran. SANTO DOMINGO.-.El Comit\u00e9 Pol\u00edtico del Partido de la Liberaci\u00f3n Dominicana (PLD) en la reuni\u00f3n ordinaria de este d\u00eda ratific\u00f3 la conformaci\u00f3n de una\u2026","rel":"","context":"En \u00abPORTADA\u00bb","block_context":{"text":"PORTADA","link":"https:\/\/lasprimeras.com.do\/index.php\/category\/portada\/"},"img":{"alt_text":"","src":"","width":0,"height":0},"classes":[]},{"id":48723,"url":"https:\/\/lasprimeras.com.do\/index.php\/2023\/05\/03\/pleno-socializa-borrador-de-resolucion-de-reservas-de-candidaturas\/","url_meta":{"origin":138589,"position":4},"title":"Pleno socializa borrador de resoluci\u00f3n de reservas de candidaturas","author":"prenxa100","date":"3 de mayo de 2023","format":false,"excerpt":"Organizaciones pol\u00edticas tienen hasta el 8 de mayo para presentar observaciones. Santo Domingo.- El Pleno de la Junta Central Electoral (JCE) elabor\u00f3 el borrador de resoluci\u00f3n sobre la aplicaci\u00f3n del porcentaje de las reservas de las candidaturas que establece la Ley No. 33-18 de partidos, agrupaciones y movimientos pol\u00edticos para\u2026","rel":"","context":"En \u00abNACIONALES\u00bb","block_context":{"text":"NACIONALES","link":"https:\/\/lasprimeras.com.do\/index.php\/category\/nacionales\/"},"img":{"alt_text":"","src":"","width":0,"height":0},"classes":[]},{"id":115335,"url":"https:\/\/lasprimeras.com.do\/index.php\/2025\/11\/21\/plan-de-trump-para-terminar-la-guerra-en-ucrania-cederia-territorio-a-rusia\/","url_meta":{"origin":138589,"position":5},"title":"Plan de Trump para terminar la guerra en Ucrania ceder\u00eda territorio a Rusia","author":"Nelson Feliz","date":"21 de noviembre de 2025","format":false,"excerpt":"POR ILLIA NOVIKOV, AAMER MADHANIand CHRIS MEGERIAN WASHINGTON (AP) \u2014 El plan del presidente estadounidense Donald Trump para poner fin a la guerra en Ucrania ceder\u00eda territorio a Rusia y limitar\u00eda el tama\u00f1o del ej\u00e9rcito de Kiev, seg\u00fan un borrador de la propuesta obtenido el jueves por The Associated Press.\u2026","rel":"","context":"En \u00abINTERNACIONALES\u00bb","block_context":{"text":"INTERNACIONALES","link":"https:\/\/lasprimeras.com.do\/index.php\/category\/sin-categoria\/internacionales\/"},"img":{"alt_text":"","src":"https:\/\/i0.wp.com\/lasprimeras.com.do\/wp-content\/uploads\/2025\/11\/coche-bomba.jpg?resize=350%2C200&ssl=1","width":350,"height":200,"srcset":"https:\/\/i0.wp.com\/lasprimeras.com.do\/wp-content\/uploads\/2025\/11\/coche-bomba.jpg?resize=350%2C200&ssl=1 1x, https:\/\/i0.wp.com\/lasprimeras.com.do\/wp-content\/uploads\/2025\/11\/coche-bomba.jpg?resize=525%2C300&ssl=1 1.5x, https:\/\/i0.wp.com\/lasprimeras.com.do\/wp-content\/uploads\/2025\/11\/coche-bomba.jpg?resize=700%2C400&ssl=1 2x"},"classes":[]}],"jetpack_sharing_enabled":true,"jetpack_featured_media_url":"https:\/\/lasprimeras.com.do\/wp-content\/uploads\/2026\/01\/Juan-Manuel-Mendez-Garcia.jpg","_links":{"self":[{"href":"https:\/\/lasprimeras.com.do\/index.php\/wp-json\/wp\/v2\/posts\/138589","targetHints":{"allow":["GET"]}}],"collection":[{"href":"https:\/\/lasprimeras.com.do\/index.php\/wp-json\/wp\/v2\/posts"}],"about":[{"href":"https:\/\/lasprimeras.com.do\/index.php\/wp-json\/wp\/v2\/types\/post"}],"author":[{"embeddable":true,"href":"https:\/\/lasprimeras.com.do\/index.php\/wp-json\/wp\/v2\/users\/10"}],"replies":[{"embeddable":true,"href":"https:\/\/lasprimeras.com.do\/index.php\/wp-json\/wp\/v2\/comments?post=138589"}],"version-history":[{"count":1,"href":"https:\/\/lasprimeras.com.do\/index.php\/wp-json\/wp\/v2\/posts\/138589\/revisions"}],"predecessor-version":[{"id":138590,"href":"https:\/\/lasprimeras.com.do\/index.php\/wp-json\/wp\/v2\/posts\/138589\/revisions\/138590"}],"wp:featuredmedia":[{"embeddable":true,"href":"https:\/\/lasprimeras.com.do\/index.php\/wp-json\/wp\/v2\/media\/118641"}],"wp:attachment":[{"href":"https:\/\/lasprimeras.com.do\/index.php\/wp-json\/wp\/v2\/media?parent=138589"}],"wp:term":[{"taxonomy":"category","embeddable":true,"href":"https:\/\/lasprimeras.com.do\/index.php\/wp-json\/wp\/v2\/categories?post=138589"},{"taxonomy":"post_tag","embeddable":true,"href":"https:\/\/lasprimeras.com.do\/index.php\/wp-json\/wp\/v2\/tags?post=138589"}],"curies":[{"name":"wp","href":"https:\/\/api.w.org\/{rel}","templated":true}]}}