{"id":138592,"date":"2026-08-31T09:34:34","date_gmt":"2026-08-31T13:34:34","guid":{"rendered":"https:\/\/lasprimeras.com.do\/?p=138592"},"modified":"2026-08-31T09:34:37","modified_gmt":"2026-08-31T13:34:37","slug":"leonel-canasta-basica-sigue-subiendo-con-el-prm-paso-de-rd28-mil-a-rd49-mil-y-provoca-cierre-de-comercios-por-falta-de-clientes","status":"publish","type":"post","link":"https:\/\/lasprimeras.com.do\/index.php\/2026\/08\/31\/leonel-canasta-basica-sigue-subiendo-con-el-prm-paso-de-rd28-mil-a-rd49-mil-y-provoca-cierre-de-comercios-por-falta-de-clientes\/","title":{"rendered":"Leonel: canasta b\u00e1sica sigue subiendo con el PRM; pas\u00f3 de RD$28 mil a RD$49 mil y provoca cierre de comercios por falta de clientes"},"content":{"rendered":"\n<p class=\"wp-block-paragraph\">_Fern\u00e1ndez advierte que los salarios est\u00e1n por debajo del costo de la vida y que muchas familias \u201cno tienen recursos suficientes\u201d para adquirir lo fundamental, reduciendo sus compras y afectando las ventas de los negocios._<\/p>\n\n\n\n<p class=\"wp-block-paragraph\">San Francisco de Macor\u00eds.\u2013 El expresidente de la Rep\u00fablica y presidente del partido Fuerza del Pueblo (FP), Leonel Fern\u00e1ndez, advirti\u00f3 que el aumento del costo de la canasta b\u00e1sica.<\/p>\n\n\n\n<p class=\"wp-block-paragraph\">El ex mandatario afirm\u00f3 pas\u00f3 de RD$28 mil en 2020 a RD$49 mil en la actualidad, est\u00e1 reduciendo la capacidad de compra de las familias y provocando que comercios pierdan clientes, entren en cierre y algunos se encuentren en bancarrota.<\/p>\n\n\n\n<p class=\"wp-block-paragraph\">Fern\u00e1ndez sostuvo que mientras el costo de los productos y servicios esenciales para las familias contin\u00faa aumentando, los salarios permanecen por debajo de lo necesario para cubrir esas necesidades, generando una diferencia que impacta directamente tanto a los hogares como a los establecimientos comerciales.<\/p>\n\n\n\n<p class=\"wp-block-paragraph\">\u201cEn el a\u00f1o 2020, el costo de la canasta b\u00e1sica era de 28 mil pesos. Actualmente es 49 mil pesos. Se ha duplicado pr\u00e1cticamente, mientras que los salarios est\u00e1n por debajo. Es una gran diferencia\u201d, expres\u00f3 Fern\u00e1ndez.<\/p>\n\n\n\n<p class=\"wp-block-paragraph\">El exmandatario explic\u00f3 que esa diferencia entre los ingresos de las familias y el costo de sus necesidades b\u00e1sicas est\u00e1 reduciendo los recursos disponibles para el consumo, por lo que las personas compran menos y los establecimientos comerciales pierden clientes y ventas.<\/p>\n\n\n\n<p class=\"wp-block-paragraph\">\u201cYo noto en este momento que hay una preocupaci\u00f3n, porque ya hay comercios que est\u00e1n entrando en cierre, est\u00e1n en bancarrota, y es porque est\u00e1n perdiendo clientes debido a que se ha reducido el poder adquisitivo\u201d, manifest\u00f3.<\/p>\n\n\n\n<p class=\"wp-block-paragraph\">Fern\u00e1ndez sostuvo que el impacto del aumento del costo de la vida no se limita al comercio, sino que alcanza directamente las condiciones de vida de las familias, particularmente su capacidad para adquirir alimentos y cubrir otras necesidades fundamentales.<\/p>\n\n\n\n<p class=\"wp-block-paragraph\">\u201cLa gente no tiene recursos suficientes para poder adquirir lo fundamental: una dieta balanceada a trav\u00e9s de la comida. Hoy est\u00e1 teniendo problemas\u201d, afirm\u00f3.<\/p>\n\n\n\n<p class=\"wp-block-paragraph\">Las declaraciones de Fern\u00e1ndez se produjeron la noche de este s\u00e1bado durante su visita a la trig\u00e9sima edici\u00f3n de Expo Mayorista 2026, organizada por la Asociaci\u00f3n de Comerciantes de la Provincia Duarte en el Club El Mayorista de San Francisco de Macor\u00eds.<\/p>\n\n\n\n<p class=\"wp-block-paragraph\">A su llegada al recinto ferial, Fern\u00e1ndez fue abordado por decenas de personas que procuraban saludarlo y tomarse fotograf\u00edas con \u00e9l, mientras recorr\u00eda varios de los stands instalados para conocer los productos y servicios presentados por comerciantes, empresas y emprendedores participantes.<\/p>\n\n\n\n<p class=\"wp-block-paragraph\">Posteriormente, sostuvo un encuentro con empresarios, comerciantes y representantes de la organizaci\u00f3n de Expo Mayorista, antes de participar en el foro p\u00fablico de la feria, donde desarroll\u00f3 un conversatorio que concentr\u00f3 la atenci\u00f3n de cientos de asistentes.<\/p>\n\n\n\n<p class=\"wp-block-paragraph\">Las preguntas a Fern\u00e1ndez fueron formuladas por el coordinador general de Expo Mayorista 2026, Jos\u00e9 Manuel Fr\u00edas, y varias estuvieron relacionadas con la situaci\u00f3n que atraviesan los comerciantes, el comportamiento de la econom\u00eda y las condiciones econ\u00f3micas de las familias dominicanas.<\/p>\n\n\n\n<p class=\"wp-block-paragraph\">Fr\u00edas aprovech\u00f3 el encuentro para agradecer, en nombre de los organizadores, la presencia de Fern\u00e1ndez y record\u00f3 que, siendo presidente de la Rep\u00fablica, en 2005 se convirti\u00f3 en el primer mandatario en visitar Expo Mayorista.<\/p>\n\n\n\n<p class=\"wp-block-paragraph\">Este hecho tambi\u00e9n hab\u00eda sido resaltado durante el encuentro previo por el presidente de la Asociaci\u00f3n de Comerciantes de la Provincia Duarte (ACPD), Carlos Manuel Almanzar, al destacar la relaci\u00f3n hist\u00f3rica de Fern\u00e1ndez con la feria y el sector comercial de la provincia.<\/p>\n\n\n\n<p class=\"wp-block-paragraph\">Durante el di\u00e1logo, Fern\u00e1ndez plante\u00f3 que existe una relaci\u00f3n entre el aumento del costo de la vida, los niveles salariales, la reducci\u00f3n de la capacidad de compra de las familias y las dificultades que enfrenta actualmente el comercio.<\/p>\n\n\n\n<p class=\"wp-block-paragraph\">Explic\u00f3 que cuando los ingresos resultan insuficientes frente al costo de las necesidades b\u00e1sicas, las familias disponen de menos recursos para realizar otras compras, lo que reduce el flujo de clientes hacia los establecimientos comerciales, disminuye las ventas y coloca a algunos negocios en dificultades para continuar operando.<\/p>\n\n\n\n<p class=\"wp-block-paragraph\">Tras concluir el conversatorio, Fern\u00e1ndez permaneci\u00f3 durante un largo tiempo en el recinto debido a la amplia cantidad de personas que se acercaron para saludarlo, tomarse fotograf\u00edas y expresarle su respaldo.<\/p>\n\n\n\n<p class=\"wp-block-paragraph\">Expo Mayorista 2026 celebra este a\u00f1o su trig\u00e9sima edici\u00f3n bajo el lema \u201cTradici\u00f3n que inspira, comercio que transforma\u201d.<\/p>\n\n\n\n<p class=\"wp-block-paragraph\">El evento, organizado por la Asociaci\u00f3n de Comerciantes de la Provincia Duarte, se desarrolla del 26 al 30 de agosto en el Club El Mayorista de San Francisco de Macor\u00eds.<\/p>\n\n\n\n<p class=\"wp-block-paragraph\">La visita de Fern\u00e1ndez a Expo Mayorista se produjo luego de encabezar durante la tarde del s\u00e1bado la Asamblea Provincial de Dirigentes de la Fuerza del Pueblo en Duarte, celebrada en la Ciudad Agropecuaria de San Francisco de Macor\u00eds, como parte del despliegue nacional que desarrolla la organizaci\u00f3n con miras a las elecciones de 2028.<\/p>\n\n\n\n<p class=\"wp-block-paragraph\">Durante estas asambleas, la Fuerza del Pueblo eval\u00faa el cumplimiento de las metas establecidas para cada territorio y da seguimiento a su plan nacional de crecimiento y fortalecimiento de las estructuras partidarias.<\/p>\n\n\n\n<p class=\"wp-block-paragraph\">Este domingo estar\u00e1 en La Vega y Bonao<\/p>\n\n\n\n<p class=\"wp-block-paragraph\">El recorrido de Fern\u00e1ndez continuar\u00e1 este domingo con otras dos asambleas provinciales de dirigentes de la Fuerza del Pueblo.<\/p>\n\n\n\n<p class=\"wp-block-paragraph\">A las 11:00 de la ma\u00f1ana encabezar\u00e1 la Asamblea Provincial de Dirigentes de La Vega, en el Oratorio Centro Juvenil Santo Domingo Savio (DOSA).<\/p>\n\n\n\n<p class=\"wp-block-paragraph\">Posteriormente se trasladar\u00e1 a Bonao, provincia Monse\u00f1or Nouel, donde a las 4:00 de la tarde encabezar\u00e1 otra asamblea de dirigentes, esta vez en la Cooperativa San Antonio.<\/p>\n","protected":false},"excerpt":{"rendered":"<p>_Fern\u00e1ndez advierte que los salarios est\u00e1n por debajo del costo de la vida y que muchas familias \u201cno tienen recursos suficientes\u201d para adquirir lo fundamental, reduciendo sus compras y afectando&hellip;<\/p>\n","protected":false},"author":10,"featured_media":138593,"comment_status":"open","ping_status":"open","sticky":false,"template":"","format":"standard","meta":{"content-type":"","_jetpack_newsletter_access":"","_jetpack_dont_email_post_to_subs":false,"_jetpack_newsletter_tier_id":0,"_jetpack_memberships_contains_paywalled_content":false,"_jetpack_feature_clip_id":0,"_jetpack_memberships_contains_paid_content":false,"footnotes":"","jetpack_post_was_ever_published":false},"categories":[25],"tags":[7001,51,31],"class_list":["post-138592","post","type-post","status-publish","format-standard","has-post-thumbnail","hentry","category-portada","tag-canasta-basica","tag-leonel-fernandez","tag-prm"],"jetpack-related-posts":[{"id":120462,"url":"https:\/\/lasprimeras.com.do\/index.php\/2026\/01\/24\/leonel-el-gobierno-del-prm-es-un-desastre-la-canasta-basica-aumento-rd14-mil\/","url_meta":{"origin":138592,"position":0},"title":"Leonel: El gobierno del PRM es un desastre; la canasta b\u00e1sica aument\u00f3 RD$14 mil","author":"Nelson Feliz","date":"24 de enero de 2026","format":false,"excerpt":"Juramenta dirigentes del PRM de El\u00edas Pi\u00f1a, entre ellos un regidor y reconocidos l\u00edderes comunitarios. El presidente del partido Fuerza del Pueblo (FP), Leonel Fern\u00e1ndez, afirm\u00f3 que el gobierno del Partido Revolucionario Moderno (PRM) ha sido un fracaso en los aspectos m\u00e1s esenciales para la vida de la poblaci\u00f3n, al\u2026","rel":"","context":"En \u00abPOLITICA\u00bb","block_context":{"text":"POLITICA","link":"https:\/\/lasprimeras.com.do\/index.php\/category\/politica\/"},"img":{"alt_text":"Leonel Fern\u00e1ndez","src":"https:\/\/i0.wp.com\/lasprimeras.com.do\/wp-content\/uploads\/2026\/01\/Leonel-Fernandez-JURA.jpg?resize=350%2C200&ssl=1","width":350,"height":200,"srcset":"https:\/\/i0.wp.com\/lasprimeras.com.do\/wp-content\/uploads\/2026\/01\/Leonel-Fernandez-JURA.jpg?resize=350%2C200&ssl=1 1x, https:\/\/i0.wp.com\/lasprimeras.com.do\/wp-content\/uploads\/2026\/01\/Leonel-Fernandez-JURA.jpg?resize=525%2C300&ssl=1 1.5x, https:\/\/i0.wp.com\/lasprimeras.com.do\/wp-content\/uploads\/2026\/01\/Leonel-Fernandez-JURA.jpg?resize=700%2C400&ssl=1 2x"},"classes":[]},{"id":112020,"url":"https:\/\/lasprimeras.com.do\/index.php\/2025\/10\/15\/omar-fernandez-exige-cumplir-la-ley-y-liberar-de-impuestos-salarios-de-hasta-rd52000\/","url_meta":{"origin":138592,"position":1},"title":"Omar Fern\u00e1ndez exige cumplir la ley y liberar de impuestos salarios de hasta RD$52,000","author":"Nelson Feliz","date":"15 de octubre de 2025","format":false,"excerpt":"\"Establece no indexar salarios reduce calidad de vida de 300,000 trabajadores\" El senador por el Distrito Nacional, Omar Fern\u00e1ndez, requiri\u00f3 que se libere de impuestos los salarios hasta los RD$52,000 tal como establece el c\u00f3digo tributario. Fern\u00e1ndez advirti\u00f3 que el Proyecto de Presupuesto General del Estado para el a\u00f1o 2026,\u2026","rel":"","context":"En \u00abECONOM\u00cdA\u00bb","block_context":{"text":"ECONOM\u00cdA","link":"https:\/\/lasprimeras.com.do\/index.php\/category\/economia\/"},"img":{"alt_text":"Omar Fern\u00e1ndez","src":"https:\/\/i0.wp.com\/lasprimeras.com.do\/wp-content\/uploads\/2025\/10\/Omar-Fernandez.jpg?resize=350%2C200&ssl=1","width":350,"height":200,"srcset":"https:\/\/i0.wp.com\/lasprimeras.com.do\/wp-content\/uploads\/2025\/10\/Omar-Fernandez.jpg?resize=350%2C200&ssl=1 1x, https:\/\/i0.wp.com\/lasprimeras.com.do\/wp-content\/uploads\/2025\/10\/Omar-Fernandez.jpg?resize=525%2C300&ssl=1 1.5x, https:\/\/i0.wp.com\/lasprimeras.com.do\/wp-content\/uploads\/2025\/10\/Omar-Fernandez.jpg?resize=700%2C400&ssl=1 2x, https:\/\/i0.wp.com\/lasprimeras.com.do\/wp-content\/uploads\/2025\/10\/Omar-Fernandez.jpg?resize=1050%2C600&ssl=1 3x, https:\/\/i0.wp.com\/lasprimeras.com.do\/wp-content\/uploads\/2025\/10\/Omar-Fernandez.jpg?resize=1400%2C800&ssl=1 4x"},"classes":[]},{"id":114199,"url":"https:\/\/lasprimeras.com.do\/index.php\/2025\/11\/11\/leonel-en-favor-de-los-trabajadores-exige-indexacion-el-salario-no-debe-ser-botin-del-fisco\/","url_meta":{"origin":138592,"position":2},"title":"Leonel en favor de los trabajadores: exige indexaci\u00f3n \u201cel salario no debe ser bot\u00edn del fisco\u201d","author":"Nelson Feliz","date":"11 de noviembre de 2025","format":false,"excerpt":"Durante gobiernos de Leonel Fern\u00e1ndez la indexaci\u00f3n del ISR se aplicaba sin controversias, conforme a la ley. En medio de las discusiones sobre el deterioro del poder adquisitivo de los trabajadores formales y la ausencia de ajustes al tramo exento del Impuesto Sobre la Renta (ISR), el expresidente de la\u2026","rel":"","context":"En \u00abECONOM\u00cdA\u00bb","block_context":{"text":"ECONOM\u00cdA","link":"https:\/\/lasprimeras.com.do\/index.php\/category\/economia\/"},"img":{"alt_text":"","src":"https:\/\/i0.wp.com\/lasprimeras.com.do\/wp-content\/uploads\/2025\/11\/leonel.jpeg?resize=350%2C200&ssl=1","width":350,"height":200,"srcset":"https:\/\/i0.wp.com\/lasprimeras.com.do\/wp-content\/uploads\/2025\/11\/leonel.jpeg?resize=350%2C200&ssl=1 1x, https:\/\/i0.wp.com\/lasprimeras.com.do\/wp-content\/uploads\/2025\/11\/leonel.jpeg?resize=525%2C300&ssl=1 1.5x, https:\/\/i0.wp.com\/lasprimeras.com.do\/wp-content\/uploads\/2025\/11\/leonel.jpeg?resize=700%2C400&ssl=1 2x"},"classes":[]},{"id":118469,"url":"https:\/\/lasprimeras.com.do\/index.php\/2025\/12\/29\/coordinador-de-los-300-con-leonel-dice-franklin-garcia-esta-muy-divorciado-de-la-realidad-dominicana\/","url_meta":{"origin":138592,"position":3},"title":"Coordinador de los 300 con Leonel dice Franklin Garc\u00eda esta muy divorciado de la realidad dominicana","author":"Nelson Feliz","date":"29 de diciembre de 2025","format":false,"excerpt":"Por Ram\u00f3n Mercedes NUEVA YORK.- El coordinador general del Proyecto \u00ab300 con Leonel\u00bb en esta ciudad, Geraldo Rosario, se\u00f1al\u00f3 que el actual miembro de la Direcci\u00f3n Ejecutiva del Partido Revolucionario Moderno (PRM), Franklin Garc\u00eda Ferm\u00edn, se encuentra muy divorciado de la realidad de la Rep\u00fablica Dominicana. Rosario basa su criterio\u2026","rel":"","context":"En \u00abPOLITICA\u00bb","block_context":{"text":"POLITICA","link":"https:\/\/lasprimeras.com.do\/index.php\/category\/politica\/"},"img":{"alt_text":"","src":"https:\/\/i0.wp.com\/lasprimeras.com.do\/wp-content\/uploads\/2025\/12\/IMG-20251229-WA0076.jpg?resize=350%2C200&ssl=1","width":350,"height":200,"srcset":"https:\/\/i0.wp.com\/lasprimeras.com.do\/wp-content\/uploads\/2025\/12\/IMG-20251229-WA0076.jpg?resize=350%2C200&ssl=1 1x, https:\/\/i0.wp.com\/lasprimeras.com.do\/wp-content\/uploads\/2025\/12\/IMG-20251229-WA0076.jpg?resize=525%2C300&ssl=1 1.5x"},"classes":[]},{"id":102578,"url":"https:\/\/lasprimeras.com.do\/index.php\/2025\/07\/06\/costo-de-la-canasta-familiar-subio-en-junio-a-rd76190-07-mensual-triplicando-el-ingreso-promedio-de-los-asalariados\/","url_meta":{"origin":138592,"position":4},"title":"Costo de la canasta familiar subi\u00f3 en junio a RD$76,190.07 mensual, triplicando el ingreso promedio de los asalariados","author":"Nelson Feliz","date":"6 de julio de 2025","format":false,"excerpt":"El costo de la canasta familiar, que incluye alimentaci\u00f3n, salud, educaci\u00f3n, vivienda, energ\u00eda el\u00e9ctrica y transporte, se dispar\u00f3 en la actualidad a RD$76,190.07 mensuales, triplicando el salario promedio de las familias con ingresos, el cual apenas alcanza RD$22,122.70. El titular de la Secretar\u00eda de Asuntos Agropecuarios del PLD , Adriano\u2026","rel":"","context":"En \u00abECONOM\u00cdA\u00bb","block_context":{"text":"ECONOM\u00cdA","link":"https:\/\/lasprimeras.com.do\/index.php\/category\/economia\/"},"img":{"alt_text":"","src":"https:\/\/i0.wp.com\/lasprimeras.com.do\/wp-content\/uploads\/2025\/07\/canasta-basica.jpg?resize=350%2C200&ssl=1","width":350,"height":200,"srcset":"https:\/\/i0.wp.com\/lasprimeras.com.do\/wp-content\/uploads\/2025\/07\/canasta-basica.jpg?resize=350%2C200&ssl=1 1x, https:\/\/i0.wp.com\/lasprimeras.com.do\/wp-content\/uploads\/2025\/07\/canasta-basica.jpg?resize=525%2C300&ssl=1 1.5x, https:\/\/i0.wp.com\/lasprimeras.com.do\/wp-content\/uploads\/2025\/07\/canasta-basica.jpg?resize=700%2C400&ssl=1 2x"},"classes":[]},{"id":116329,"url":"https:\/\/lasprimeras.com.do\/index.php\/2025\/11\/30\/leonel-fernandez-advierte-al-prm-que-recojan-sus-maletas-se-van-en-2028\/","url_meta":{"origin":138592,"position":5},"title":"Leonel Fern\u00e1ndez advierte al PRM: \u201cQue recojan sus maletas, se van en 2028\u201d","author":"Nelson Feliz","date":"30 de noviembre de 2025","format":false,"excerpt":"El expresidente Leonel Fern\u00e1ndez afirm\u00f3 este domingo que el Partido Revolucionario Moderno (PRM) debe \u201crecoger sus maletas\u201d, porque dejar\u00e1 el poder en 2028, al encabezar la denominada \u201cMarcha del Pueblo\u201d. Durante la actividad, calific\u00f3 a la actual gesti\u00f3n como \u201cinepta\u201d y asegur\u00f3 que el pa\u00eds atraviesa una crisis que \u201csolo\u2026","rel":"","context":"En \u00abPOLITICA\u00bb","block_context":{"text":"POLITICA","link":"https:\/\/lasprimeras.com.do\/index.php\/category\/politica\/"},"img":{"alt_text":"","src":"https:\/\/i0.wp.com\/lasprimeras.com.do\/wp-content\/uploads\/2025\/11\/leonel.jpg?resize=350%2C200&ssl=1","width":350,"height":200,"srcset":"https:\/\/i0.wp.com\/lasprimeras.com.do\/wp-content\/uploads\/2025\/11\/leonel.jpg?resize=350%2C200&ssl=1 1x, https:\/\/i0.wp.com\/lasprimeras.com.do\/wp-content\/uploads\/2025\/11\/leonel.jpg?resize=525%2C300&ssl=1 1.5x, https:\/\/i0.wp.com\/lasprimeras.com.do\/wp-content\/uploads\/2025\/11\/leonel.jpg?resize=700%2C400&ssl=1 2x"},"classes":[]}],"jetpack_sharing_enabled":true,"jetpack_featured_media_url":"https:\/\/lasprimeras.com.do\/wp-content\/uploads\/2026\/08\/IMG-20260830-WA0800.jpg","_links":{"self":[{"href":"https:\/\/lasprimeras.com.do\/index.php\/wp-json\/wp\/v2\/posts\/138592","targetHints":{"allow":["GET"]}}],"collection":[{"href":"https:\/\/lasprimeras.com.do\/index.php\/wp-json\/wp\/v2\/posts"}],"about":[{"href":"https:\/\/lasprimeras.com.do\/index.php\/wp-json\/wp\/v2\/types\/post"}],"author":[{"embeddable":true,"href":"https:\/\/lasprimeras.com.do\/index.php\/wp-json\/wp\/v2\/users\/10"}],"replies":[{"embeddable":true,"href":"https:\/\/lasprimeras.com.do\/index.php\/wp-json\/wp\/v2\/comments?post=138592"}],"version-history":[{"count":1,"href":"https:\/\/lasprimeras.com.do\/index.php\/wp-json\/wp\/v2\/posts\/138592\/revisions"}],"predecessor-version":[{"id":138594,"href":"https:\/\/lasprimeras.com.do\/index.php\/wp-json\/wp\/v2\/posts\/138592\/revisions\/138594"}],"wp:featuredmedia":[{"embeddable":true,"href":"https:\/\/lasprimeras.com.do\/index.php\/wp-json\/wp\/v2\/media\/138593"}],"wp:attachment":[{"href":"https:\/\/lasprimeras.com.do\/index.php\/wp-json\/wp\/v2\/media?parent=138592"}],"wp:term":[{"taxonomy":"category","embeddable":true,"href":"https:\/\/lasprimeras.com.do\/index.php\/wp-json\/wp\/v2\/categories?post=138592"},{"taxonomy":"post_tag","embeddable":true,"href":"https:\/\/lasprimeras.com.do\/index.php\/wp-json\/wp\/v2\/tags?post=138592"}],"curies":[{"name":"wp","href":"https:\/\/api.w.org\/{rel}","templated":true}]}}