{"id":138595,"date":"2026-08-31T09:48:41","date_gmt":"2026-08-31T13:48:41","guid":{"rendered":"https:\/\/lasprimeras.com.do\/?p=138595"},"modified":"2026-08-31T09:48:43","modified_gmt":"2026-08-31T13:48:43","slug":"indhira-de-jesus-impulsa-proyecto-para-acumular-fondos-no-utilizados-en-medicamentos","status":"publish","type":"post","link":"https:\/\/lasprimeras.com.do\/index.php\/2026\/08\/31\/indhira-de-jesus-impulsa-proyecto-para-acumular-fondos-no-utilizados-en-medicamentos\/","title":{"rendered":"Indhira De Jes\u00fas impulsa proyecto para acumular fondos no utilizados en medicamentos"},"content":{"rendered":"\n<p class=\"wp-block-paragraph\">Santo Domingo.\u2013 La diputada Indhira De Jes\u00fas, representante de la circunscripci\u00f3n n\u00fam. 4 de Santo Domingo Oeste, someti\u00f3 ante la C\u00e1mara de Diputados un proyecto de ley que dispone la acumulaci\u00f3n anual de los fondos de medicamentos no utilizados por los afiliados a las Administradoras de Riesgos de Salud (ARS).<\/p>\n\n\n\n<p class=\"wp-block-paragraph\">La iniciativa busca evitar que la cobertura destinada a medicamentos se pierda al finalizar cada a\u00f1o.<\/p>\n\n\n\n<p class=\"wp-block-paragraph\">En cambio, propone que el saldo no consumido permanezca disponible para cuando el afiliado enfrente una enfermedad, un diagn\u00f3stico inesperado o un tratamiento prolongado.<\/p>\n\n\n\n<p class=\"wp-block-paragraph\">\u201cLa seguridad social no puede ser un derecho que vence cada a\u00f1o; debe ser una protecci\u00f3n que acompa\u00f1e a las personas cuando m\u00e1s la necesitan\u201d, afirm\u00f3 la legisladora.<\/p>\n\n\n\n<p class=\"wp-block-paragraph\">De Jes\u00fas explic\u00f3 que miles de trabajadores cotizan durante a\u00f1os y utilizan poco o nada de su cobertura farmac\u00e9utica porque se mantienen saludables.<\/p>\n\n\n\n<p class=\"wp-block-paragraph\">Sin embargo, cuando enfrentan enfermedades cr\u00f3nicas u otras condiciones que requieren tratamientos permanentes, deben comenzar desde cero, aunque hayan contribuido regularmente al sistema.<\/p>\n\n\n\n<p class=\"wp-block-paragraph\">El proyecto establece que las ARS deber\u00e1n mantener un registro individual de los fondos no utilizados y entregar a cada afiliado un reporte del monto asignado, consumido, disponible y acumulado.<\/p>\n\n\n\n<p class=\"wp-block-paragraph\">La Superintendencia de Salud y Riesgos Laborales (SISALRIL) tendr\u00eda a su cargo la supervisi\u00f3n del mecanismo.<\/p>\n\n\n\n<p class=\"wp-block-paragraph\">Asimismo, la diputada propuso una mesa t\u00e9cnica de di\u00e1logo con la participaci\u00f3n del Consejo Nacional de Seguridad Social (CNSS), la SISALRIL, las ARS y representantes de los afiliados, con el prop\u00f3sito de alcanzar una propuesta viable y sostenible.<\/p>\n\n\n\n<p class=\"wp-block-paragraph\">\u201cQueremos escuchar a todos los sectores involucrados, pero colocando siempre en el centro el bienestar y el derecho a la salud de los afiliados\u201d, expres\u00f3.<\/p>\n\n\n\n<p class=\"wp-block-paragraph\">De Jes\u00fas sostuvo que la iniciativa procura fortalecer la transparencia y garantizar que los recursos destinados a medicamentos permanezcan al servicio de los ciudadanos.<\/p>\n\n\n\n<p class=\"wp-block-paragraph\">\u201cEste proyecto nace pensando en los trabajadores, las madres, nuestros adultos mayores y todas las familias dominicanas. Los recursos destinados a su salud deben permanecer a su servicio, especialmente cuando m\u00e1s los necesiten\u201d, concluy\u00f3.<\/p>\n","protected":false},"excerpt":{"rendered":"<p>Santo Domingo.\u2013 La diputada Indhira De Jes\u00fas, representante de la circunscripci\u00f3n n\u00fam. 4 de Santo Domingo Oeste, someti\u00f3 ante la C\u00e1mara de Diputados un proyecto de ley que dispone la&hellip;<\/p>\n","protected":false},"author":10,"featured_media":138596,"comment_status":"open","ping_status":"open","sticky":false,"template":"","format":"standard","meta":{"content-type":"","_jetpack_newsletter_access":"","_jetpack_dont_email_post_to_subs":false,"_jetpack_newsletter_tier_id":0,"_jetpack_memberships_contains_paywalled_content":false,"_jetpack_feature_clip_id":0,"_jetpack_memberships_contains_paid_content":false,"footnotes":"","jetpack_post_was_ever_published":false},"categories":[16559],"tags":[211,2575,1273,276],"class_list":["post-138595","post","type-post","status-publish","format-standard","has-post-thumbnail","hentry","category-politica","tag-fondos","tag-indhira-de-jesus","tag-medicamentos","tag-proyecto"],"jetpack-related-posts":[{"id":51264,"url":"https:\/\/lasprimeras.com.do\/index.php\/2023\/05\/29\/indhira-de-jesus-celebra-dia-de-las-madres-con-cientos-de-mujeres-de-sdo\/","url_meta":{"origin":138595,"position":0},"title":"Indhira De Jes\u00fas celebra d\u00eda de las madres con cientos de mujeres de SDO","author":"prenxa100","date":"29 de mayo de 2023","format":false,"excerpt":"Al acto asistieron madres de los sectores m\u00e1s populares de esta demarcaci\u00f3n. SANTO DOMINGO OESTE. La regidora por el Partido Revolucionario Moderno (PRM) en el municipio Santo Domingo Oeste Indhira De Jes\u00fas, agasaj\u00f3 a cientos de mujeres de esta localidad, por motivos al d\u00eda de las madres. El acto se\u2026","rel":"","context":"En \u00abENTRETENIMIENTO\u00bb","block_context":{"text":"ENTRETENIMIENTO","link":"https:\/\/lasprimeras.com.do\/index.php\/category\/entretenimiento\/"},"img":{"alt_text":"","src":"","width":0,"height":0},"classes":[]},{"id":95800,"url":"https:\/\/lasprimeras.com.do\/index.php\/2025\/03\/19\/diputado-presenta-iniciativas-que-busca-aumentar-cobertura-medicamentos-ambulatorios\/","url_meta":{"origin":138595,"position":1},"title":"Diputado presenta iniciativas que busca aumentar cobertura medicamentos ambulatorios","author":"Nelson Feliz","date":"19 de marzo de 2025","format":false,"excerpt":"El diputado del Partido Revolucionario Moderno (PRM), por la provincia Espaillat, Robinson Santos, deposit\u00f3 este martes un anteproyecto de Ley que busca aumentar a 15 mil pesos mensuales la cobertura de medicamentos ambulatorios a favor de los afiliados del Seguro Familiar de salud del r\u00e9gimen contributivo, entre otras iniciativas. De\u2026","rel":"","context":"En \u00abECONOM\u00cdA\u00bb","block_context":{"text":"ECONOM\u00cdA","link":"https:\/\/lasprimeras.com.do\/index.php\/category\/economia\/"},"img":{"alt_text":"Robinson Santos","src":"https:\/\/i0.wp.com\/lasprimeras.com.do\/wp-content\/uploads\/2025\/03\/Robinson-Santos.jpg?resize=350%2C200&ssl=1","width":350,"height":200},"classes":[]},{"id":70870,"url":"https:\/\/lasprimeras.com.do\/index.php\/2023\/12\/15\/aumentan-50-a-cobertura-de-medicamentos-ambulatorios-del-sfs\/","url_meta":{"origin":138595,"position":2},"title":"Aumentan 50% a cobertura de medicamentos ambulatorios del SFS","author":"BIMARY DE JES\u00daS Matos","date":"15 de diciembre de 2023","format":false,"excerpt":"Santo Domingo.-El Consejo Nacional de Seguridad Social (CNSS) aprob\u00f3 este jueves el aumento de la cobertura de medicamentos ambulatorios, pasando de RD$8,000 a RD$12,000 por a\u00f1o a favor de los afiliados del Seguro Familiar de Salud (SFS) del R\u00e9gimen Contributivo, lo que contribuye a disminuir el gasto de bolsillo de\u2026","rel":"","context":"En \u00abPORTADA\u00bb","block_context":{"text":"PORTADA","link":"https:\/\/lasprimeras.com.do\/index.php\/category\/portada\/"},"img":{"alt_text":"","src":"https:\/\/i0.wp.com\/lasprimeras.com.do\/wp-content\/uploads\/2023\/12\/WhatsApp-Image-2023-12-14-at-4.48.00-PM-1.jpeg?resize=350%2C200&ssl=1","width":350,"height":200,"srcset":"https:\/\/i0.wp.com\/lasprimeras.com.do\/wp-content\/uploads\/2023\/12\/WhatsApp-Image-2023-12-14-at-4.48.00-PM-1.jpeg?resize=350%2C200&ssl=1 1x, https:\/\/i0.wp.com\/lasprimeras.com.do\/wp-content\/uploads\/2023\/12\/WhatsApp-Image-2023-12-14-at-4.48.00-PM-1.jpeg?resize=525%2C300&ssl=1 1.5x"},"classes":[]},{"id":115929,"url":"https:\/\/lasprimeras.com.do\/index.php\/2025\/11\/26\/inabie-juramenta-a-indhira-ovalles-como-su-nueva-encargada-regional-en-la-vega\/","url_meta":{"origin":138595,"position":3},"title":"INABIE juramenta a Indhira Ovalles como su nueva encargada regional en La Vega","author":"Nelson Feliz","date":"26 de noviembre de 2025","format":false,"excerpt":"El subdirector del Instituto Nacional de Bienestar Estudiantil (INABIE), Luis Valdez, en representaci\u00f3n del director ejecutivo de la instituci\u00f3n, Adolfo P\u00e9rez, jurament\u00f3 a Indhira Ovalles como nueva representante provincial del INABIE en La Vega, cargo desde el cual asume la supervisi\u00f3n, coordinaci\u00f3n y seguimiento de todas las acciones institucionales que\u2026","rel":"","context":"En \u00abNACIONALES\u00bb","block_context":{"text":"NACIONALES","link":"https:\/\/lasprimeras.com.do\/index.php\/category\/nacionales\/"},"img":{"alt_text":"","src":"https:\/\/i0.wp.com\/lasprimeras.com.do\/wp-content\/uploads\/2025\/11\/Indhira-Ovalles.jpg?resize=350%2C200&ssl=1","width":350,"height":200,"srcset":"https:\/\/i0.wp.com\/lasprimeras.com.do\/wp-content\/uploads\/2025\/11\/Indhira-Ovalles.jpg?resize=350%2C200&ssl=1 1x, https:\/\/i0.wp.com\/lasprimeras.com.do\/wp-content\/uploads\/2025\/11\/Indhira-Ovalles.jpg?resize=525%2C300&ssl=1 1.5x, https:\/\/i0.wp.com\/lasprimeras.com.do\/wp-content\/uploads\/2025\/11\/Indhira-Ovalles.jpg?resize=700%2C400&ssl=1 2x"},"classes":[]},{"id":80618,"url":"https:\/\/lasprimeras.com.do\/index.php\/2024\/04\/10\/indhira-navarro-presenta-programa-de-investigacion-enigmas\/","url_meta":{"origin":138595,"position":4},"title":"Indhira Navarro presenta programa  de investigaci\u00f3n \u201cENIGMAS\u201d","author":"BIMARY DE JES\u00daS Matos","date":"10 de abril de 2024","format":false,"excerpt":"Santo Domingo, R.D.- La reconocida periodista Indhira Navarro lanza \u201cEnigmas\u201d, programa de investigaci\u00f3n period\u00edstica, que se transmitir\u00e1 los domingos a trav\u00e9s de VTV canal 32 del Grupo de Medios Panorama y por las diferentes plataformas de redes sociales. Enigmas con Indhira Navarro saldr\u00e1 al aire este 14 de abril a\u2026","rel":"","context":"En \u00abNACIONALES\u00bb","block_context":{"text":"NACIONALES","link":"https:\/\/lasprimeras.com.do\/index.php\/category\/nacionales\/"},"img":{"alt_text":"","src":"https:\/\/i0.wp.com\/lasprimeras.com.do\/wp-content\/uploads\/2024\/04\/Captura-de-pantalla-2024-04-10-101550.png?resize=350%2C200&ssl=1","width":350,"height":200},"classes":[]},{"id":98860,"url":"https:\/\/lasprimeras.com.do\/index.php\/2025\/05\/13\/senasa-responde-a-quejas-y-promete-mejoras-en-el-acceso-a-medicamentos-en-farmacias\/","url_meta":{"origin":138595,"position":5},"title":"Senasa responde a quejas y promete mejoras en el acceso a medicamentos en farmacias","author":"Nelson Feliz","date":"13 de mayo de 2025","format":false,"excerpt":"Se espera que dentro de los pr\u00f3ximos 10 d\u00edas la situaci\u00f3n quede solucionada. El Seguro Nacional de Salud (Senasa) asegur\u00f3 que los servicios como autorizaciones m\u00e9dicas y las atenciones generales se desarrollan con normalidad y que, tras la implementaci\u00f3n de mejoras en su plataforma tecnol\u00f3gica, se ha registrado una disminuci\u00f3n\u2026","rel":"","context":"En \u00abSALUD\u00bb","block_context":{"text":"SALUD","link":"https:\/\/lasprimeras.com.do\/index.php\/category\/salud\/"},"img":{"alt_text":"","src":"https:\/\/i0.wp.com\/lasprimeras.com.do\/wp-content\/uploads\/2025\/02\/SeNaSa.jpg?resize=350%2C200&ssl=1","width":350,"height":200,"srcset":"https:\/\/i0.wp.com\/lasprimeras.com.do\/wp-content\/uploads\/2025\/02\/SeNaSa.jpg?resize=350%2C200&ssl=1 1x, https:\/\/i0.wp.com\/lasprimeras.com.do\/wp-content\/uploads\/2025\/02\/SeNaSa.jpg?resize=525%2C300&ssl=1 1.5x, https:\/\/i0.wp.com\/lasprimeras.com.do\/wp-content\/uploads\/2025\/02\/SeNaSa.jpg?resize=700%2C400&ssl=1 2x"},"classes":[]}],"jetpack_sharing_enabled":true,"jetpack_featured_media_url":"https:\/\/lasprimeras.com.do\/wp-content\/uploads\/2026\/08\/IMG-20260831-WA0162.jpg","_links":{"self":[{"href":"https:\/\/lasprimeras.com.do\/index.php\/wp-json\/wp\/v2\/posts\/138595","targetHints":{"allow":["GET"]}}],"collection":[{"href":"https:\/\/lasprimeras.com.do\/index.php\/wp-json\/wp\/v2\/posts"}],"about":[{"href":"https:\/\/lasprimeras.com.do\/index.php\/wp-json\/wp\/v2\/types\/post"}],"author":[{"embeddable":true,"href":"https:\/\/lasprimeras.com.do\/index.php\/wp-json\/wp\/v2\/users\/10"}],"replies":[{"embeddable":true,"href":"https:\/\/lasprimeras.com.do\/index.php\/wp-json\/wp\/v2\/comments?post=138595"}],"version-history":[{"count":1,"href":"https:\/\/lasprimeras.com.do\/index.php\/wp-json\/wp\/v2\/posts\/138595\/revisions"}],"predecessor-version":[{"id":138597,"href":"https:\/\/lasprimeras.com.do\/index.php\/wp-json\/wp\/v2\/posts\/138595\/revisions\/138597"}],"wp:featuredmedia":[{"embeddable":true,"href":"https:\/\/lasprimeras.com.do\/index.php\/wp-json\/wp\/v2\/media\/138596"}],"wp:attachment":[{"href":"https:\/\/lasprimeras.com.do\/index.php\/wp-json\/wp\/v2\/media?parent=138595"}],"wp:term":[{"taxonomy":"category","embeddable":true,"href":"https:\/\/lasprimeras.com.do\/index.php\/wp-json\/wp\/v2\/categories?post=138595"},{"taxonomy":"post_tag","embeddable":true,"href":"https:\/\/lasprimeras.com.do\/index.php\/wp-json\/wp\/v2\/tags?post=138595"}],"curies":[{"name":"wp","href":"https:\/\/api.w.org\/{rel}","templated":true}]}}