{"id":138598,"date":"2026-08-31T11:15:22","date_gmt":"2026-08-31T15:15:22","guid":{"rendered":"https:\/\/lasprimeras.com.do\/?p=138598"},"modified":"2026-08-31T11:15:25","modified_gmt":"2026-08-31T15:15:25","slug":"centro-cultural-banreservas-santiago-inaugura-retrospectiva-de-persio-checo","status":"publish","type":"post","link":"https:\/\/lasprimeras.com.do\/index.php\/2026\/08\/31\/centro-cultural-banreservas-santiago-inaugura-retrospectiva-de-persio-checo\/","title":{"rendered":"Centro Cultural Banreservas Santiago inaugura retrospectiva de Persio Checo"},"content":{"rendered":"\n<p class=\"wp-block-paragraph\">_\u201cOrg\u00e1nico y Desenfadado\u201d re\u00fane m\u00e1s de cuatro d\u00e9cadas de trayectoria del artista visual dominicano y propone un recorrido por su relaci\u00f3n con la naturaleza, el mar y la memoria._<\/p>\n\n\n\n<p class=\"wp-block-paragraph\">Santiago.\u2013 El Centro Cultural Banreservas Santiago inaugur\u00f3 la exposici\u00f3n \u201cOrg\u00e1nico y Desenfadado\u201d, una retrospectiva dedicada al artista visual dominicano Persio Checo, que re\u00fane obras representativas de m\u00e1s de cuatro d\u00e9cadas de creaci\u00f3n.<\/p>\n\n\n\n<p class=\"wp-block-paragraph\">La muestra ofrece un recorrido por distintas etapas de la trayectoria de Checo, reconocido como uno de los integrantes de la Generaci\u00f3n de los 80, y permite apreciar la evoluci\u00f3n de una propuesta art\u00edstica marcada por su v\u00ednculo con la naturaleza, el mar y las memorias de su natal R\u00edo San Juan.<\/p>\n\n\n\n<p class=\"wp-block-paragraph\">Pinturas y esculturas forman parte de una selecci\u00f3n en la que convergen materiales como tela, madera, masonite y elementos asociados al entorno marino.<\/p>\n\n\n\n<p class=\"wp-block-paragraph\">A trav\u00e9s de ellos, el creador desarrolla formas vegetales, organismos imaginarios y referencias a la herencia ta\u00edna, presentes de manera recurrente en su producci\u00f3n.<\/p>\n\n\n\n<p class=\"wp-block-paragraph\">Durante el acto inaugural, la gerente del Centro Cultural Banreservas Santiago, Gladialisa Pereyra, destac\u00f3 el valor de la exposici\u00f3n como espacio de encuentro entre el p\u00fablico y la trayectoria de un creador dominicano con una amplia presencia en las artes visuales.<\/p>\n\n\n\n<p class=\"wp-block-paragraph\">\u201cEsta exhibici\u00f3n representa una celebraci\u00f3n de la vida en todas sus manifestaciones y un homenaje a la capacidad del arte para reinventar el mundo\u201d, expres\u00f3 Pereyra.<\/p>\n\n\n\n<p class=\"wp-block-paragraph\">La presentaci\u00f3n de \u201cOrg\u00e1nico y Desenfadado\u201d forma parte de las iniciativas desarrolladas por el Centro Cultural Banreservas Santiago para acercar al p\u00fablico a diferentes expresiones art\u00edsticas y contribuir a la difusi\u00f3n del patrimonio creativo dominicano.<\/p>\n\n\n\n<p class=\"wp-block-paragraph\">Al dirigirse a los asistentes, Persio Checo agradeci\u00f3 a Banreservas y a los responsables del centro cultural por abrir espacios que permitan a los artistas compartir sus propuestas con nuevas audiencias.<\/p>\n\n\n\n<p class=\"wp-block-paragraph\">El creador resalt\u00f3 de manera particular el respaldo del presidente ejecutivo de Banreservas, doctor Leonardo Aguilera, as\u00ed como de Gladialisa Pereyra, a las iniciativas relacionadas con las artes visuales.<br><br>Checo explic\u00f3 que buena parte de su producci\u00f3n est\u00e1 estrechamente vinculada con el mar, el ser humano y la naturaleza, elementos que han acompa\u00f1ado su lenguaje creativo a lo largo de los a\u00f1os.<\/p>\n\n\n\n<p class=\"wp-block-paragraph\">\u201cEstos espacios nos permiten compartir con el mundo la dimensi\u00f3n de nuestras obras, la riqueza de nuestros colores y la forma en que la naturaleza influye en nuestras vidas\u201d, manifest\u00f3 el artista durante la apertura.<\/p>\n\n\n\n<p class=\"wp-block-paragraph\">Tambi\u00e9n expres\u00f3 su deseo de que quienes visiten la exposici\u00f3n puedan establecer una conexi\u00f3n personal con las piezas y con los elementos culturales y naturales que han servido de inspiraci\u00f3n para su trabajo.<\/p>\n\n\n\n<p class=\"wp-block-paragraph\">*Una trayectoria vinculada al arte dominicano*<\/p>\n\n\n\n<p class=\"wp-block-paragraph\">Nacido en R\u00edo San Juan en 1958, Persio Checo es artista visual, arquitecto y gestor cultural.<\/p>\n\n\n\n<p class=\"wp-block-paragraph\">Se form\u00f3 en la Escuela Nacional de Bellas Artes y en la Universidad Aut\u00f3noma de Santo Domingo (UASD), adem\u00e1s de realizar estudios de perfeccionamiento en Espa\u00f1a y Brasil.<\/p>\n\n\n\n<p class=\"wp-block-paragraph\">Su lenguaje pl\u00e1stico incorpora influencias del surrealismo y del Land Art, con una producci\u00f3n en la que el paisaje, la materia y los elementos org\u00e1nicos ocupan un lugar destacado.<\/p>\n\n\n\n<p class=\"wp-block-paragraph\">A lo largo de su carrera ha recibido reconocimientos como el Premio del P\u00fablico de la XII Bienal Nacional de Artes Visuales y el Gran Premio de la III Bienal Paleta del N\u00edquel.<\/p>\n\n\n\n<p class=\"wp-block-paragraph\">La exposici\u00f3n cuenta con la curadur\u00eda y museograf\u00eda de Guadalupe Casasnovas, la consultor\u00eda cultural de Abil Peralta Ag\u00fcero y la coordinaci\u00f3n de exposiciones de Banreservas de Adaunys Rodr\u00edguez.<\/p>\n\n\n\n<figure class=\"wp-block-gallery has-nested-images columns-default is-cropped wp-block-gallery-1 is-layout-flex wp-block-gallery-is-layout-flex\">\n<figure class=\"wp-block-image size-large\"><img decoding=\"async\" width=\"681\" height=\"1024\" data-id=\"138600\" src=\"https:\/\/lasprimeras.com.do\/wp-content\/uploads\/2026\/08\/596947-681x1024.jpg\" alt=\"\" class=\"wp-image-138600\" srcset=\"https:\/\/lasprimeras.com.do\/wp-content\/uploads\/2026\/08\/596947-681x1024.jpg 681w, https:\/\/lasprimeras.com.do\/wp-content\/uploads\/2026\/08\/596947-199x300.jpg 199w, https:\/\/lasprimeras.com.do\/wp-content\/uploads\/2026\/08\/596947-768x1155.jpg 768w, https:\/\/lasprimeras.com.do\/wp-content\/uploads\/2026\/08\/596947.jpg 855w\" sizes=\"(max-width: 681px) 100vw, 681px\" \/><\/figure>\n<\/figure>\n","protected":false},"excerpt":{"rendered":"<p>_\u201cOrg\u00e1nico y Desenfadado\u201d re\u00fane m\u00e1s de cuatro d\u00e9cadas de trayectoria del artista visual dominicano y propone un recorrido por su relaci\u00f3n con la naturaleza, el mar y la memoria._ Santiago.\u2013&hellip;<\/p>\n","protected":false},"author":10,"featured_media":138599,"comment_status":"open","ping_status":"open","sticky":false,"template":"","format":"standard","meta":{"content-type":"","_jetpack_newsletter_access":"","_jetpack_dont_email_post_to_subs":false,"_jetpack_newsletter_tier_id":0,"_jetpack_memberships_contains_paywalled_content":false,"_jetpack_feature_clip_id":0,"_jetpack_memberships_contains_paid_content":false,"footnotes":"","jetpack_post_was_ever_published":false},"categories":[25],"tags":[35615,36157],"class_list":["post-138598","post","type-post","status-publish","format-standard","has-post-thumbnail","hentry","category-portada","tag-centro-cultural-banreservas-santiago","tag-persico-checo"],"jetpack-related-posts":[{"id":116957,"url":"https:\/\/lasprimeras.com.do\/index.php\/2025\/12\/06\/centro-cultural-banreservas-santiago-inaugura-sus-primeras-exposiciones-con-obras-de-domingo-batista-y-artistas-cibaenos\/","url_meta":{"origin":138598,"position":0},"title":"Centro Cultural Banreservas Santiago inaugura sus primeras exposiciones con obras de Domingo Batista y artistas cibae\u00f1os","author":"Nelson Feliz","date":"6 de diciembre de 2025","format":false,"excerpt":"Las muestras est\u00e1n abiertas al p\u00fablico desde el 4 de diciembre hasta el mes de marzo y re\u00fanen diversas t\u00e9cnicas y formatos visuales. El Centro Cultural Banreservas Santiago inaugur\u00f3 sus primeras exposiciones: \u201cCaminos de luz, caminos de tierra\u201d, del maestro fot\u00f3grafo Domingo Batista; y \u201cCibae\u00f1os en la Colecci\u00f3n de Artes\u2026","rel":"","context":"En \u00abENTRETENIMIENTO\u00bb","block_context":{"text":"ENTRETENIMIENTO","link":"https:\/\/lasprimeras.com.do\/index.php\/category\/entretenimiento\/"},"img":{"alt_text":"","src":"https:\/\/i0.wp.com\/lasprimeras.com.do\/wp-content\/uploads\/2025\/12\/una.jpg?resize=350%2C200&ssl=1","width":350,"height":200,"srcset":"https:\/\/i0.wp.com\/lasprimeras.com.do\/wp-content\/uploads\/2025\/12\/una.jpg?resize=350%2C200&ssl=1 1x, https:\/\/i0.wp.com\/lasprimeras.com.do\/wp-content\/uploads\/2025\/12\/una.jpg?resize=525%2C300&ssl=1 1.5x, https:\/\/i0.wp.com\/lasprimeras.com.do\/wp-content\/uploads\/2025\/12\/una.jpg?resize=700%2C400&ssl=1 2x"},"classes":[]},{"id":111309,"url":"https:\/\/lasprimeras.com.do\/index.php\/2025\/10\/07\/presentara-en-rd-exposicion-individual-grandes-visiones-pequenos-formatos\/","url_meta":{"origin":138598,"position":1},"title":"Presentar\u00e1 en RD exposici\u00f3n individual \u00abGrandes Visiones, Peque\u00f1os Formatos\u00bb","author":"Nelson Feliz","date":"7 de octubre de 2025","format":false,"excerpt":"Por Ram\u00f3n Mercedes NUEVA YORK.- El reconocido artista pl\u00e1stico dominicano Persio Checo anunci\u00f3 en esta ciudad que llevar\u00e1 a la RD su m\u00e1s reciente exposici\u00f3n individual titulada \u201cGrandes Visiones, Peque\u00f1os Formatos\u201d. Ser\u00e1 el pr\u00f3ximo 14 de octubre, a las 7:00 p.m., en la Galer\u00eda Bodden, ubicada en la Avenida Carlos\u2026","rel":"","context":"En \u00abLA VOZ DE LA DIASPORA\u00bb","block_context":{"text":"LA VOZ DE LA DIASPORA","link":"https:\/\/lasprimeras.com.do\/index.php\/category\/la-voz-de-la-diaspora\/"},"img":{"alt_text":"","src":"https:\/\/i0.wp.com\/lasprimeras.com.do\/wp-content\/uploads\/2025\/10\/WhatsApp-Image-2025-10-07-at-11.10.01-AM-1.jpeg?resize=350%2C200&ssl=1","width":350,"height":200,"srcset":"https:\/\/i0.wp.com\/lasprimeras.com.do\/wp-content\/uploads\/2025\/10\/WhatsApp-Image-2025-10-07-at-11.10.01-AM-1.jpeg?resize=350%2C200&ssl=1 1x, https:\/\/i0.wp.com\/lasprimeras.com.do\/wp-content\/uploads\/2025\/10\/WhatsApp-Image-2025-10-07-at-11.10.01-AM-1.jpeg?resize=525%2C300&ssl=1 1.5x"},"classes":[]},{"id":127195,"url":"https:\/\/lasprimeras.com.do\/index.php\/2026\/04\/09\/centro-cultural-banreservas-y-la-fundacion-hnas-mirabal-inauguran-exposicion-inedita-de-minerva-mirabal\/","url_meta":{"origin":138598,"position":2},"title":"Centro Cultural Banreservas y la Fundaci\u00f3n Hnas. Mirabal inauguran exposici\u00f3n in\u00e9dita de Minerva Mirabal","author":"Nelson Feliz","date":"9 de abril de 2026","format":false,"excerpt":"Gladialisa Pereyra, gerente del Centro Cultural Banreservas Santiago; Karina Souffront, directora senior de Negocios Personales Banreservas Zona Norte; Manuel Tav\u00e1rez Mirabal, presidente de la Fundaci\u00f3n Hermanas Mirabal, y Minou Tav\u00e1rez Mirabal, en la inauguraci\u00f3n de la exposici\u00f3n \u201cUn siglo: la dimensi\u00f3n art\u00edstica de Minerva Mirabal\u201d.","rel":"","context":"En \u00abECONOM\u00cdA\u00bb","block_context":{"text":"ECONOM\u00cdA","link":"https:\/\/lasprimeras.com.do\/index.php\/category\/economia\/"},"img":{"alt_text":"Gladialisa Pereyra, gerente del Centro Cultural Banreservas Santiago; Karina Souffront, directora senior de Negocios Personales Banreservas Zona Norte; Manuel Tav\u00e1rez Mirabal, presidente de la Fundaci\u00f3n Hermanas Mirabal, y Minou Tav\u00e1rez Mirabal, en la inauguraci\u00f3n de la exposici\u00f3n \u201cUn siglo: la dimensi\u00f3n art\u00edstica de Minerva Mirabal\u201d.","src":"https:\/\/i0.wp.com\/lasprimeras.com.do\/wp-content\/uploads\/2026\/04\/Fundacion-Banreservas.jpg?resize=350%2C200&ssl=1","width":350,"height":200,"srcset":"https:\/\/i0.wp.com\/lasprimeras.com.do\/wp-content\/uploads\/2026\/04\/Fundacion-Banreservas.jpg?resize=350%2C200&ssl=1 1x, https:\/\/i0.wp.com\/lasprimeras.com.do\/wp-content\/uploads\/2026\/04\/Fundacion-Banreservas.jpg?resize=525%2C300&ssl=1 1.5x, https:\/\/i0.wp.com\/lasprimeras.com.do\/wp-content\/uploads\/2026\/04\/Fundacion-Banreservas.jpg?resize=700%2C400&ssl=1 2x"},"classes":[]},{"id":136835,"url":"https:\/\/lasprimeras.com.do\/index.php\/2026\/08\/08\/centro-cultural-banreservas-santiago-inaugura-primer-congreso-de-artesanos-de-santiago\/","url_meta":{"origin":138598,"position":3},"title":"Centro Cultural Banreservas Santiago inaugura Primer Congreso de Artesanos de Santiago","author":"Nelson Feliz","date":"8 de agosto de 2026","format":false,"excerpt":"Santiago de los Caballeros. \u2013 El Centro Cultural Banreservas Santiago inaugur\u00f3 este viernes el Primer Congreso de Artesanos de Santiago, iniciativa organizada en coordinaci\u00f3n con la Fundaci\u00f3n para el Desarrollo de la Artesan\u00eda (FUNDECART) y la Federaci\u00f3n de Artesanos. El encuentro se desarrolla desde este viernes 7 hasta el domingo\u2026","rel":"","context":"En \u00abPORTADA\u00bb","block_context":{"text":"PORTADA","link":"https:\/\/lasprimeras.com.do\/index.php\/category\/portada\/"},"img":{"alt_text":"","src":"https:\/\/i0.wp.com\/lasprimeras.com.do\/wp-content\/uploads\/2026\/08\/Banreservas-1.jpg?resize=350%2C200&ssl=1","width":350,"height":200,"srcset":"https:\/\/i0.wp.com\/lasprimeras.com.do\/wp-content\/uploads\/2026\/08\/Banreservas-1.jpg?resize=350%2C200&ssl=1 1x, https:\/\/i0.wp.com\/lasprimeras.com.do\/wp-content\/uploads\/2026\/08\/Banreservas-1.jpg?resize=525%2C300&ssl=1 1.5x, https:\/\/i0.wp.com\/lasprimeras.com.do\/wp-content\/uploads\/2026\/08\/Banreservas-1.jpg?resize=700%2C400&ssl=1 2x"},"classes":[]},{"id":128190,"url":"https:\/\/lasprimeras.com.do\/index.php\/2026\/04\/20\/centro-cultural-banreservas-inaugura-exposicion-demasiado-no-es-suficiente-de-citlally-miranda\/","url_meta":{"origin":138598,"position":4},"title":"Centro Cultural Banreservas inaugura exposici\u00f3n &#8220;Demasiado no es suficiente&#8221; de Citlally Miranda","author":"Nelson Feliz","date":"20 de abril de 2026","format":false,"excerpt":"El Centro Cultural del Banco de Reservas inaugur\u00f3 la exposici\u00f3n Demasiado no es suficiente, de la artista dominicana radicada en Estados Unidos, Citlally Miranda, que estar\u00e1 abierta al p\u00fablico hasta el siete de junio. La muestra re\u00fane unas cuarenta obras en las que formas org\u00e1nicas y sint\u00e9ticas, abstractas y figurativas\u2026","rel":"","context":"En \u00abENTRETENIMIENTO\u00bb","block_context":{"text":"ENTRETENIMIENTO","link":"https:\/\/lasprimeras.com.do\/index.php\/category\/entretenimiento\/"},"img":{"alt_text":"Citlally Miranda","src":"https:\/\/i0.wp.com\/lasprimeras.com.do\/wp-content\/uploads\/2026\/04\/Citlally-Miranda.jpg?resize=350%2C200&ssl=1","width":350,"height":200,"srcset":"https:\/\/i0.wp.com\/lasprimeras.com.do\/wp-content\/uploads\/2026\/04\/Citlally-Miranda.jpg?resize=350%2C200&ssl=1 1x, https:\/\/i0.wp.com\/lasprimeras.com.do\/wp-content\/uploads\/2026\/04\/Citlally-Miranda.jpg?resize=525%2C300&ssl=1 1.5x, https:\/\/i0.wp.com\/lasprimeras.com.do\/wp-content\/uploads\/2026\/04\/Citlally-Miranda.jpg?resize=700%2C400&ssl=1 2x"},"classes":[]},{"id":116319,"url":"https:\/\/lasprimeras.com.do\/index.php\/2025\/11\/30\/banreservas-inaugura-centro-cultural-en-el-antiguo-hotel-mercedes-de-santiago\/","url_meta":{"origin":138598,"position":5},"title":"Banreservas inaugura Centro Cultural en el antiguo Hotel Mercedes de Santiago","author":"Nelson Feliz","date":"30 de noviembre de 2025","format":false,"excerpt":"El doctor Leonardo Aguilera destaca que el renovado edificio, m\u00e1s que un espacio f\u00edsico, es un faro de cultura y creatividad que se proyectar\u00e1 por generaciones. El Banco de Reservas inaugur\u00f3 el Centro Cultural que funcionar\u00e1 en las restauradas instalaciones del emblem\u00e1tico Hotel Mercedes. La ceremonia fue encabezada por el\u2026","rel":"","context":"En \u00abECONOM\u00cdA\u00bb","block_context":{"text":"ECONOM\u00cdA","link":"https:\/\/lasprimeras.com.do\/index.php\/category\/economia\/"},"img":{"alt_text":"","src":"https:\/\/i0.wp.com\/lasprimeras.com.do\/wp-content\/uploads\/2025\/11\/reservas-1-1.jpg?resize=350%2C200&ssl=1","width":350,"height":200,"srcset":"https:\/\/i0.wp.com\/lasprimeras.com.do\/wp-content\/uploads\/2025\/11\/reservas-1-1.jpg?resize=350%2C200&ssl=1 1x, https:\/\/i0.wp.com\/lasprimeras.com.do\/wp-content\/uploads\/2025\/11\/reservas-1-1.jpg?resize=525%2C300&ssl=1 1.5x, https:\/\/i0.wp.com\/lasprimeras.com.do\/wp-content\/uploads\/2025\/11\/reservas-1-1.jpg?resize=700%2C400&ssl=1 2x"},"classes":[]}],"jetpack_sharing_enabled":true,"jetpack_featured_media_url":"https:\/\/lasprimeras.com.do\/wp-content\/uploads\/2026\/08\/IMG-20260831-WA0238.jpg","_links":{"self":[{"href":"https:\/\/lasprimeras.com.do\/index.php\/wp-json\/wp\/v2\/posts\/138598","targetHints":{"allow":["GET"]}}],"collection":[{"href":"https:\/\/lasprimeras.com.do\/index.php\/wp-json\/wp\/v2\/posts"}],"about":[{"href":"https:\/\/lasprimeras.com.do\/index.php\/wp-json\/wp\/v2\/types\/post"}],"author":[{"embeddable":true,"href":"https:\/\/lasprimeras.com.do\/index.php\/wp-json\/wp\/v2\/users\/10"}],"replies":[{"embeddable":true,"href":"https:\/\/lasprimeras.com.do\/index.php\/wp-json\/wp\/v2\/comments?post=138598"}],"version-history":[{"count":1,"href":"https:\/\/lasprimeras.com.do\/index.php\/wp-json\/wp\/v2\/posts\/138598\/revisions"}],"predecessor-version":[{"id":138601,"href":"https:\/\/lasprimeras.com.do\/index.php\/wp-json\/wp\/v2\/posts\/138598\/revisions\/138601"}],"wp:featuredmedia":[{"embeddable":true,"href":"https:\/\/lasprimeras.com.do\/index.php\/wp-json\/wp\/v2\/media\/138599"}],"wp:attachment":[{"href":"https:\/\/lasprimeras.com.do\/index.php\/wp-json\/wp\/v2\/media?parent=138598"}],"wp:term":[{"taxonomy":"category","embeddable":true,"href":"https:\/\/lasprimeras.com.do\/index.php\/wp-json\/wp\/v2\/categories?post=138598"},{"taxonomy":"post_tag","embeddable":true,"href":"https:\/\/lasprimeras.com.do\/index.php\/wp-json\/wp\/v2\/tags?post=138598"}],"curies":[{"name":"wp","href":"https:\/\/api.w.org\/{rel}","templated":true}]}}