{"id":138602,"date":"2026-08-31T11:32:19","date_gmt":"2026-08-31T15:32:19","guid":{"rendered":"https:\/\/lasprimeras.com.do\/?p=138602"},"modified":"2026-08-31T11:32:20","modified_gmt":"2026-08-31T15:32:20","slug":"bautista-pide-a-abinader-aprobar-ley-de-trabajo-forzoso","status":"publish","type":"post","link":"https:\/\/lasprimeras.com.do\/index.php\/2026\/08\/31\/bautista-pide-a-abinader-aprobar-ley-de-trabajo-forzoso\/","title":{"rendered":"Bautista pide a Abinader aprobar Ley de Trabajo Forzoso"},"content":{"rendered":"\n<p class=\"wp-block-paragraph\">SANTO DOMINGO.=El senador F\u00e9lix Bautista visit\u00f3 a la vicepresidenta Raquel Pe\u00f1a y al canciller V\u00edctor Ito Bison\u00f3.<\/p>\n\n\n\n<p class=\"wp-block-paragraph\">Busca la aprobaci\u00f3n de su proyecto de Ley de Trabajo Forzoso. La pieza est\u00e1 en estudio en la comisi\u00f3n de Industria del Senado.<\/p>\n\n\n\n<p class=\"wp-block-paragraph\">El legislador pidi\u00f3 aprobarla cuanto antes para reducir aranceles de http:\/\/EE.UU.<\/p>\n\n\n\n<p class=\"wp-block-paragraph\">De 12.5% a 10% bajar\u00edan los impuestos a exportaciones dominicanas. Eso representa un ahorro de US$182 millones anuales, unos RD$10,920 millones.<\/p>\n\n\n\n<p class=\"wp-block-paragraph\">Con esa reducci\u00f3n, RD competir\u00eda igual que M\u00e9xico, El Salvador y Honduras.<br>Esos pa\u00edses ya pagan 10% al entrar al mercado norteamericano.<\/p>\n\n\n\n<p class=\"wp-block-paragraph\">La diferencia actual afecta la competitividad del sector exportador.<\/p>\n\n\n\n<p class=\"wp-block-paragraph\">Bautista llam\u00f3 al presidente Luis Abinader, en su condici\u00f3n de l\u00edder del PRM.<\/p>\n\n\n\n<p class=\"wp-block-paragraph\">Pidi\u00f3 autorizar a sus legisladores aprobar el proyecto con urgencia.<\/p>\n\n\n\n<p class=\"wp-block-paragraph\">Dijo que hay incertidumbre en los exportadores por la desventaja arancelaria.<\/p>\n\n\n\n<p class=\"wp-block-paragraph\">La ley busca prohibir importaci\u00f3n de bienes producidos con trabajo forzoso.<br>Permitir\u00eda negociar con http:\/\/EE.UU. la baja del arancel de la Secci\u00f3n 301.<\/p>\n\n\n\n<p class=\"wp-block-paragraph\">As\u00ed el pa\u00eds se equiparar\u00eda a socios que ya adoptaron medidas similares.<\/p>\n","protected":false},"excerpt":{"rendered":"<p>SANTO DOMINGO.=El senador F\u00e9lix Bautista visit\u00f3 a la vicepresidenta Raquel Pe\u00f1a y al canciller V\u00edctor Ito Bison\u00f3. Busca la aprobaci\u00f3n de su proyecto de Ley de Trabajo Forzoso. La pieza&hellip;<\/p>\n","protected":false},"author":10,"featured_media":137508,"comment_status":"open","ping_status":"open","sticky":false,"template":"","format":"standard","meta":{"content-type":"","_jetpack_newsletter_access":"","_jetpack_dont_email_post_to_subs":false,"_jetpack_newsletter_tier_id":0,"_jetpack_memberships_contains_paywalled_content":false,"_jetpack_feature_clip_id":0,"_jetpack_memberships_contains_paid_content":false,"footnotes":"","jetpack_post_was_ever_published":false},"categories":[25],"tags":[2478,1992,35245],"class_list":["post-138602","post","type-post","status-publish","format-standard","has-post-thumbnail","hentry","category-portada","tag-felix-bautista","tag-proyecto-de-ley","tag-trabajo-forzoso"],"jetpack-related-posts":[{"id":137507,"url":"https:\/\/lasprimeras.com.do\/index.php\/2026\/08\/18\/felix-bautista-plantea-ley-contra-trabajo-forzoso-para-ahorrar-us182-millones-en-exportaciones-a-ee-uu\/","url_meta":{"origin":138602,"position":0},"title":"F\u00e9lix Bautista plantea ley contra trabajo forzoso para ahorrar US$182 millones en exportaciones a EE. UU.","author":"Nelson Feliz","date":"18 de agosto de 2026","format":false,"excerpt":"SANTO DOMINGO, D. N. \u2014 El senador por la provincia de San Juan, F\u00e9lix Bautista, someti\u00f3 hoy formalmente ante el Senado de la Rep\u00fablica el proyecto de Ley de Prevenci\u00f3n y Prohibici\u00f3n de Importaci\u00f3n de Mercanc\u00edas y Bienes Producidas Mediante Trabajo Forzoso. La iniciativa surge como la v\u00eda legal id\u00f3nea\u2026","rel":"","context":"En \u00abPORTADA\u00bb","block_context":{"text":"PORTADA","link":"https:\/\/lasprimeras.com.do\/index.php\/category\/portada\/"},"img":{"alt_text":"F\u00e9lix Bautista","src":"https:\/\/i0.wp.com\/lasprimeras.com.do\/wp-content\/uploads\/2026\/08\/Felix-Bautista.jpg?resize=350%2C200&ssl=1","width":350,"height":200,"srcset":"https:\/\/i0.wp.com\/lasprimeras.com.do\/wp-content\/uploads\/2026\/08\/Felix-Bautista.jpg?resize=350%2C200&ssl=1 1x, https:\/\/i0.wp.com\/lasprimeras.com.do\/wp-content\/uploads\/2026\/08\/Felix-Bautista.jpg?resize=525%2C300&ssl=1 1.5x, https:\/\/i0.wp.com\/lasprimeras.com.do\/wp-content\/uploads\/2026\/08\/Felix-Bautista.jpg?resize=700%2C400&ssl=1 2x"},"classes":[]},{"id":85242,"url":"https:\/\/lasprimeras.com.do\/index.php\/2024\/06\/26\/senado-aprueba-la-ley-organica-de-la-camara-de-cuentas-de-la-autoria-de-felix-bautista\/","url_meta":{"origin":138602,"position":1},"title":"Senado aprueba la Ley Org\u00e1nica de la C\u00e1mara de Cuentas de la Autor\u00eda de F\u00e9lix Bautista","author":"Nelson Feliz","date":"26 de junio de 2024","format":false,"excerpt":"LA INICIATIVA FUE APROBADA ACOGIENDO LAS OBSERVACIONES DEL PODER EJECUTIVO. El Senado de la Rep\u00fablica aprob\u00f3 en \u00fanica lectura el Proyecto de Ley Org\u00e1nica de C\u00e1mara de Cuentas de la Autor\u00eda del Senador F\u00e9lix Bautista, acogiendo las observaciones del poder ejecutivo. La pieza aprobada deroga en todas sus partes la\u2026","rel":"","context":"En \u00abNACIONALES\u00bb","block_context":{"text":"NACIONALES","link":"https:\/\/lasprimeras.com.do\/index.php\/category\/nacionales\/"},"img":{"alt_text":"F\u00e9lix Bautista","src":"https:\/\/i0.wp.com\/lasprimeras.com.do\/wp-content\/uploads\/2024\/06\/Felix-Bautista.jpg?resize=350%2C200&ssl=1","width":350,"height":200,"srcset":"https:\/\/i0.wp.com\/lasprimeras.com.do\/wp-content\/uploads\/2024\/06\/Felix-Bautista.jpg?resize=350%2C200&ssl=1 1x, https:\/\/i0.wp.com\/lasprimeras.com.do\/wp-content\/uploads\/2024\/06\/Felix-Bautista.jpg?resize=525%2C300&ssl=1 1.5x, https:\/\/i0.wp.com\/lasprimeras.com.do\/wp-content\/uploads\/2024\/06\/Felix-Bautista.jpg?resize=700%2C400&ssl=1 2x"},"classes":[]},{"id":129629,"url":"https:\/\/lasprimeras.com.do\/index.php\/2026\/05\/05\/felix-bautista-propone-crear-la-reserva-natural-romero-para-proteger-fuentes-de-agua-y-frenar-mineria-en-san-juan\/","url_meta":{"origin":138602,"position":2},"title":"F\u00e9lix Bautista propone crear la Reserva Natural Romero para proteger fuentes de agua y frenar miner\u00eda en San Juan","author":"Nelson Feliz","date":"5 de mayo de 2026","format":false,"excerpt":"El senador de la provincia San Juan F\u00e9lix Bautista, someti\u00f3 un proyecto de ley que busca declarar como \u00e1rea protegida y Reserva Natural Romero, ubicada en esa demarcaci\u00f3n, con el objetivo de preservar sus recursos naturales, especialmente las fuentes de agua que sostienen la producci\u00f3n agr\u00edcola de la regi\u00f3n. La\u2026","rel":"","context":"En \u00abPOLITICA\u00bb","block_context":{"text":"POLITICA","link":"https:\/\/lasprimeras.com.do\/index.php\/category\/politica\/"},"img":{"alt_text":"Felix Bautista","src":"https:\/\/i0.wp.com\/lasprimeras.com.do\/wp-content\/uploads\/2026\/05\/Felix-Bautista.jpg?resize=350%2C200&ssl=1","width":350,"height":200},"classes":[]},{"id":92331,"url":"https:\/\/lasprimeras.com.do\/index.php\/2025\/01\/02\/felix-bautista-pide-a-abinader-pagar-a-anciana-deuda-de-rd85-millones-por-terrenos-del-aila\/","url_meta":{"origin":138602,"position":3},"title":"F\u00e9lix Bautista pide a Abinader pagar a anciana deuda de RD$85 millones por terrenos del AILA","author":"Nelson Feliz","date":"2 de enero de 2025","format":false,"excerpt":"La se\u00f1ora de 92 a\u00f1os fue favorecida por una sentencia del TSA en el 2021. Por Wilder P\u00e1ez El senador por la provincia San Juan, F\u00e9lix Bautista, se solidariz\u00f3 este jueves con la anciana de 92 a\u00f1os, Eladia Ozuna Reyes, a quien la justicia dominicana orden\u00f3 a trav\u00e9s de una\u2026","rel":"","context":"En \u00abECONOM\u00cdA\u00bb","block_context":{"text":"ECONOM\u00cdA","link":"https:\/\/lasprimeras.com.do\/index.php\/category\/economia\/"},"img":{"alt_text":"El senador por la provincia San Juan, F\u00e9lix Bautista, visit\u00f3 en La Caleta a la anciana de 92 a\u00f1os, Eladia Ozuna Reyes.","src":"https:\/\/i0.wp.com\/lasprimeras.com.do\/wp-content\/uploads\/2025\/01\/Eladia-Ozuna-Reyes.jpg?resize=350%2C200&ssl=1","width":350,"height":200,"srcset":"https:\/\/i0.wp.com\/lasprimeras.com.do\/wp-content\/uploads\/2025\/01\/Eladia-Ozuna-Reyes.jpg?resize=350%2C200&ssl=1 1x, https:\/\/i0.wp.com\/lasprimeras.com.do\/wp-content\/uploads\/2025\/01\/Eladia-Ozuna-Reyes.jpg?resize=525%2C300&ssl=1 1.5x, https:\/\/i0.wp.com\/lasprimeras.com.do\/wp-content\/uploads\/2025\/01\/Eladia-Ozuna-Reyes.jpg?resize=700%2C400&ssl=1 2x"},"classes":[]},{"id":106752,"url":"https:\/\/lasprimeras.com.do\/index.php\/2025\/08\/18\/andres-bautista-juramenta-a-felix-reyna-como-director-de-la-diecom\/","url_meta":{"origin":138602,"position":4},"title":"Andr\u00e9s Bautista juramenta a F\u00e9lix Reyna como director de la DIECOM","author":"Nelson Feliz","date":"18 de agosto de 2025","format":false,"excerpt":"El ministro Administrativo de la Presidencia, Andr\u00e9s Bautista, jurament\u00f3 este lunes a F\u00e9lix Reyna, designado por el presidente Luis Abinader, mediante el Decreto 461-25, como director de la Direcci\u00f3n de Estrategia y Comunicaci\u00f3n Gubernamental (DIECOM). El acto de juramentaci\u00f3n se realiz\u00f3 en el despacho del director de la DIECOM, y\u2026","rel":"","context":"En \u00abNACIONALES\u00bb","block_context":{"text":"NACIONALES","link":"https:\/\/lasprimeras.com.do\/index.php\/category\/nacionales\/"},"img":{"alt_text":"","src":"","width":0,"height":0},"classes":[]},{"id":62703,"url":"https:\/\/lasprimeras.com.do\/index.php\/2023\/10\/06\/comision-bicameral-fusionara-cuatro-proyectos-para-crear-la-direccion-nacional-de-cuerpos-de-bomberos-rd\/","url_meta":{"origin":138602,"position":5},"title":"Comisi\u00f3n Bicameral fusionar\u00e1 cuatro proyectos para crear la Direcci\u00f3n Nacional de Cuerpos de Bomberos RD","author":"Nelson Feliz","date":"6 de octubre de 2023","format":false,"excerpt":"La Comisi\u00f3n Bicameral que estudia el proyecto que busca crear la Direcci\u00f3n General de Cuerpos de Bomberos de Rep\u00fablica Dominicana, acord\u00f3 fusionar cuatro iniciativas, as\u00ed como realizar vistas p\u00fablicas para consensuar la pieza legislativa. El senador Bautista Rojas G\u00f3mez, quien preside la comisi\u00f3n junto al diputado Ignacio Aracena, quien funge\u2026","rel":"","context":"En \u00abPORTADA\u00bb","block_context":{"text":"PORTADA","link":"https:\/\/lasprimeras.com.do\/index.php\/category\/portada\/"},"img":{"alt_text":"Comisi\u00f3n Bicameral","src":"https:\/\/i0.wp.com\/lasprimeras.com.do\/wp-content\/uploads\/2023\/10\/Comision-Bicameral-1.jpg?resize=350%2C200&ssl=1","width":350,"height":200,"srcset":"https:\/\/i0.wp.com\/lasprimeras.com.do\/wp-content\/uploads\/2023\/10\/Comision-Bicameral-1.jpg?resize=350%2C200&ssl=1 1x, https:\/\/i0.wp.com\/lasprimeras.com.do\/wp-content\/uploads\/2023\/10\/Comision-Bicameral-1.jpg?resize=525%2C300&ssl=1 1.5x, https:\/\/i0.wp.com\/lasprimeras.com.do\/wp-content\/uploads\/2023\/10\/Comision-Bicameral-1.jpg?resize=700%2C400&ssl=1 2x"},"classes":[]}],"jetpack_sharing_enabled":true,"jetpack_featured_media_url":"https:\/\/lasprimeras.com.do\/wp-content\/uploads\/2026\/08\/Felix-Bautista.jpg","_links":{"self":[{"href":"https:\/\/lasprimeras.com.do\/index.php\/wp-json\/wp\/v2\/posts\/138602","targetHints":{"allow":["GET"]}}],"collection":[{"href":"https:\/\/lasprimeras.com.do\/index.php\/wp-json\/wp\/v2\/posts"}],"about":[{"href":"https:\/\/lasprimeras.com.do\/index.php\/wp-json\/wp\/v2\/types\/post"}],"author":[{"embeddable":true,"href":"https:\/\/lasprimeras.com.do\/index.php\/wp-json\/wp\/v2\/users\/10"}],"replies":[{"embeddable":true,"href":"https:\/\/lasprimeras.com.do\/index.php\/wp-json\/wp\/v2\/comments?post=138602"}],"version-history":[{"count":1,"href":"https:\/\/lasprimeras.com.do\/index.php\/wp-json\/wp\/v2\/posts\/138602\/revisions"}],"predecessor-version":[{"id":138603,"href":"https:\/\/lasprimeras.com.do\/index.php\/wp-json\/wp\/v2\/posts\/138602\/revisions\/138603"}],"wp:featuredmedia":[{"embeddable":true,"href":"https:\/\/lasprimeras.com.do\/index.php\/wp-json\/wp\/v2\/media\/137508"}],"wp:attachment":[{"href":"https:\/\/lasprimeras.com.do\/index.php\/wp-json\/wp\/v2\/media?parent=138602"}],"wp:term":[{"taxonomy":"category","embeddable":true,"href":"https:\/\/lasprimeras.com.do\/index.php\/wp-json\/wp\/v2\/categories?post=138602"},{"taxonomy":"post_tag","embeddable":true,"href":"https:\/\/lasprimeras.com.do\/index.php\/wp-json\/wp\/v2\/tags?post=138602"}],"curies":[{"name":"wp","href":"https:\/\/api.w.org\/{rel}","templated":true}]}}