{"id":138604,"date":"2026-08-31T11:52:24","date_gmt":"2026-08-31T15:52:24","guid":{"rendered":"https:\/\/lasprimeras.com.do\/?p=138604"},"modified":"2026-08-31T11:52:26","modified_gmt":"2026-08-31T15:52:26","slug":"camara-de-cuentas-avala-manejo-del-presupuesto-del-senado","status":"publish","type":"post","link":"https:\/\/lasprimeras.com.do\/index.php\/2026\/08\/31\/camara-de-cuentas-avala-manejo-del-presupuesto-del-senado\/","title":{"rendered":"C\u00e1mara de Cuentas avala manejo del presupuesto del Senado"},"content":{"rendered":"\n<p class=\"wp-block-paragraph\"><em>SANTO DOMINGO.<\/em> La C\u00e1mara de Cuentas confirm\u00f3 la buena administraci\u00f3n del presupuesto del Senado.<\/p>\n\n\n\n<p class=\"wp-block-paragraph\">El informe audit\u00f3 el periodo 1 de enero 2020 al 31 de diciembre 2024. No presenta salvedades ni hallazgos.<\/p>\n\n\n\n<p class=\"wp-block-paragraph\">El \u00f3rgano de control externo indica que la gesti\u00f3n de Ricardo de los Santos fue transparente.<\/p>\n\n\n\n<p class=\"wp-block-paragraph\">Los recursos se administraron de manera pulcra. La auditor\u00eda sin salvedades confirma su rol gerencial al frente de la instituci\u00f3n.<\/p>\n\n\n\n<p class=\"wp-block-paragraph\">La evaluaci\u00f3n tambi\u00e9n incluye un periodo de gesti\u00f3n del ingeniero Eduardo Estrella. Ambas administraciones fueron parte del periodo auditado.<\/p>\n\n\n\n<p class=\"wp-block-paragraph\">El informe abarca a los dos presidentes del Senado. La C\u00e1mara de Cuentas emiti\u00f3 opini\u00f3n sin salvedad.<\/p>\n\n\n\n<p class=\"wp-block-paragraph\">Se\u00f1ala que los estados financieros presentan razonablemente la situaci\u00f3n. Todo conforme a las NICSP adoptadas por Contabilidad Gubernamental.<\/p>\n\n\n\n<p class=\"wp-block-paragraph\">El informe detalla que compras, contrataciones y bienes cumplieron la ley.<\/p>\n\n\n\n<p class=\"wp-block-paragraph\">Se respetaron las normativas vigentes para recursos p\u00fablicos.<\/p>\n\n\n\n<p class=\"wp-block-paragraph\">El documento est\u00e1 publicado en la web de la C\u00e1mara de Cuentas.<\/p>\n\n\n\n<p class=\"wp-block-paragraph\">El resultado confirma que Estrella y de los Santos cumplieron con transparencia.<\/p>\n\n\n\n<p class=\"wp-block-paragraph\">Tambi\u00e9n el Senado como instituci\u00f3n.<br>Lo hizo apegado a la \u00e9tica y reglas administrativas del Poder Legislativo.<\/p>\n","protected":false},"excerpt":{"rendered":"<p>SANTO DOMINGO. La C\u00e1mara de Cuentas confirm\u00f3 la buena administraci\u00f3n del presupuesto del Senado. El informe audit\u00f3 el periodo 1 de enero 2020 al 31 de diciembre 2024. No presenta&hellip;<\/p>\n","protected":false},"author":10,"featured_media":138605,"comment_status":"open","ping_status":"open","sticky":false,"template":"","format":"standard","meta":{"content-type":"","_jetpack_newsletter_access":"","_jetpack_dont_email_post_to_subs":false,"_jetpack_newsletter_tier_id":0,"_jetpack_memberships_contains_paywalled_content":false,"_jetpack_feature_clip_id":0,"_jetpack_memberships_contains_paid_content":false,"footnotes":"","jetpack_post_was_ever_published":false},"categories":[39],"tags":[36159,36158,5764,2107],"class_list":["post-138604","post","type-post","status-publish","format-standard","has-post-thumbnail","hentry","category-economia","tag-auditoria-senado-2020-2024","tag-camara-de-cuentas-senado","tag-eduardo-estrella","tag-ricardo-de-los-santos"],"jetpack-related-posts":[{"id":85242,"url":"https:\/\/lasprimeras.com.do\/index.php\/2024\/06\/26\/senado-aprueba-la-ley-organica-de-la-camara-de-cuentas-de-la-autoria-de-felix-bautista\/","url_meta":{"origin":138604,"position":0},"title":"Senado aprueba la Ley Org\u00e1nica de la C\u00e1mara de Cuentas de la Autor\u00eda de F\u00e9lix Bautista","author":"Nelson Feliz","date":"26 de junio de 2024","format":false,"excerpt":"LA INICIATIVA FUE APROBADA ACOGIENDO LAS OBSERVACIONES DEL PODER EJECUTIVO. El Senado de la Rep\u00fablica aprob\u00f3 en \u00fanica lectura el Proyecto de Ley Org\u00e1nica de C\u00e1mara de Cuentas de la Autor\u00eda del Senador F\u00e9lix Bautista, acogiendo las observaciones del poder ejecutivo. La pieza aprobada deroga en todas sus partes la\u2026","rel":"","context":"En \u00abNACIONALES\u00bb","block_context":{"text":"NACIONALES","link":"https:\/\/lasprimeras.com.do\/index.php\/category\/nacionales\/"},"img":{"alt_text":"F\u00e9lix Bautista","src":"https:\/\/i0.wp.com\/lasprimeras.com.do\/wp-content\/uploads\/2024\/06\/Felix-Bautista.jpg?resize=350%2C200&ssl=1","width":350,"height":200,"srcset":"https:\/\/i0.wp.com\/lasprimeras.com.do\/wp-content\/uploads\/2024\/06\/Felix-Bautista.jpg?resize=350%2C200&ssl=1 1x, https:\/\/i0.wp.com\/lasprimeras.com.do\/wp-content\/uploads\/2024\/06\/Felix-Bautista.jpg?resize=525%2C300&ssl=1 1.5x, https:\/\/i0.wp.com\/lasprimeras.com.do\/wp-content\/uploads\/2024\/06\/Felix-Bautista.jpg?resize=700%2C400&ssl=1 2x"},"classes":[]},{"id":128997,"url":"https:\/\/lasprimeras.com.do\/index.php\/2026\/04\/28\/congreso-nacional-recibe-informe-de-gestion-anual-de-la-camara-de-cuentas\/","url_meta":{"origin":138604,"position":1},"title":"Congreso Nacional recibe informe de gesti\u00f3n anual de la C\u00e1mara de Cuentas","author":"Nelson Feliz","date":"28 de abril de 2026","format":false,"excerpt":"Por Adalgisa S\u00e1nchez El presidente del Senado, Ricardo de los Santos, y Alfredo Pacheco, de la C\u00e1mara de Diputados, recibieron la Memoria Anual y Rendici\u00f3n de Cuentas de la C\u00e1mara de Cuentas, correspondiente al 2025-2026, en un acto realizado en el Sal\u00f3n Reinaldo Pared P\u00e9rez de la C\u00e1mara Alta. El\u2026","rel":"","context":"En \u00abECONOM\u00cdA\u00bb","block_context":{"text":"ECONOM\u00cdA","link":"https:\/\/lasprimeras.com.do\/index.php\/category\/economia\/"},"img":{"alt_text":"","src":"https:\/\/i0.wp.com\/lasprimeras.com.do\/wp-content\/uploads\/2026\/04\/camara-cuentas.jpg?resize=350%2C200&ssl=1","width":350,"height":200,"srcset":"https:\/\/i0.wp.com\/lasprimeras.com.do\/wp-content\/uploads\/2026\/04\/camara-cuentas.jpg?resize=350%2C200&ssl=1 1x, https:\/\/i0.wp.com\/lasprimeras.com.do\/wp-content\/uploads\/2026\/04\/camara-cuentas.jpg?resize=525%2C300&ssl=1 1.5x, https:\/\/i0.wp.com\/lasprimeras.com.do\/wp-content\/uploads\/2026\/04\/camara-cuentas.jpg?resize=700%2C400&ssl=1 2x"},"classes":[]},{"id":55220,"url":"https:\/\/lasprimeras.com.do\/index.php\/2023\/07\/18\/senado-aprueba-en-segunda-lectura-proyecto-de-ley-organica-de-la-camara-de-cuentas\/","url_meta":{"origin":138604,"position":2},"title":"Senado aprueba en segunda lectura proyecto de Ley Org\u00e1nica de la C\u00e1mara de Cuentas","author":"Nelson Feliz","date":"18 de julio de 2023","format":false,"excerpt":"El Senado de la Rep\u00fablica aprob\u00f3 en segunda lectura el proyecto de Ley Org\u00e1nica de C\u00e1mara de Cuentas, que contiene nuevas atribuciones y competencias para el organismo fiscalizador. La pieza, presentada por el senador de la provincia de San Juan, F\u00e9lix Bautista, fue sancionada con una votaci\u00f3n de 22 votos\u2026","rel":"","context":"En \u00abNACIONALES\u00bb","block_context":{"text":"NACIONALES","link":"https:\/\/lasprimeras.com.do\/index.php\/category\/nacionales\/"},"img":{"alt_text":"Senado RD","src":"https:\/\/i0.wp.com\/lasprimeras.com.do\/wp-content\/uploads\/2023\/07\/Senado-RD.jpeg?resize=350%2C200&ssl=1","width":350,"height":200,"srcset":"https:\/\/i0.wp.com\/lasprimeras.com.do\/wp-content\/uploads\/2023\/07\/Senado-RD.jpeg?resize=350%2C200&ssl=1 1x, https:\/\/i0.wp.com\/lasprimeras.com.do\/wp-content\/uploads\/2023\/07\/Senado-RD.jpeg?resize=525%2C300&ssl=1 1.5x, https:\/\/i0.wp.com\/lasprimeras.com.do\/wp-content\/uploads\/2023\/07\/Senado-RD.jpeg?resize=700%2C400&ssl=1 2x"},"classes":[]},{"id":108785,"url":"https:\/\/lasprimeras.com.do\/index.php\/2025\/09\/10\/camara-de-cuentas-destapa-irregularidades-millonarias-en-apordom-durante-gestion-2015-2016\/","url_meta":{"origin":138604,"position":3},"title":"C\u00e1mara de Cuentas destapa irregularidades millonarias en Apordom durante gesti\u00f3n 2015-2016","author":"Nelson Feliz","date":"10 de septiembre de 2025","format":false,"excerpt":"La C\u00e1mara de Cuentas de la Rep\u00fablica Dominicana (CCRD) revel\u00f3 graves irregularidades financieras en la Autoridad Portuaria Dominicana (Apordom) correspondientes al per\u00edodo 2015-2016, bajo la gesti\u00f3n de V\u00edctor G\u00f3mez Casanova, comprometiendo cientos de millones de pesos del erario. El informe de auditor\u00eda, presentado el 5 de septiembre de 2025, concluye\u2026","rel":"","context":"En \u00abECONOM\u00cdA\u00bb","block_context":{"text":"ECONOM\u00cdA","link":"https:\/\/lasprimeras.com.do\/index.php\/category\/economia\/"},"img":{"alt_text":"","src":"https:\/\/i0.wp.com\/lasprimeras.com.do\/wp-content\/uploads\/2025\/09\/APORDOM-2.jpg?resize=350%2C200&ssl=1","width":350,"height":200,"srcset":"https:\/\/i0.wp.com\/lasprimeras.com.do\/wp-content\/uploads\/2025\/09\/APORDOM-2.jpg?resize=350%2C200&ssl=1 1x, https:\/\/i0.wp.com\/lasprimeras.com.do\/wp-content\/uploads\/2025\/09\/APORDOM-2.jpg?resize=525%2C300&ssl=1 1.5x, https:\/\/i0.wp.com\/lasprimeras.com.do\/wp-content\/uploads\/2025\/09\/APORDOM-2.jpg?resize=700%2C400&ssl=1 2x"},"classes":[]},{"id":54635,"url":"https:\/\/lasprimeras.com.do\/index.php\/2023\/07\/12\/se-cae-sesion-del-senado-en-pleno-conocimiento-de-la-ley-de-camara-de-cuentas\/","url_meta":{"origin":138604,"position":4},"title":"Se cae sesi\u00f3n del Senado en pleno conocimiento de la Ley de C\u00e1mara de Cuentas","author":"Nelson Feliz","date":"12 de julio de 2023","format":false,"excerpt":"El cu\u00f3rum reglamentario es de 17 parlamentarios, sin embargo, al final de esta tarde solo hab\u00edan 16 congresistas, situaci\u00f3n que forz\u00f3 el levantamiento. El presidente del Senado de la Rep\u00fablica se vio obligado a finalizar la sesi\u00f3n de este mi\u00e9rcoles que se inici\u00f3 a las 3:00 de la tarde con\u2026","rel":"","context":"En \u00abNACIONALES\u00bb","block_context":{"text":"NACIONALES","link":"https:\/\/lasprimeras.com.do\/index.php\/category\/nacionales\/"},"img":{"alt_text":"","src":"https:\/\/i0.wp.com\/lasprimeras.com.do\/wp-content\/uploads\/2023\/07\/SENADO.jpg?resize=350%2C200&ssl=1","width":350,"height":200,"srcset":"https:\/\/i0.wp.com\/lasprimeras.com.do\/wp-content\/uploads\/2023\/07\/SENADO.jpg?resize=350%2C200&ssl=1 1x, https:\/\/i0.wp.com\/lasprimeras.com.do\/wp-content\/uploads\/2023\/07\/SENADO.jpg?resize=525%2C300&ssl=1 1.5x, https:\/\/i0.wp.com\/lasprimeras.com.do\/wp-content\/uploads\/2023\/07\/SENADO.jpg?resize=700%2C400&ssl=1 2x"},"classes":[]},{"id":87143,"url":"https:\/\/lasprimeras.com.do\/index.php\/2024\/08\/07\/presidente-del-senado-presenta-informe-correspondiente-al-periodo-legislativo-2023-2024\/","url_meta":{"origin":138604,"position":5},"title":"Presidente del Senado presenta informe correspondiente al per\u00edodo legislativo 2023 -2024","author":"Nelson Feliz","date":"7 de agosto de 2024","format":false,"excerpt":"Ricardo de los Santos destaca aprobaci\u00f3n de 325 iniciativas legislativas. Por Martin Restituyo El presidente del Senado Ricardo de los Santos, al presentar su informe de gesti\u00f3n dijo que el Pleno aprob\u00f3 325 iniciativas legislativas, de las cuales 45 fueron promulgadas por el Poder Ejecutivo, durante el per\u00edodo legislativo agosto\u2026","rel":"","context":"En \u00abNACIONALES\u00bb","block_context":{"text":"NACIONALES","link":"https:\/\/lasprimeras.com.do\/index.php\/category\/nacionales\/"},"img":{"alt_text":"Ricardo de los Santos","src":"https:\/\/i0.wp.com\/lasprimeras.com.do\/wp-content\/uploads\/2024\/08\/Ricardo-de-los-Santos-1.jpg?resize=350%2C200&ssl=1","width":350,"height":200,"srcset":"https:\/\/i0.wp.com\/lasprimeras.com.do\/wp-content\/uploads\/2024\/08\/Ricardo-de-los-Santos-1.jpg?resize=350%2C200&ssl=1 1x, https:\/\/i0.wp.com\/lasprimeras.com.do\/wp-content\/uploads\/2024\/08\/Ricardo-de-los-Santos-1.jpg?resize=525%2C300&ssl=1 1.5x"},"classes":[]}],"jetpack_sharing_enabled":true,"jetpack_featured_media_url":"https:\/\/lasprimeras.com.do\/wp-content\/uploads\/2026\/08\/IMG-20260830-WA0180.jpg","_links":{"self":[{"href":"https:\/\/lasprimeras.com.do\/index.php\/wp-json\/wp\/v2\/posts\/138604","targetHints":{"allow":["GET"]}}],"collection":[{"href":"https:\/\/lasprimeras.com.do\/index.php\/wp-json\/wp\/v2\/posts"}],"about":[{"href":"https:\/\/lasprimeras.com.do\/index.php\/wp-json\/wp\/v2\/types\/post"}],"author":[{"embeddable":true,"href":"https:\/\/lasprimeras.com.do\/index.php\/wp-json\/wp\/v2\/users\/10"}],"replies":[{"embeddable":true,"href":"https:\/\/lasprimeras.com.do\/index.php\/wp-json\/wp\/v2\/comments?post=138604"}],"version-history":[{"count":1,"href":"https:\/\/lasprimeras.com.do\/index.php\/wp-json\/wp\/v2\/posts\/138604\/revisions"}],"predecessor-version":[{"id":138606,"href":"https:\/\/lasprimeras.com.do\/index.php\/wp-json\/wp\/v2\/posts\/138604\/revisions\/138606"}],"wp:featuredmedia":[{"embeddable":true,"href":"https:\/\/lasprimeras.com.do\/index.php\/wp-json\/wp\/v2\/media\/138605"}],"wp:attachment":[{"href":"https:\/\/lasprimeras.com.do\/index.php\/wp-json\/wp\/v2\/media?parent=138604"}],"wp:term":[{"taxonomy":"category","embeddable":true,"href":"https:\/\/lasprimeras.com.do\/index.php\/wp-json\/wp\/v2\/categories?post=138604"},{"taxonomy":"post_tag","embeddable":true,"href":"https:\/\/lasprimeras.com.do\/index.php\/wp-json\/wp\/v2\/tags?post=138604"}],"curies":[{"name":"wp","href":"https:\/\/api.w.org\/{rel}","templated":true}]}}