{"id":138610,"date":"2026-08-31T12:26:03","date_gmt":"2026-08-31T16:26:03","guid":{"rendered":"https:\/\/lasprimeras.com.do\/?p=138610"},"modified":"2026-08-31T12:26:05","modified_gmt":"2026-08-31T16:26:05","slug":"moises-ayala-anuncia-que-centro-del-itla-en-barahona-funcionara-este-ano","status":"publish","type":"post","link":"https:\/\/lasprimeras.com.do\/index.php\/2026\/08\/31\/moises-ayala-anuncia-que-centro-del-itla-en-barahona-funcionara-este-ano\/","title":{"rendered":"Mois\u00e9s Ayala anuncia que centro del ITLA en Barahona funcionar\u00e1 este a\u00f1o"},"content":{"rendered":"\n<p class=\"wp-block-paragraph\">El senador record\u00f3 que las gestiones comenzaron cuando era diputado y someti\u00f3 una resoluci\u00f3n para solicitar la instalaci\u00f3n del centro tecnol\u00f3gico en la provincia.<\/p>\n\n\n\n<p class=\"wp-block-paragraph\">BARAHONA.\u2013 El senador de la provincia Barahona, Mois\u00e9s Ayala, anunci\u00f3 que durante este a\u00f1o ser\u00e1 puesto en funcionamiento un centro del Instituto Tecnol\u00f3gico de Las Am\u00e9ricas (ITLA), el cual operar\u00e1 en las actuales instalaciones de Sur Joven.<\/p>\n\n\n\n<p class=\"wp-block-paragraph\">Ayala destac\u00f3 que esta iniciativa representa la materializaci\u00f3n de un sue\u00f1o por el que ha trabajado desde el a\u00f1o 2020, cuando ocupaba una curul en la C\u00e1mara de Diputados y someti\u00f3 una resoluci\u00f3n solicitando la instalaci\u00f3n de un centro del ITLA en Barahona.<\/p>\n\n\n\n<p class=\"wp-block-paragraph\">\u201cDesde que \u00e9ramos diputados asumimos esta iniciativa como una prioridad para nuestra provincia. Hoy vemos c\u00f3mo aquel sue\u00f1o por el que comenzamos a trabajar en 2020 est\u00e1 cada vez m\u00e1s cerca de convertirse en realidad\u201d, expres\u00f3 el legislador.<\/p>\n\n\n\n<p class=\"wp-block-paragraph\">El senador explic\u00f3 que la apertura del centro permitir\u00e1 acercar la formaci\u00f3n tecnol\u00f3gica a los j\u00f3venes de Barahona y de toda la regi\u00f3n Enriquillo, ofreci\u00e9ndoles la posibilidad de capacitarse sin tener que trasladarse a otras provincias.<\/p>\n\n\n\n<p class=\"wp-block-paragraph\">Indic\u00f3 que las instalaciones de Sur Joven servir\u00e1n como sede para desarrollar programas de formaci\u00f3n en \u00e1reas vinculadas con la tecnolog\u00eda, brindando a la juventud conocimientos y competencias acordes con las nuevas exigencias del mercado laboral.<\/p>\n\n\n\n<p class=\"wp-block-paragraph\">\u201cQueremos que nuestros j\u00f3venes encuentren en Barahona las herramientas necesarias para desarrollar sus talentos, construir su futuro y contribuir al crecimiento de nuestra provincia\u201d, manifest\u00f3 Ayala.<\/p>\n\n\n\n<p class=\"wp-block-paragraph\">El representante de Barahona en el Senado consider\u00f3 que la llegada del ITLA abrir\u00e1 nuevas oportunidades para la innovaci\u00f3n, el emprendimiento y la generaci\u00f3n de empleos, fortaleciendo el desarrollo econ\u00f3mico y social de la provincia.<\/p>\n\n\n\n<p class=\"wp-block-paragraph\">\u201cEste centro no ser\u00e1 solamente un espacio de formaci\u00f3n; ser\u00e1 una puerta abierta al conocimiento, a las oportunidades y al futuro que merece nuestra juventud. Seguiremos trabajando y gestionando para que Barahona avance con pasos firmes\u201d, concluy\u00f3 el senador Mois\u00e9s Ayala.<\/p>\n","protected":false},"excerpt":{"rendered":"<p>El senador record\u00f3 que las gestiones comenzaron cuando era diputado y someti\u00f3 una resoluci\u00f3n para solicitar la instalaci\u00f3n del centro tecnol\u00f3gico en la provincia. BARAHONA.\u2013 El senador de la provincia&hellip;<\/p>\n","protected":false},"author":10,"featured_media":138611,"comment_status":"open","ping_status":"open","sticky":false,"template":"","format":"standard","meta":{"content-type":"","_jetpack_newsletter_access":"","_jetpack_dont_email_post_to_subs":false,"_jetpack_newsletter_tier_id":0,"_jetpack_memberships_contains_paywalled_content":false,"_jetpack_feature_clip_id":0,"_jetpack_memberships_contains_paid_content":false,"footnotes":"","jetpack_post_was_ever_published":false},"categories":[25],"tags":[265,7315,16900],"class_list":["post-138610","post","type-post","status-publish","format-standard","has-post-thumbnail","hentry","category-portada","tag-barahona","tag-itla","tag-moises-ayala"],"jetpack-related-posts":[{"id":127386,"url":"https:\/\/lasprimeras.com.do\/index.php\/2026\/04\/11\/gobernadora-oneida-feliz-y-jimmy-rosario-abriran-las-puertas-del-itla-en-barahona\/","url_meta":{"origin":138610,"position":0},"title":"Gobernadora Oneida F\u00e9liz y Jimmy Rosario abrir\u00e1n las puertas del ITLA en Barahona","author":"Nelson Feliz","date":"11 de abril de 2026","format":false,"excerpt":"F\u00e9liz y Rosario Bernal realizan mesa de trabajo con legisladores, empresarios y otros sectores para consolidar llegada de ITLA a provincia sure\u00f1a La gobernadora Oneida F\u00e9liz y el rector del Instituto Tecnol\u00f3gico de Las Am\u00e9ricas (ITLA), Jimmy Rosario Bernal, comenzaron a coordinar el inicio formal de las operaciones de la\u2026","rel":"","context":"En \u00abNACIONALES\u00bb","block_context":{"text":"NACIONALES","link":"https:\/\/lasprimeras.com.do\/index.php\/category\/nacionales\/"},"img":{"alt_text":"","src":"https:\/\/i0.wp.com\/lasprimeras.com.do\/wp-content\/uploads\/2026\/04\/ITLA.jpg?resize=350%2C200&ssl=1","width":350,"height":200,"srcset":"https:\/\/i0.wp.com\/lasprimeras.com.do\/wp-content\/uploads\/2026\/04\/ITLA.jpg?resize=350%2C200&ssl=1 1x, https:\/\/i0.wp.com\/lasprimeras.com.do\/wp-content\/uploads\/2026\/04\/ITLA.jpg?resize=525%2C300&ssl=1 1.5x, https:\/\/i0.wp.com\/lasprimeras.com.do\/wp-content\/uploads\/2026\/04\/ITLA.jpg?resize=700%2C400&ssl=1 2x"},"classes":[]},{"id":124321,"url":"https:\/\/lasprimeras.com.do\/index.php\/2026\/03\/11\/senador-moises-ayala-anuncia-aspiraciones-a-presidir-el-prm-en-la-provincia-barahona\/","url_meta":{"origin":138610,"position":1},"title":"Senador Mois\u00e9s Ayala anuncia aspiraciones a presidir el PRM en la provincia Barahona","author":"Nelson Feliz","date":"11 de marzo de 2026","format":false,"excerpt":"El senador del Partido Revolucionario Moderno (PRM) por la provincia de Barahona, Mois\u00e9s Ayala, anunci\u00f3 oficialmente sus aspiraciones a presidir esa organizaci\u00f3n pol\u00edtica en la Perla del Sur, destacando la importancia de la unidad partidaria para continuar fortaleciendo el proyecto pol\u00edtico de la organizaci\u00f3n. Al hacer el anuncio, el legislador\u2026","rel":"","context":"En \u00abPOLITICA\u00bb","block_context":{"text":"POLITICA","link":"https:\/\/lasprimeras.com.do\/index.php\/category\/politica\/"},"img":{"alt_text":"Mois\u00e9s Ayala","src":"https:\/\/i0.wp.com\/lasprimeras.com.do\/wp-content\/uploads\/2026\/03\/Moises-Ayala.jpg?resize=350%2C200&ssl=1","width":350,"height":200,"srcset":"https:\/\/i0.wp.com\/lasprimeras.com.do\/wp-content\/uploads\/2026\/03\/Moises-Ayala.jpg?resize=350%2C200&ssl=1 1x, https:\/\/i0.wp.com\/lasprimeras.com.do\/wp-content\/uploads\/2026\/03\/Moises-Ayala.jpg?resize=525%2C300&ssl=1 1.5x"},"classes":[]},{"id":108457,"url":"https:\/\/lasprimeras.com.do\/index.php\/2025\/09\/07\/senador-moises-ayala-rinde-cuentas-de-su-primer-ano-de-gestion-2024-2025\/","url_meta":{"origin":138610,"position":2},"title":"Senador Mois\u00e9s Ayala rinde cuentas de su primer a\u00f1o de gesti\u00f3n 2024-2025","author":"Nelson Feliz","date":"7 de septiembre de 2025","format":false,"excerpt":"Por Ofra Rodr\u00edguez\u00a0Barahona.- Con el lema \u201cUn a\u00f1o de resultados\u201d, el senador Mois\u00e9s Ayala, representante de la provincia Barahona, realiz\u00f3 su rendici\u00f3n de cuentas correspondiente al primer a\u00f1o de gesti\u00f3n 2024-2025, en cumplimiento al art\u00edculo 92 de la Constituci\u00f3n Dominicana que establece que, los legisladores deber\u00e1n ofrecer cada a\u00f1o un\u2026","rel":"","context":"En \u00abPOLITICA\u00bb","block_context":{"text":"POLITICA","link":"https:\/\/lasprimeras.com.do\/index.php\/category\/politica\/"},"img":{"alt_text":"","src":"https:\/\/i0.wp.com\/lasprimeras.com.do\/wp-content\/uploads\/2025\/09\/Moises-Ayala.jpg?resize=350%2C200&ssl=1","width":350,"height":200,"srcset":"https:\/\/i0.wp.com\/lasprimeras.com.do\/wp-content\/uploads\/2025\/09\/Moises-Ayala.jpg?resize=350%2C200&ssl=1 1x, https:\/\/i0.wp.com\/lasprimeras.com.do\/wp-content\/uploads\/2025\/09\/Moises-Ayala.jpg?resize=525%2C300&ssl=1 1.5x, https:\/\/i0.wp.com\/lasprimeras.com.do\/wp-content\/uploads\/2025\/09\/Moises-Ayala.jpg?resize=700%2C400&ssl=1 2x"},"classes":[]},{"id":107623,"url":"https:\/\/lasprimeras.com.do\/index.php\/2025\/08\/28\/senador-moises-ayala-presentara-su-rendicion-de-cuentas-un-ano-de-resultados\/","url_meta":{"origin":138610,"position":3},"title":"Senador Mois\u00e9s Ayala presentar\u00e1 su Rendici\u00f3n de Cuentas: \u201cUn A\u00f1o de Resultados\u201d","author":"Nelson Feliz","date":"28 de agosto de 2025","format":false,"excerpt":"La Oficina Senatorial de Barahona anunci\u00f3 la presentaci\u00f3n formal de la Rendici\u00f3n de Cuentas 2024 \u2013 2025, bajo el lema \u201cUn A\u00f1o de Resultados\u201d, encabezada por el senador Mois\u00e9s Ayala P\u00e9rez. El acto se celebrar\u00e1 el pr\u00f3ximo viernes 5 de septiembre, a las 4:00 de la tarde, en el Centro\u2026","rel":"","context":"En \u00abPOLITICA\u00bb","block_context":{"text":"POLITICA","link":"https:\/\/lasprimeras.com.do\/index.php\/category\/politica\/"},"img":{"alt_text":"","src":"https:\/\/i0.wp.com\/lasprimeras.com.do\/wp-content\/uploads\/2025\/08\/WhatsApp-Image-2025-08-28-at-12.30.28-PM.jpeg?resize=350%2C200&ssl=1","width":350,"height":200,"srcset":"https:\/\/i0.wp.com\/lasprimeras.com.do\/wp-content\/uploads\/2025\/08\/WhatsApp-Image-2025-08-28-at-12.30.28-PM.jpeg?resize=350%2C200&ssl=1 1x, https:\/\/i0.wp.com\/lasprimeras.com.do\/wp-content\/uploads\/2025\/08\/WhatsApp-Image-2025-08-28-at-12.30.28-PM.jpeg?resize=525%2C300&ssl=1 1.5x, https:\/\/i0.wp.com\/lasprimeras.com.do\/wp-content\/uploads\/2025\/08\/WhatsApp-Image-2025-08-28-at-12.30.28-PM.jpeg?resize=700%2C400&ssl=1 2x, https:\/\/i0.wp.com\/lasprimeras.com.do\/wp-content\/uploads\/2025\/08\/WhatsApp-Image-2025-08-28-at-12.30.28-PM.jpeg?resize=1050%2C600&ssl=1 3x, https:\/\/i0.wp.com\/lasprimeras.com.do\/wp-content\/uploads\/2025\/08\/WhatsApp-Image-2025-08-28-at-12.30.28-PM.jpeg?resize=1400%2C800&ssl=1 4x"},"classes":[]},{"id":111460,"url":"https:\/\/lasprimeras.com.do\/index.php\/2025\/10\/09\/senado-reconoce-a-profesionales-de-la-medicina-por-sus-aportes-favor-del-pueblo-dominicano\/","url_meta":{"origin":138610,"position":4},"title":"Senado reconoce a profesionales de la medicina por sus aportes favor del pueblo dominicano","author":"Nelson Feliz","date":"9 de octubre de 2025","format":false,"excerpt":"Adem\u00e1s, la C\u00e1mara Alta reconoci\u00f3 al se\u00f1or Virgilio Reyes Mesa, por sus aportes y servicios a favor de los habitantes de Barahona. En un emotivo acto, el Senado de la Rep\u00fablica reconoci\u00f3 a cuatro m\u00e9dicos especialistas, por sus grandes aportes en materia de salud a favor de los dominicanos, trayectoria\u2026","rel":"","context":"En \u00abENTRETENIMIENTO\u00bb","block_context":{"text":"ENTRETENIMIENTO","link":"https:\/\/lasprimeras.com.do\/index.php\/category\/entretenimiento\/"},"img":{"alt_text":"","src":"https:\/\/i0.wp.com\/lasprimeras.com.do\/wp-content\/uploads\/2025\/10\/SENADO-2.jpg?resize=350%2C200&ssl=1","width":350,"height":200,"srcset":"https:\/\/i0.wp.com\/lasprimeras.com.do\/wp-content\/uploads\/2025\/10\/SENADO-2.jpg?resize=350%2C200&ssl=1 1x, https:\/\/i0.wp.com\/lasprimeras.com.do\/wp-content\/uploads\/2025\/10\/SENADO-2.jpg?resize=525%2C300&ssl=1 1.5x, https:\/\/i0.wp.com\/lasprimeras.com.do\/wp-content\/uploads\/2025\/10\/SENADO-2.jpg?resize=700%2C400&ssl=1 2x"},"classes":[]},{"id":131774,"url":"https:\/\/lasprimeras.com.do\/index.php\/2026\/05\/25\/senado-y-cultura-reconocen-a-destacadas-personalidades-de-diferentes-provincias-del-sur\/","url_meta":{"origin":138610,"position":5},"title":"Senado y Cultura reconocen a destacadas personalidades de diferentes provincias del Sur","author":"Nelson Feliz","date":"25 de mayo de 2026","format":false,"excerpt":"El senador Mois\u00e9s Ayala, junto a sus hom\u00f3logos, Guillermo Lama y Dagoberto Rodr\u00edguez Adam\u00e9s, entregaron pergaminos a los galardonados. Barahona.- El Senado de la Rep\u00fablica, en coordinaci\u00f3n con el Ministerio de Cultura, reconoci\u00f3 este domingo a destacadas figuras del arte y la cultura de la regi\u00f3n Sur del pa\u00eds. Los\u2026","rel":"","context":"En \u00abNACIONALES\u00bb","block_context":{"text":"NACIONALES","link":"https:\/\/lasprimeras.com.do\/index.php\/category\/nacionales\/"},"img":{"alt_text":"","src":"https:\/\/i0.wp.com\/lasprimeras.com.do\/wp-content\/uploads\/2026\/05\/IMG-20260525-WA0209.jpg?resize=350%2C200&ssl=1","width":350,"height":200,"srcset":"https:\/\/i0.wp.com\/lasprimeras.com.do\/wp-content\/uploads\/2026\/05\/IMG-20260525-WA0209.jpg?resize=350%2C200&ssl=1 1x, https:\/\/i0.wp.com\/lasprimeras.com.do\/wp-content\/uploads\/2026\/05\/IMG-20260525-WA0209.jpg?resize=525%2C300&ssl=1 1.5x, https:\/\/i0.wp.com\/lasprimeras.com.do\/wp-content\/uploads\/2026\/05\/IMG-20260525-WA0209.jpg?resize=700%2C400&ssl=1 2x, https:\/\/i0.wp.com\/lasprimeras.com.do\/wp-content\/uploads\/2026\/05\/IMG-20260525-WA0209.jpg?resize=1050%2C600&ssl=1 3x"},"classes":[]}],"jetpack_sharing_enabled":true,"jetpack_featured_media_url":"https:\/\/lasprimeras.com.do\/wp-content\/uploads\/2026\/08\/IMG-20260831-WA0181.jpg","_links":{"self":[{"href":"https:\/\/lasprimeras.com.do\/index.php\/wp-json\/wp\/v2\/posts\/138610","targetHints":{"allow":["GET"]}}],"collection":[{"href":"https:\/\/lasprimeras.com.do\/index.php\/wp-json\/wp\/v2\/posts"}],"about":[{"href":"https:\/\/lasprimeras.com.do\/index.php\/wp-json\/wp\/v2\/types\/post"}],"author":[{"embeddable":true,"href":"https:\/\/lasprimeras.com.do\/index.php\/wp-json\/wp\/v2\/users\/10"}],"replies":[{"embeddable":true,"href":"https:\/\/lasprimeras.com.do\/index.php\/wp-json\/wp\/v2\/comments?post=138610"}],"version-history":[{"count":1,"href":"https:\/\/lasprimeras.com.do\/index.php\/wp-json\/wp\/v2\/posts\/138610\/revisions"}],"predecessor-version":[{"id":138612,"href":"https:\/\/lasprimeras.com.do\/index.php\/wp-json\/wp\/v2\/posts\/138610\/revisions\/138612"}],"wp:featuredmedia":[{"embeddable":true,"href":"https:\/\/lasprimeras.com.do\/index.php\/wp-json\/wp\/v2\/media\/138611"}],"wp:attachment":[{"href":"https:\/\/lasprimeras.com.do\/index.php\/wp-json\/wp\/v2\/media?parent=138610"}],"wp:term":[{"taxonomy":"category","embeddable":true,"href":"https:\/\/lasprimeras.com.do\/index.php\/wp-json\/wp\/v2\/categories?post=138610"},{"taxonomy":"post_tag","embeddable":true,"href":"https:\/\/lasprimeras.com.do\/index.php\/wp-json\/wp\/v2\/tags?post=138610"}],"curies":[{"name":"wp","href":"https:\/\/api.w.org\/{rel}","templated":true}]}}