{"id":138613,"date":"2026-08-31T12:40:50","date_gmt":"2026-08-31T16:40:50","guid":{"rendered":"https:\/\/lasprimeras.com.do\/?p=138613"},"modified":"2026-08-31T12:40:51","modified_gmt":"2026-08-31T16:40:51","slug":"justicia-inicia-construccion-del-sistema-nacional-de-http-dd-hh","status":"publish","type":"post","link":"https:\/\/lasprimeras.com.do\/index.php\/2026\/08\/31\/justicia-inicia-construccion-del-sistema-nacional-de-http-dd-hh\/","title":{"rendered":"Justicia inicia construcci\u00f3n del Sistema Nacional de http:\/\/DD.HH."},"content":{"rendered":"\n<p class=\"wp-block-paragraph\"><em>SANTO DOMINGO.<\/em> El Ministerio de Justicia reuni\u00f3 a 60 representantes del Gobierno, poderes del Estado y \u00f3rganos constitucionales.<\/p>\n\n\n\n<p class=\"wp-block-paragraph\">El objetivo fue recibir aportes a la propuesta de Reglamento del Sistema Nacional de Derechos Humanos.<\/p>\n\n\n\n<p class=\"wp-block-paragraph\">El encuentro se realiz\u00f3 en la sede de Relaciones Exteriores.<\/p>\n\n\n\n<p class=\"wp-block-paragraph\">La jornada forma parte de la iniciativa \u201cConstruyamos el Sistema Nacional de Derechos Humanos\u201d.<\/p>\n\n\n\n<p class=\"wp-block-paragraph\">Busca la participaci\u00f3n activa de las instituciones p\u00fablicas. Se crear\u00e1 un mecanismo nacional de coordinaci\u00f3n en la materia.<\/p>\n\n\n\n<p class=\"wp-block-paragraph\">El ministro Antoliano Peralta Romero dio la bienvenida y resalt\u00f3 la importancia de la integraci\u00f3n.<\/p>\n\n\n\n<p class=\"wp-block-paragraph\">Dijo que todas las instituciones est\u00e1n llamadas a articular el sistema. Su funcionamiento depender\u00e1 del trabajo conjunto del Estado.<\/p>\n\n\n\n<p class=\"wp-block-paragraph\">El viceministro Noel Sued Canahuate present\u00f3 los elementos del Sistema.<br>Explic\u00f3 el enfoque y los objetivos del proceso de construcci\u00f3n.<\/p>\n\n\n\n<p class=\"wp-block-paragraph\">Detall\u00f3 c\u00f3mo operar\u00e1 el mecanismo de coordinaci\u00f3n.<\/p>\n\n\n\n<p class=\"wp-block-paragraph\">Participaron jueces, ministros y directores de instituciones clave.<\/p>\n\n\n\n<p class=\"wp-block-paragraph\">Estuvieron el TSE, MESCYT, INFOTEP, SeNaSa, INESPRE, CONADIS y CONAPE.<br>Tambi\u00e9n el Tribunal Constitucional, Defensor\u00eda del Pueblo y JCE.<\/p>\n\n\n\n<p class=\"wp-block-paragraph\">Los funcionarios analizaron el reglamento desde sus competencias.<br>Identificaron puntos de encuentro y responsabilidades compartidas.<\/p>\n\n\n\n<p class=\"wp-block-paragraph\">Reafirmaron la necesidad de fortalecer la coordinaci\u00f3n interinstitucional.<\/p>\n\n\n\n<p class=\"wp-block-paragraph\">Al final manifestaron su disposici\u00f3n de integrarse a la mesa de trabajo.<\/p>\n\n\n\n<p class=\"wp-block-paragraph\">Aportar\u00e1n a la construcci\u00f3n, validaci\u00f3n y consolidaci\u00f3n del Sistema. El objetivo es garantizar promoci\u00f3n, protecci\u00f3n y respeto de los <a href=\"http:\/\/dd.hh\/\"><\/a><a href=\"http:\/\/dd.hh\/\">http:\/\/DD.HH<\/a>.<\/p>\n","protected":false},"excerpt":{"rendered":"<p>SANTO DOMINGO. El Ministerio de Justicia reuni\u00f3 a 60 representantes del Gobierno, poderes del Estado y \u00f3rganos constitucionales. El objetivo fue recibir aportes a la propuesta de Reglamento del Sistema&hellip;<\/p>\n","protected":false},"author":10,"featured_media":138614,"comment_status":"open","ping_status":"open","sticky":false,"template":"","format":"standard","meta":{"content-type":"","_jetpack_newsletter_access":"","_jetpack_dont_email_post_to_subs":false,"_jetpack_newsletter_tier_id":0,"_jetpack_memberships_contains_paywalled_content":false,"_jetpack_feature_clip_id":0,"_jetpack_memberships_contains_paid_content":false,"footnotes":"","jetpack_post_was_ever_published":false},"categories":[289],"tags":[14898,20269],"class_list":["post-138613","post","type-post","status-publish","format-standard","has-post-thumbnail","hentry","category-justicia","tag-dd-hh-2","tag-ministerio-de-justicia"],"jetpack-related-posts":[{"id":113663,"url":"https:\/\/lasprimeras.com.do\/index.php\/2025\/11\/05\/eeuu-propone-que-onu-autorice-una-fuerza-de-estabilizacion-en-gaza-por-2-anos\/","url_meta":{"origin":138613,"position":0},"title":"EEUU propone que ONU autorice una fuerza de estabilizaci\u00f3n en Gaza por 2 a\u00f1os","author":"Nelson Feliz","date":"5 de noviembre de 2025","format":false,"excerpt":"POR SAM MEDNICK, MATTHEW LEE and FARNOUSH AMIRI NACIONES UNIDAS (AP) \u2014 Estados Unidos ha distribuido un borrador para una resoluci\u00f3n del Consejo de Seguridad de la ONU que proporcionar\u00eda un mandato para una fuerza internacional de estabilizaci\u00f3n en Gaza durante al menos dos a\u00f1os, marcando el siguiente paso en\u2026","rel":"","context":"En \u00abINTERNACIONALES\u00bb","block_context":{"text":"INTERNACIONALES","link":"https:\/\/lasprimeras.com.do\/index.php\/category\/sin-categoria\/internacionales\/"},"img":{"alt_text":"","src":"https:\/\/i0.wp.com\/lasprimeras.com.do\/wp-content\/uploads\/2025\/11\/Palestinos-inspeccionan-los-escombros.jpg?resize=350%2C200&ssl=1","width":350,"height":200,"srcset":"https:\/\/i0.wp.com\/lasprimeras.com.do\/wp-content\/uploads\/2025\/11\/Palestinos-inspeccionan-los-escombros.jpg?resize=350%2C200&ssl=1 1x, https:\/\/i0.wp.com\/lasprimeras.com.do\/wp-content\/uploads\/2025\/11\/Palestinos-inspeccionan-los-escombros.jpg?resize=525%2C300&ssl=1 1.5x, https:\/\/i0.wp.com\/lasprimeras.com.do\/wp-content\/uploads\/2025\/11\/Palestinos-inspeccionan-los-escombros.jpg?resize=700%2C400&ssl=1 2x"},"classes":[]},{"id":49208,"url":"https:\/\/lasprimeras.com.do\/index.php\/2023\/05\/09\/prm-se-refiere-a-controversia-del-borrador-presentado-por-la-jce\/","url_meta":{"origin":138613,"position":1},"title":"PRM se refiere a controversia del borrador presentado por la JCE","author":"prenxa100","date":"9 de mayo de 2023","format":false,"excerpt":"SANTO DOMINGO.-.El presidente de la C\u00e1mara de Diputados, Alfredo Pacheco, y la alcaldesa del Distrito Nacional, Carolina Mej\u00eda, se refirieron a la controversia que han impulsado partidos de la oposici\u00f3n en torno al borrador de resoluci\u00f3n de la Junta Central Electoral (JCE) que establece la manera en que se podr\u00e1n\u2026","rel":"","context":"En \u00abSin categor\u00eda\u00bb","block_context":{"text":"Sin categor\u00eda","link":"https:\/\/lasprimeras.com.do\/index.php\/category\/sin-categoria\/"},"img":{"alt_text":"","src":"","width":0,"height":0},"classes":[]},{"id":49023,"url":"https:\/\/lasprimeras.com.do\/index.php\/2023\/05\/07\/dirigente-de-la-fp-cuestiona-borrador-de-la-resolucion-de-la-jce-dice-favorece-oficialismo\/","url_meta":{"origin":138613,"position":2},"title":"Dirigente de la FP cuestiona \u201cBorrador de la Resoluci\u00f3n de la JCE\u201d, dice favorece oficialismo","author":"prenxa100","date":"7 de mayo de 2023","format":false,"excerpt":"Santo Domingo .- El miembro de la Direcci\u00f3n Central de la Fuerza del Pueblo (FP), Pedro Jim\u00e9nez cuestion\u00f3 hoy al pleno de la Junta Central Electoral de favorecer al gobierno, con el borrador de la resoluci\u00f3n sobre el porcentaje de las reservas de las candidaturas dispuesto por la Ley 33-18,\u2026","rel":"","context":"En \u00abPORTADA\u00bb","block_context":{"text":"PORTADA","link":"https:\/\/lasprimeras.com.do\/index.php\/category\/portada\/"},"img":{"alt_text":"","src":"","width":0,"height":0},"classes":[]},{"id":49201,"url":"https:\/\/lasprimeras.com.do\/index.php\/2023\/05\/09\/pld-reitera-rechazo-al-borrador-de-resolucion-de-la-jce-sobre-reservas-de-candidatura\/","url_meta":{"origin":138613,"position":3},"title":"PLD reitera rechazo al borrador de resoluci\u00f3n de la JCE sobre reservas de candidatura","author":"prenxa100","date":"9 de mayo de 2023","format":false,"excerpt":"CP del PLD ratifica comisi\u00f3n para abordar el tema relativo a las reservas de candidaturas. Danilo Medina, Charles Mariotti, Abel Mart\u00ednez y Francisco Javier Garc\u00eda, la integran. SANTO DOMINGO.-.El Comit\u00e9 Pol\u00edtico del Partido de la Liberaci\u00f3n Dominicana (PLD) en la reuni\u00f3n ordinaria de este d\u00eda ratific\u00f3 la conformaci\u00f3n de una\u2026","rel":"","context":"En \u00abPORTADA\u00bb","block_context":{"text":"PORTADA","link":"https:\/\/lasprimeras.com.do\/index.php\/category\/portada\/"},"img":{"alt_text":"","src":"","width":0,"height":0},"classes":[]},{"id":48723,"url":"https:\/\/lasprimeras.com.do\/index.php\/2023\/05\/03\/pleno-socializa-borrador-de-resolucion-de-reservas-de-candidaturas\/","url_meta":{"origin":138613,"position":4},"title":"Pleno socializa borrador de resoluci\u00f3n de reservas de candidaturas","author":"prenxa100","date":"3 de mayo de 2023","format":false,"excerpt":"Organizaciones pol\u00edticas tienen hasta el 8 de mayo para presentar observaciones. Santo Domingo.- El Pleno de la Junta Central Electoral (JCE) elabor\u00f3 el borrador de resoluci\u00f3n sobre la aplicaci\u00f3n del porcentaje de las reservas de las candidaturas que establece la Ley No. 33-18 de partidos, agrupaciones y movimientos pol\u00edticos para\u2026","rel":"","context":"En \u00abNACIONALES\u00bb","block_context":{"text":"NACIONALES","link":"https:\/\/lasprimeras.com.do\/index.php\/category\/nacionales\/"},"img":{"alt_text":"","src":"","width":0,"height":0},"classes":[]},{"id":115335,"url":"https:\/\/lasprimeras.com.do\/index.php\/2025\/11\/21\/plan-de-trump-para-terminar-la-guerra-en-ucrania-cederia-territorio-a-rusia\/","url_meta":{"origin":138613,"position":5},"title":"Plan de Trump para terminar la guerra en Ucrania ceder\u00eda territorio a Rusia","author":"Nelson Feliz","date":"21 de noviembre de 2025","format":false,"excerpt":"POR ILLIA NOVIKOV, AAMER MADHANIand CHRIS MEGERIAN WASHINGTON (AP) \u2014 El plan del presidente estadounidense Donald Trump para poner fin a la guerra en Ucrania ceder\u00eda territorio a Rusia y limitar\u00eda el tama\u00f1o del ej\u00e9rcito de Kiev, seg\u00fan un borrador de la propuesta obtenido el jueves por The Associated Press.\u2026","rel":"","context":"En \u00abINTERNACIONALES\u00bb","block_context":{"text":"INTERNACIONALES","link":"https:\/\/lasprimeras.com.do\/index.php\/category\/sin-categoria\/internacionales\/"},"img":{"alt_text":"","src":"https:\/\/i0.wp.com\/lasprimeras.com.do\/wp-content\/uploads\/2025\/11\/coche-bomba.jpg?resize=350%2C200&ssl=1","width":350,"height":200,"srcset":"https:\/\/i0.wp.com\/lasprimeras.com.do\/wp-content\/uploads\/2025\/11\/coche-bomba.jpg?resize=350%2C200&ssl=1 1x, https:\/\/i0.wp.com\/lasprimeras.com.do\/wp-content\/uploads\/2025\/11\/coche-bomba.jpg?resize=525%2C300&ssl=1 1.5x, https:\/\/i0.wp.com\/lasprimeras.com.do\/wp-content\/uploads\/2025\/11\/coche-bomba.jpg?resize=700%2C400&ssl=1 2x"},"classes":[]}],"jetpack_sharing_enabled":true,"jetpack_featured_media_url":"https:\/\/lasprimeras.com.do\/wp-content\/uploads\/2026\/08\/IMG-20260831-WA0212.jpg","_links":{"self":[{"href":"https:\/\/lasprimeras.com.do\/index.php\/wp-json\/wp\/v2\/posts\/138613","targetHints":{"allow":["GET"]}}],"collection":[{"href":"https:\/\/lasprimeras.com.do\/index.php\/wp-json\/wp\/v2\/posts"}],"about":[{"href":"https:\/\/lasprimeras.com.do\/index.php\/wp-json\/wp\/v2\/types\/post"}],"author":[{"embeddable":true,"href":"https:\/\/lasprimeras.com.do\/index.php\/wp-json\/wp\/v2\/users\/10"}],"replies":[{"embeddable":true,"href":"https:\/\/lasprimeras.com.do\/index.php\/wp-json\/wp\/v2\/comments?post=138613"}],"version-history":[{"count":1,"href":"https:\/\/lasprimeras.com.do\/index.php\/wp-json\/wp\/v2\/posts\/138613\/revisions"}],"predecessor-version":[{"id":138615,"href":"https:\/\/lasprimeras.com.do\/index.php\/wp-json\/wp\/v2\/posts\/138613\/revisions\/138615"}],"wp:featuredmedia":[{"embeddable":true,"href":"https:\/\/lasprimeras.com.do\/index.php\/wp-json\/wp\/v2\/media\/138614"}],"wp:attachment":[{"href":"https:\/\/lasprimeras.com.do\/index.php\/wp-json\/wp\/v2\/media?parent=138613"}],"wp:term":[{"taxonomy":"category","embeddable":true,"href":"https:\/\/lasprimeras.com.do\/index.php\/wp-json\/wp\/v2\/categories?post=138613"},{"taxonomy":"post_tag","embeddable":true,"href":"https:\/\/lasprimeras.com.do\/index.php\/wp-json\/wp\/v2\/tags?post=138613"}],"curies":[{"name":"wp","href":"https:\/\/api.w.org\/{rel}","templated":true}]}}