{"id":138620,"date":"2026-08-31T15:47:58","date_gmt":"2026-08-31T19:47:58","guid":{"rendered":"https:\/\/lasprimeras.com.do\/?p=138620"},"modified":"2026-08-31T15:48:00","modified_gmt":"2026-08-31T19:48:00","slug":"leidy-laura-fernandez-responde-a-gustavo-sanchez-leonel-fernandez-esta-mas-vivo-que-nunca-y-trabajando","status":"publish","type":"post","link":"https:\/\/lasprimeras.com.do\/index.php\/2026\/08\/31\/leidy-laura-fernandez-responde-a-gustavo-sanchez-leonel-fernandez-esta-mas-vivo-que-nunca-y-trabajando\/","title":{"rendered":"Leidy Laura Fern\u00e1ndez responde a Gustavo S\u00e1nchez: \u201cLeonel Fern\u00e1ndez est\u00e1 m\u00e1s vivo que nunca y trabajando\u201d"},"content":{"rendered":"\n<p class=\"wp-block-paragraph\"><strong>Dirigente de la Fuerza del Pueblo asegura que, mientras algunos hablan de finales, la organizaci\u00f3n prepara su estructura y proyecta su mirada hacia las elecciones de 2028<\/strong><\/p>\n\n\n\n<p class=\"wp-block-paragraph\"><strong>NUEVA YORK.- <\/strong>La miembro de la Direcci\u00f3n Central de la Fuerza del Pueblo, Leidy Laura Fern\u00e1ndez, respondi\u00f3 de manera contundente a las declaraciones del diputado del Partido de la Liberaci\u00f3n Dominicana (PLD), Gustavo S\u00e1nchez, quien calific\u00f3 al expresidente de la Rep\u00fablica Dominicana, Leonel Fern\u00e1ndez, como un \u201cmuerto pol\u00edtico\u201d.<\/p>\n\n\n\n<p class=\"wp-block-paragraph\">\u201cYo le quiero decir algo del tema que usted acaba de mencionar. En pol\u00edtica, m\u00e1s que hablar de muerte, hay que estar preparado para competir con quien est\u00e1 listo para ganar\u201d, expres\u00f3 Fern\u00e1ndez al referirse a las declaraciones del legislador.<\/p>\n\n\n\n<p class=\"wp-block-paragraph\">La dirigente pol\u00edtica sostuvo que, mientras algunos sectores concentran su discurso en hablar de finales, la Fuerza del Pueblo trabaja en la organizaci\u00f3n y preparaci\u00f3n de sus dirigentes con miras a los pr\u00f3ximos procesos electorales.<\/p>\n\n\n\n<p class=\"wp-block-paragraph\">\u201cMientras algunos est\u00e1n distra\u00eddos hablando de finales, nosotros desde la Fuerza del Pueblo estamos preparando a nuestros compa\u00f1eros, estamos llegando a una sociedad que entiende y ve en la Fuerza del Pueblo una opci\u00f3n para poder dirigir los destinos de nuestro pa\u00eds\u201d, manifest\u00f3.<\/p>\n\n\n\n<p class=\"wp-block-paragraph\">Fern\u00e1ndez afirm\u00f3 que el liderazgo de Leonel Fern\u00e1ndez mantiene actividad pol\u00edtica y presencia dentro de la organizaci\u00f3n. \u201cLeonel Fern\u00e1ndez est\u00e1 m\u00e1s vivo que nunca y trabajando. Lo que le duele a algunos es que nunca van a ver ese velorio, por lo menos por muchos a\u00f1os\u201d, declar\u00f3.<\/p>\n\n\n\n<p class=\"wp-block-paragraph\">Frente a quienes, seg\u00fan dijo, intentan decretar el final de la carrera pol\u00edtica del exmandatario, Fern\u00e1ndez sostuvo que los acontecimientos pol\u00edticos ser\u00e1n los encargados de determinar el futuro de los distintos liderazgos.<\/p>\n\n\n\n<p class=\"wp-block-paragraph\">\u201cFrente a quienes intentan decretar la muerte pol\u00edtica de Leonel Fern\u00e1ndez, los hechos hablan por s\u00ed solos. Leonel Fern\u00e1ndez est\u00e1 m\u00e1s vivo que nunca\u201d, asegur\u00f3 la dirigente de la Fuerza del Pueblo.<\/p>\n\n\n\n<p class=\"wp-block-paragraph\">Fern\u00e1ndez tambi\u00e9n se refiri\u00f3 a sus propias aspiraciones dentro de la organizaci\u00f3n y se\u00f1al\u00f3 que, por el momento, su prioridad es continuar aportando al fortalecimiento de la Fuerza del Pueblo y mantener una actitud de servicio hacia sus compa\u00f1eros.<\/p>\n\n\n\n<p class=\"wp-block-paragraph\">\u201cBueno, ahora mismo mis aspiraciones son continuar fortaleciendo la Fuerza del Pueblo, estar a disposici\u00f3n de todos mis compa\u00f1eros y que vean en nosotros una amiga, una aliada y una l\u00edder dispuesta a trabajar\u201d, expres\u00f3.<\/p>\n\n\n\n<p class=\"wp-block-paragraph\">La dirigente indic\u00f3 que el proyecto pol\u00edtico mantiene su atenci\u00f3n puesta en el a\u00f1o 2028 y que el crecimiento de la organizaci\u00f3n constituye uno de los principales objetivos de sus dirigentes.<\/p>\n\n\n\n<p class=\"wp-block-paragraph\">Seg\u00fan Fern\u00e1ndez, \u201cel liderazgo permanece vigente y la Fuerza del Pueblo sigue creciendo con la mirada puesta en el 2028\u201d.<\/p>\n\n\n\n<p class=\"wp-block-paragraph\">Las declaraciones de la excandidata a diputada por la Comunidad Dominicana en el Exterior fueron ofrecidas durante el encuentro denominado \u201cDos Generaciones, una sola meta: 2028\u201d, iniciativa que reuni\u00f3 a dirigentes y miembros de la organizaci\u00f3n pol\u00edtica para destacar la importancia de la integraci\u00f3n entre generaciones y el fortalecimiento del liderazgo.<\/p>\n\n\n\n<p class=\"wp-block-paragraph\">La actividad educativa tuvo como eje central el lema \u201cCon la Fuerza del Pueblo venceremos\u201d, a partir del cual fueron desarrolladas las intervenciones de los participantes, quienes destacaron la necesidad de mantener una visi\u00f3n com\u00fan y promover espacios de participaci\u00f3n para dirigentes de diferentes edades y trayectorias.<\/p>\n\n\n\n<p class=\"wp-block-paragraph\">Durante el encuentro se plante\u00f3 que las generaciones no deben competir entre s\u00ed, sino encontrarse, escucharse y trabajar de manera conjunta para enfrentar los desaf\u00edos de la organizaci\u00f3n.<\/p>\n\n\n\n<p class=\"wp-block-paragraph\">Las expositoras Ana Elizabeth Garc\u00eda Caba y Yamel Garc\u00eda Caba fueron presentadas como dos mujeres con trayectorias vinculadas al trabajo pol\u00edtico y organizativo de la Fuerza del Pueblo, destacando el valor de la integraci\u00f3n generacional dentro de la estructura partidaria.<\/p>\n","protected":false},"excerpt":{"rendered":"<p>Dirigente de la Fuerza del Pueblo asegura que, mientras algunos hablan de finales, la organizaci\u00f3n prepara su estructura y proyecta su mirada hacia las elecciones de 2028 NUEVA YORK.- La&hellip;<\/p>\n","protected":false},"author":10,"featured_media":138621,"comment_status":"open","ping_status":"open","sticky":false,"template":"","format":"standard","meta":{"content-type":"","_jetpack_newsletter_access":"","_jetpack_dont_email_post_to_subs":false,"_jetpack_newsletter_tier_id":0,"_jetpack_memberships_contains_paywalled_content":false,"_jetpack_feature_clip_id":0,"_jetpack_memberships_contains_paid_content":false,"footnotes":"","jetpack_post_was_ever_published":false},"categories":[25],"tags":[4223,36160,51],"class_list":["post-138620","post","type-post","status-publish","format-standard","has-post-thumbnail","hentry","category-portada","tag-gustavo-sanchez","tag-leidy-laura-fernandez","tag-leonel-fernandez"],"jetpack-related-posts":[{"id":107477,"url":"https:\/\/lasprimeras.com.do\/index.php\/2025\/08\/27\/gustavo-sanchez-denuncia-asedio-a-dirigentes-del-pld-por-parte-de-la-fuerza-del-pueblo\/","url_meta":{"origin":138620,"position":0},"title":"Gustavo S\u00e1nchez denuncia asedio a dirigentes del PLD por parte de la Fuerza del Pueblo","author":"Nelson Feliz","date":"27 de agosto de 2025","format":false,"excerpt":"Vocero de la bancada del PLD en la C\u00e1mara de Diputados responsabiliza a Radham\u00e9s Jim\u00e9nez, de la FP, de asediar a miembros y simpatizantes pelede\u00edstas. El vocero del Bloque de Diputados del Partido de la Liberaci\u00f3n Dominicana, Gustavo S\u00e1nchez, denunci\u00f3 que dirigentes, miembros y simpatizantes de esa organizaci\u00f3n pol\u00edtica son\u2026","rel":"","context":"En \u00abPOLITICA\u00bb","block_context":{"text":"POLITICA","link":"https:\/\/lasprimeras.com.do\/index.php\/category\/politica\/"},"img":{"alt_text":"Gustavo S\u00e1nchez","src":"https:\/\/i0.wp.com\/lasprimeras.com.do\/wp-content\/uploads\/2025\/08\/Gustavo-Sanchez-1.jpg?resize=350%2C200&ssl=1","width":350,"height":200,"srcset":"https:\/\/i0.wp.com\/lasprimeras.com.do\/wp-content\/uploads\/2025\/08\/Gustavo-Sanchez-1.jpg?resize=350%2C200&ssl=1 1x, https:\/\/i0.wp.com\/lasprimeras.com.do\/wp-content\/uploads\/2025\/08\/Gustavo-Sanchez-1.jpg?resize=525%2C300&ssl=1 1.5x, https:\/\/i0.wp.com\/lasprimeras.com.do\/wp-content\/uploads\/2025\/08\/Gustavo-Sanchez-1.jpg?resize=700%2C400&ssl=1 2x"},"classes":[]},{"id":134802,"url":"https:\/\/lasprimeras.com.do\/index.php\/2026\/07\/16\/visita-de-leonel-a-maria-trinidad-sanchez-sigue-generando-nuevas-adhesiones-a-la-fp-juramenta-otro-regidor\/","url_meta":{"origin":138620,"position":1},"title":"Visita de Leonel a Mar\u00eda Trinidad S\u00e1nchez sigue generando nuevas adhesiones a la FP: juramenta otro regidor","author":"Nelson Feliz","date":"16 de julio de 2026","format":false,"excerpt":"El nuevo regidor de la Fuerza del Pueblo en Cabrera atribuye su decisi\u00f3n a la experiencia de Leonel Fern\u00e1ndez para conducir nuevamente los destinos del pa\u00eds. Santo Domingo. \u2013 La visita realizada el pasado domingo por el presidente de la Fuerza del Pueblo (FP), Leonel Fern\u00e1ndez, a la provincia Mar\u00eda\u2026","rel":"","context":"En \u00abPOLITICA\u00bb","block_context":{"text":"POLITICA","link":"https:\/\/lasprimeras.com.do\/index.php\/category\/politica\/"},"img":{"alt_text":"","src":"https:\/\/i0.wp.com\/lasprimeras.com.do\/wp-content\/uploads\/2026\/07\/IMG-20260716-WA0234-scaled.jpg?resize=350%2C200&ssl=1","width":350,"height":200,"srcset":"https:\/\/i0.wp.com\/lasprimeras.com.do\/wp-content\/uploads\/2026\/07\/IMG-20260716-WA0234-scaled.jpg?resize=350%2C200&ssl=1 1x, https:\/\/i0.wp.com\/lasprimeras.com.do\/wp-content\/uploads\/2026\/07\/IMG-20260716-WA0234-scaled.jpg?resize=525%2C300&ssl=1 1.5x, https:\/\/i0.wp.com\/lasprimeras.com.do\/wp-content\/uploads\/2026\/07\/IMG-20260716-WA0234-scaled.jpg?resize=700%2C400&ssl=1 2x, https:\/\/i0.wp.com\/lasprimeras.com.do\/wp-content\/uploads\/2026\/07\/IMG-20260716-WA0234-scaled.jpg?resize=1050%2C600&ssl=1 3x, https:\/\/i0.wp.com\/lasprimeras.com.do\/wp-content\/uploads\/2026\/07\/IMG-20260716-WA0234-scaled.jpg?resize=1400%2C800&ssl=1 4x"},"classes":[]},{"id":130886,"url":"https:\/\/lasprimeras.com.do\/index.php\/2026\/05\/17\/leonel-juramenta-en-la-fp-a-miguel-angel-jazmin-muneco-principal-dirigente-del-pld-en-samana\/","url_meta":{"origin":138620,"position":2},"title":"Leonel juramenta en la FP a Miguel \u00c1ngel Jazm\u00edn \u201cMu\u00f1eco\u201d, principal dirigente del PLD en Saman\u00e1","author":"Nelson Feliz","date":"17 de mayo de 2026","format":false,"excerpt":"\u201cEn Saman\u00e1 estamos todos a una; Leonel ser\u00e1 el pr\u00f3ximo presidente\u201d, afirma el exdiputado durante multitudinario acto pol\u00edtico. El presidente del partido Fuerza del Pueblo (FP), Leonel Fern\u00e1ndez, encabez\u00f3 una multitudinaria juramentaci\u00f3n de dirigentes pol\u00edticos, comunitarios y empresariales de la provincia Saman\u00e1, entre ellos el exdiputado y excandidato a senador\u2026","rel":"","context":"En \u00abPORTADA\u00bb","block_context":{"text":"PORTADA","link":"https:\/\/lasprimeras.com.do\/index.php\/category\/portada\/"},"img":{"alt_text":"Leonel juramenta en la FP a Miguel \u00c1ngel Jazm\u00edn","src":"https:\/\/i0.wp.com\/lasprimeras.com.do\/wp-content\/uploads\/2026\/05\/Leonel-juramenta-en-la-FP-a-Miguel-Angel-Jazmin-1.jpg?resize=350%2C200&ssl=1","width":350,"height":200,"srcset":"https:\/\/i0.wp.com\/lasprimeras.com.do\/wp-content\/uploads\/2026\/05\/Leonel-juramenta-en-la-FP-a-Miguel-Angel-Jazmin-1.jpg?resize=350%2C200&ssl=1 1x, https:\/\/i0.wp.com\/lasprimeras.com.do\/wp-content\/uploads\/2026\/05\/Leonel-juramenta-en-la-FP-a-Miguel-Angel-Jazmin-1.jpg?resize=525%2C300&ssl=1 1.5x, https:\/\/i0.wp.com\/lasprimeras.com.do\/wp-content\/uploads\/2026\/05\/Leonel-juramenta-en-la-FP-a-Miguel-Angel-Jazmin-1.jpg?resize=700%2C400&ssl=1 2x"},"classes":[]},{"id":134554,"url":"https:\/\/lasprimeras.com.do\/index.php\/2026\/07\/12\/leonel-fernandez-rechazo-al-prm-crece-en-la-medida-en-que-aumentan-las-penurias-del-pueblo\/","url_meta":{"origin":138620,"position":3},"title":"Leonel Fern\u00e1ndez: \u201cRechazo al PRM crece en la medida en que aumentan las penurias del pueblo\u201d","author":"Nelson Feliz","date":"12 de julio de 2026","format":false,"excerpt":"Juramenta dirigentes del PRM y PLD en Mar\u00eda Trinidad S\u00e1nchez y atribuye el crecimiento de la Fuerza del Pueblo al descontento social. Nagua, Mar\u00eda Trinidad S\u00e1nchez. \u2013 El presidente de la Fuerza del Pueblo (FP), Leonel Fern\u00e1ndez, asegur\u00f3 este domingo que el rechazo al Partido Revolucionario Moderno (PRM) aumenta en\u2026","rel":"","context":"En \u00abPOLITICA\u00bb","block_context":{"text":"POLITICA","link":"https:\/\/lasprimeras.com.do\/index.php\/category\/politica\/"},"img":{"alt_text":"Leonel Fern\u00e1ndez","src":"https:\/\/i0.wp.com\/lasprimeras.com.do\/wp-content\/uploads\/2026\/07\/Leonel-Fernandez.jpeg?resize=350%2C200&ssl=1","width":350,"height":200,"srcset":"https:\/\/i0.wp.com\/lasprimeras.com.do\/wp-content\/uploads\/2026\/07\/Leonel-Fernandez.jpeg?resize=350%2C200&ssl=1 1x, https:\/\/i0.wp.com\/lasprimeras.com.do\/wp-content\/uploads\/2026\/07\/Leonel-Fernandez.jpeg?resize=525%2C300&ssl=1 1.5x, https:\/\/i0.wp.com\/lasprimeras.com.do\/wp-content\/uploads\/2026\/07\/Leonel-Fernandez.jpeg?resize=700%2C400&ssl=1 2x, https:\/\/i0.wp.com\/lasprimeras.com.do\/wp-content\/uploads\/2026\/07\/Leonel-Fernandez.jpeg?resize=1050%2C600&ssl=1 3x"},"classes":[]},{"id":103989,"url":"https:\/\/lasprimeras.com.do\/index.php\/2025\/07\/21\/leonel-juramenta-2-regidores-y-mas-dirigentes-del-pld-prm-y-otras-organizaciones-en-san-cristobal\/","url_meta":{"origin":138620,"position":4},"title":"Leonel juramenta 2 regidores y m\u00e1s dirigentes del PLD, PRM y otras organizaciones en San Crist\u00f3bal","author":"Nelson Feliz","date":"21 de julio de 2025","format":false,"excerpt":"En un acto multitudinario celebrado este domingo 20 de julio en el Club Deportivo Ciro P\u00e9rez, el presidente de la Fuerza del Pueblo (FP), Leonel Fern\u00e1ndez, jurament\u00f3 a dos regidores y decenas de dirigentes provenientes del Partido de la Liberaci\u00f3n Dominicana (PLD), del Partido Revolucionario Moderno (PRM) y de otras\u2026","rel":"","context":"En \u00abPOLITICA\u00bb","block_context":{"text":"POLITICA","link":"https:\/\/lasprimeras.com.do\/index.php\/category\/politica\/"},"img":{"alt_text":"Leonel Fern\u00e1ndez","src":"https:\/\/i0.wp.com\/lasprimeras.com.do\/wp-content\/uploads\/2025\/07\/Leonel-Fernandez-4.jpg?resize=350%2C200&ssl=1","width":350,"height":200,"srcset":"https:\/\/i0.wp.com\/lasprimeras.com.do\/wp-content\/uploads\/2025\/07\/Leonel-Fernandez-4.jpg?resize=350%2C200&ssl=1 1x, https:\/\/i0.wp.com\/lasprimeras.com.do\/wp-content\/uploads\/2025\/07\/Leonel-Fernandez-4.jpg?resize=525%2C300&ssl=1 1.5x, https:\/\/i0.wp.com\/lasprimeras.com.do\/wp-content\/uploads\/2025\/07\/Leonel-Fernandez-4.jpg?resize=700%2C400&ssl=1 2x"},"classes":[]},{"id":133291,"url":"https:\/\/lasprimeras.com.do\/index.php\/2026\/06\/12\/leonel-fernandez-juramenta-cientos-dirigentes-fp-en-madrid\/","url_meta":{"origin":138620,"position":5},"title":"Leonel Fern\u00e1ndez juramenta cientos dirigentes FP en Madrid","author":"Nelson Feliz","date":"12 de junio de 2026","format":false,"excerpt":"MADRID.- El presidente de la Fuerza del Pueblo (FP) y expresidente de la Rep\u00fablica Dominicana, Leonel Fern\u00e1ndez, jurament\u00f3 a un amplio grupo de dirigentes, profesionales, empresarios, j\u00f3venes y l\u00edderes comunitarios residentes en Espa\u00f1a y otros pa\u00edses de Europa que decidieron integrarse a las filas de esa organizaci\u00f3n pol\u00edtica. La actividad\u2026","rel":"","context":"En \u00abPOLITICA\u00bb","block_context":{"text":"POLITICA","link":"https:\/\/lasprimeras.com.do\/index.php\/category\/politica\/"},"img":{"alt_text":"","src":"https:\/\/i0.wp.com\/lasprimeras.com.do\/wp-content\/uploads\/2026\/06\/db44d60e-2157-42b6-bc38-54617b08c783-scaled-e1781261642674.jpg?resize=350%2C200&ssl=1","width":350,"height":200},"classes":[]}],"jetpack_sharing_enabled":true,"jetpack_featured_media_url":"https:\/\/lasprimeras.com.do\/wp-content\/uploads\/2026\/08\/Leidy-Laura-Fernandez.jpg","_links":{"self":[{"href":"https:\/\/lasprimeras.com.do\/index.php\/wp-json\/wp\/v2\/posts\/138620","targetHints":{"allow":["GET"]}}],"collection":[{"href":"https:\/\/lasprimeras.com.do\/index.php\/wp-json\/wp\/v2\/posts"}],"about":[{"href":"https:\/\/lasprimeras.com.do\/index.php\/wp-json\/wp\/v2\/types\/post"}],"author":[{"embeddable":true,"href":"https:\/\/lasprimeras.com.do\/index.php\/wp-json\/wp\/v2\/users\/10"}],"replies":[{"embeddable":true,"href":"https:\/\/lasprimeras.com.do\/index.php\/wp-json\/wp\/v2\/comments?post=138620"}],"version-history":[{"count":1,"href":"https:\/\/lasprimeras.com.do\/index.php\/wp-json\/wp\/v2\/posts\/138620\/revisions"}],"predecessor-version":[{"id":138622,"href":"https:\/\/lasprimeras.com.do\/index.php\/wp-json\/wp\/v2\/posts\/138620\/revisions\/138622"}],"wp:featuredmedia":[{"embeddable":true,"href":"https:\/\/lasprimeras.com.do\/index.php\/wp-json\/wp\/v2\/media\/138621"}],"wp:attachment":[{"href":"https:\/\/lasprimeras.com.do\/index.php\/wp-json\/wp\/v2\/media?parent=138620"}],"wp:term":[{"taxonomy":"category","embeddable":true,"href":"https:\/\/lasprimeras.com.do\/index.php\/wp-json\/wp\/v2\/categories?post=138620"},{"taxonomy":"post_tag","embeddable":true,"href":"https:\/\/lasprimeras.com.do\/index.php\/wp-json\/wp\/v2\/tags?post=138620"}],"curies":[{"name":"wp","href":"https:\/\/api.w.org\/{rel}","templated":true}]}}