{"id":138623,"date":"2026-08-31T18:00:00","date_gmt":"2026-08-31T22:00:00","guid":{"rendered":"https:\/\/lasprimeras.com.do\/?p=138623"},"modified":"2026-08-31T15:57:03","modified_gmt":"2026-08-31T19:57:03","slug":"fp-en-nueva-york-presenta-dos-generaciones-una-sola-meta-2028","status":"publish","type":"post","link":"https:\/\/lasprimeras.com.do\/index.php\/2026\/08\/31\/fp-en-nueva-york-presenta-dos-generaciones-una-sola-meta-2028\/","title":{"rendered":"FP en Nueva York presenta \u201cDos Generaciones, una sola meta: 2028\u201d"},"content":{"rendered":"\n<p class=\"wp-block-paragraph\"><strong>El encuentro reuni\u00f3 a dirigentes de distintas generaciones para promover la participaci\u00f3n y la formaci\u00f3n de nuevos liderazgos dentro de la organizaci\u00f3n pol\u00edtica<\/strong><\/p>\n\n\n\n<p class=\"wp-block-paragraph\"><strong>NUEVA YORK.\u2013 <\/strong>La Fuerza del Pueblo (FP) en esta ciudad present\u00f3 el encuentro denominado \u201cDos Generaciones, una sola meta: 2028\u201d, una iniciativa que reuni\u00f3 a dirigentes y miembros de la organizaci\u00f3n pol\u00edtica con el prop\u00f3sito de destacar la importancia de la integraci\u00f3n entre generaciones y el fortalecimiento del liderazgo de cara a los pr\u00f3ximos procesos pol\u00edticos.<\/p>\n\n\n\n<p class=\"wp-block-paragraph\">La actividad educativa tuvo como eje central el lema \u201cCon la Fuerza del Pueblo venceremos\u201d, a partir del cual fueron desarrolladas las intervenciones de sus participantes, quienes destacaron la necesidad de mantener una visi\u00f3n com\u00fan y promover espacios de participaci\u00f3n para dirigentes de diferentes edades y trayectorias.<\/p>\n\n\n\n<p class=\"wp-block-paragraph\">Durante el acto se plante\u00f3 que las generaciones no deben competir entre s\u00ed, sino encontrarse, escucharse y trabajar de manera conjunta para enfrentar los desaf\u00edos que tiene por delante la organizaci\u00f3n.<\/p>\n\n\n\n<p class=\"wp-block-paragraph\">\u201cLas generaciones no tienen que competir entre s\u00ed; tienen que encontrarse, escucharse y trabajar juntas porque la experiencia nos permite conocer el camino recorrido, mientras que las nuevas generaciones aportan energ\u00eda, innovaci\u00f3n y una mirada distinta hacia el futuro\u201d, se expres\u00f3 durante el encuentro.<\/p>\n\n\n\n<p class=\"wp-block-paragraph\">Las expositoras Ana Elizabeth Garc\u00eda Caba y Yamel Garc\u00eda Caba fueron presentadas como dos mujeres pertenecientes que promueven las generaciones con trayectorias vinculadas al trabajo pol\u00edtico y organizativo de la Fuerza del Pueblo.<\/p>\n\n\n\n<p class=\"wp-block-paragraph\">Ana Garc\u00eda, miembro de la Direcci\u00f3n Pol\u00edtica y coordinadora de la Comisi\u00f3n de Juventud y Primer Voto, ha desarrollado parte de su trayectoria en la organizaci\u00f3n e integraci\u00f3n de j\u00f3venes y nuevos votantes a la participaci\u00f3n pol\u00edtica.<\/p>\n\n\n\n<p class=\"wp-block-paragraph\">Es administradora de empresas, egresada de la Pontificia Universidad Cat\u00f3lica Madre y Maestra (PUCMM), y posee una maestr\u00eda en Alta Direcci\u00f3n P\u00fablica, adem\u00e1s de estudios de posgrado en Direcci\u00f3n P\u00fablica.<\/p>\n\n\n\n<p class=\"wp-block-paragraph\">Su trayectoria pol\u00edtica incluye responsabilidades en la Secretar\u00eda de la Mujer Joven y la Secretar\u00eda General de la Fuerza del Pueblo, as\u00ed como la coordinaci\u00f3n de la campa\u00f1a de primeros votantes para la candidatura presidencial del doctor Leonel Fern\u00e1ndez en 2024.<\/p>\n\n\n\n<p class=\"wp-block-paragraph\">De su lado, Yamel Garc\u00eda, miembro de la Direcci\u00f3n Central y secretaria de Adultos Mayores y Envejecientes, cuenta con formaci\u00f3n profesional en Mercadeo Estrat\u00e9gico y una maestr\u00eda en Direcci\u00f3n de Comunicaci\u00f3n Corporativa.<\/p>\n\n\n\n<p class=\"wp-block-paragraph\">Garc\u00eda tambi\u00e9n posee preparaci\u00f3n en alta gerencia, liderazgo de equipos, direcci\u00f3n de proyectos, comunicaci\u00f3n, oratoria, protocolo y otras \u00e1reas relacionadas con la gesti\u00f3n y organizaci\u00f3n institucional.<\/p>\n\n\n\n<p class=\"wp-block-paragraph\">En su trayectoria profesional ha ocupado responsabilidades en instituciones como EGEHID e INDOTEL, donde desarroll\u00f3 funciones vinculadas con coordinaci\u00f3n general, protocolo y organizaci\u00f3n de eventos.<\/p>\n\n\n\n<p class=\"wp-block-paragraph\">Las participantes se\u00f1alaron que cuando la experiencia y las nuevas ideas se unen alrededor de un prop\u00f3sito com\u00fan, es posible fortalecer las estructuras de participaci\u00f3n y crear mayores espacios para la formaci\u00f3n de liderazgos.<\/p>\n\n\n\n<p class=\"wp-block-paragraph\">Las palabras de bienvenida estuvieron a cargo del ingeniero Carlos F\u00e9liz, presidente de la Fuerza del Pueblo en Nueva York, dirigente y activista pol\u00edtico con m\u00e1s de 35 a\u00f1os de trayectoria, quien ha mantenido una participaci\u00f3n activa en los trabajos de la organizaci\u00f3n y en iniciativas vinculadas con la comunidad dominicana.<\/p>\n\n\n\n<p class=\"wp-block-paragraph\">En el encuentro tambi\u00e9n estuvieron presentes miembros de la Direcci\u00f3n Pol\u00edtica y dirigentes de la organizaci\u00f3n, entre ellos Leydy Laura, Alfredo Rodr\u00edguez, Odel Suero y Gregorio Morrobel, adem\u00e1s de otros representantes de la Fuerza del Pueblo.<\/p>\n\n\n\n<p class=\"wp-block-paragraph\">La actividad, celebrada en la sede de la Fuerza del Pueblo en Manhattan, ubicada en 555 W. 157th Street, fue presentada como un espacio de unidad, visi\u00f3n y compromiso, con una mirada hacia el fortalecimiento de la participaci\u00f3n pol\u00edtica y la construcci\u00f3n de nuevos liderazgos con miras al 2028.<\/p>\n","protected":false},"excerpt":{"rendered":"<p>El encuentro reuni\u00f3 a dirigentes de distintas generaciones para promover la participaci\u00f3n y la formaci\u00f3n de nuevos liderazgos dentro de la organizaci\u00f3n pol\u00edtica NUEVA YORK.\u2013 La Fuerza del Pueblo (FP)&hellip;<\/p>\n","protected":false},"author":10,"featured_media":138624,"comment_status":"open","ping_status":"open","sticky":false,"template":"","format":"standard","meta":{"content-type":"","_jetpack_newsletter_access":"","_jetpack_dont_email_post_to_subs":false,"_jetpack_newsletter_tier_id":0,"_jetpack_memberships_contains_paywalled_content":false,"_jetpack_feature_clip_id":0,"_jetpack_memberships_contains_paid_content":false,"footnotes":"","jetpack_post_was_ever_published":false},"categories":[16559],"tags":[36161,79,104,36162],"class_list":["post-138623","post","type-post","status-publish","format-standard","has-post-thumbnail","hentry","category-politica","tag-dos-generaciones","tag-fp","tag-nueva-york","tag-una-sola-meta"],"jetpack-related-posts":[{"id":138620,"url":"https:\/\/lasprimeras.com.do\/index.php\/2026\/08\/31\/leidy-laura-fernandez-responde-a-gustavo-sanchez-leonel-fernandez-esta-mas-vivo-que-nunca-y-trabajando\/","url_meta":{"origin":138623,"position":0},"title":"Leidy Laura Fern\u00e1ndez responde a Gustavo S\u00e1nchez: \u201cLeonel Fern\u00e1ndez est\u00e1 m\u00e1s vivo que nunca y trabajando\u201d","author":"Nelson Feliz","date":"31 de agosto de 2026","format":false,"excerpt":"Dirigente de la Fuerza del Pueblo asegura que, mientras algunos hablan de finales, la organizaci\u00f3n prepara su estructura y proyecta su mirada hacia las elecciones de 2028 NUEVA YORK.- La miembro de la Direcci\u00f3n Central de la Fuerza del Pueblo, Leidy Laura Fern\u00e1ndez, respondi\u00f3 de manera contundente a las declaraciones\u2026","rel":"","context":"En \u00abPORTADA\u00bb","block_context":{"text":"PORTADA","link":"https:\/\/lasprimeras.com.do\/index.php\/category\/portada\/"},"img":{"alt_text":"Leidy Laura Fern\u00e1ndez","src":"https:\/\/i0.wp.com\/lasprimeras.com.do\/wp-content\/uploads\/2026\/08\/Leidy-Laura-Fernandez.jpg?resize=350%2C200&ssl=1","width":350,"height":200,"srcset":"https:\/\/i0.wp.com\/lasprimeras.com.do\/wp-content\/uploads\/2026\/08\/Leidy-Laura-Fernandez.jpg?resize=350%2C200&ssl=1 1x, https:\/\/i0.wp.com\/lasprimeras.com.do\/wp-content\/uploads\/2026\/08\/Leidy-Laura-Fernandez.jpg?resize=525%2C300&ssl=1 1.5x"},"classes":[]},{"id":112288,"url":"https:\/\/lasprimeras.com.do\/index.php\/2025\/10\/20\/manolo-infante-fortalece-unidad-de-la-fp-en-ancona-italia-en-recorrido-por-la-peninsula\/","url_meta":{"origin":138623,"position":1},"title":"Manolo Infante fortalece &#8220;Unidad de la FP en Ancona-Italia&#8221; en recorrido por la Pen\u00ednsula.","author":"Nelson Feliz","date":"20 de octubre de 2025","format":false,"excerpt":"El presidente de la FP en Abruzzo y aspirante a la seccional de Mil\u00e1n se reuni\u00f3 con la dirigencia de la regi\u00f3n de Le Marche para consolidar las bases del partido y promover la candidatura de Leonel Fern\u00e1ndez- ANCONA, ITALIA \u2013 El presidente del partido Fuerza del Pueblo (FP) en\u2026","rel":"","context":"En \u00abPOLITICA\u00bb","block_context":{"text":"POLITICA","link":"https:\/\/lasprimeras.com.do\/index.php\/category\/politica\/"},"img":{"alt_text":"","src":"https:\/\/i0.wp.com\/lasprimeras.com.do\/wp-content\/uploads\/2025\/10\/Manolo-Infante.jpg?resize=350%2C200&ssl=1","width":350,"height":200,"srcset":"https:\/\/i0.wp.com\/lasprimeras.com.do\/wp-content\/uploads\/2025\/10\/Manolo-Infante.jpg?resize=350%2C200&ssl=1 1x, https:\/\/i0.wp.com\/lasprimeras.com.do\/wp-content\/uploads\/2025\/10\/Manolo-Infante.jpg?resize=525%2C300&ssl=1 1.5x, https:\/\/i0.wp.com\/lasprimeras.com.do\/wp-content\/uploads\/2025\/10\/Manolo-Infante.jpg?resize=700%2C400&ssl=1 2x"},"classes":[]},{"id":131692,"url":"https:\/\/lasprimeras.com.do\/index.php\/2026\/05\/24\/fp-juramenta-directivas-del-dn-y-proclama-nueva-etapa-organizativa\/","url_meta":{"origin":138623,"position":2},"title":"FP juramenta Directivas del DN y proclama nueva etapa organizativa","author":"Nelson Feliz","date":"24 de mayo de 2026","format":false,"excerpt":"Rafael Alburquerque: \u201cEn el 2028 estar\u00e9 en las calles para llevar a Leonel Fern\u00e1ndez a la Presidencia\u201d. Rafael Paz destaca crecimiento de la FP y reconoce \u201ch\u00e9roes\u201d de la organizaci\u00f3n en la capital. Santo Domingo.\u2013 El partido Fuerza del Pueblo (FP) celebr\u00f3 este domingo el Primer Pleno del Distrito Nacional,\u2026","rel":"","context":"En \u00abPOLITICA\u00bb","block_context":{"text":"POLITICA","link":"https:\/\/lasprimeras.com.do\/index.php\/category\/politica\/"},"img":{"alt_text":"Rafael Alburquerque","src":"https:\/\/i0.wp.com\/lasprimeras.com.do\/wp-content\/uploads\/2026\/05\/Rafael-Alburquerque.jpg?resize=350%2C200&ssl=1","width":350,"height":200,"srcset":"https:\/\/i0.wp.com\/lasprimeras.com.do\/wp-content\/uploads\/2026\/05\/Rafael-Alburquerque.jpg?resize=350%2C200&ssl=1 1x, https:\/\/i0.wp.com\/lasprimeras.com.do\/wp-content\/uploads\/2026\/05\/Rafael-Alburquerque.jpg?resize=525%2C300&ssl=1 1.5x, https:\/\/i0.wp.com\/lasprimeras.com.do\/wp-content\/uploads\/2026\/05\/Rafael-Alburquerque.jpg?resize=700%2C400&ssl=1 2x"},"classes":[]},{"id":135927,"url":"https:\/\/lasprimeras.com.do\/index.php\/2026\/07\/29\/fundadores-de-la-fp-en-sd-norte-respaldan-a-victor-pavon-rumbo-a-2028\/","url_meta":{"origin":138623,"position":3},"title":"Fundadores de la FP en SD-Norte respaldan a V\u00edctor Pav\u00f3n rumbo a 2028","author":"Nelson Feliz","date":"29 de julio de 2026","format":false,"excerpt":"Santo Domingo Norte. \u2014 Los seis encargados de bloque fundadores del partido Fuerza del Pueblo (FP) en Santo Domingo Norte, activos desde el a\u00f1o 2019, expresaron su respaldo a V\u00edctor Pav\u00f3n como aspirante a la Alcald\u00eda del municipio de cara a las elecciones del a\u00f1o 2028. En el encuentro estuvieron\u2026","rel":"","context":"En \u00abPOLITICA\u00bb","block_context":{"text":"POLITICA","link":"https:\/\/lasprimeras.com.do\/index.php\/category\/politica\/"},"img":{"alt_text":"V\u00edctor Pav\u00f3n","src":"https:\/\/i0.wp.com\/lasprimeras.com.do\/wp-content\/uploads\/2026\/01\/Victor-Pavon.jpg?resize=350%2C200&ssl=1","width":350,"height":200,"srcset":"https:\/\/i0.wp.com\/lasprimeras.com.do\/wp-content\/uploads\/2026\/01\/Victor-Pavon.jpg?resize=350%2C200&ssl=1 1x, https:\/\/i0.wp.com\/lasprimeras.com.do\/wp-content\/uploads\/2026\/01\/Victor-Pavon.jpg?resize=525%2C300&ssl=1 1.5x, https:\/\/i0.wp.com\/lasprimeras.com.do\/wp-content\/uploads\/2026\/01\/Victor-Pavon.jpg?resize=700%2C400&ssl=1 2x"},"classes":[]},{"id":136738,"url":"https:\/\/lasprimeras.com.do\/index.php\/2026\/08\/07\/leonel-encabeza-pleno-nacional-de-organizacion-y-destaca-avances-del-fortalecimiento-territorial-de-la-fp\/","url_meta":{"origin":138623,"position":4},"title":"Leonel encabeza pleno nacional de Organizaci\u00f3n y destaca avances del fortalecimiento territorial de la FP","author":"Nelson Feliz","date":"7 de agosto de 2026","format":false,"excerpt":"Santo Domingo.- El presidente de la Fuerza del Pueblo (FP), Leonel Fern\u00e1ndez, encabez\u00f3 el pleno nacional de la Secretar\u00eda de Organizaci\u00f3n, encuentro en el que fueron presentados los avances del Plan Nacional Organizativo, enfocado en el crecimiento de la organizaci\u00f3n, la fidelizaci\u00f3n de su militancia y el fortalecimiento de las\u2026","rel":"","context":"En \u00abPORTADA\u00bb","block_context":{"text":"PORTADA","link":"https:\/\/lasprimeras.com.do\/index.php\/category\/portada\/"},"img":{"alt_text":"","src":"https:\/\/i0.wp.com\/lasprimeras.com.do\/wp-content\/uploads\/2026\/08\/IMG-20260806-WA0684.jpg?resize=350%2C200&ssl=1","width":350,"height":200,"srcset":"https:\/\/i0.wp.com\/lasprimeras.com.do\/wp-content\/uploads\/2026\/08\/IMG-20260806-WA0684.jpg?resize=350%2C200&ssl=1 1x, https:\/\/i0.wp.com\/lasprimeras.com.do\/wp-content\/uploads\/2026\/08\/IMG-20260806-WA0684.jpg?resize=525%2C300&ssl=1 1.5x, https:\/\/i0.wp.com\/lasprimeras.com.do\/wp-content\/uploads\/2026\/08\/IMG-20260806-WA0684.jpg?resize=700%2C400&ssl=1 2x, https:\/\/i0.wp.com\/lasprimeras.com.do\/wp-content\/uploads\/2026\/08\/IMG-20260806-WA0684.jpg?resize=1050%2C600&ssl=1 3x"},"classes":[]},{"id":138481,"url":"https:\/\/lasprimeras.com.do\/index.php\/2026\/08\/29\/leonel-fernandez-encabeza-asambleas-provinciales-en-despliegue-nacional-de-la-fp\/","url_meta":{"origin":138623,"position":5},"title":"Leonel Fern\u00e1ndez encabeza asambleas provinciales en despliegue nacional de la FP","author":"Nelson Feliz","date":"29 de agosto de 2026","format":false,"excerpt":"El partido eval\u00faa el cumplimiento de metas territoriales y fortalece sus estructuras a 18 meses de las elecciones municipales de febrero de 2028, con actividades simult\u00e1neas en distintos puntos del pa\u00eds. Santo Domingo.\u2013 El presidente del partido Fuerza del Pueblo (FP), Leonel Fern\u00e1ndez, encabeza este fin de semana asambleas provinciales\u2026","rel":"","context":"En \u00abPORTADA\u00bb","block_context":{"text":"PORTADA","link":"https:\/\/lasprimeras.com.do\/index.php\/category\/portada\/"},"img":{"alt_text":"","src":"https:\/\/i0.wp.com\/lasprimeras.com.do\/wp-content\/uploads\/2026\/08\/Leonel-Fernandez-1-2.jpg?resize=350%2C200&ssl=1","width":350,"height":200,"srcset":"https:\/\/i0.wp.com\/lasprimeras.com.do\/wp-content\/uploads\/2026\/08\/Leonel-Fernandez-1-2.jpg?resize=350%2C200&ssl=1 1x, https:\/\/i0.wp.com\/lasprimeras.com.do\/wp-content\/uploads\/2026\/08\/Leonel-Fernandez-1-2.jpg?resize=525%2C300&ssl=1 1.5x, https:\/\/i0.wp.com\/lasprimeras.com.do\/wp-content\/uploads\/2026\/08\/Leonel-Fernandez-1-2.jpg?resize=700%2C400&ssl=1 2x"},"classes":[]}],"jetpack_sharing_enabled":true,"jetpack_featured_media_url":"https:\/\/lasprimeras.com.do\/wp-content\/uploads\/2026\/08\/FP-2.jpg","_links":{"self":[{"href":"https:\/\/lasprimeras.com.do\/index.php\/wp-json\/wp\/v2\/posts\/138623","targetHints":{"allow":["GET"]}}],"collection":[{"href":"https:\/\/lasprimeras.com.do\/index.php\/wp-json\/wp\/v2\/posts"}],"about":[{"href":"https:\/\/lasprimeras.com.do\/index.php\/wp-json\/wp\/v2\/types\/post"}],"author":[{"embeddable":true,"href":"https:\/\/lasprimeras.com.do\/index.php\/wp-json\/wp\/v2\/users\/10"}],"replies":[{"embeddable":true,"href":"https:\/\/lasprimeras.com.do\/index.php\/wp-json\/wp\/v2\/comments?post=138623"}],"version-history":[{"count":1,"href":"https:\/\/lasprimeras.com.do\/index.php\/wp-json\/wp\/v2\/posts\/138623\/revisions"}],"predecessor-version":[{"id":138625,"href":"https:\/\/lasprimeras.com.do\/index.php\/wp-json\/wp\/v2\/posts\/138623\/revisions\/138625"}],"wp:featuredmedia":[{"embeddable":true,"href":"https:\/\/lasprimeras.com.do\/index.php\/wp-json\/wp\/v2\/media\/138624"}],"wp:attachment":[{"href":"https:\/\/lasprimeras.com.do\/index.php\/wp-json\/wp\/v2\/media?parent=138623"}],"wp:term":[{"taxonomy":"category","embeddable":true,"href":"https:\/\/lasprimeras.com.do\/index.php\/wp-json\/wp\/v2\/categories?post=138623"},{"taxonomy":"post_tag","embeddable":true,"href":"https:\/\/lasprimeras.com.do\/index.php\/wp-json\/wp\/v2\/tags?post=138623"}],"curies":[{"name":"wp","href":"https:\/\/api.w.org\/{rel}","templated":true}]}}