{"id":138634,"date":"2026-08-31T22:38:44","date_gmt":"2026-09-01T02:38:44","guid":{"rendered":"https:\/\/lasprimeras.com.do\/?p=138634"},"modified":"2026-08-31T22:39:03","modified_gmt":"2026-09-01T02:39:03","slug":"cerca-de-80-personas-fueron-rescatadas-de-las-inundaciones-en-el-gran-canon","status":"publish","type":"post","link":"https:\/\/lasprimeras.com.do\/index.php\/2026\/08\/31\/cerca-de-80-personas-fueron-rescatadas-de-las-inundaciones-en-el-gran-canon\/","title":{"rendered":"Cerca de 80 personas fueron rescatadas de las inundaciones en el Gran Ca\u00f1\u00f3n"},"content":{"rendered":"\n<p class=\"wp-block-paragraph\"><strong>Dos personas fallecieron y una permanece desaparecida, seg\u00fan informaron las autoridades<\/strong><\/p>\n\n\n\n<p class=\"wp-block-paragraph\">Por JAMIE STENGLE y TY ONEIL<\/p>\n\n\n\n<p class=\"wp-block-paragraph\"><strong>PARQUE NACIONAL DEL GRAN CA\u00d1\u00d3N, Arizona (AP) \u2014<\/strong> Casi 80 personas fueron rescatadas durante las inundaciones del Gran Ca\u00f1\u00f3n, mientras que otras dos murieron y una est\u00e1 desaparecida, informaron las autoridades el lunes.<\/p>\n\n\n\n<p class=\"wp-block-paragraph\">El comandante del incidente, Dave Black, dijo que los funcionarios utilizaron visi\u00f3n nocturna y otros equipos para localizar a las personas que necesitaban ser evacuadas durante el fin de semana.<\/p>\n\n\n\n<p class=\"wp-block-paragraph\">Las autoridades est\u00e1n recabando informaci\u00f3n sobre una persona cuyo paradero se desconoce.<\/p>\n\n\n\n<p class=\"wp-block-paragraph\"><strong>PARQUE NACIONAL DEL GRAN CA\u00d1\u00d3N, Arizona (AP) \u2014<\/strong> Se han encontrado los cuerpos de un quiropr\u00e1ctico de Texas y al menos de otra persona despu\u00e9s de que una gran inundaci\u00f3n repentina arrasara el Gran Ca\u00f1\u00f3n el fin de semana , y los meteor\u00f3logos advirtieron que era posible que se produjeran m\u00e1s inundaciones a medida que las fuertes lluvias cubr\u00edan las paredes del ca\u00f1\u00f3n.<\/p>\n\n\n\n<p class=\"wp-block-paragraph\">La crecida repentina del s\u00e1bado da\u00f1\u00f3 gravemente la \u00fanica tuber\u00eda de agua que abastece al ca\u00f1\u00f3n. Las autoridades prohibieron a los turistas alojarse en hoteles y albergues dentro del Parque Nacional del Gran Ca\u00f1\u00f3n e impusieron restricciones de agua de emergencia para los residentes permanentes.<\/p>\n\n\n\n<p class=\"wp-block-paragraph\">M\u00e1s de una docena de excursionistas, entre ellos dos que estaban de viaje so\u00f1ado con su amigo quiropr\u00e1ctico, permanecen desaparecidos desde el lunes tras las fuertes lluvias que azotaron la zona de Bright Angel Creek, en este destino tur\u00edstico que recibe a 4,4 millones de visitantes al a\u00f1o.<\/p>\n\n\n\n<p class=\"wp-block-paragraph\">La inundaci\u00f3n amenazaba a las personas que se adentraban en el Gran Ca\u00f1\u00f3n a pie.<\/p>\n\n\n\n<p class=\"wp-block-paragraph\">La inundaci\u00f3n se produjo en lo profundo del ca\u00f1\u00f3n, cerca de donde fluye el r\u00edo Colorado, en las inmediaciones de albergues y zonas de acampada populares donde las personas que realizan excursiones desde un extremo al otro del Gran Ca\u00f1\u00f3n se detienen para pasar la noche.<\/p>\n\n\n\n<p class=\"wp-block-paragraph\">Decenas de visitantes tuvieron que ser evacuados de la zona en helic\u00f3ptero. Relataron un diluvio masivo y las advertencias de los guardaparques sobre desprendimientos de rocas, y vieron enormes charcos de troncos y escombros rodando r\u00edo abajo mientras esperaban ser rescatados.<\/p>\n\n\n\n<p class=\"wp-block-paragraph\">El excursionista Daniel Evans cont\u00f3 que llovi\u00f3 varias veces antes del aguacero m\u00e1s fuerte, que dur\u00f3 30 minutos, el s\u00e1bado por la tarde. Ten\u00eda previsto descansar durante el caluroso d\u00eda y pasar la noche cerca del campamento Bright Angel, una de las zonas m\u00e1s afectadas.<\/p>\n\n\n\n<p class=\"wp-block-paragraph\">Antes, los guardabosques le hab\u00edan dicho que parec\u00eda seguro. Luego, cuando empez\u00f3 a llover torrencialmente, le dijeron que era hora de marcharse. Pens\u00f3 en Nepal y en las enormes inundaciones y deslizamientos de tierra que azotaron los valles de las monta\u00f1as la semana pasada.<\/p>\n\n\n\n<p class=\"wp-block-paragraph\">\u201cDurante todo el tiempo que estuvo lloviendo, mientras hac\u00eda todo esto y empacaba, no dejaba de mirar r\u00edo arriba, rezando para que una pared de agua no viniera hacia nosotros\u201d, dijo Evans.<\/p>\n\n\n\n<p class=\"wp-block-paragraph\">Se ha identificado a uno de los excursionistas fallecidos mientras los rescatistas buscan a sus amigos.<\/p>\n\n\n\n<p class=\"wp-block-paragraph\">La familia de John Giusti, de 53 a\u00f1os, dijo que el quiropr\u00e1ctico texano parti\u00f3 el jueves en un viaje con el que hab\u00eda so\u00f1ado junto a dos amigos: pasar dos noches en el fondo del ca\u00f1\u00f3n pescando y haciendo senderismo.<\/p>\n\n\n\n<p class=\"wp-block-paragraph\">Hablaron con sus familias el jueves y encontraron su lugar de acampada el viernes. Desde entonces no se ha sabido nada de ellos, seg\u00fan declararon las tres familias en un comunicado conjunto publicado el lunes.<\/p>\n\n\n\n<p class=\"wp-block-paragraph\">Los equipos de b\u00fasqueda por aire y tierra contin\u00faan buscando a Brent Rosenkranz, de 42 a\u00f1os, propietario de un estudio de artes marciales en Texas, y a Timothy Smith, de 53 a\u00f1os, piloto de Wyoming, seg\u00fan informaron sus familias.<\/p>\n\n\n\n<p class=\"wp-block-paragraph\">Los tres hombres ten\u00edan v\u00ednculos con Granbury, Texas. Sus familias dijeron que planeaban &#8220;varios d\u00edas de senderismo, acampada, pesca y exploraci\u00f3n juntos&#8221;.<\/p>\n\n\n\n<p class=\"wp-block-paragraph\">Los responsables del parque informaron que el domingo por la noche recuperaron el cuerpo de un hombre de 46 a\u00f1os cerca de Crystal Rapids, a orillas del r\u00edo Colorado, y que estaban intentando recuperar un segundo cuerpo. En su correo electr\u00f3nico no proporcionaron m\u00e1s detalles.<\/p>\n\n\n\n<p class=\"wp-block-paragraph\">M\u00e1s de una docena de personas permanec\u00edan desaparecidas y las autoridades instaban a cualquier persona que se encontrara en el parque cuando se produjo la inundaci\u00f3n a que se pusiera en contacto con los guardaparques o con cualquier otra persona para hacerles saber que se encontraban bien.<\/p>\n\n\n\n<p class=\"wp-block-paragraph\">Shannon Cahill dijo que su hermano y su hija est\u00e1n desaparecidos en alg\u00fan lugar de la regi\u00f3n del Gran Ca\u00f1\u00f3n.<\/p>\n\n\n\n<p class=\"wp-block-paragraph\">Michael Wilhoit, de 53 a\u00f1os, y Mystic Wilhoit, de 30, junto con su novio, partieron el s\u00e1bado de campamento durante tres noches. Desde entonces, no ha tenido noticias de ninguno de ellos.<\/p>\n\n\n\n<p class=\"wp-block-paragraph\">Las llamadas van directamente al buz\u00f3n de voz y no han publicado nada en redes sociales.<\/p>\n\n\n\n<p class=\"wp-block-paragraph\">\u201cEsa no es Mystic. Si hace algo, lo publica. Publica constantemente\u201d, dijo Cahill. Cahill no estaba seguro de d\u00f3nde iban a acampar.<\/p>\n\n\n\n<p class=\"wp-block-paragraph\">A \u00faltima hora de la ma\u00f1ana del lunes, volvi\u00f3 a llover mientras el Departamento Estatal de Asuntos Militares y de Emergencia coordinaba con el servicio de parques y los funcionarios de gesti\u00f3n de emergencias del condado las labores de b\u00fasqueda y recuperaci\u00f3n.<\/p>\n\n\n\n<p class=\"wp-block-paragraph\">Es temporada de monzones en el Gran Ca\u00f1\u00f3n.<\/p>\n\n\n\n<p class=\"wp-block-paragraph\">Visitar el Gran Ca\u00f1\u00f3n puede ser especialmente peligroso en verano debido al riesgo de inundaciones repentinas que acompa\u00f1an al monz\u00f3n o temporada de lluvias.<\/p>\n\n\n\n<p class=\"wp-block-paragraph\">Los d\u00edas despejados pueden convertirse r\u00e1pidamente en tormentas el\u00e9ctricas y aguaceros.<\/p>\n\n\n\n<p class=\"wp-block-paragraph\">Los meteor\u00f3logos advirtieron que podr\u00edan producirse m\u00e1s inundaciones el lunes o pr\u00e1cticamente en cualquier momento que se presenten tormentas.<\/p>\n\n\n\n<p class=\"wp-block-paragraph\">Tambi\u00e9n llovi\u00f3 en parte de la zona afectada por el incendio Dragon Bravo, un \u00e1rea quemada por un incendio forestal provocado por un rayo en julio de 2025. Ardi\u00f3 durante d\u00edas antes de convertirse en una conflagraci\u00f3n de r\u00e1pida propagaci\u00f3n que oblig\u00f3 a evacuar a la poblaci\u00f3n y consumi\u00f3 el hist\u00f3rico Grand Canyon Lodge, algunas caba\u00f1as y otras estructuras.<\/p>\n\n\n\n<p class=\"wp-block-paragraph\">Sin vegetaci\u00f3n, una zona quemada y \u00e1rida permite que el agua de escorrent\u00eda fluya m\u00e1s r\u00e1pidamente.<\/p>\n\n\n\n<p class=\"wp-block-paragraph\">La naturaleza escarpada y rocosa del ca\u00f1\u00f3n canaliza el agua r\u00e1pidamente. Lo que en otro lugar ser\u00eda un aguacero veraniego normal, en el ca\u00f1\u00f3n puede convertirse en una impetuosa pared de agua.<\/p>\n\n\n\n<p class=\"wp-block-paragraph\">El fen\u00f3meno de El Ni\u00f1o ha provocado que los monzones de este a\u00f1o en el desierto sean especialmente intensos.<\/p>\n\n\n\n<p class=\"wp-block-paragraph\">Las fuertes lluvias monz\u00f3nicas de este a\u00f1o son especialmente intensas porque hay una mayor cantidad de vapor de agua en la atm\u00f3sfera, principalmente debido a un fuerte fen\u00f3meno de El Ni\u00f1o , dijo A. Park Williams, hidroclimat\u00f3logo de la Universidad de California en Los \u00c1ngeles.<\/p>\n\n\n\n<p class=\"wp-block-paragraph\">El calentamiento natural de algunas zonas del oc\u00e9ano Pac\u00edfico puede alterar el clima a nivel mundial. Ese exceso de vapor de agua en el suroeste de Estados Unidos se condensa en forma de lluvia durante las tormentas, explic\u00f3.<\/p>\n\n\n\n<p class=\"wp-block-paragraph\">La relaci\u00f3n entre el cambio clim\u00e1tico provocado por el ser humano y las fuertes lluvias en Arizona es bastante s\u00f3lida, afirm\u00f3 el climat\u00f3logo Daniel Swain, del Instituto de Recursos H\u00eddricos de California.<\/p>\n\n\n\n<p class=\"wp-block-paragraph\">Hace unos meses, Swain y sus colegas publicaron un estudio en la revista Weather and Climate Extremes en el que descubrieron que, durante el verano, los aguaceros intensos de corta duraci\u00f3n en el oeste, similares al que azot\u00f3 el Gran Ca\u00f1\u00f3n, se han vuelto un 10 % m\u00e1s fuertes desde el a\u00f1o 2000.<\/p>\n\n\n\n<p class=\"wp-block-paragraph\">La inundaci\u00f3n afecta el suministro de agua en el ca\u00f1\u00f3n.<\/p>\n\n\n\n<p class=\"wp-block-paragraph\">La inundaci\u00f3n supuso un duro golpe para el esfuerzo constante por modernizar el acueducto que abastece a los visitantes y a los aproximadamente 1.600 residentes de Grand Canyon Village.<\/p>\n\n\n\n<p class=\"wp-block-paragraph\">En 2023 se inici\u00f3 una rehabilitaci\u00f3n de la tuber\u00eda principal y mejoras en el sistema de suministro de agua asociado, con un costo de 208 millones de d\u00f3lares.<\/p>\n\n\n\n<p class=\"wp-block-paragraph\">El servicio de parques nacionales la considera una inversi\u00f3n crucial para garantizar que el parque pueda satisfacer las necesidades de residentes y visitantes. Se esperaba que el proyecto estuviera terminado el pr\u00f3ximo a\u00f1o.<\/p>\n\n\n\n<p class=\"wp-block-paragraph\">Si bien el Gran Ca\u00f1\u00f3n cuenta con grandes dep\u00f3sitos de agua potable en el borde sur, estos no se rellenar\u00e1n mientras el oleoducto est\u00e9 fuera de servicio.<\/p>\n\n\n\n<hr class=\"wp-block-separator has-alpha-channel-opacity\"\/>\n\n\n\n<p class=\"wp-block-paragraph\">Stengle inform\u00f3 desde Dallas. Contaron con la colaboraci\u00f3n de Seth Borenstein en Kensington, Maryland; Julie Walker en la ciudad de Nueva York; Jeffrey Collins en Columbia, Carolina del Sur; Kathy McCormack en Concord, Nuevo Hampshire; y Christopher Weber en Los \u00c1ngeles.<\/p>\n","protected":false},"excerpt":{"rendered":"<p>Dos personas fallecieron y una permanece desaparecida, seg\u00fan informaron las autoridades Por JAMIE STENGLE y TY ONEIL PARQUE NACIONAL DEL GRAN CA\u00d1\u00d3N, Arizona (AP) \u2014 Casi 80 personas fueron rescatadas&hellip;<\/p>\n","protected":false},"author":10,"featured_media":138635,"comment_status":"open","ping_status":"open","sticky":false,"template":"","format":"standard","meta":{"content-type":"","_jetpack_newsletter_access":"","_jetpack_dont_email_post_to_subs":false,"_jetpack_newsletter_tier_id":0,"_jetpack_memberships_contains_paywalled_content":false,"_jetpack_feature_clip_id":0,"_jetpack_memberships_contains_paid_content":false,"footnotes":"","jetpack_post_was_ever_published":false},"categories":[16289],"tags":[36168,21594,1516,36167],"class_list":["post-138634","post","type-post","status-publish","format-standard","has-post-thumbnail","hentry","category-internacionales","tag-cerca-de-80-personas","tag-gran-canon","tag-inundaciones","tag-rescatadas"],"jetpack-related-posts":[{"id":138555,"url":"https:\/\/lasprimeras.com.do\/index.php\/2026\/08\/30\/inundacion-en-el-gran-canon-inutiliza-tuberia-de-agua-que-abastece-a-los-turistas-dicen-autoridades\/","url_meta":{"origin":138634,"position":0},"title":"Inundaci\u00f3n en el Gran Ca\u00f1\u00f3n inutiliza tuber\u00eda de agua que abastece a los turistas, dicen autoridades","author":"Nelson Feliz","date":"30 de agosto de 2026","format":false,"excerpt":"POR JAMIE STENGLE and FELICIA FONSECA FLAGSTAFF, Arizona, EE.UU. (AP) \u2014 Una inundaci\u00f3n repentina en el Gran Ca\u00f1\u00f3n oblig\u00f3 a evacuar a decenas de personas y arrastr\u00f3 grandes rocas, estructuras met\u00e1licas y otros escombros al r\u00edo Colorado que lo atraviesa, inform\u00f3 el Servicio de Parques Nacionales. La riada tambi\u00e9n dej\u00f3\u2026","rel":"","context":"En \u00abINTERNACIONALES\u00bb","block_context":{"text":"INTERNACIONALES","link":"https:\/\/lasprimeras.com.do\/index.php\/category\/sin-categoria\/internacionales\/"},"img":{"alt_text":"","src":"https:\/\/i0.wp.com\/lasprimeras.com.do\/wp-content\/uploads\/2026\/08\/loma.jpg?resize=350%2C200&ssl=1","width":350,"height":200,"srcset":"https:\/\/i0.wp.com\/lasprimeras.com.do\/wp-content\/uploads\/2026\/08\/loma.jpg?resize=350%2C200&ssl=1 1x, https:\/\/i0.wp.com\/lasprimeras.com.do\/wp-content\/uploads\/2026\/08\/loma.jpg?resize=525%2C300&ssl=1 1.5x, https:\/\/i0.wp.com\/lasprimeras.com.do\/wp-content\/uploads\/2026\/08\/loma.jpg?resize=700%2C400&ssl=1 2x"},"classes":[]},{"id":103240,"url":"https:\/\/lasprimeras.com.do\/index.php\/2025\/07\/13\/incendio-destruye-un-historico-albergue-del-gran-canon-y-otras-estructuras\/","url_meta":{"origin":138634,"position":1},"title":"Incendio destruye un hist\u00f3rico albergue del Gran Ca\u00f1\u00f3n y otras estructuras","author":"Nelson Feliz","date":"13 de julio de 2025","format":false,"excerpt":"POR FELICIA FONSECA and ASSOCIATED PRESS FLAGSTAFF, Arizona, EE.UU. (AP) \u2014 Un incendio forestal de r\u00e1pido avance destruy\u00f3 un hist\u00f3rico albergue y decenas de otras estructuras en el Borde Norte del Gran Ca\u00f1\u00f3n, lo que oblig\u00f3 a los funcionarios a cerrar el acceso al Borde Norte por la temporada, inform\u00f3\u2026","rel":"","context":"En \u00abINTERNACIONALES\u00bb","block_context":{"text":"INTERNACIONALES","link":"https:\/\/lasprimeras.com.do\/index.php\/category\/sin-categoria\/internacionales\/"},"img":{"alt_text":"","src":"https:\/\/i0.wp.com\/lasprimeras.com.do\/wp-content\/uploads\/2025\/07\/fuego.jpg?resize=350%2C200&ssl=1","width":350,"height":200,"srcset":"https:\/\/i0.wp.com\/lasprimeras.com.do\/wp-content\/uploads\/2025\/07\/fuego.jpg?resize=350%2C200&ssl=1 1x, https:\/\/i0.wp.com\/lasprimeras.com.do\/wp-content\/uploads\/2025\/07\/fuego.jpg?resize=525%2C300&ssl=1 1.5x, https:\/\/i0.wp.com\/lasprimeras.com.do\/wp-content\/uploads\/2025\/07\/fuego.jpg?resize=700%2C400&ssl=1 2x"},"classes":[]},{"id":95143,"url":"https:\/\/lasprimeras.com.do\/index.php\/2025\/03\/10\/fuertes-lluvias-en-argentina-dejan-al-menos-16-muertos-y-decenas-de-desaparecidos\/","url_meta":{"origin":138634,"position":2},"title":"Fuertes lluvias en Argentina dejan al menos 16 muertos y decenas de desaparecidos","author":"Nelson Feliz","date":"10 de marzo de 2025","format":false,"excerpt":"BUENOS AIRES (AP) \u2014 Las fuertes lluvias que inundaron una ciudad en la costa este de Argentina en los \u00faltimos d\u00edas han matado al menos a 16 personas, dijeron las autoridades el domingo. Los equipos de rescate buscaban a decenas de personas que hab\u00edan sido reportadas como desaparecidas, entre ellas\u2026","rel":"","context":"En \u00abINTERNACIONALES\u00bb","block_context":{"text":"INTERNACIONALES","link":"https:\/\/lasprimeras.com.do\/index.php\/category\/sin-categoria\/internacionales\/"},"img":{"alt_text":"","src":"https:\/\/i0.wp.com\/lasprimeras.com.do\/wp-content\/uploads\/2025\/03\/LLUVIAS.png?resize=350%2C200&ssl=1","width":350,"height":200,"srcset":"https:\/\/i0.wp.com\/lasprimeras.com.do\/wp-content\/uploads\/2025\/03\/LLUVIAS.png?resize=350%2C200&ssl=1 1x, https:\/\/i0.wp.com\/lasprimeras.com.do\/wp-content\/uploads\/2025\/03\/LLUVIAS.png?resize=525%2C300&ssl=1 1.5x, https:\/\/i0.wp.com\/lasprimeras.com.do\/wp-content\/uploads\/2025\/03\/LLUVIAS.png?resize=700%2C400&ssl=1 2x"},"classes":[]},{"id":135042,"url":"https:\/\/lasprimeras.com.do\/index.php\/2026\/07\/19\/muere-familia-de-5-tras-inundacion-repentina-en-un-canon-de-utah\/","url_meta":{"origin":138634,"position":3},"title":"Muere familia de 5 tras inundaci\u00f3n repentina en un ca\u00f1\u00f3n de Utah","author":"Nelson Feliz","date":"19 de julio de 2026","format":false,"excerpt":"BICKNELL, Utah, EE.UU. (AP) \u2014 Cinco miembros de una familia que hac\u00eda senderismo murieron despu\u00e9s de que una inundaci\u00f3n repentina arras\u00f3 ca\u00f1ones del sur de Utah el viernes, informaron las autoridades. Las v\u00edctimas eran un capit\u00e1n del departamento de bomberos de Provo, Utah, su esposa y sus hijos varones, informaron\u2026","rel":"","context":"En \u00abINTERNACIONALES\u00bb","block_context":{"text":"INTERNACIONALES","link":"https:\/\/lasprimeras.com.do\/index.php\/category\/sin-categoria\/internacionales\/"},"img":{"alt_text":"","src":"https:\/\/i0.wp.com\/lasprimeras.com.do\/wp-content\/uploads\/2026\/07\/Muere-familia-de-5-tras-inundacion-repentina-en-un-canon-de-Utah.jpg?resize=350%2C200&ssl=1","width":350,"height":200,"srcset":"https:\/\/i0.wp.com\/lasprimeras.com.do\/wp-content\/uploads\/2026\/07\/Muere-familia-de-5-tras-inundacion-repentina-en-un-canon-de-Utah.jpg?resize=350%2C200&ssl=1 1x, https:\/\/i0.wp.com\/lasprimeras.com.do\/wp-content\/uploads\/2026\/07\/Muere-familia-de-5-tras-inundacion-repentina-en-un-canon-de-Utah.jpg?resize=525%2C300&ssl=1 1.5x"},"classes":[]},{"id":102949,"url":"https:\/\/lasprimeras.com.do\/index.php\/2025\/07\/10\/historias-desgarradoras-de-rescate-surgen-de-inundaciones-en-texas-aun-hay-mas-de-160-desaparecidos\/","url_meta":{"origin":138634,"position":4},"title":"Historias desgarradoras de rescate surgen de inundaciones en Texas; a\u00fan hay m\u00e1s de 160 desaparecidos","author":"Nelson Feliz","date":"10 de julio de 2025","format":false,"excerpt":"POR SEAN MURPHY, NADIA LATHAN and JOHN SEEWER HUNT, Texas, EE.UU. (AP) \u2014 En las fren\u00e9ticas horas despu\u00e9s de que una pared de agua engullera campamentos y hogares en Texas, un agente de polic\u00eda que tambi\u00e9n qued\u00f3 atrapado vio a docenas de personas varadas en techos y se adentr\u00f3 en\u2026","rel":"","context":"En \u00abINTERNACIONALES\u00bb","block_context":{"text":"INTERNACIONALES","link":"https:\/\/lasprimeras.com.do\/index.php\/category\/sin-categoria\/internacionales\/"},"img":{"alt_text":"","src":"https:\/\/i0.wp.com\/lasprimeras.com.do\/wp-content\/uploads\/2025\/07\/desap-1.jpg?resize=350%2C200&ssl=1","width":350,"height":200,"srcset":"https:\/\/i0.wp.com\/lasprimeras.com.do\/wp-content\/uploads\/2025\/07\/desap-1.jpg?resize=350%2C200&ssl=1 1x, https:\/\/i0.wp.com\/lasprimeras.com.do\/wp-content\/uploads\/2025\/07\/desap-1.jpg?resize=525%2C300&ssl=1 1.5x, https:\/\/i0.wp.com\/lasprimeras.com.do\/wp-content\/uploads\/2025\/07\/desap-1.jpg?resize=700%2C400&ssl=1 2x"},"classes":[]},{"id":82957,"url":"https:\/\/lasprimeras.com.do\/index.php\/2024\/05\/09\/rescatan-a-caramelo-un-caballo-atrapado-en-un-tejado-por-inundaciones-en-brasil\/","url_meta":{"origin":138634,"position":5},"title":"Rescatan a \u201cCaramelo\u201d, un caballo atrapado en un tejado por inundaciones en Brasil","author":"Nelson Feliz","date":"9 de mayo de 2024","format":false,"excerpt":"BY GABRIELA S\u00c1 PESSOA AND MAURICIO SAVARESE CANOAS, Brasil (AP) \u2014 Un caballo que fue apodado \u201cCaramelo\u201d por usuarios de redes sociales atrajo la atenci\u00f3n de todo Brasil cuando el helic\u00f3ptero de un noticiario televisivo lo vio atrapado sobre una techumbre en el sur del pa\u00eds, donde las graves inundaciones\u2026","rel":"","context":"En \u00abSin categor\u00eda\u00bb","block_context":{"text":"Sin categor\u00eda","link":"https:\/\/lasprimeras.com.do\/index.php\/category\/sin-categoria\/"},"img":{"alt_text":"","src":"https:\/\/i0.wp.com\/lasprimeras.com.do\/wp-content\/uploads\/2024\/05\/caramelo.jpg?resize=350%2C200&ssl=1","width":350,"height":200,"srcset":"https:\/\/i0.wp.com\/lasprimeras.com.do\/wp-content\/uploads\/2024\/05\/caramelo.jpg?resize=350%2C200&ssl=1 1x, https:\/\/i0.wp.com\/lasprimeras.com.do\/wp-content\/uploads\/2024\/05\/caramelo.jpg?resize=525%2C300&ssl=1 1.5x, https:\/\/i0.wp.com\/lasprimeras.com.do\/wp-content\/uploads\/2024\/05\/caramelo.jpg?resize=700%2C400&ssl=1 2x"},"classes":[]}],"jetpack_sharing_enabled":true,"jetpack_featured_media_url":"https:\/\/lasprimeras.com.do\/wp-content\/uploads\/2026\/08\/gran-canon.jpg","_links":{"self":[{"href":"https:\/\/lasprimeras.com.do\/index.php\/wp-json\/wp\/v2\/posts\/138634","targetHints":{"allow":["GET"]}}],"collection":[{"href":"https:\/\/lasprimeras.com.do\/index.php\/wp-json\/wp\/v2\/posts"}],"about":[{"href":"https:\/\/lasprimeras.com.do\/index.php\/wp-json\/wp\/v2\/types\/post"}],"author":[{"embeddable":true,"href":"https:\/\/lasprimeras.com.do\/index.php\/wp-json\/wp\/v2\/users\/10"}],"replies":[{"embeddable":true,"href":"https:\/\/lasprimeras.com.do\/index.php\/wp-json\/wp\/v2\/comments?post=138634"}],"version-history":[{"count":1,"href":"https:\/\/lasprimeras.com.do\/index.php\/wp-json\/wp\/v2\/posts\/138634\/revisions"}],"predecessor-version":[{"id":138636,"href":"https:\/\/lasprimeras.com.do\/index.php\/wp-json\/wp\/v2\/posts\/138634\/revisions\/138636"}],"wp:featuredmedia":[{"embeddable":true,"href":"https:\/\/lasprimeras.com.do\/index.php\/wp-json\/wp\/v2\/media\/138635"}],"wp:attachment":[{"href":"https:\/\/lasprimeras.com.do\/index.php\/wp-json\/wp\/v2\/media?parent=138634"}],"wp:term":[{"taxonomy":"category","embeddable":true,"href":"https:\/\/lasprimeras.com.do\/index.php\/wp-json\/wp\/v2\/categories?post=138634"},{"taxonomy":"post_tag","embeddable":true,"href":"https:\/\/lasprimeras.com.do\/index.php\/wp-json\/wp\/v2\/tags?post=138634"}],"curies":[{"name":"wp","href":"https:\/\/api.w.org\/{rel}","templated":true}]}}