{"id":138637,"date":"2026-08-31T22:50:49","date_gmt":"2026-09-01T02:50:49","guid":{"rendered":"https:\/\/lasprimeras.com.do\/?p=138637"},"modified":"2026-08-31T23:22:12","modified_gmt":"2026-09-01T03:22:12","slug":"jurado-declara-culpable-a-hombre-por-el-asesinato-de-tupac-shakur","status":"publish","type":"post","link":"https:\/\/lasprimeras.com.do\/index.php\/2026\/08\/31\/jurado-declara-culpable-a-hombre-por-el-asesinato-de-tupac-shakur\/","title":{"rendered":"Jurado declara culpable a hombre por el asesinato de Tupac Shakur"},"content":{"rendered":"\n<p class=\"wp-block-paragraph\">Por JESSICA HILL y JONATHAN LANDRUM JR.<\/p>\n\n\n\n<p class=\"wp-block-paragraph\">LAS VEGAS (AP) \u2014 Un jurado declar\u00f3 culpable a Duane \u201cKeffe D\u201d Davis de orquestar el asesinato en 1996 del \u00edcono del rap Tupac Shakur , lo que finalmente brinda cierta resoluci\u00f3n a un caso que hab\u00eda mantenido en vilo a los fan\u00e1ticos del hip-hop y hab\u00eda permanecido en la imaginaci\u00f3n p\u00fablica durante d\u00e9cadas.<\/p>\n\n\n\n<p class=\"wp-block-paragraph\">Davis, de 63 a\u00f1os, fue declarado culpable el lunes de un cargo de asesinato con arma mortal y podr\u00eda ser condenado a cadena perpetua. El jurado deliber\u00f3 durante menos de tres horas tras un juicio que dur\u00f3 varias semanas en Las Vegas.<\/p>\n\n\n\n<p class=\"wp-block-paragraph\">Tras la lectura del veredicto, la hermana de Shakur, Sekyiwa \u201cSet\u201d Shakur, llor\u00f3 y abraz\u00f3 a los fiscales. El hijo de Davis se cubri\u00f3 el rostro con una mano.<\/p>\n\n\n\n<p class=\"wp-block-paragraph\">El fiscal adjunto principal, Binu Palal, declar\u00f3 ante el jurado en sus alegatos finales el lunes por la ma\u00f1ana que Davis adquiri\u00f3 un arma y &#8220;sali\u00f3 a la caza&#8221; de Shakur y del cofundador de Death Row Records, Marion &#8220;Suge&#8221; Knight, despu\u00e9s de que estos hombres hubieran golpeado al sobrino de Davis esa misma noche.<\/p>\n\n\n\n<p class=\"wp-block-paragraph\">\u201c\u00c9l es responsable del asesinato de Tupac Shakur\u201d, dijo Palal. \u201cD\u00edganle que lo escuchan. Decl\u00e1renlo culpable\u201d.<\/p>\n\n\n\n<p class=\"wp-block-paragraph\">Los fiscales afirmaron que, si bien su versi\u00f3n de los hechos hab\u00eda cambiado con el paso de los a\u00f1os, Davis se ubic\u00f3 repetidamente dentro de un Cadillac blanco desde el cual se efectuaron los disparos.<\/p>\n\n\n<div class=\"wp-block-image\">\n<figure class=\"alignleft size-full\"><img decoding=\"async\" width=\"427\" height=\"318\" src=\"https:\/\/lasprimeras.com.do\/wp-content\/uploads\/2026\/08\/culpable-2.jpg\" alt=\"\" class=\"wp-image-138649\" srcset=\"https:\/\/lasprimeras.com.do\/wp-content\/uploads\/2026\/08\/culpable-2.jpg 427w, https:\/\/lasprimeras.com.do\/wp-content\/uploads\/2026\/08\/culpable-2-300x223.jpg 300w\" sizes=\"(max-width: 427px) 100vw, 427px\" \/><\/figure>\n<\/div>\n\n\n<p class=\"wp-block-paragraph\">A\u00f1adieron que, aunque \u00e9l no apret\u00f3 el gatillo, las pruebas demostraban que hab\u00eda ordenado los disparos, ya que era un poderoso l\u00edder de pandilla al que los j\u00f3venes que iban en el auto, incluido su sobrino, iban a obedecer.<\/p>\n\n\n\n<p class=\"wp-block-paragraph\">El abogado defensor Michael Sanft pregunt\u00f3 a los miembros del jurado si exist\u00eda alguna prueba de que Davis hubiera tomado las decisiones antes o despu\u00e9s del tiroteo.<\/p>\n\n\n\n<p class=\"wp-block-paragraph\">El jurado, compuesto por 16 miembros , cuatro de ellos suplentes, escuch\u00f3 el testimonio de 24 testigos de la fiscal\u00eda y tres testigos de la defensa durante nueve d\u00edas.<\/p>\n\n\n\n<p class=\"wp-block-paragraph\">La fiscal\u00eda indic\u00f3 que el estado desestimar\u00eda el cargo de agravante por pertenencia a una pandilla debido a problemas log\u00edsticos con los testigos.<\/p>\n\n\n\n<p class=\"wp-block-paragraph\">Los fiscales se negaron a hacer comentarios tras el veredicto, y los familiares de Shakur declararon que esperar\u00edan hasta la sentencia, prevista para octubre.<\/p>\n\n\n\n<p class=\"wp-block-paragraph\">El caso, que data de hace d\u00e9cadas, ha atra\u00eddo la atenci\u00f3n tanto de los fan\u00e1ticos del hip-hop como de los expertos en criminolog\u00eda.<\/p>\n\n\n\n<p class=\"wp-block-paragraph\">El juicio puso fin a un caso de d\u00e9cadas de antig\u00fcedad que durante a\u00f1os hab\u00eda atra\u00eddo la atenci\u00f3n tanto de los fan\u00e1ticos del hip-hop como de los expertos en cr\u00edmenes reales.<\/p>\n\n\n\n<p class=\"wp-block-paragraph\">Shakur, considerado uno de los raperos m\u00e1s influyentes de todos los tiempos, se encontraba en Las Vegas el 7 de septiembre de 1996 y se detuvo en un sem\u00e1foro en rojo cuando un Cadillac blanco se detuvo a su lado y se produjeron disparos.<\/p>\n\n\n\n<p class=\"wp-block-paragraph\">Muri\u00f3 seis d\u00edas despu\u00e9s a causa de sus heridas. Knight tambi\u00e9n result\u00f3 herido, pero sobrevivi\u00f3.<\/p>\n\n\n\n<p class=\"wp-block-paragraph\">Durante a\u00f1os, nadie hab\u00eda sido acusado por la muerte del rapero hasta que Davis comenz\u00f3 a hacer declaraciones p\u00fablicas, afirmando que \u00e9l estaba en el Cadillac y que le dio el arma a otros que iban en el asiento trasero, calificando el tiroteo como una represalia por la paliza que le hab\u00edan dado a su sobrino anteriormente.<\/p>\n\n\n\n<p class=\"wp-block-paragraph\">Davis es la \u00fanica persona que sigue con vida entre los cuatro hombres que, seg\u00fan los fiscales, estaban en el Cadillac .<\/p>\n\n\n\n<p class=\"wp-block-paragraph\">Los testigos describieron la rivalidad hostil entre las pandillas de Los \u00c1ngeles Mob Piru y Southside Compton Crips de Davis, que precedi\u00f3 a la muerte de Shakur, y c\u00f3mo las pandillas se afiliaron a Death Row Records de Knight y a Bad Boy Records de Sean \u201cDiddy\u201d Combs.<\/p>\n\n\n\n<p class=\"wp-block-paragraph\">La defensa argument\u00f3 que las declaraciones p\u00fablicas eran falsas y que faltaban pruebas f\u00edsicas.<\/p>\n\n\n\n<p class=\"wp-block-paragraph\">Sanft, el abogado de Davis, argument\u00f3 que no exist\u00eda evidencia f\u00edsica que vinculara a su cliente con el tiroteo.<\/p>\n\n\n\n<p class=\"wp-block-paragraph\">Afirm\u00f3 que el libro del que Davis fue coautor y las declaraciones p\u00fablicas que hizo eran una demostraci\u00f3n de bravuconer\u00eda dramatizada, dise\u00f1ada para ganar dinero, no para decir la verdad.<\/p>\n\n\n\n<p class=\"wp-block-paragraph\">A lo largo del juicio, Sanft cuestion\u00f3 la versi\u00f3n de los fiscales. Afirm\u00f3 que los investigadores no respaldaron las declaraciones de su cliente y se\u00f1al\u00f3 repetidamente la falta de pruebas f\u00edsicas, como registros telef\u00f3nicos, que demostraran que Davis era quien dirig\u00eda la operaci\u00f3n.<\/p>\n\n\n\n<p class=\"wp-block-paragraph\">\u201cNo tienen nada en este caso que indique que ese hombre estuvo aqu\u00ed en Las Vegas el 7 de septiembre de 1996\u201d, dijo Sanft durante su alegato final.<\/p>\n\n\n\n<p class=\"wp-block-paragraph\">En su alegato de refutaci\u00f3n, el fiscal Marc DiGiacomo se\u00f1al\u00f3 un \u00e1lbum de recortes que Davis guardaba con art\u00edculos sobre Shakur.<\/p>\n\n\n\n<p class=\"wp-block-paragraph\">\u201cEste tipo est\u00e1 haciendo un \u00e1lbum de recortes sobre su asesinato, \u00a1por Dios!\u201d, dijo DiGiacomo a los miembros del jurado.<\/p>\n\n\n\n<p class=\"wp-block-paragraph\">Las propias palabras de Davis ocuparon un lugar central.<\/p>\n\n\n\n<p class=\"wp-block-paragraph\">Palal mostr\u00f3 las memorias de Davis de 2019, &#8220;Compton Street Legend&#8221;, y reprodujo una entrevista en la que Davis animaba a la gente a comprarlas para conocer la &#8220;verdadera realidad&#8221;.<\/p>\n\n\n\n<p class=\"wp-block-paragraph\">Aunque el libro incluye una advertencia que indica que algunos hechos fueron modificados, los fiscales argumentaron que el relato central no lo fue.<\/p>\n\n\n\n<p class=\"wp-block-paragraph\">Durante su alegato final, Sanft tambi\u00e9n hizo referencia a las memorias de su cliente.<\/p>\n\n\n\n<p class=\"wp-block-paragraph\">Al leer un fragmento, pronunci\u00f3 en voz alta un insulto racista, lo que provoc\u00f3 que los presentes en la sala, que estaba abarrotada, se estremecieran y negaran con la cabeza.<\/p>\n\n\n\n<p class=\"wp-block-paragraph\">En varias entrevistas, Davis afirm\u00f3 haber entregado el arma al ocupante del asiento trasero, pero en otras, as\u00ed como en su libro, Davis no quiso revelar qui\u00e9n apret\u00f3 el gatillo.<\/p>\n\n\n\n<p class=\"wp-block-paragraph\">Las rivalidades entre bandas y sellos discogr\u00e1ficos sirvieron de tel\u00f3n de fondo.<\/p>\n\n\n\n<p class=\"wp-block-paragraph\">Si bien los fiscales insistieron en que las palabras de Davis por s\u00ed solas eran suficientes para condenarlo, dijeron que una rivalidad entre pandillas ayudaba a explicar por qu\u00e9 ocurri\u00f3 el tiroteo.<\/p>\n\n\n\n<p class=\"wp-block-paragraph\">Los testigos describieron la rivalidad hostil entre las facciones de pandillas de Los \u00c1ngeles que precedi\u00f3 a la muerte de Shakur, y c\u00f3mo las pandillas se afiliaron a dos sellos discogr\u00e1ficos rivales: Mob Piru con Death Row Records de Knight y los South Side Compton Crips con Bad Boy Records de Sean \u201cDiddy\u201d Combs.<\/p>\n\n\n\n<p class=\"wp-block-paragraph\">El asesinato a tiros de The Notorious BIG, de Bad Boy, seis meses despu\u00e9s del de Shakur, fue mencionado en repetidas ocasiones durante el juicio.<\/p>\n\n\n\n<p class=\"wp-block-paragraph\">Testigos policiales afirmaron que Davis fue brevemente sospechoso de ese homicidio antes de que se descartara su participaci\u00f3n. Ese caso, que tambi\u00e9n ha obsesionado a los fan\u00e1ticos del hip-hop, sigue sin resolverse.<\/p>\n\n\n\n<hr class=\"wp-block-separator has-alpha-channel-opacity\"\/>\n\n\n\n<p class=\"wp-block-paragraph\">Landrum Jr. inform\u00f3 desde Los \u00c1ngeles. Los periodistas de Associated Press Rio Yamat en Las Vegas y Andrew Dalton en Los \u00c1ngeles contribuyeron a este reportaje.<\/p>\n","protected":false},"excerpt":{"rendered":"<p>Por JESSICA HILL y JONATHAN LANDRUM JR. LAS VEGAS (AP) \u2014 Un jurado declar\u00f3 culpable a Duane \u201cKeffe D\u201d Davis de orquestar el asesinato en 1996 del \u00edcono del rap&hellip;<\/p>\n","protected":false},"author":10,"featured_media":138638,"comment_status":"open","ping_status":"open","sticky":false,"template":"","format":"standard","meta":{"content-type":"","_jetpack_newsletter_access":"","_jetpack_dont_email_post_to_subs":false,"_jetpack_newsletter_tier_id":0,"_jetpack_memberships_contains_paywalled_content":false,"_jetpack_feature_clip_id":0,"_jetpack_memberships_contains_paid_content":false,"footnotes":"","jetpack_post_was_ever_published":false},"categories":[16289],"tags":[771,106,46,492,36169,109,36170],"class_list":["post-138637","post","type-post","status-publish","format-standard","has-post-thumbnail","hentry","category-internacionales","tag-asesinato","tag-culpable","tag-hombre","tag-homicidio","tag-icono-del-rap","tag-jurado","tag-tupac-shakur"],"jetpack-related-posts":[{"id":88163,"url":"https:\/\/lasprimeras.com.do\/index.php\/2024\/08\/23\/ninera-de-eeuu-se-declara-culpable-de-muerte-de-hombre-al-que-maltrato-cuando-era-un-bebe\/","url_meta":{"origin":138637,"position":0},"title":"Ni\u00f1era de EEUU se declara culpable de muerte de hombre al que maltrat\u00f3 cuando era un beb\u00e9","author":"Nelson Feliz","date":"23 de agosto de 2024","format":false,"excerpt":"Miami,(EFE).- Una exni\u00f1era se declar\u00f3 culpable de asesinato por la muerte en 2019 de un hombre de 35 a\u00f1os al que la mujer atac\u00f3 mientras lo cuidaba hace 40 a\u00f1os en una casa en Florida (EE.UU.), cuando la v\u00edctima ten\u00eda cinco meses de nacida. Terry McKirchy, de 62 a\u00f1os, acept\u00f3\u2026","rel":"","context":"En \u00abSin categor\u00eda\u00bb","block_context":{"text":"Sin categor\u00eda","link":"https:\/\/lasprimeras.com.do\/index.php\/category\/sin-categoria\/"},"img":{"alt_text":"Ni\u00f1era de EEUU","src":"https:\/\/i0.wp.com\/lasprimeras.com.do\/wp-content\/uploads\/2024\/08\/Ninera-de-EEUU.jpg?resize=350%2C200&ssl=1","width":350,"height":200,"srcset":"https:\/\/i0.wp.com\/lasprimeras.com.do\/wp-content\/uploads\/2024\/08\/Ninera-de-EEUU.jpg?resize=350%2C200&ssl=1 1x, https:\/\/i0.wp.com\/lasprimeras.com.do\/wp-content\/uploads\/2024\/08\/Ninera-de-EEUU.jpg?resize=525%2C300&ssl=1 1.5x, https:\/\/i0.wp.com\/lasprimeras.com.do\/wp-content\/uploads\/2024\/08\/Ninera-de-EEUU.jpg?resize=700%2C400&ssl=1 2x"},"classes":[]},{"id":48493,"url":"https:\/\/lasprimeras.com.do\/index.php\/2023\/05\/01\/jurado-de-florida-decidira-si-rapero-ynw-melly-es-culpable-de-doble-asesinato\/","url_meta":{"origin":138637,"position":1},"title":"Jurado de Florida decidir\u00e1 si rapero YNW Melly es culpable de doble asesinato","author":"prenxa100","date":"1 de mayo de 2023","format":false,"excerpt":"Miami, EFE.-. Un jurado popular de Florida decidir\u00e1 si el rapero YNM Melly es o no culpable del asesinato a tiros de dos amigos suyos en 2018, una acusaci\u00f3n por la que la Fiscal\u00eda pidi\u00f3 la pena de muerte para el m\u00fasico que precisamente salt\u00f3 a la fama ese a\u00f1o\u2026","rel":"","context":"En \u00abSin categor\u00eda\u00bb","block_context":{"text":"Sin categor\u00eda","link":"https:\/\/lasprimeras.com.do\/index.php\/category\/sin-categoria\/"},"img":{"alt_text":"","src":"","width":0,"height":0},"classes":[]},{"id":51719,"url":"https:\/\/lasprimeras.com.do\/index.php\/2023\/06\/02\/condenan-a-prision-perpetua-empresario-por-participar-en-asesinato-de-jovenel-moise\/","url_meta":{"origin":138637,"position":2},"title":"Condenan a prisi\u00f3n perpetua empresario por participar en asesinato de Jovenel Mo\u00efse","author":"prenxa100","date":"2 de junio de 2023","format":false,"excerpt":"Miami, AP.-. Un empresario de doble nacionalidad haitiana y chilena que ayud\u00f3 a exsoldados colombianos a conseguir armas para asesinar al presidente haitiano Jovenel Mo\u00efse en 2021 fue condenado el viernes a prisi\u00f3n perpetua en Estados Unidos, casi dos meses despu\u00e9s de haber admitido su participaci\u00f3n en el magnicidio. Rodolphe\u2026","rel":"","context":"En \u00abSin categor\u00eda\u00bb","block_context":{"text":"Sin categor\u00eda","link":"https:\/\/lasprimeras.com.do\/index.php\/category\/sin-categoria\/"},"img":{"alt_text":"","src":"","width":0,"height":0},"classes":[]},{"id":77432,"url":"https:\/\/lasprimeras.com.do\/index.php\/2024\/02\/20\/acusan-dos-hombres-del-asesinato-en-la-celebracion-del-super-bowl-de-kansas-city\/","url_meta":{"origin":138637,"position":3},"title":"Acusan dos hombres \u200b\u200bdel asesinato en la celebraci\u00f3n del Super Bowl de Kansas City","author":"Nelson Feliz","date":"20 de febrero de 2024","format":false,"excerpt":"POR NICK INGRAM Y MARGERY A. BECK KANSAS CITY, Missouri, EE.UU. (AP) \u2014 Dos hombres acusados \u200b\u200bde asesinato en el tiroteo de la semana pasada despu\u00e9s del desfile del Super Bowl de los Kansas City Chiefs eran desconocidos que sacaron armas y comenzaron a disparar segundos despu\u00e9s de iniciar una\u2026","rel":"","context":"En \u00abSin categor\u00eda\u00bb","block_context":{"text":"Sin categor\u00eda","link":"https:\/\/lasprimeras.com.do\/index.php\/category\/sin-categoria\/"},"img":{"alt_text":"acusan","src":"https:\/\/i0.wp.com\/lasprimeras.com.do\/wp-content\/uploads\/2024\/02\/acusan.jpg?resize=350%2C200&ssl=1","width":350,"height":200,"srcset":"https:\/\/i0.wp.com\/lasprimeras.com.do\/wp-content\/uploads\/2024\/02\/acusan.jpg?resize=350%2C200&ssl=1 1x, https:\/\/i0.wp.com\/lasprimeras.com.do\/wp-content\/uploads\/2024\/02\/acusan.jpg?resize=525%2C300&ssl=1 1.5x, https:\/\/i0.wp.com\/lasprimeras.com.do\/wp-content\/uploads\/2024\/02\/acusan.jpg?resize=700%2C400&ssl=1 2x"},"classes":[]},{"id":78078,"url":"https:\/\/lasprimeras.com.do\/index.php\/2024\/02\/27\/el-motivo-del-asesinato-de-policia-de-baltimore-sigue-siendo-un-misterio-cuando-comienza-el-juicio\/","url_meta":{"origin":138637,"position":4},"title":"El motivo del asesinato de polic\u00eda de Baltimore sigue siendo un misterio cuando comienza el juicio","author":"Nelson Feliz","date":"27 de febrero de 2024","format":false,"excerpt":"POR LEA SKENE BALTIMORE (AP) \u2014 Cuando comenz\u00f3 el martes el juicio de un hombre acusado de la mortal emboscada a tiros contra un oficial de polic\u00eda de Baltimore, el motivo del asesinato sigue siendo un misterio m\u00e1s de dos a\u00f1os despu\u00e9s. La oficial Keona Holley , que recibi\u00f3 varios\u2026","rel":"","context":"En \u00abSin categor\u00eda\u00bb","block_context":{"text":"Sin categor\u00eda","link":"https:\/\/lasprimeras.com.do\/index.php\/category\/sin-categoria\/"},"img":{"alt_text":"","src":"https:\/\/i0.wp.com\/lasprimeras.com.do\/wp-content\/uploads\/2024\/02\/POLICIA.jpg?resize=350%2C200&ssl=1","width":350,"height":200,"srcset":"https:\/\/i0.wp.com\/lasprimeras.com.do\/wp-content\/uploads\/2024\/02\/POLICIA.jpg?resize=350%2C200&ssl=1 1x, https:\/\/i0.wp.com\/lasprimeras.com.do\/wp-content\/uploads\/2024\/02\/POLICIA.jpg?resize=525%2C300&ssl=1 1.5x, https:\/\/i0.wp.com\/lasprimeras.com.do\/wp-content\/uploads\/2024\/02\/POLICIA.jpg?resize=700%2C400&ssl=1 2x"},"classes":[]},{"id":87835,"url":"https:\/\/lasprimeras.com.do\/index.php\/2024\/08\/18\/el-excongresista-george-santos-se-declarara-culpable-en-caso-de-fraude-federal\/","url_meta":{"origin":138637,"position":5},"title":"El excongresista George Santos se declarar\u00e1 culpable en caso de fraude federal","author":"Nelson Feliz","date":"18 de agosto de 2024","format":false,"excerpt":"Las autoridades esperan que el excongresista federal George Santos se declare culpable de m\u00faltiples cargos en el juicio que enfrenta por fraude federal, asegur\u00f3 una persona familiarizada con el caso. Se prev\u00e9 que el exlegislador republicano por Nueva York, se declare culpable en una audiencia programada para el lunes en\u2026","rel":"","context":"En \u00abSin categor\u00eda\u00bb","block_context":{"text":"Sin categor\u00eda","link":"https:\/\/lasprimeras.com.do\/index.php\/category\/sin-categoria\/"},"img":{"alt_text":"George Santos","src":"https:\/\/i0.wp.com\/lasprimeras.com.do\/wp-content\/uploads\/2024\/08\/George-Santos.jpg?resize=350%2C200&ssl=1","width":350,"height":200,"srcset":"https:\/\/i0.wp.com\/lasprimeras.com.do\/wp-content\/uploads\/2024\/08\/George-Santos.jpg?resize=350%2C200&ssl=1 1x, https:\/\/i0.wp.com\/lasprimeras.com.do\/wp-content\/uploads\/2024\/08\/George-Santos.jpg?resize=525%2C300&ssl=1 1.5x"},"classes":[]}],"jetpack_sharing_enabled":true,"jetpack_featured_media_url":"https:\/\/lasprimeras.com.do\/wp-content\/uploads\/2026\/08\/culpable.jpg","_links":{"self":[{"href":"https:\/\/lasprimeras.com.do\/index.php\/wp-json\/wp\/v2\/posts\/138637","targetHints":{"allow":["GET"]}}],"collection":[{"href":"https:\/\/lasprimeras.com.do\/index.php\/wp-json\/wp\/v2\/posts"}],"about":[{"href":"https:\/\/lasprimeras.com.do\/index.php\/wp-json\/wp\/v2\/types\/post"}],"author":[{"embeddable":true,"href":"https:\/\/lasprimeras.com.do\/index.php\/wp-json\/wp\/v2\/users\/10"}],"replies":[{"embeddable":true,"href":"https:\/\/lasprimeras.com.do\/index.php\/wp-json\/wp\/v2\/comments?post=138637"}],"version-history":[{"count":2,"href":"https:\/\/lasprimeras.com.do\/index.php\/wp-json\/wp\/v2\/posts\/138637\/revisions"}],"predecessor-version":[{"id":138650,"href":"https:\/\/lasprimeras.com.do\/index.php\/wp-json\/wp\/v2\/posts\/138637\/revisions\/138650"}],"wp:featuredmedia":[{"embeddable":true,"href":"https:\/\/lasprimeras.com.do\/index.php\/wp-json\/wp\/v2\/media\/138638"}],"wp:attachment":[{"href":"https:\/\/lasprimeras.com.do\/index.php\/wp-json\/wp\/v2\/media?parent=138637"}],"wp:term":[{"taxonomy":"category","embeddable":true,"href":"https:\/\/lasprimeras.com.do\/index.php\/wp-json\/wp\/v2\/categories?post=138637"},{"taxonomy":"post_tag","embeddable":true,"href":"https:\/\/lasprimeras.com.do\/index.php\/wp-json\/wp\/v2\/tags?post=138637"}],"curies":[{"name":"wp","href":"https:\/\/api.w.org\/{rel}","templated":true}]}}