{"id":138643,"date":"2026-08-31T23:08:02","date_gmt":"2026-09-01T03:08:02","guid":{"rendered":"https:\/\/lasprimeras.com.do\/?p=138643"},"modified":"2026-08-31T23:08:04","modified_gmt":"2026-09-01T03:08:04","slug":"mujer-apunala-a-dos-personas-en-times-square-y-es-abatida-por-la-policia","status":"publish","type":"post","link":"https:\/\/lasprimeras.com.do\/index.php\/2026\/08\/31\/mujer-apunala-a-dos-personas-en-times-square-y-es-abatida-por-la-policia\/","title":{"rendered":"Mujer apu\u00f1ala a dos personas en Times Square y es abatida por la polic\u00eda"},"content":{"rendered":"\n<p class=\"wp-block-paragraph\">Por HALLIE GOLDEN<\/p>\n\n\n\n<p class=\"wp-block-paragraph\">Seg\u00fan las autoridades, una mujer apu\u00f1al\u00f3 indiscriminadamente a dos personas en Times Square, en la ciudad de Nueva York, el lunes, matando a una de ellas, y posteriormente fue abatida a tiros por la polic\u00eda.<\/p>\n\n\n\n<p class=\"wp-block-paragraph\">El tiroteo ocurri\u00f3 poco antes de las 4:30 p. m. junto a una subestaci\u00f3n del Departamento de Polic\u00eda de Nueva York, justo afuera de One Times Square, el edificio que alberga la tradicional ca\u00edda de la bola de Nochevieja. Es uno de los lugares m\u00e1s concurridos y vigilados de toda Nueva York.<\/p>\n\n\n\n<p class=\"wp-block-paragraph\">La mujer de 49 a\u00f1os, residente de Queens, sac\u00f3 dos cuchillos de una bolsa de la compra y apu\u00f1al\u00f3 a un hombre de 68 a\u00f1os que acababa de salir de la estaci\u00f3n de metro y esperaba para cruzar la calle con su esposa, hiri\u00e9ndolo en el abdomen, seg\u00fan declar\u00f3 la comisionada de polic\u00eda Jessica Tisch en una rueda de prensa.<\/p>\n\n\n\n<p class=\"wp-block-paragraph\">Segundos despu\u00e9s, la mujer apu\u00f1al\u00f3 a otra mujer de 32 a\u00f1os, tambi\u00e9n en el abdomen, seg\u00fan inform\u00f3 Tisch. Ambas v\u00edctimas fueron trasladadas al hospital. La mujer falleci\u00f3 y el hombre se encuentra en condici\u00f3n estable, seg\u00fan la polic\u00eda.<\/p>\n\n\n\n<p class=\"wp-block-paragraph\">La polic\u00eda no especific\u00f3 si las v\u00edctimas eran turistas que visitaban la ciudad o residentes.<\/p>\n\n\n\n<p class=\"wp-block-paragraph\">Los v\u00eddeos publicados en las redes sociales muestran a un grupo de al menos 10 agentes reunidos alrededor de la mujer, que sosten\u00eda dos cuchillos de cocina grandes.<\/p>\n\n\n\n<p class=\"wp-block-paragraph\">Seg\u00fan Tisch, los agentes intentaron convencer a la mujer de que soltara los cuchillos durante varios minutos antes de usar una pistola Taser. La mujer les dijo: \u00abNo voy a soltar nada, prefiero matarlos a los dos\u00bb.<\/p>\n\n\n\n<p class=\"wp-block-paragraph\">El v\u00eddeo muestra que la pistola Taser no la incapacita y que la mujer camina r\u00e1pidamente hacia los agentes mientras agita los cuchillos delante de ella.<\/p>\n\n\n\n<p class=\"wp-block-paragraph\">Seg\u00fan la polic\u00eda, dos agentes dispararon contra la mujer. En el video publicado por testigos, se ve a la mujer caer al suelo, donde un agente la espos\u00f3. Los agentes la colocaron boca arriba y le prestaron primeros auxilios.<\/p>\n\n\n\n<p class=\"wp-block-paragraph\">\u201cSe trataba de una situaci\u00f3n extraordinariamente peligrosa que se desarrollaba en el coraz\u00f3n de Times Square, la encrucijada del mundo\u201d, dijo Tisch.<\/p>\n\n\n\n<p class=\"wp-block-paragraph\">La mujer tiene un historial documentado de problemas de salud mental con el Departamento de Polic\u00eda de Nueva York (NYPD), que incluye incidentes en 2018 y 2019, pero no tiene antecedentes penales, seg\u00fan Tisch. No proporcion\u00f3 m\u00e1s detalles.<\/p>\n\n\n\n<p class=\"wp-block-paragraph\">La polic\u00eda est\u00e1 investigando. Tisch afirm\u00f3 que no hab\u00eda pruebas que sugirieran que se tratara de un ataque terrorista.<\/p>\n\n\n\n<p class=\"wp-block-paragraph\">Seg\u00fan la polic\u00eda, los nombres de las v\u00edctimas no se han hecho p\u00fablicos hasta que se notifique a sus familiares.<\/p>\n\n\n\n<p class=\"wp-block-paragraph\">\u201cSabemos que la vida de esas familias ha quedado destrozada por lo ocurrido hoy, y seguiremos teni\u00e9ndolas presentes en todo momento, durante las horas, los d\u00edas y las semanas que transcurran a partir de ahora\u201d, declar\u00f3 el alcalde Zohran Mamdani .<\/p>\n\n\n\n<p class=\"wp-block-paragraph\">Tanto Mamdani como Tisch elogiaron a los agentes, afirmando que m\u00e1s personas podr\u00edan haber resultado heridas o muertas de no ser por sus acciones.<\/p>\n\n\n\n<p class=\"wp-block-paragraph\">La polic\u00eda de Nueva York cerr\u00f3 temporalmente parte de la S\u00e9ptima Avenida y advirti\u00f3 al p\u00fablico que se mantuviera alejado de la zona.<\/p>\n\n\n\n<p class=\"wp-block-paragraph\">La polic\u00eda acordon\u00f3 el \u00e1rea con cinta policial mientras un numeroso grupo de agentes trabajaba en las inmediaciones.<\/p>\n\n\n\n<p class=\"wp-block-paragraph\">Los delitos violentos han disminuido dr\u00e1sticamente en la ciudad de Nueva York en lo que va del a\u00f1o, con una reducci\u00f3n del 24% en los homicidios, que podr\u00edan alcanzar su nivel m\u00e1s bajo en d\u00e9cadas.<\/p>\n\n\n\n<p class=\"wp-block-paragraph\">Sin embargo, este es el segundo asesinato en Times Square este a\u00f1o. Un hombre fue apu\u00f1alado mortalmente en la misma zona en mayo.<\/p>\n","protected":false},"excerpt":{"rendered":"<p>Por HALLIE GOLDEN Seg\u00fan las autoridades, una mujer apu\u00f1al\u00f3 indiscriminadamente a dos personas en Times Square, en la ciudad de Nueva York, el lunes, matando a una de ellas, y&hellip;<\/p>\n","protected":false},"author":10,"featured_media":138644,"comment_status":"open","ping_status":"open","sticky":false,"template":"","format":"standard","meta":{"content-type":"","_jetpack_newsletter_access":"","_jetpack_dont_email_post_to_subs":false,"_jetpack_newsletter_tier_id":0,"_jetpack_memberships_contains_paywalled_content":false,"_jetpack_feature_clip_id":0,"_jetpack_memberships_contains_paid_content":false,"footnotes":"","jetpack_post_was_ever_published":false},"categories":[16289],"tags":[36174,12384,3094,36175,429,104,48,36173],"class_list":["post-138643","post","type-post","status-publish","format-standard","has-post-thumbnail","hentry","category-internacionales","tag-abatida","tag-apunala","tag-dos-personas","tag-matando-a-una-de-ellas","tag-mujer","tag-nueva-york","tag-policia","tag-times-square"],"jetpack-related-posts":[{"id":95835,"url":"https:\/\/lasprimeras.com.do\/index.php\/2025\/03\/19\/apunalan-a-dos-hermanos-presuntamente-dominicanos-en-el-alto-manhattan\/","url_meta":{"origin":138643,"position":0},"title":"Apu\u00f1alan a dos hermanos, presuntamente dominicanos, en el Alto Manhattan","author":"Nelson Feliz","date":"19 de marzo de 2025","format":false,"excerpt":"Por Ram\u00f3n Mercedes NUEVA YORK.- Los apu\u00f1alamientos contra personas en esta ciudad se mantienen muy activo, y uno de los \u00faltimos ocurri\u00f3 a plena luz del d\u00eda en el Alto Manhattan contra dos hermanos presuntamente son dominicanos. Seg\u00fan el Departamento de Polic\u00eda de NYC, poco despu\u00e9s de las 12:40 de\u2026","rel":"","context":"En \u00abINTERNACIONALES\u00bb","block_context":{"text":"INTERNACIONALES","link":"https:\/\/lasprimeras.com.do\/index.php\/category\/sin-categoria\/internacionales\/"},"img":{"alt_text":"Apu\u00f1alan a dos hermanos, presuntamente dominicanos, en el Alto Manhattan","src":"https:\/\/i0.wp.com\/lasprimeras.com.do\/wp-content\/uploads\/2025\/03\/WhatsApp-Image-2025-03-19-at-5.35.01-AM.jpeg?resize=350%2C200&ssl=1","width":350,"height":200},"classes":[]},{"id":48663,"url":"https:\/\/lasprimeras.com.do\/index.php\/2023\/05\/03\/un-muerto-estrangulado-y-un-herido-apunalado-en-el-metro-de-nueva-york\/","url_meta":{"origin":138643,"position":1},"title":"Un muerto estrangulado y un herido apu\u00f1alado en el Metro de Nueva York","author":"prenxa100","date":"3 de mayo de 2023","format":false,"excerpt":"Un hombre de 30 a\u00f1os muri\u00f3 estrangulado en medio de una discusi\u00f3n a bordo de un tren del Metro de Nueva York ayer a media tarde en el Bajo Manhattan. Horas despu\u00e9s otro pasajero fue apu\u00f1alado en Queens. Nueva York.-. Un hombre de 30 a\u00f1os con antecedentes penales muri\u00f3 estrangulado\u2026","rel":"","context":"En \u00abSin categor\u00eda\u00bb","block_context":{"text":"Sin categor\u00eda","link":"https:\/\/lasprimeras.com.do\/index.php\/category\/sin-categoria\/"},"img":{"alt_text":"","src":"","width":0,"height":0},"classes":[]},{"id":86268,"url":"https:\/\/lasprimeras.com.do\/index.php\/2024\/07\/21\/evacuan-aeropuerto-de-miami-luego-que-hombre-apunala-a-una-mujer\/","url_meta":{"origin":138643,"position":2},"title":"Evac\u00faan aeropuerto de Miami luego que hombre apu\u00f1ala a una mujer","author":"Nelson Feliz","date":"21 de julio de 2024","format":false,"excerpt":"MIAMI (AP) \u2014 Un hombre apu\u00f1al\u00f3 a una mujer en el Aeropuerto Internacional de Miami el s\u00e1bado, por lo cual las autoridades evacuaron a cientos de personas como precauci\u00f3n. La mujer fue apu\u00f1alada a eso de las 11:30 p.m. en el cuarto piso del Terminal J, afuera de la zona\u2026","rel":"","context":"En \u00abSin categor\u00eda\u00bb","block_context":{"text":"Sin categor\u00eda","link":"https:\/\/lasprimeras.com.do\/index.php\/category\/sin-categoria\/"},"img":{"alt_text":"Aeropuerto Internacional de Miami","src":"https:\/\/i0.wp.com\/lasprimeras.com.do\/wp-content\/uploads\/2024\/07\/Aeropuerto-Internacional-de-Miami.png?resize=350%2C200&ssl=1","width":350,"height":200,"srcset":"https:\/\/i0.wp.com\/lasprimeras.com.do\/wp-content\/uploads\/2024\/07\/Aeropuerto-Internacional-de-Miami.png?resize=350%2C200&ssl=1 1x, https:\/\/i0.wp.com\/lasprimeras.com.do\/wp-content\/uploads\/2024\/07\/Aeropuerto-Internacional-de-Miami.png?resize=525%2C300&ssl=1 1.5x, https:\/\/i0.wp.com\/lasprimeras.com.do\/wp-content\/uploads\/2024\/07\/Aeropuerto-Internacional-de-Miami.png?resize=700%2C400&ssl=1 2x"},"classes":[]},{"id":51869,"url":"https:\/\/lasprimeras.com.do\/index.php\/2023\/06\/04\/adolescente-apunalado-en-el-metro-de-nueva-york-al-pedir-que-bajaran-volumen-de-la-musica\/","url_meta":{"origin":138643,"position":3},"title":"Adolescente apu\u00f1alado en el Metro de Nueva York al pedir que bajaran volumen de la m\u00fasica","author":"prenxa100","date":"4 de junio de 2023","format":false,"excerpt":"Un adolescente de 17 a\u00f1os fue apu\u00f1alado anoche en la pierna dentro de un vag\u00f3n en el Metro de Nueva York en Brooklyn. Al parecer le hab\u00eda pedido a un tr\u00edo que bajara el volumen de la m\u00fasica que estaban escuchando. Un adolescente de 17 a\u00f1os fue apu\u00f1alado anoche en\u2026","rel":"","context":"En \u00abSin categor\u00eda\u00bb","block_context":{"text":"Sin categor\u00eda","link":"https:\/\/lasprimeras.com.do\/index.php\/category\/sin-categoria\/"},"img":{"alt_text":"","src":"","width":0,"height":0},"classes":[]},{"id":49716,"url":"https:\/\/lasprimeras.com.do\/index.php\/2023\/05\/13\/nino-de-14-anos-mato-a-pandillero-latino-a-cuchilladas-en-nueva-york\/","url_meta":{"origin":138643,"position":4},"title":"Ni\u00f1o de 14 a\u00f1os mat\u00f3 a pandillero latino a cuchilladas en Nueva York","author":"prenxa100","date":"13 de mayo de 2023","format":false,"excerpt":"Nueva York.-.Un ni\u00f1o de 14 a\u00f1os fue arrestado como sospechoso de haber apu\u00f1alado fatalmente a un hispano de la pandilla Bloods de m\u00e1s del doble de su edad en Staten Island (NYC). El adolescente, cuyo nombre no fue revelado debido a su edad, fue detenido por detectives del Precinto NYPD\u2026","rel":"","context":"En \u00abSin categor\u00eda\u00bb","block_context":{"text":"Sin categor\u00eda","link":"https:\/\/lasprimeras.com.do\/index.php\/category\/sin-categoria\/"},"img":{"alt_text":"","src":"","width":0,"height":0},"classes":[]},{"id":97946,"url":"https:\/\/lasprimeras.com.do\/index.php\/2025\/04\/29\/se-debate-entre-la-vida-y-muerte-hombre-apunalado-en-el-alto-manhattan\/","url_meta":{"origin":138643,"position":5},"title":"Se debate entre la vida y muerte hombre apu\u00f1alado en el Alto Manhattan","author":"Nelson Feliz","date":"29 de abril de 2025","format":false,"excerpt":"Por Ram\u00f3n Mercedes NUEVA YORK.- Se debate entre la vida y la muerte un hombre apu\u00f1alado este lunes por la ma\u00f1ana varias veces en el torso en el interior del edificio The Armory en Washington Heights, lugar de refugio para 200 hombres que padecen trastornos de salud mental y consumo\u2026","rel":"","context":"En \u00abINTERNACIONALES\u00bb","block_context":{"text":"INTERNACIONALES","link":"https:\/\/lasprimeras.com.do\/index.php\/category\/sin-categoria\/internacionales\/"},"img":{"alt_text":"Se debate entre la vida y muerte hombre apu\u00f1alado en el Alto Manhattan","src":"https:\/\/i0.wp.com\/lasprimeras.com.do\/wp-content\/uploads\/2025\/04\/WhatsApp-Image-2025-04-29-at-5.43.41-AM-1.jpeg?resize=350%2C200&ssl=1","width":350,"height":200},"classes":[]}],"jetpack_sharing_enabled":true,"jetpack_featured_media_url":"https:\/\/lasprimeras.com.do\/wp-content\/uploads\/2026\/08\/nueva-york.jpg","_links":{"self":[{"href":"https:\/\/lasprimeras.com.do\/index.php\/wp-json\/wp\/v2\/posts\/138643","targetHints":{"allow":["GET"]}}],"collection":[{"href":"https:\/\/lasprimeras.com.do\/index.php\/wp-json\/wp\/v2\/posts"}],"about":[{"href":"https:\/\/lasprimeras.com.do\/index.php\/wp-json\/wp\/v2\/types\/post"}],"author":[{"embeddable":true,"href":"https:\/\/lasprimeras.com.do\/index.php\/wp-json\/wp\/v2\/users\/10"}],"replies":[{"embeddable":true,"href":"https:\/\/lasprimeras.com.do\/index.php\/wp-json\/wp\/v2\/comments?post=138643"}],"version-history":[{"count":1,"href":"https:\/\/lasprimeras.com.do\/index.php\/wp-json\/wp\/v2\/posts\/138643\/revisions"}],"predecessor-version":[{"id":138645,"href":"https:\/\/lasprimeras.com.do\/index.php\/wp-json\/wp\/v2\/posts\/138643\/revisions\/138645"}],"wp:featuredmedia":[{"embeddable":true,"href":"https:\/\/lasprimeras.com.do\/index.php\/wp-json\/wp\/v2\/media\/138644"}],"wp:attachment":[{"href":"https:\/\/lasprimeras.com.do\/index.php\/wp-json\/wp\/v2\/media?parent=138643"}],"wp:term":[{"taxonomy":"category","embeddable":true,"href":"https:\/\/lasprimeras.com.do\/index.php\/wp-json\/wp\/v2\/categories?post=138643"},{"taxonomy":"post_tag","embeddable":true,"href":"https:\/\/lasprimeras.com.do\/index.php\/wp-json\/wp\/v2\/tags?post=138643"}],"curies":[{"name":"wp","href":"https:\/\/api.w.org\/{rel}","templated":true}]}}