{"id":138651,"date":"2026-08-31T23:29:38","date_gmt":"2026-09-01T03:29:38","guid":{"rendered":"https:\/\/lasprimeras.com.do\/?p=138651"},"modified":"2026-08-31T23:29:39","modified_gmt":"2026-09-01T03:29:39","slug":"messi-anuncia-su-retiro-de-la-seleccion-argentina","status":"publish","type":"post","link":"https:\/\/lasprimeras.com.do\/index.php\/2026\/08\/31\/messi-anuncia-su-retiro-de-la-seleccion-argentina\/","title":{"rendered":"Messi anuncia su retiro de la selecci\u00f3n Argentina"},"content":{"rendered":"\n<p class=\"wp-block-paragraph\">\u00abDespu\u00e9s de este tiempo que pas\u00f3 desde la final, pens\u00e1ndolo mucho, quiero comunicarles a todos que me retiro de la selecci\u00f3n\u00bb, escribi\u00f3 Messi en su perfil de la red social Instagram, menos de dos meses despu\u00e9s de la derrota ante Espa\u00f1a en la final del Mundial 2026.<\/p>\n\n\n\n<p class=\"wp-block-paragraph\">Buenos Aires .Argentina .- El futbolista argentino Lionel Messi, de 39 a\u00f1os, anunci\u00f3 este lunes su retiro de la selecci\u00f3n albiceleste, al considerar que ha llegado el momento de cerrar una de las etapas m\u00e1s importantes de su carrera deportiva.<\/p>\n\n\n\n<p class=\"wp-block-paragraph\">El delantero del Inter Miami de la MLS, reconoci\u00f3 que tomar la decisi\u00f3n fue doloroso, pero afirm\u00f3 que entiende que ha llegado el momento de dar un paso al costado y permitir que las nuevas generaciones asuman el protagonismo con la camiseta argentina.<\/p>\n\n\n\n<p class=\"wp-block-paragraph\">\u00abFue una decisi\u00f3n que doli\u00f3 y duele en el alma\u00bb, expres\u00f3 el capit\u00e1n argentino, quien a\u00f1adi\u00f3: \u00abQueda poco y se van cerrando etapas y esta es una que me duele mucho\u00bb.<\/p>\n\n\n\n<p class=\"wp-block-paragraph\">Messi, asegur\u00f3 que su v\u00ednculo con la selecci\u00f3n argentina permanecer\u00e1 intacto pese a su retiro.<\/p>\n\n\n\n<p class=\"wp-block-paragraph\">\u00abAmo, am\u00e9 y amar\u00e9 siempre estar en la selecci\u00f3n\u00bb, manifest\u00f3 el astro argentino, antes de explicar las razones que lo llevaron a tomar la decisi\u00f3n.<\/p>\n\n\n\n<p class=\"wp-block-paragraph\">\u00abMe vaci\u00e9, ya no tengo m\u00e1s para dar y aparte vienen chicos muy grandes atr\u00e1s que merecen estar\u00bb, afirm\u00f3.<\/p>\n\n\n\n<p class=\"wp-block-paragraph\">El futbolista, campe\u00f3n del mundo con Argentina en Catar 2022 y bicampe\u00f3n de Am\u00e9rica en 2021 y 2024, cierra as\u00ed una extensa trayectoria con la Albiceleste, marcada por t\u00edtulos, r\u00e9cords y momentos hist\u00f3ricos.<\/p>\n\n\n\n<p class=\"wp-block-paragraph\">Messi, m\u00e1ximo goleador en la historia de la selecci\u00f3n argentina, deja una huella que trasciende los resultados y que lo convirti\u00f3 en una de las figuras m\u00e1s importantes del f\u00fatbol mundial.<\/p>\n\n\n\n<p class=\"wp-block-paragraph\">Su despedida pone fin a una era en el combinado nacional y abre paso a una nueva generaci\u00f3n de futbolistas que tendr\u00e1 el desaf\u00edo de continuar el legado construido durante a\u00f1os por el capit\u00e1n argentino.<\/p>\n","protected":false},"excerpt":{"rendered":"<p>\u00abDespu\u00e9s de este tiempo que pas\u00f3 desde la final, pens\u00e1ndolo mucho, quiero comunicarles a todos que me retiro de la selecci\u00f3n\u00bb, escribi\u00f3 Messi en su perfil de la red social&hellip;<\/p>\n","protected":false},"author":10,"featured_media":58718,"comment_status":"open","ping_status":"open","sticky":false,"template":"","format":"standard","meta":{"content-type":"","_jetpack_newsletter_access":"","_jetpack_dont_email_post_to_subs":false,"_jetpack_newsletter_tier_id":0,"_jetpack_memberships_contains_paywalled_content":false,"_jetpack_feature_clip_id":0,"_jetpack_memberships_contains_paid_content":false,"footnotes":"","jetpack_post_was_ever_published":false},"categories":[630],"tags":[3254,6712,285,2259],"class_list":["post-138651","post","type-post","status-publish","format-standard","has-post-thumbnail","hentry","category-deportes","tag-argentina","tag-lionel-messi","tag-retiro","tag-seleccion"],"jetpack-related-posts":[{"id":98070,"url":"https:\/\/lasprimeras.com.do\/index.php\/2025\/05\/01\/whitecaps-vencen-3-1-al-inter-miami-y-eliminan-al-equipo-de-messi-de-copa-de-campeones-de-concacaf\/","url_meta":{"origin":138651,"position":0},"title":"Whitecaps vencen 3-1 al Inter Miami y eliminan al equipo de Messi de Copa de Campeones de Concacaf","author":"Nelson Feliz","date":"1 de mayo de 2025","format":false,"excerpt":"POR ALANIS THAMES FORT LAUDERDALE, Florida, EE.UU. (AP) \u2014 Brian White y el ecuatoriano Pedro Vite anotaron en un tramo de un par de minutos y los Whitecaps de Vancouver sorprendieron el mi\u00e9rcoles al Inter Miami con un 3-1 en el partido de vuelta de la semifinal de la Copa\u2026","rel":"","context":"En \u00abDEPORTES\u00bb","block_context":{"text":"DEPORTES","link":"https:\/\/lasprimeras.com.do\/index.php\/category\/deportes\/"},"img":{"alt_text":"","src":"https:\/\/i0.wp.com\/lasprimeras.com.do\/wp-content\/uploads\/2025\/05\/Lionel-Messi.jpg?resize=350%2C200&ssl=1","width":350,"height":200,"srcset":"https:\/\/i0.wp.com\/lasprimeras.com.do\/wp-content\/uploads\/2025\/05\/Lionel-Messi.jpg?resize=350%2C200&ssl=1 1x, https:\/\/i0.wp.com\/lasprimeras.com.do\/wp-content\/uploads\/2025\/05\/Lionel-Messi.jpg?resize=525%2C300&ssl=1 1.5x, https:\/\/i0.wp.com\/lasprimeras.com.do\/wp-content\/uploads\/2025\/05\/Lionel-Messi.jpg?resize=700%2C400&ssl=1 2x"},"classes":[]},{"id":63475,"url":"https:\/\/lasprimeras.com.do\/index.php\/2023\/10\/12\/argentina-busca-mantener-su-racha-ganadora-ante-paraguay\/","url_meta":{"origin":138651,"position":1},"title":"Argentina busca mantener su racha ganadora ante Paraguay","author":"BIMARY DE JES\u00daS Matos","date":"12 de octubre de 2023","format":false,"excerpt":"Paraguay.-Con la interrogante sobre el estado f\u00edsico de su capit\u00e1n Lionel Messi, Argentina, vigente campeona mundial, buscar\u00e1 seguir en racha ganadora ante un Paraguay que va por su recuperaci\u00f3n con nuevo timonel el jueves por la tercera jornada de las eliminatorias sudamericanas para el Mundial 2026. Messi, de 36 a\u00f1os,\u2026","rel":"","context":"En \u00abSin categor\u00eda\u00bb","block_context":{"text":"Sin categor\u00eda","link":"https:\/\/lasprimeras.com.do\/index.php\/category\/sin-categoria\/"},"img":{"alt_text":"","src":"https:\/\/i0.wp.com\/lasprimeras.com.do\/wp-content\/uploads\/2023\/10\/WhatsApp-Image-2023-10-10-at-11.06.27-AM-9.jpeg?resize=350%2C200&ssl=1","width":350,"height":200,"srcset":"https:\/\/i0.wp.com\/lasprimeras.com.do\/wp-content\/uploads\/2023\/10\/WhatsApp-Image-2023-10-10-at-11.06.27-AM-9.jpeg?resize=350%2C200&ssl=1 1x, https:\/\/i0.wp.com\/lasprimeras.com.do\/wp-content\/uploads\/2023\/10\/WhatsApp-Image-2023-10-10-at-11.06.27-AM-9.jpeg?resize=525%2C300&ssl=1 1.5x, https:\/\/i0.wp.com\/lasprimeras.com.do\/wp-content\/uploads\/2023\/10\/WhatsApp-Image-2023-10-10-at-11.06.27-AM-9.jpeg?resize=700%2C400&ssl=1 2x"},"classes":[]},{"id":134125,"url":"https:\/\/lasprimeras.com.do\/index.php\/2026\/07\/06\/duelo-de-goleadores-messi-y-salah-se-cruzan-en-el-argentina-egipto-de-octavos-del-mundial\/","url_meta":{"origin":138651,"position":2},"title":"Duelo de goleadores: Messi y Salah se cruzan en el Argentina-Egipto de octavos del Mundial","author":"Nelson Feliz","date":"6 de julio de 2026","format":false,"excerpt":"POR JAMES ROBSON and ERIC N\u00da\u00d1EZ ATLANTA (AP) \u2014 Dos de los grandes artilleros de los \u00faltimos tiempos se citan el martes en Atlanta para el enfrentamiento entre Argentina y Egipto en los octavos de final de la Copa del Mundo. Lionel Messi no se aburre de batir r\u00e9cords en\u2026","rel":"","context":"En \u00abDEPORTES\u00bb","block_context":{"text":"DEPORTES","link":"https:\/\/lasprimeras.com.do\/index.php\/category\/deportes\/"},"img":{"alt_text":"","src":"https:\/\/i0.wp.com\/lasprimeras.com.do\/wp-content\/uploads\/2026\/07\/Mohamed-Salah.jpg?resize=350%2C200&ssl=1","width":350,"height":200,"srcset":"https:\/\/i0.wp.com\/lasprimeras.com.do\/wp-content\/uploads\/2026\/07\/Mohamed-Salah.jpg?resize=350%2C200&ssl=1 1x, https:\/\/i0.wp.com\/lasprimeras.com.do\/wp-content\/uploads\/2026\/07\/Mohamed-Salah.jpg?resize=525%2C300&ssl=1 1.5x, https:\/\/i0.wp.com\/lasprimeras.com.do\/wp-content\/uploads\/2026\/07\/Mohamed-Salah.jpg?resize=700%2C400&ssl=1 2x"},"classes":[]},{"id":134222,"url":"https:\/\/lasprimeras.com.do\/index.php\/2026\/07\/07\/messi-y-argentina-se-levantan-de-la-lona-vencen-3-2-a-egipto-y-avanzan-a-cuartos-del-mundial\/","url_meta":{"origin":138651,"position":3},"title":"Messi y Argentina se levantan de la lona, vencen 3-2 a Egipto y avanzan a cuartos del Mundial","author":"Nelson Feliz","date":"7 de julio de 2026","format":false,"excerpt":"POR JAMES ROBSON ATLANTA (AP) \u2014 Argentina s\u00ed que sabe sufrir en el Mundial.La Albiceleste perd\u00eda 2-0 ante Egipto con 11 minutos del tiempo reglamentario por jugarse el martes, y el campe\u00f3n defensor se levant\u00f3 para conseguir una electrizante victoria 3-2 ante Egipto que le instal\u00f3 en los cuartos de\u2026","rel":"","context":"En \u00abDEPORTES\u00bb","block_context":{"text":"DEPORTES","link":"https:\/\/lasprimeras.com.do\/index.php\/category\/deportes\/"},"img":{"alt_text":"","src":"https:\/\/i0.wp.com\/lasprimeras.com.do\/wp-content\/uploads\/2026\/07\/argen.jpg?resize=350%2C200&ssl=1","width":350,"height":200,"srcset":"https:\/\/i0.wp.com\/lasprimeras.com.do\/wp-content\/uploads\/2026\/07\/argen.jpg?resize=350%2C200&ssl=1 1x, https:\/\/i0.wp.com\/lasprimeras.com.do\/wp-content\/uploads\/2026\/07\/argen.jpg?resize=525%2C300&ssl=1 1.5x, https:\/\/i0.wp.com\/lasprimeras.com.do\/wp-content\/uploads\/2026\/07\/argen.jpg?resize=700%2C400&ssl=1 2x"},"classes":[]},{"id":136786,"url":"https:\/\/lasprimeras.com.do\/index.php\/2026\/08\/08\/muere-jorge-messi-padre-y-artifice-del-astro-futbolistico-argentino\/","url_meta":{"origin":138651,"position":4},"title":"Muere Jorge Messi, padre y art\u00edfice del astro futbol\u00edstico argentino","author":"Nelson Feliz","date":"8 de agosto de 2026","format":false,"excerpt":"MONTEVIDEO (AP) \u2014 Jorge Messi, padre del astro y capit\u00e1n de la selecci\u00f3n argentina Lionel Messi, falleci\u00f3 el s\u00e1bado en una cl\u00ednica de Rosario tras una batalla contra una enfermedad que lo tuvo en tratamiento en los \u00faltimos meses, confirm\u00f3 el Club Atl\u00e9tico Newell\u2019s Old Boys en sus redes sociales.\u2026","rel":"","context":"En \u00abDEPORTES\u00bb","block_context":{"text":"DEPORTES","link":"https:\/\/lasprimeras.com.do\/index.php\/category\/deportes\/"},"img":{"alt_text":"","src":"https:\/\/i0.wp.com\/lasprimeras.com.do\/wp-content\/uploads\/2026\/08\/Lionel-Messi.jpg?resize=350%2C200&ssl=1","width":350,"height":200,"srcset":"https:\/\/i0.wp.com\/lasprimeras.com.do\/wp-content\/uploads\/2026\/08\/Lionel-Messi.jpg?resize=350%2C200&ssl=1 1x, https:\/\/i0.wp.com\/lasprimeras.com.do\/wp-content\/uploads\/2026\/08\/Lionel-Messi.jpg?resize=525%2C300&ssl=1 1.5x, https:\/\/i0.wp.com\/lasprimeras.com.do\/wp-content\/uploads\/2026\/08\/Lionel-Messi.jpg?resize=700%2C400&ssl=1 2x"},"classes":[]},{"id":135031,"url":"https:\/\/lasprimeras.com.do\/index.php\/2026\/07\/19\/kylian-mbappe-rompe-record-de-lionel-messi-de-mas-goles-en-mundiales-en-su-carrera-con-22\/","url_meta":{"origin":138651,"position":5},"title":"Kylian Mbapp\u00e9 rompe r\u00e9cord de Lionel Messi, de m\u00e1s goles en Mundiales en su carrera con 22","author":"Nelson Feliz","date":"19 de julio de 2026","format":false,"excerpt":"POR ALANIS THAMES MIAMI GARDENS, Florida, EE.UU. (AP) \u2014 Kylian Mbapp\u00e9 hizo historia en el Mundial el s\u00e1bado. Habr\u00eda preferido un desenlace diferente. El astro franc\u00e9s super\u00f3 el s\u00e1bado a Lionel Messi en la lucha por el r\u00e9cord de goles en Mundiales a lo largo de su carrera, al anotar\u2026","rel":"","context":"En \u00abDEPORTES\u00bb","block_context":{"text":"DEPORTES","link":"https:\/\/lasprimeras.com.do\/index.php\/category\/deportes\/"},"img":{"alt_text":"","src":"https:\/\/i0.wp.com\/lasprimeras.com.do\/wp-content\/uploads\/2026\/07\/Kylian-Mbappe.jpg?resize=350%2C200&ssl=1","width":350,"height":200,"srcset":"https:\/\/i0.wp.com\/lasprimeras.com.do\/wp-content\/uploads\/2026\/07\/Kylian-Mbappe.jpg?resize=350%2C200&ssl=1 1x, https:\/\/i0.wp.com\/lasprimeras.com.do\/wp-content\/uploads\/2026\/07\/Kylian-Mbappe.jpg?resize=525%2C300&ssl=1 1.5x, https:\/\/i0.wp.com\/lasprimeras.com.do\/wp-content\/uploads\/2026\/07\/Kylian-Mbappe.jpg?resize=700%2C400&ssl=1 2x"},"classes":[]}],"jetpack_sharing_enabled":true,"jetpack_featured_media_url":"https:\/\/lasprimeras.com.do\/wp-content\/uploads\/2023\/08\/Lionel-Messi.jpg","_links":{"self":[{"href":"https:\/\/lasprimeras.com.do\/index.php\/wp-json\/wp\/v2\/posts\/138651","targetHints":{"allow":["GET"]}}],"collection":[{"href":"https:\/\/lasprimeras.com.do\/index.php\/wp-json\/wp\/v2\/posts"}],"about":[{"href":"https:\/\/lasprimeras.com.do\/index.php\/wp-json\/wp\/v2\/types\/post"}],"author":[{"embeddable":true,"href":"https:\/\/lasprimeras.com.do\/index.php\/wp-json\/wp\/v2\/users\/10"}],"replies":[{"embeddable":true,"href":"https:\/\/lasprimeras.com.do\/index.php\/wp-json\/wp\/v2\/comments?post=138651"}],"version-history":[{"count":1,"href":"https:\/\/lasprimeras.com.do\/index.php\/wp-json\/wp\/v2\/posts\/138651\/revisions"}],"predecessor-version":[{"id":138652,"href":"https:\/\/lasprimeras.com.do\/index.php\/wp-json\/wp\/v2\/posts\/138651\/revisions\/138652"}],"wp:featuredmedia":[{"embeddable":true,"href":"https:\/\/lasprimeras.com.do\/index.php\/wp-json\/wp\/v2\/media\/58718"}],"wp:attachment":[{"href":"https:\/\/lasprimeras.com.do\/index.php\/wp-json\/wp\/v2\/media?parent=138651"}],"wp:term":[{"taxonomy":"category","embeddable":true,"href":"https:\/\/lasprimeras.com.do\/index.php\/wp-json\/wp\/v2\/categories?post=138651"},{"taxonomy":"post_tag","embeddable":true,"href":"https:\/\/lasprimeras.com.do\/index.php\/wp-json\/wp\/v2\/tags?post=138651"}],"curies":[{"name":"wp","href":"https:\/\/api.w.org\/{rel}","templated":true}]}}