{"id":138653,"date":"2026-08-31T23:40:04","date_gmt":"2026-09-01T03:40:04","guid":{"rendered":"https:\/\/lasprimeras.com.do\/?p=138653"},"modified":"2026-08-31T23:40:05","modified_gmt":"2026-09-01T03:40:05","slug":"enterate-ny-52","status":"publish","type":"post","link":"https:\/\/lasprimeras.com.do\/index.php\/2026\/08\/31\/enterate-ny-52\/","title":{"rendered":"Ent\u00e9rate NY"},"content":{"rendered":"\n<p class=\"wp-block-paragraph\">Por Ram\u00f3n Mercedes<br>Periodismo Informativo y Cr\u00edtico al Servicio de la Comunidad<\/p>\n\n\n\n<p class=\"wp-block-paragraph\">\u25baA nuestros lectores: Esta columna lo establece bien claro con su lema: Informativo = Dar a conocer una noticia, transmitir datos o hacer saber algo a alguien.<\/p>\n\n\n\n<p class=\"wp-block-paragraph\">Cr\u00edtico = Valoraci\u00f3n de manera p\u00fablica sobre una obra, espect\u00e1culo o un tema. No somos analistas = Examen detallado y minucioso de un objeto, texto, dato o situaci\u00f3n mediante la separaci\u00f3n de sus partes para comprender su estructura, funcionamiento y elementos constituyentes, que hay buenos connacionales en esa \u00e1rea en NY.<\/p>\n\n\n\n<p class=\"wp-block-paragraph\">\u25baPanorama de la pol\u00edtica USA en NY: La gobernadora de NY, Kathy Hochul, que busca la reelecci\u00f3n, enfrenta al republicano Bruce Blakeman, respaldado por el presidente Donald Trump.<\/p>\n\n\n\n<p class=\"wp-block-paragraph\">La gobernadora le lleva 10 punto, seg\u00fan la \u00faltima encuesta de la Universidad de Siena. En los \u00faltimos dos meses Blakeman ha reducido a la mitad la ventaja de la gobernadora, seg\u00fan Siena.<\/p>\n\n\n\n<p class=\"wp-block-paragraph\">Hochul quiere demostrar que puede ser una candidata y ayudar a su partido a recuperar el control de la C\u00e1mara de Representantes. \u201cHay mucho en juego para los dem\u00f3cratas moderados; a diferencia de algunos que intentan frenar el avance de los socialistas\u201d, ha dicho.<\/p>\n\n\n\n<p class=\"wp-block-paragraph\">Hochul ha adoptado una postura inclusiva dentro del partido. \u201cCreo que el partido es amplio, inmenso, pero a\u00fan hay mucha gente fuera de nuestras \u00e1reas urbanas que se considera dem\u00f3crata m\u00e1s tradicional.<\/p>\n\n\n\n<p class=\"wp-block-paragraph\">\u201cPero si, en ciertos distritos la ideolog\u00eda socialista democr\u00e1tica resulta m\u00e1s atractiva y creen que representa algo que quieren apoyar, mi trabajo es lograr que todo funcione.<\/p>\n\n\n\n<p class=\"wp-block-paragraph\">Trabajo con todos, con quien los votantes prefieran. En general, dir\u00eda que el mayor desaf\u00edo es simplemente tener que desenvolverse y, adem\u00e1s, lograr avances significativos, lo que a veces genera conflictos.<\/p>\n\n\n\n<p class=\"wp-block-paragraph\">No me importa el conflicto si el resultado es mejor para los neoyorquinos que el statu quo. Espero que el alcalde, Zohran Mamdani, me ayude en la campa\u00f1a de reelecci\u00f3n este a\u00f1o; un apoyo que podr\u00eda consolidar la base de j\u00f3venes partidarios de izquierda que lo impulsaron al Ayuntamiento.<\/p>\n\n\n\n<p class=\"wp-block-paragraph\">Creo que ser\u00e1 de gran ayuda\u201d, precisa Hochul. Que la gobernadora haga campa\u00f1a junto a Mamdani refleja la continua popularidad del alcalde entre los votantes a menos de un a\u00f1o de haber asumido el cargo, y un reconocimiento por parte de Hochul de esa destreza pol\u00edtica. \u00a1Ay!<\/p>\n\n\n\n<p class=\"wp-block-paragraph\">\u25ba\u00bfCandidato al Congreso D-13-NY?: Circula en redes sociales un mensaje gr\u00e1fico con las frases: \u201cYdanis Rodr\u00edguez, camino al Congreso\u201d y \u201cCongresista por el Distrito 13-NY-2028\u201d.<\/p>\n\n\n\n<p class=\"wp-block-paragraph\">El D-13 incluye los sectores de Washington Heights, Inwood, Hamilton Heights, Morningside Heights y Harlem en Manhattan.<\/p>\n\n\n\n<p class=\"wp-block-paragraph\">En El Bronx, a Bedford Park, Jerome Park, Kingsbridge Heights y partes de Norwood, Fordham, Kingsbridge, Morris Heights y University Heights.<\/p>\n\n\n\n<p class=\"wp-block-paragraph\">Cada uno de estos vecindarios cuenta con decenas de miles de votantes dominicanos, cifra capaz de definir cualquier elecci\u00f3n federal, estatal o local.<\/p>\n\n\n\n<p class=\"wp-block-paragraph\">Ent\u00e9rate NY intent\u00f3 comunicarse con el profesor, exconcejal y excomisionado del Departamento de Transporte NYC, pero no fue posible obtener su reacci\u00f3n. Seguiremos insistiendo.<\/p>\n\n\n\n<p class=\"wp-block-paragraph\">Asimismo, diversas fuentes informaron a Ent\u00e9rate NY que Rodr\u00edguez camin\u00f3 por la concurrida calle de Dyckman, en el Alto Manhattan, donde recibi\u00f3 numerosas muestras de apoyo; convers\u00f3 con residentes, comerciantes y escuch\u00f3 m\u00faltiples solicitudes para que lance su candidatura. \u00a1Ay, ay, ay!<\/p>\n\n\n\n<p class=\"wp-block-paragraph\">\u25ba En el PLD: Nos escriben desde el Alto Manhattan. Ni quito ni pongo. \u201cAlgo huele mal en Dinamarca\u201d = Frase que se usa para indicar que hay algo turbio o sospechoso.<\/p>\n\n\n\n<p class=\"wp-block-paragraph\">Diiicen que, en el PLD, al parecer, se vive una situaci\u00f3n similar en torno a la consulta interna para el pr\u00f3ximo 18 de octubre. En El Bronx y Washington Heights se comenta que un peque\u00f1o grupo dentro del partido tendr\u00eda inter\u00e9s en abortar ese proceso para frenar la aspiraci\u00f3n presidencial de Francisco Javier Garc\u00eda, invencible.<\/p>\n\n\n\n<p class=\"wp-block-paragraph\">Se ha planteado lo siguiente: \u201cLo que pasa es que ni Abel ni Gonzalo estar\u00edan de acuerdo en participar en esa convocatoria de octubre. Y si es as\u00ed, estar\u00edamos enterrando desde ya al PLD con una nueva divisi\u00f3n\u201d.<\/p>\n\n\n\n<p class=\"wp-block-paragraph\">\u00bfCu\u00e1l es la prisa que tiene el PLD en realizar una consulta fuera de los plazos establecidos? \u201cEl sistema de primarias vigente est\u00e1 ah\u00ed, esperando los plazos\u201d.<\/p>\n\n\n\n<p class=\"wp-block-paragraph\">\u201cNo veo la necesidad de hacer unas preprimarias.\u201d (Jos\u00e9 Tom\u00e1s P\u00e9rez, exsenador del Distrito Nacional, miembro del Comit\u00e9 Pol\u00edtico -CC- y exembajador de la RD en EUA. 27 de agosto de 2026).<\/p>\n\n\n\n<p class=\"wp-block-paragraph\">Ver: <a href=\"https:\/\/elpregonerord.com\/jose-tomas-perez-revela-que-gonzalo-castillo-no-quiere-participar-en-consulta-de-octubre-del-pld\/\">https:\/\/elpregonerord.com\/jose-tomas-perez-revela-que-gonzalo-castillo-no-quiere-participar-en-consulta-de-octubre-del-pld\/<\/a> Luego, el equipo pol\u00edtico de Gonzalo neg\u00f3 lo dicho por Tom\u00e1s P\u00e9rez, y asegura que Gonzalo contin\u00faa trabajando de cara al proceso.<\/p>\n\n\n\n<p class=\"wp-block-paragraph\">\u25ba Una cosa es con guitarra y otra con viol\u00edn: Sentencia pueblerina que significa que lo que se dice o promete en teor\u00eda suele ser muy diferente de lo que ocurre al llevarlo a la pr\u00e1ctica.<\/p>\n\n\n\n<p class=\"wp-block-paragraph\">Asimismo, Juan Bosch planteaba que, \u201cen pol\u00edtica, las intenciones ocultas, los acuerdos silenciosos y las estructuras invisibles suelen definir el poder real mucho m\u00e1s que los actos p\u00fablicos y evidentes\u201d.<\/p>\n\n\n\n<p class=\"wp-block-paragraph\">Opin\u00f3logos y sabi\u00f3logos de la pol\u00edtica vern\u00e1cula dominicana en NYC debaten, en espacios p\u00fablicos, sobre lo que consideran situaciones cuestionables dentro del PLD, y hablan de que podr\u00eda producirse el beso de Judas.<\/p>\n\n\n\n<p class=\"wp-block-paragraph\">Ver = \u201cAfirman que en el PLD est\u00e1n tratando de buscar la quinta pata al gato ante la segura candidatura presidencial de FJG\u201d.<\/p>\n\n\n\n<p class=\"wp-block-paragraph\">Ver = <a href=\"https:\/\/actualidadneoyorkina.com\/?p=11090\">https:\/\/actualidadneoyorkina.com\/?p=11090<\/a> Asimismo, ha generado comentarios el planteamiento p\u00fablico del reconocido analista Kalil Michel, expresado por TV, de que en el PLD coexisten tres agendas distintas:<\/p>\n\n\n\n<p class=\"wp-block-paragraph\">1- Danilo, sobrevivir.<\/p>\n\n\n\n<p class=\"wp-block-paragraph\">2- Gonzalo, resolver.<\/p>\n\n\n\n<p class=\"wp-block-paragraph\">3- Francisco Javier, volver al poder. Ver = <a href=\"https:\/\/elpregonerord.com\/kalil-michel-cuestiona-al-pld-se-hunde-con-gonzalo-o-vuelve-al-poder-con-francisco-javier\/\">https:\/\/elpregonerord.com\/kalil-michel-cuestiona-al-pld-se-hunde-con-gonzalo-o-vuelve-al-poder-con-francisco-javier\/<\/a><\/p>\n\n\n\n<p class=\"wp-block-paragraph\">Estas consideraciones han provocado continuos debates en NYC entre analist\u00f3logos y miembros de la comunidad dominicana, donde el cuchicheo pol\u00edtico es frecuente. \u00a1Bueeeno!<\/p>\n\n\n\n<p class=\"wp-block-paragraph\">\u25ba \u201cNo son todos los que est\u00e1n, ni est\u00e1n todos los que son\u201d: Se\u00f1ala que faltan quienes deber\u00edan estar y sobran quienes no.<\/p>\n\n\n\n<p class=\"wp-block-paragraph\">Diiicen en los corrillos pol\u00edticos de los \u201cnuevayores\u201d que dentro del PLD en el exterior se mueven fichas para que no se celebre la consulta interna del 18 de octubre.<\/p>\n\n\n\n<p class=\"wp-block-paragraph\">Aseguran que esa dirigencia sabe que no tiene los votos suficientes en el Comit\u00e9 Central (CC). \u00bfHabr\u00e1 sido ese el verdadero motivo de una comisi\u00f3n viajar y visitar varios estados y otros pa\u00edses?, se preguntan algunos.<\/p>\n\n\n\n<p class=\"wp-block-paragraph\">Otros apuntan \u201csi se baj\u00f3 l\u00ednea de manera soterrada y sutil por \u00f3rdenes superiores, mediante llamadas telef\u00f3nicas personales\u201d. En muchos lugares, incluido NY, todo marcha &#8230; aparentemente bien.<\/p>\n\n\n\n<p class=\"wp-block-paragraph\">Sin embargo, surgen interrogantes: \u00bfhabr\u00e1 que asistir con \u201cnotarios p\u00fablicos\u201d a cada local para dar fe del proceso transparente y real para dejar constancia legal? \u00bfEstar\u00e1n jugando las dos cabezas? \u00a1Ay, ay, ay!<\/p>\n\n\n\n<p class=\"wp-block-paragraph\">\u25baUn valor dominicano en NY: La Fundaci\u00f3n Benjam\u00edn Vargas, creada y presidida en esta ciudad por su propio hom\u00f3nimo, contin\u00faa realizando una labor social encomiable en el municipio de Vicente Noble, en el sur de la RD, donde desde hace a\u00f1os presta servicios humanitarios.<\/p>\n\n\n\n<p class=\"wp-block-paragraph\">Benjam\u00edn Vargas reside en NY desde hace d\u00e9cadas. Amante del deporte, se distingue por orientar y aconsejar a los j\u00f3venes, promoviendo el respeto hacia sus padres y los mayores.<\/p>\n\n\n\n<p class=\"wp-block-paragraph\">Adem\u00e1s, dirige su propio establecimiento, Juanito&#8217;s Barber Shop, ubicado en el 2724 de Broadway, esquina calle 104 en Manhattan. Tel\u00e9fono 212-316-2515.<\/p>\n\n\n\n<p class=\"wp-block-paragraph\">All\u00ed se re\u00fanen con frecuencia numerosos compatriotas para coordinar los pr\u00f3ximos pasos de la Fundaci\u00f3n en beneficio de sus compueblanos.<\/p>\n\n\n\n<p class=\"wp-block-paragraph\">Con su trabajo solidario y su compromiso comunitario, pone en alto la bandera tricolor en tierras extranjeras. Si usted lo ve caminar por ah\u00ed, como lo hace de costumbre, d\u00edgale: \u201cBenjam\u00edn, usted es un valor dominicano en NY\u201d.<\/p>\n\n\n\n<p class=\"wp-block-paragraph\">\u25baServicio comunitario: \u00bfSe le complica usar el celular, abrir una cuenta, completar formularios digitales o reconocer una estafa? Asistencia gratuita.<\/p>\n\n\n\n<p class=\"wp-block-paragraph\">No es necesario registrarse. M\u00e1s informaci\u00f3n = <a href=\"https:\/\/www.nypl.org\/community\/resources\/neighborhood-tech-help\">https:\/\/www.nypl.org\/community\/resources\/neighborhood-tech-help<\/a><\/p>\n\n\n\n<p class=\"wp-block-paragraph\">\u25ba Cultura General: Laguna Gri-Gri, R\u00edo San Juan, en el nordeste de la RD. A unos 100 kil\u00f3metros de Puerto Plata. De agua dulce y llega al mar por un canal estrecho de 1 kil\u00f3metro abierto en un bosque de mangle rojo.<\/p>\n\n\n\n<p class=\"wp-block-paragraph\">Registra 13 especies de aves, entre ellas el pel\u00edcano pardo, la garza rojiza y el cig\u00fcita canario de La Espa\u00f1ola.<\/p>\n\n\n\n<p class=\"wp-block-paragraph\">Los paseos en bote paran en la Cueva de las Golondrinas, frente a una ensenada turquesa y poco profunda, y terminan en Playa Calet\u00f3n.<\/p>\n\n\n\n<p class=\"wp-block-paragraph\">\u25baSalud: Que las enc\u00edas sangren al cepillarse no deber\u00eda considerarse normal ni una molestia sin importancia.<\/p>\n\n\n\n<p class=\"wp-block-paragraph\">Cuando el sangrado es recurrente o persiste en el tiempo, puede ser una se\u00f1al de inflamaci\u00f3n gingival y, en algunos casos, el primer aviso de una gingivitis, o bien de una periodontitis, una enfermedad que, si no se trata, puede llegar a provocar la p\u00e9rdida de dientes.<\/p>\n\n\n\n<p class=\"wp-block-paragraph\">\u25baCita: \u201cLos hombres de Estado son como los cirujanos; sus errores son mortales.\u201d (Francois Mauriac, periodista, cr\u00edtico y escritor franc\u00e9s.)<\/p>\n\n\n\n<p class=\"wp-block-paragraph\">\u25baD\u00f3lar y Euro hasta este domingo 23: Compra del d\u00f3lar = $57.44 y venta = $59.50; Compra euro = $66.52 y venta = $69.83<\/p>\n\n\n\n<p class=\"wp-block-paragraph\">\u25baPrecios combustibles: Del 29 de agosto al 4 de septiembre: Gasolina Premium = $341.10 Gasolina Regular = $310.50; Gasoil Optimo = $293.10; Gasoil Regular = $262.80; Gas licuado = $135.20; Gas natural = $43.97; cilindros de 100 libras = $3,380.07; de 50 libras = $1,690.04; de 25 libras = $845.02 de 15 libras = $507.01.<\/p>\n\n\n\n<p class=\"wp-block-paragraph\">\u25baPara comunicarse con nosotros: <a href=\"mailto:santodomingoaldia@yahoo.com\">santodomingoaldia@yahoo.com<\/a><\/p>\n","protected":false},"excerpt":{"rendered":"<p>Por Ram\u00f3n MercedesPeriodismo Informativo y Cr\u00edtico al Servicio de la Comunidad \u25baA nuestros lectores: Esta columna lo establece bien claro con su lema: Informativo = Dar a conocer una noticia,&hellip;<\/p>\n","protected":false},"author":10,"featured_media":94648,"comment_status":"open","ping_status":"open","sticky":false,"template":"","format":"standard","meta":{"content-type":"","_jetpack_newsletter_access":"","_jetpack_dont_email_post_to_subs":false,"_jetpack_newsletter_tier_id":0,"_jetpack_memberships_contains_paywalled_content":false,"_jetpack_feature_clip_id":0,"_jetpack_memberships_contains_paid_content":false,"footnotes":"","jetpack_post_was_ever_published":false},"categories":[95],"tags":[17809],"class_list":["post-138653","post","type-post","status-publish","format-standard","has-post-thumbnail","hentry","category-opinion","tag-enterate-ny"],"jetpack-related-posts":[{"id":94647,"url":"https:\/\/lasprimeras.com.do\/index.php\/2025\/03\/03\/enterate-ny\/","url_meta":{"origin":138653,"position":0},"title":"Ent\u00e9rate NY","author":"Nelson Feliz","date":"3 de marzo de 2025","format":false,"excerpt":"PERIODISMO INFORMATIVO Y CR\u00cdTICO AL SERVICIO DE LA COMUNIDAD Por Ram\u00f3n Mercedes \u25baOtro logro del Congresista Espaillat: Durante el pasado fin de semana se ha hablado en el Alto Manhattan, por un tubo y 7 llaves, de otro logro del congresista dominicano en EE. UU, Adriano Espaillat, de poner en\u2026","rel":"","context":"En \u00abOPINI\u00d3N\u00bb","block_context":{"text":"OPINI\u00d3N","link":"https:\/\/lasprimeras.com.do\/index.php\/category\/opinion\/"},"img":{"alt_text":"","src":"https:\/\/i0.wp.com\/lasprimeras.com.do\/wp-content\/uploads\/2025\/03\/Ramon-Mercedes.jpeg?resize=350%2C200&ssl=1","width":350,"height":200},"classes":[]},{"id":98784,"url":"https:\/\/lasprimeras.com.do\/index.php\/2025\/05\/12\/enterate-ny-8\/","url_meta":{"origin":138653,"position":1},"title":"Ent\u00e9rate NY","author":"Nelson Feliz","date":"12 de mayo de 2025","format":false,"excerpt":"PERIODISMO INFORMATIVO Y CR\u00cdTICO AL SERVICIO DE LA COMUNIDAD Por Ram\u00f3n Mercedes \u25ba\u00bfDesalojar\u00e1n FP en NY?: Durante una visita la semana pasada a NJ unos \u00ableoncitos\u00bb informaron a Ent\u00e9rate NY, pidiendo reservas de sus identidades, que hay probabilidad de que el amplio local de la FP, estrat\u00e9gicamente ubicado en 555\u2026","rel":"","context":"En \u00abOPINI\u00d3N\u00bb","block_context":{"text":"OPINI\u00d3N","link":"https:\/\/lasprimeras.com.do\/index.php\/category\/opinion\/"},"img":{"alt_text":"","src":"https:\/\/i0.wp.com\/lasprimeras.com.do\/wp-content\/uploads\/2025\/03\/Ramon-Mercedes.jpeg?resize=350%2C200&ssl=1","width":350,"height":200},"classes":[]},{"id":99272,"url":"https:\/\/lasprimeras.com.do\/index.php\/2025\/05\/20\/enterate-ny-9\/","url_meta":{"origin":138653,"position":2},"title":"Ent\u00e9rate NY","author":"Nelson Feliz","date":"20 de mayo de 2025","format":false,"excerpt":"PERIODISMO INFORMATIVO Y CR\u00cdTICO AL SERVICIO DE LA COMUNIDAD Por Ram\u00f3n Mercedes \u25baC\u00f3nsul RD-NY hace pensionar al granel; muchos no fueron consultados: El c\u00f3nsul dominicano en NY, Jes\u00fas -Chu- V\u00e1squez, est\u00e1 jugando con la inteligencia de sus connacionales en NY, diiicen. Trajo la semana pasada desde la RD un \u00abpaquet\u00f3n\u00bb\u2026","rel":"","context":"En \u00abOPINI\u00d3N\u00bb","block_context":{"text":"OPINI\u00d3N","link":"https:\/\/lasprimeras.com.do\/index.php\/category\/opinion\/"},"img":{"alt_text":"","src":"https:\/\/i0.wp.com\/lasprimeras.com.do\/wp-content\/uploads\/2025\/03\/Ramon-Mercedes.jpeg?resize=350%2C200&ssl=1","width":350,"height":200},"classes":[]},{"id":97830,"url":"https:\/\/lasprimeras.com.do\/index.php\/2025\/04\/28\/enterate-ny-6\/","url_meta":{"origin":138653,"position":3},"title":"Ent\u00e9rate NY","author":"Nelson Feliz","date":"28 de abril de 2025","format":false,"excerpt":"PERIODISMO INFORMATIVO Y CR\u00cdTICO AL SERVICIO DE LA COMUNIDAD Por Ram\u00f3n Mercedes \u25baColectas y rifas NYC para terminar Hospital en RD: Dominicanos procedentes del municipio de Villa Riva, provincia Duarte, y residentes en esta ciudad, se proponen hacer colectas y rifas entre sus compueblanos para terminar la reparaci\u00f3n del \u00abHospital\u2026","rel":"","context":"En \u00abOPINI\u00d3N\u00bb","block_context":{"text":"OPINI\u00d3N","link":"https:\/\/lasprimeras.com.do\/index.php\/category\/opinion\/"},"img":{"alt_text":"","src":"https:\/\/i0.wp.com\/lasprimeras.com.do\/wp-content\/uploads\/2025\/03\/Ramon-Mercedes.jpeg?resize=350%2C200&ssl=1","width":350,"height":200},"classes":[]},{"id":95632,"url":"https:\/\/lasprimeras.com.do\/index.php\/2025\/03\/17\/enterate-ny-2\/","url_meta":{"origin":138653,"position":4},"title":"Ent\u00e9rate NY","author":"Nelson Feliz","date":"17 de marzo de 2025","format":false,"excerpt":"PERIODISMO INFORMATIVO Y CR\u00cdTICO AL SERVICIO DE LA COMUNIDAD Por Ram\u00f3n Mercedes \u25baLo nuevo del Mirex para los 51 consulados RD: La canciller\u00eda de RD tiene en carpeta, para implementarlo de un momento a otro en los 51 consulados dominicanos en el exterior: 1- Una escala salarial estandarizada para el\u2026","rel":"","context":"En \u00abOPINI\u00d3N\u00bb","block_context":{"text":"OPINI\u00d3N","link":"https:\/\/lasprimeras.com.do\/index.php\/category\/opinion\/"},"img":{"alt_text":"","src":"https:\/\/i0.wp.com\/lasprimeras.com.do\/wp-content\/uploads\/2025\/03\/Ramon-Mercedes.jpeg?resize=350%2C200&ssl=1","width":350,"height":200},"classes":[]},{"id":99723,"url":"https:\/\/lasprimeras.com.do\/index.php\/2025\/05\/26\/enterate-ny-10\/","url_meta":{"origin":138653,"position":5},"title":"Ent\u00e9rate NY","author":"Nelson Feliz","date":"26 de mayo de 2025","format":false,"excerpt":"PERIODISMO INFORMATIVO Y CR\u00cdTICO AL SERVICIO DE LA COMUNIDAD Por Ram\u00f3n Mercedes \u25baFelicidades a las madres en RD: El autor de esta columna les deseas \u00absalud, bendiciones y larga vida a las madres dominicanas\u00bb. Ayer domingo fue su d\u00eda en RD. \u25baEn homenaje a Miguel Cruz Tejada: Durante el homenaje\u2026","rel":"","context":"En \u00abOPINI\u00d3N\u00bb","block_context":{"text":"OPINI\u00d3N","link":"https:\/\/lasprimeras.com.do\/index.php\/category\/opinion\/"},"img":{"alt_text":"","src":"https:\/\/i0.wp.com\/lasprimeras.com.do\/wp-content\/uploads\/2025\/03\/Ramon-Mercedes.jpeg?resize=350%2C200&ssl=1","width":350,"height":200},"classes":[]}],"jetpack_sharing_enabled":true,"jetpack_featured_media_url":"https:\/\/lasprimeras.com.do\/wp-content\/uploads\/2025\/03\/Ramon-Mercedes.jpeg","_links":{"self":[{"href":"https:\/\/lasprimeras.com.do\/index.php\/wp-json\/wp\/v2\/posts\/138653","targetHints":{"allow":["GET"]}}],"collection":[{"href":"https:\/\/lasprimeras.com.do\/index.php\/wp-json\/wp\/v2\/posts"}],"about":[{"href":"https:\/\/lasprimeras.com.do\/index.php\/wp-json\/wp\/v2\/types\/post"}],"author":[{"embeddable":true,"href":"https:\/\/lasprimeras.com.do\/index.php\/wp-json\/wp\/v2\/users\/10"}],"replies":[{"embeddable":true,"href":"https:\/\/lasprimeras.com.do\/index.php\/wp-json\/wp\/v2\/comments?post=138653"}],"version-history":[{"count":1,"href":"https:\/\/lasprimeras.com.do\/index.php\/wp-json\/wp\/v2\/posts\/138653\/revisions"}],"predecessor-version":[{"id":138654,"href":"https:\/\/lasprimeras.com.do\/index.php\/wp-json\/wp\/v2\/posts\/138653\/revisions\/138654"}],"wp:featuredmedia":[{"embeddable":true,"href":"https:\/\/lasprimeras.com.do\/index.php\/wp-json\/wp\/v2\/media\/94648"}],"wp:attachment":[{"href":"https:\/\/lasprimeras.com.do\/index.php\/wp-json\/wp\/v2\/media?parent=138653"}],"wp:term":[{"taxonomy":"category","embeddable":true,"href":"https:\/\/lasprimeras.com.do\/index.php\/wp-json\/wp\/v2\/categories?post=138653"},{"taxonomy":"post_tag","embeddable":true,"href":"https:\/\/lasprimeras.com.do\/index.php\/wp-json\/wp\/v2\/tags?post=138653"}],"curies":[{"name":"wp","href":"https:\/\/api.w.org\/{rel}","templated":true}]}}