{"id":138655,"date":"2026-08-31T23:49:12","date_gmt":"2026-09-01T03:49:12","guid":{"rendered":"https:\/\/lasprimeras.com.do\/?p=138655"},"modified":"2026-08-31T23:50:42","modified_gmt":"2026-09-01T03:50:42","slug":"gobierno-amplia-a-73-km-la-red-de-transporte-masivo","status":"publish","type":"post","link":"https:\/\/lasprimeras.com.do\/index.php\/2026\/08\/31\/gobierno-amplia-a-73-km-la-red-de-transporte-masivo\/","title":{"rendered":"Gobierno ampl\u00eda a 73 km la red de transporte masivo"},"content":{"rendered":"\n<p class=\"wp-block-paragraph\"><strong>Para finales de 2026, entrar\u00e1 en operaci\u00f3n primer tramo del telef\u00e9rico SDO, que conectar\u00e1 el kil\u00f3metro 9, Buenos Aires de Herrera y Pintura; tambi\u00e9n se avanza en la eliminaci\u00f3n del cobro en efectivo en estaciones de peaje.<\/strong><\/p>\n\n\n\n<p class=\"wp-block-paragraph\"><strong>Santo Domingo.\u2013<\/strong> La Rep\u00fablica Dominicana contin\u00faa avanzando en materia de conectividad vial y transporte masivo, consolidando la conexi\u00f3n de redes de carreteras, puentes, circunvalaciones y peajes con la expansi\u00f3n del Metro, el Monorriel y los corredores urbanos de autobuses, con el objetivo de incrementar la seguridad vial y reducir significativamente los tiempos de traslado de los ciudadanos.<\/p>\n\n\n\n<p class=\"wp-block-paragraph\">Los avances de estos proyectos fueron presentados por el director ejecutivo de la Oficina para el Reordenamiento del Transporte (Opret), Jhael Isa Tav\u00e1rez, y el director del Fideicomiso RD Vial, Hostos Rizik Lugo, durante la segunda edici\u00f3n de \u201cLA Agenda Semanal\u201d, encabezada por el presidente Luis Abinader.<\/p>\n\n\n\n<p class=\"wp-block-paragraph\">En materia de movilidad masiva urbana, Isa Tav\u00e1rez detall\u00f3 que desde 2020, la expansi\u00f3n del Metro y los telef\u00e9ricos, as\u00ed como el monorriel que se construye en Santiago de los Caballeros, que tendr\u00e1 capacidad para 20,000 pasajeros por hora por sentido y entrar\u00e1 en circulaci\u00f3n al cierre de este 2026, suman 38 kil\u00f3metros a los 35 ya existentes, lo que llevar\u00e1 el sistema integrado a un total proyectado de 73 kil\u00f3metros que ser\u00e1n entregados antes de finalizar el 2028.<\/p>\n\n\n\n<p class=\"wp-block-paragraph\">Asimismo, resalt\u00f3 el notable crecimiento en la demanda del telef\u00e9rico de Los Alcarrizos, al pasar de 4,000 a 13,000 usuarios diarios, con la meta de superar los 20,000 pasajeros por d\u00eda. Adem\u00e1s, se duplic\u00f3 la capacidad a la L\u00ednea 1 del Metro de Santo Domingo y se agreg\u00f3 la L\u00ednea 2C.<\/p>\n\n\n\n<p class=\"wp-block-paragraph\">Para finales de este 2026, entrar\u00e1 en operaci\u00f3n el primer tramo del telef\u00e9rico de Santo Domingo Oeste que conectar\u00e1 el kil\u00f3metro 9, Buenos Aires de Herrera y Pintura, por este \u00faltimo punto pasan m\u00e1s de 20,000 pasajeros cada d\u00eda.<\/p>\n\n\n\n<p class=\"wp-block-paragraph\">Este proyecto ser\u00e1 ampliado para conectar de igual forma con las comunidades de El Caf\u00e9 de Herrera y Los Minas de Herrera hasta Quitasue\u00f1o en Haina, tramo que proyecta ser concluido para finales de 2027.<\/p>\n\n\n\n<p class=\"wp-block-paragraph\">RD Vial<\/p>\n\n\n\n<p class=\"wp-block-paragraph\">Mientras, el director del Fideicomiso RD Vial, Hostos Rizik Lugo, detall\u00f3 la modernizaci\u00f3n del sistema de cobro en las estaciones de peaje, reiterando a la poblaci\u00f3n que se contempla la eliminaci\u00f3n paulatina de las casetas de cobro manual y en efectivo para sustituirlas por v\u00edas automatizadas y ampliar los carriles exclusivos de Paso R\u00e1pido.<\/p>\n\n\n\n<p class=\"wp-block-paragraph\">Este proyecto iniciar\u00e1 con un esquema de seis carriles por estaci\u00f3n, distribuidos en tres carriles expresos y tres carriles para pago en efectivo, los cuales ir\u00e1n reduci\u00e9ndose progresivamente.<\/p>\n","protected":false},"excerpt":{"rendered":"<p>Para finales de 2026, entrar\u00e1 en operaci\u00f3n primer tramo del telef\u00e9rico SDO, que conectar\u00e1 el kil\u00f3metro 9, Buenos Aires de Herrera y Pintura; tambi\u00e9n se avanza en la eliminaci\u00f3n del&hellip;<\/p>\n","protected":false},"author":10,"featured_media":138656,"comment_status":"open","ping_status":"open","sticky":false,"template":"","format":"standard","meta":{"content-type":"","_jetpack_newsletter_access":"","_jetpack_dont_email_post_to_subs":false,"_jetpack_newsletter_tier_id":0,"_jetpack_memberships_contains_paywalled_content":false,"_jetpack_feature_clip_id":0,"_jetpack_memberships_contains_paid_content":false,"footnotes":"","jetpack_post_was_ever_published":false},"categories":[39],"tags":[36178,9904,171,20166,14712,36177,36179,1592,20394],"class_list":["post-138655","post","type-post","status-publish","format-standard","has-post-thumbnail","hentry","category-economia","tag-73-kilometros","tag-expansion","tag-gobierno","tag-metro-de-santo-domingo","tag-monorriel-de-santiago","tag-red-integrada","tag-telefericos","tag-transformacion","tag-transporte-masivo"],"jetpack-related-posts":[{"id":73834,"url":"https:\/\/lasprimeras.com.do\/index.php\/2024\/01\/16\/santos-echavarria-resalta-medidas-del-gobierno-para-mejorar-el-transito-en-el-pais\/","url_meta":{"origin":138655,"position":0},"title":"Santos Echavarr\u00eda resalta medidas del Gobierno para mejorar el tr\u00e1nsito en el pa\u00eds","author":"Nelson Feliz","date":"16 de enero de 2024","format":false,"excerpt":"El ministro de la Presidencia se\u00f1al\u00f3 la importancia de abordar este tema de forma integral con todos los sectores El ministro de la Presidencia, Joel Santos Echavarr\u00eda resalt\u00f3 las medidas que el Gobierno ejecuta para mejorar el tr\u00e1nsito en el pa\u00eds, al se\u00f1alar la importancia de abordar este tema de\u2026","rel":"","context":"En \u00abNACIONALES\u00bb","block_context":{"text":"NACIONALES","link":"https:\/\/lasprimeras.com.do\/index.php\/category\/nacionales\/"},"img":{"alt_text":"Joel Santos Echavarr\u00eda","src":"https:\/\/i0.wp.com\/lasprimeras.com.do\/wp-content\/uploads\/2024\/01\/Joel-Santos-Echavarria.jpg?resize=350%2C200&ssl=1","width":350,"height":200,"srcset":"https:\/\/i0.wp.com\/lasprimeras.com.do\/wp-content\/uploads\/2024\/01\/Joel-Santos-Echavarria.jpg?resize=350%2C200&ssl=1 1x, https:\/\/i0.wp.com\/lasprimeras.com.do\/wp-content\/uploads\/2024\/01\/Joel-Santos-Echavarria.jpg?resize=525%2C300&ssl=1 1.5x, https:\/\/i0.wp.com\/lasprimeras.com.do\/wp-content\/uploads\/2024\/01\/Joel-Santos-Echavarria.jpg?resize=700%2C400&ssl=1 2x"},"classes":[]},{"id":107633,"url":"https:\/\/lasprimeras.com.do\/index.php\/2025\/08\/28\/presidente-abinader-anuncia-la-construccion-del-monorriel-de-santo-domingo\/","url_meta":{"origin":138655,"position":1},"title":"Presidente Abinader anuncia la construcci\u00f3n del Monorriel de Santo Domingo","author":"Nelson Feliz","date":"28 de agosto de 2025","format":false,"excerpt":"Atravesar\u00e1 la Autopista Las Am\u00e9ricas y la Av. 27 de Febrero atendiendo la demanda de viajes prevista por la conexi\u00f3n de Santo Domingo Este y el Distrito Nacional El presidente Luis Abinader anunci\u00f3 este jueves la construcci\u00f3n del Monorriel de Santo Domingo, el cual formar\u00e1 parte del Sistema Integrado de\u2026","rel":"","context":"En \u00abNACIONALES\u00bb","block_context":{"text":"NACIONALES","link":"https:\/\/lasprimeras.com.do\/index.php\/category\/nacionales\/"},"img":{"alt_text":"","src":"https:\/\/i0.wp.com\/lasprimeras.com.do\/wp-content\/uploads\/2025\/08\/Construccion-del-Monorriel-de-Santo-Domingo.jpg?resize=350%2C200&ssl=1","width":350,"height":200,"srcset":"https:\/\/i0.wp.com\/lasprimeras.com.do\/wp-content\/uploads\/2025\/08\/Construccion-del-Monorriel-de-Santo-Domingo.jpg?resize=350%2C200&ssl=1 1x, https:\/\/i0.wp.com\/lasprimeras.com.do\/wp-content\/uploads\/2025\/08\/Construccion-del-Monorriel-de-Santo-Domingo.jpg?resize=525%2C300&ssl=1 1.5x, https:\/\/i0.wp.com\/lasprimeras.com.do\/wp-content\/uploads\/2025\/08\/Construccion-del-Monorriel-de-Santo-Domingo.jpg?resize=700%2C400&ssl=1 2x"},"classes":[]},{"id":138567,"url":"https:\/\/lasprimeras.com.do\/index.php\/2026\/08\/31\/gobierno-avanza-en-la-construccion-del-monoriel-de-santo-domingo-con-financiamiento-de-francia\/","url_meta":{"origin":138655,"position":2},"title":"Gobierno avanza en la construcci\u00f3n del Monoriel de Santo Domingo con financiamiento de Francia","author":"Nelson Feliz","date":"31 de agosto de 2026","format":false,"excerpt":"SANTO DOMINGO OESTE.\u2013 El Gobierno dominicano inici\u00f3 formalmente los trabajos de construcci\u00f3n del Monorriel de Santo Domingo, un ambicioso proyecto vial de transporte masivo anunciado por el presidente Luis Abinader que contar\u00e1 con el financiamiento del Gobierno de Francia. Durante un recorrido realizado este domingo por el Residencial Santo Domingo,\u2026","rel":"","context":"En \u00abPORTADA\u00bb","block_context":{"text":"PORTADA","link":"https:\/\/lasprimeras.com.do\/index.php\/category\/portada\/"},"img":{"alt_text":"Monoriel de Santo Domingo","src":"https:\/\/i0.wp.com\/lasprimeras.com.do\/wp-content\/uploads\/2026\/08\/Monoriel-de-Santo-Domingo-2.jpg?resize=350%2C200&ssl=1","width":350,"height":200,"srcset":"https:\/\/i0.wp.com\/lasprimeras.com.do\/wp-content\/uploads\/2026\/08\/Monoriel-de-Santo-Domingo-2.jpg?resize=350%2C200&ssl=1 1x, https:\/\/i0.wp.com\/lasprimeras.com.do\/wp-content\/uploads\/2026\/08\/Monoriel-de-Santo-Domingo-2.jpg?resize=525%2C300&ssl=1 1.5x, https:\/\/i0.wp.com\/lasprimeras.com.do\/wp-content\/uploads\/2026\/08\/Monoriel-de-Santo-Domingo-2.jpg?resize=700%2C400&ssl=1 2x"},"classes":[]},{"id":78165,"url":"https:\/\/lasprimeras.com.do\/index.php\/2024\/02\/28\/presidente-cntu-cree-esperanzador-discurso-de-presidente-abinader\/","url_meta":{"origin":138655,"position":3},"title":"CNTU cree esperanzador discurso del presidente\u00a0Abinader","author":"Nelson Feliz","date":"28 de febrero de 2024","format":false,"excerpt":"Por Martin Restituyo El presidente de la Central Nacional de Transportistas Unificados (CNTU), Williams P\u00e9rez Figuereo,\u00a0 consider\u00f3 de esperanzador para el sector transporte el discurso del presidente Luis Abinader, al conmemorar\u00a0 este 27 de febrero el 180 aniversario de la Independencia Nacional. Para el l\u00edder choferil el discurso de rendici\u00f3n\u2026","rel":"","context":"En \u00abNACIONALES\u00bb","block_context":{"text":"NACIONALES","link":"https:\/\/lasprimeras.com.do\/index.php\/category\/nacionales\/"},"img":{"alt_text":"William P\u00e9rez Figuereo","src":"https:\/\/i0.wp.com\/lasprimeras.com.do\/wp-content\/uploads\/2024\/01\/William-Perez-Figuereo-1.jpg?resize=350%2C200&ssl=1","width":350,"height":200,"srcset":"https:\/\/i0.wp.com\/lasprimeras.com.do\/wp-content\/uploads\/2024\/01\/William-Perez-Figuereo-1.jpg?resize=350%2C200&ssl=1 1x, https:\/\/i0.wp.com\/lasprimeras.com.do\/wp-content\/uploads\/2024\/01\/William-Perez-Figuereo-1.jpg?resize=525%2C300&ssl=1 1.5x, https:\/\/i0.wp.com\/lasprimeras.com.do\/wp-content\/uploads\/2024\/01\/William-Perez-Figuereo-1.jpg?resize=700%2C400&ssl=1 2x"},"classes":[]},{"id":77947,"url":"https:\/\/lasprimeras.com.do\/index.php\/2024\/02\/27\/teleferico-de-santiago-sera-inaugurado-el-17-de-marzo\/","url_meta":{"origin":138655,"position":4},"title":"Telef\u00e9rico de Santiago ser\u00e1 inaugurado el 17 de marzo","author":"BIMARY DE JES\u00daS Matos","date":"27 de febrero de 2024","format":false,"excerpt":"Santo Domingo.- Durante el discurso de rendici\u00f3n de cuentas, el presidente Luis Abinader adelant\u00f3 que el telef\u00e9rico de Santiago ser\u00e1 inaugurado el pr\u00f3ximo 17 de marzo. \u201cEste Gobierno tambi\u00e9n ha hecho un enorme esfuerzo en la ampliaci\u00f3n de nuestra red de transporte masivo, con obras tan importantes como el Telef\u00e9rico\u2026","rel":"","context":"En \u00abNACIONALES\u00bb","block_context":{"text":"NACIONALES","link":"https:\/\/lasprimeras.com.do\/index.php\/category\/nacionales\/"},"img":{"alt_text":"","src":"https:\/\/i0.wp.com\/lasprimeras.com.do\/wp-content\/uploads\/2024\/02\/teleferico-26056f1e-scaled.jpg?resize=350%2C200&ssl=1","width":350,"height":200,"srcset":"https:\/\/i0.wp.com\/lasprimeras.com.do\/wp-content\/uploads\/2024\/02\/teleferico-26056f1e-scaled.jpg?resize=350%2C200&ssl=1 1x, https:\/\/i0.wp.com\/lasprimeras.com.do\/wp-content\/uploads\/2024\/02\/teleferico-26056f1e-scaled.jpg?resize=525%2C300&ssl=1 1.5x, https:\/\/i0.wp.com\/lasprimeras.com.do\/wp-content\/uploads\/2024\/02\/teleferico-26056f1e-scaled.jpg?resize=700%2C400&ssl=1 2x, https:\/\/i0.wp.com\/lasprimeras.com.do\/wp-content\/uploads\/2024\/02\/teleferico-26056f1e-scaled.jpg?resize=1050%2C600&ssl=1 3x, https:\/\/i0.wp.com\/lasprimeras.com.do\/wp-content\/uploads\/2024\/02\/teleferico-26056f1e-scaled.jpg?resize=1400%2C800&ssl=1 4x"},"classes":[]},{"id":87403,"url":"https:\/\/lasprimeras.com.do\/index.php\/2024\/08\/11\/abinader-conduce-el-monorriel-de-santiago-en-su-primera-prueba-dinamica-con-pasajeros\/","url_meta":{"origin":138655,"position":5},"title":"Abinader conduce el Monorriel de Santiago en su primera prueba din\u00e1mica con pasajeros","author":"Nelson Feliz","date":"11 de agosto de 2024","format":false,"excerpt":"Mandatario dice un transporte masivo de calidad es fundamental para el desarrollo econ\u00f3mico de cualquier sociedad. La Rep\u00fablica Dominicana y que la posiciona a otro nivel en la regi\u00f3n de Centroam\u00e9rica y El Caribe en materia de transporte, movilidad, innovaci\u00f3n y sostenibilidad, el presidente Luis Abinader condujo este domingo el\u2026","rel":"","context":"En \u00abNACIONALES\u00bb","block_context":{"text":"NACIONALES","link":"https:\/\/lasprimeras.com.do\/index.php\/category\/nacionales\/"},"img":{"alt_text":"Luis Abinader","src":"https:\/\/i0.wp.com\/lasprimeras.com.do\/wp-content\/uploads\/2024\/08\/Luis-Abinader-7-1.jpg?resize=350%2C200&ssl=1","width":350,"height":200,"srcset":"https:\/\/i0.wp.com\/lasprimeras.com.do\/wp-content\/uploads\/2024\/08\/Luis-Abinader-7-1.jpg?resize=350%2C200&ssl=1 1x, https:\/\/i0.wp.com\/lasprimeras.com.do\/wp-content\/uploads\/2024\/08\/Luis-Abinader-7-1.jpg?resize=525%2C300&ssl=1 1.5x"},"classes":[]}],"jetpack_sharing_enabled":true,"jetpack_featured_media_url":"https:\/\/lasprimeras.com.do\/wp-content\/uploads\/2026\/08\/Jhael-Isa-Tavarez.jpg","_links":{"self":[{"href":"https:\/\/lasprimeras.com.do\/index.php\/wp-json\/wp\/v2\/posts\/138655","targetHints":{"allow":["GET"]}}],"collection":[{"href":"https:\/\/lasprimeras.com.do\/index.php\/wp-json\/wp\/v2\/posts"}],"about":[{"href":"https:\/\/lasprimeras.com.do\/index.php\/wp-json\/wp\/v2\/types\/post"}],"author":[{"embeddable":true,"href":"https:\/\/lasprimeras.com.do\/index.php\/wp-json\/wp\/v2\/users\/10"}],"replies":[{"embeddable":true,"href":"https:\/\/lasprimeras.com.do\/index.php\/wp-json\/wp\/v2\/comments?post=138655"}],"version-history":[{"count":1,"href":"https:\/\/lasprimeras.com.do\/index.php\/wp-json\/wp\/v2\/posts\/138655\/revisions"}],"predecessor-version":[{"id":138657,"href":"https:\/\/lasprimeras.com.do\/index.php\/wp-json\/wp\/v2\/posts\/138655\/revisions\/138657"}],"wp:featuredmedia":[{"embeddable":true,"href":"https:\/\/lasprimeras.com.do\/index.php\/wp-json\/wp\/v2\/media\/138656"}],"wp:attachment":[{"href":"https:\/\/lasprimeras.com.do\/index.php\/wp-json\/wp\/v2\/media?parent=138655"}],"wp:term":[{"taxonomy":"category","embeddable":true,"href":"https:\/\/lasprimeras.com.do\/index.php\/wp-json\/wp\/v2\/categories?post=138655"},{"taxonomy":"post_tag","embeddable":true,"href":"https:\/\/lasprimeras.com.do\/index.php\/wp-json\/wp\/v2\/tags?post=138655"}],"curies":[{"name":"wp","href":"https:\/\/api.w.org\/{rel}","templated":true}]}}