{"id":138658,"date":"2026-08-31T23:57:05","date_gmt":"2026-09-01T03:57:05","guid":{"rendered":"https:\/\/lasprimeras.com.do\/?p=138658"},"modified":"2026-08-31T23:57:09","modified_gmt":"2026-09-01T03:57:09","slug":"eted-ejecutara-esta-semana-trabajos-programados-de-mantenimiento-preventivo","status":"publish","type":"post","link":"https:\/\/lasprimeras.com.do\/index.php\/2026\/08\/31\/eted-ejecutara-esta-semana-trabajos-programados-de-mantenimiento-preventivo\/","title":{"rendered":"ETED ejecutar\u00e1 esta semana trabajos programados de mantenimiento preventivo"},"content":{"rendered":"\n<p class=\"wp-block-paragraph\">Los trabajos abarcar\u00e1n desde el martes 1 de septiembre hasta el viernes 4.<\/p>\n\n\n\n<pre class=\"wp-block-preformatted\"><code>Santo Domingo.- La Empresa de Transmisi\u00f3n El\u00e9ctrica Dominicana (ETED) ejecutar\u00e1 este martes 1, mi\u00e9rcoles 2 y viernes 4 de septiembre trabajos de mantenimiento preventivo y reemplazo de estructuras en diferentes l\u00edneas de transmisi\u00f3n del pa\u00eds, como parte de las acciones que desarrolla para preservar las condiciones de operaci\u00f3n de sus infraestructuras y fortalecer la confiabilidad de la red el\u00e9ctrica nacional.<\/code><\/pre>\n\n\n\n<p class=\"wp-block-paragraph\">Este martes 1 de septiembre, las brigadas de ETED realizar\u00e1n mantenimiento preventivo a estructuras en la l\u00ednea 69 kV Dajao\u2013Yamas\u00e1\u2013Monte Plata, en horario de 2:00 p. m. a 5:00 p. m.<\/p>\n\n\n\n<p class=\"wp-block-paragraph\">Durante esta intervenci\u00f3n se producir\u00e1n interrupciones del servicio el\u00e9ctrico en las comunidades de Sierra Prieta, Yamas\u00e1 y Monte Plata, en la provincia Monte Plata, as\u00ed como en la empresa Monte Plata Solar.<\/p>\n\n\n\n<p class=\"wp-block-paragraph\">El mi\u00e9rcoles 2 de septiembre, se llevar\u00e1 a cabo el reemplazo de estructuras deterioradas en la l\u00ednea de transmisi\u00f3n 69 kV Pimentel\u2013Hatillo, de 9:00 a. m. a 3:00 p. m. Los trabajos requerir\u00e1n suspensiones transitorias del servicio en Cotu\u00ed y La Mata, as\u00ed como en Boca de Cam\u00fa, Barrio Lindo, Barrio La Fortuna, La Cigua, El Rayo y La Cueva, pertenecientes a la provincia S\u00e1nchez Ram\u00edrez.<\/p>\n\n\n\n<p class=\"wp-block-paragraph\">De manera parcial, tambi\u00e9n suspender\u00e1 en Pimentel y San Francisco de Macor\u00eds, pertenecientes a la provincia Duarte. Asimismo, se ver\u00e1n afectados temporalmente el servicio en las empresas Pastas Alimenticias y Procesadora de Alimentos (Prodal).<\/p>\n\n\n\n<p class=\"wp-block-paragraph\">El viernes 4 de septiembre, ETED continuar\u00e1 con el reemplazo de estructuras deterioradas en dos l\u00edneas de transmisi\u00f3n. En la l\u00ednea 69 kV Cruce de Cabral I\u2013Duverg\u00e9, los trabajos se desarrollar\u00e1n de 12:00 p. m. a 5:00 p. m., mientras que en la l\u00ednea 69 kV Bayona\u2013Multiparque se realizar\u00e1n de 9:00 a. m. a 3:00 p. m.<\/p>\n\n\n\n<p class=\"wp-block-paragraph\">En el caso de la l\u00ednea Cruce de Cabral I\u2013Duverg\u00e9, se producir\u00e1n suspensiones del suministro el\u00e9ctrico en Jiman\u00ed, perteneciente a la provincia Independencia; Neiba y Las Damas, pertenecientes a la provincia Bahoruco; as\u00ed como en Las Salinas, Villa Central, El Cacique, Nuevo Amparo, Cruce de Cabral, S\u00e1vica y Cabral, pertenecientes a la provincia Barahona.<\/p>\n\n\n\n<p class=\"wp-block-paragraph\">Tambi\u00e9n se ver\u00e1n afectados temporalmente Hidroel\u00e9ctrica Las Damas y Khuhory Industrial.<\/p>\n\n\n\n<p class=\"wp-block-paragraph\">Por los trabajos en la l\u00ednea 69 kV Bayona\u2013Multiparque, se producir\u00e1n interrupciones en Bayona, San Miguel, Bella Colina, Riviera de Haina, Villa Nazaret, Brisa Tropical y Arroyo Bonito, pertenecientes al municipio Santo Domingo Oeste, provincia Santo Domingo.<\/p>\n\n\n\n<p class=\"wp-block-paragraph\">Asimismo, se ver\u00e1n temporalmente afectados los servicios de Caasd I, Caasd II, Kinnox, CND Hato Nuevo, Productos Diversos y Disdo.<\/p>\n\n\n\n<p class=\"wp-block-paragraph\">ETED agradece la comprensi\u00f3n de los usuarios y reafirma su compromiso de fortalecer una red segura, confiable y preparada para el futuro, como habilitador de la transici\u00f3n energ\u00e9tica y digital de la Rep\u00fablica Dominicana.<\/p>\n","protected":false},"excerpt":{"rendered":"<p>Los trabajos abarcar\u00e1n desde el martes 1 de septiembre hasta el viernes 4. Santo Domingo.- La Empresa de Transmisi\u00f3n El\u00e9ctrica Dominicana (ETED) ejecutar\u00e1 este martes 1, mi\u00e9rcoles 2 y viernes&hellip;<\/p>\n","protected":false},"author":10,"featured_media":138659,"comment_status":"open","ping_status":"open","sticky":false,"template":"","format":"standard","meta":{"content-type":"","_jetpack_newsletter_access":"","_jetpack_dont_email_post_to_subs":false,"_jetpack_newsletter_tier_id":0,"_jetpack_memberships_contains_paywalled_content":false,"_jetpack_feature_clip_id":0,"_jetpack_memberships_contains_paid_content":false,"footnotes":"","jetpack_post_was_ever_published":false},"categories":[35],"tags":[5134,5135,5180,11248,452],"class_list":["post-138658","post","type-post","status-publish","format-standard","has-post-thumbnail","hentry","category-nacionales","tag-eted","tag-mantenimiento","tag-preventivo","tag-programados","tag-trabajos"],"jetpack-related-posts":[{"id":60218,"url":"https:\/\/lasprimeras.com.do\/index.php\/2023\/09\/11\/eted-dara-mantenimiento-en-la-subestacion-69-kv-villa-duarte-invivienda-y-palamara-inca\/","url_meta":{"origin":138658,"position":0},"title":"ETED dar\u00e1 mantenimiento en la subestaci\u00f3n 69 kV Villa Duarte \u2013 Invivienda y Palamara \u2013 INCA","author":"Nelson Feliz","date":"11 de septiembre de 2023","format":false,"excerpt":"Por Martin Restituyo La Empresa de Transmisi\u00f3n El\u00e9ctrica Dominicana (ETED) informa que, este martes, 12 de septiembre, dar\u00e1 mantenimiento preventivo al campo de l\u00ednea en la subestaci\u00f3n 69 kV Villa Duarte \u2013 Invivienda, como parte de los trabajos programados esta semana para optimizar la calidad de las infraestructuras en el\u2026","rel":"","context":"En \u00abNACIONALES\u00bb","block_context":{"text":"NACIONALES","link":"https:\/\/lasprimeras.com.do\/index.php\/category\/nacionales\/"},"img":{"alt_text":"Redes El\u00e9ctrica","src":"https:\/\/i0.wp.com\/lasprimeras.com.do\/wp-content\/uploads\/2023\/09\/Redes-Electrica.jpg?resize=350%2C200&ssl=1","width":350,"height":200,"srcset":"https:\/\/i0.wp.com\/lasprimeras.com.do\/wp-content\/uploads\/2023\/09\/Redes-Electrica.jpg?resize=350%2C200&ssl=1 1x, https:\/\/i0.wp.com\/lasprimeras.com.do\/wp-content\/uploads\/2023\/09\/Redes-Electrica.jpg?resize=525%2C300&ssl=1 1.5x, https:\/\/i0.wp.com\/lasprimeras.com.do\/wp-content\/uploads\/2023\/09\/Redes-Electrica.jpg?resize=700%2C400&ssl=1 2x"},"classes":[]},{"id":60173,"url":"https:\/\/lasprimeras.com.do\/index.php\/2023\/09\/11\/eted-dara-mantenimiento-en-subestacion-y-linea-69-kv-este-martes\/","url_meta":{"origin":138658,"position":1},"title":"ETED dar\u00e1 mantenimiento en subestaci\u00f3n y l\u00ednea 69 kV este martes\u00a0\u00a0","author":"Nelson Feliz","date":"11 de septiembre de 2023","format":false,"excerpt":"Por Martin Restituyo La Empresa de Transmisi\u00f3n El\u00e9ctrica Dominicana (ETED) informa que, este martes 12 de septiembre, realizar\u00e1 sustituci\u00f3n de estructuras en malas condiciones en la l\u00ednea 69 kV Palamara \u2013 INCA y mantenimiento preventivo al campo de l\u00ednea en la subestaci\u00f3n 69 kV Villa Duarte \u2013 Invivienda, como parte\u2026","rel":"","context":"En \u00abNACIONALES\u00bb","block_context":{"text":"NACIONALES","link":"https:\/\/lasprimeras.com.do\/index.php\/category\/nacionales\/"},"img":{"alt_text":"ETED","src":"https:\/\/i0.wp.com\/lasprimeras.com.do\/wp-content\/uploads\/2023\/09\/ETED.jpg?resize=350%2C200&ssl=1","width":350,"height":200,"srcset":"https:\/\/i0.wp.com\/lasprimeras.com.do\/wp-content\/uploads\/2023\/09\/ETED.jpg?resize=350%2C200&ssl=1 1x, https:\/\/i0.wp.com\/lasprimeras.com.do\/wp-content\/uploads\/2023\/09\/ETED.jpg?resize=525%2C300&ssl=1 1.5x, https:\/\/i0.wp.com\/lasprimeras.com.do\/wp-content\/uploads\/2023\/09\/ETED.jpg?resize=700%2C400&ssl=1 2x"},"classes":[]},{"id":61040,"url":"https:\/\/lasprimeras.com.do\/index.php\/2023\/09\/21\/eted-realizara-trabajos-este-viernes-en-linea-69-kv-de-ocoa\/","url_meta":{"origin":138658,"position":2},"title":"ETED realizar\u00e1 trabajos este viernes en l\u00ednea 69 kV de Ocoa","author":"Nelson Feliz","date":"21 de septiembre de 2023","format":false,"excerpt":"Por Martin Restituyo La Empresa de Transmisi\u00f3n El\u00e9ctrica Dominicana (ETED) informa que, este viernes 22 de septiembre, dar\u00e1 mantenimiento preventivo a la l\u00ednea 69 kV Cruce de Ocoa \u2013 Ocoa, como parte de los trabajos para optimizar las infraestructuras el\u00e9ctricas en el pa\u00eds. Estos trabajos consistir\u00e1n en sustituir estructuras en\u2026","rel":"","context":"En \u00abNACIONALES\u00bb","block_context":{"text":"NACIONALES","link":"https:\/\/lasprimeras.com.do\/index.php\/category\/nacionales\/"},"img":{"alt_text":"Redes ETED","src":"https:\/\/i0.wp.com\/lasprimeras.com.do\/wp-content\/uploads\/2023\/09\/Redes-ETED.jpg?resize=350%2C200&ssl=1","width":350,"height":200,"srcset":"https:\/\/i0.wp.com\/lasprimeras.com.do\/wp-content\/uploads\/2023\/09\/Redes-ETED.jpg?resize=350%2C200&ssl=1 1x, https:\/\/i0.wp.com\/lasprimeras.com.do\/wp-content\/uploads\/2023\/09\/Redes-ETED.jpg?resize=525%2C300&ssl=1 1.5x, https:\/\/i0.wp.com\/lasprimeras.com.do\/wp-content\/uploads\/2023\/09\/Redes-ETED.jpg?resize=700%2C400&ssl=1 2x"},"classes":[]},{"id":134302,"url":"https:\/\/lasprimeras.com.do\/index.php\/2026\/07\/09\/eted-anuncia-jornadas-de-mantenimiento-en-la-red-de-transmision-electrica\/","url_meta":{"origin":138658,"position":3},"title":"ETED anuncia jornadas de mantenimiento en la red de transmisi\u00f3n el\u00e9ctrica","author":"Nelson Feliz","date":"9 de julio de 2026","format":false,"excerpt":"Los trabajos se realizar\u00e1n desde hoy hasta el viernes. Santo Domingo.- La Empresa de Transmisi\u00f3n El\u00e9ctrica Dominicana (ETED) realiza programa de mantenimiento preventivo y reemplazo de estructuras desde hoy mi\u00e9rcoles 8 al viernes 10 de este mes, con el prop\u00f3sito de fortalecer la red de transmisi\u00f3n y garantizar un sistema\u2026","rel":"","context":"En \u00abNACIONALES\u00bb","block_context":{"text":"NACIONALES","link":"https:\/\/lasprimeras.com.do\/index.php\/category\/nacionales\/"},"img":{"alt_text":"","src":"https:\/\/i0.wp.com\/lasprimeras.com.do\/wp-content\/uploads\/2026\/07\/eted.jpg?resize=350%2C200&ssl=1","width":350,"height":200,"srcset":"https:\/\/i0.wp.com\/lasprimeras.com.do\/wp-content\/uploads\/2026\/07\/eted.jpg?resize=350%2C200&ssl=1 1x, https:\/\/i0.wp.com\/lasprimeras.com.do\/wp-content\/uploads\/2026\/07\/eted.jpg?resize=525%2C300&ssl=1 1.5x, https:\/\/i0.wp.com\/lasprimeras.com.do\/wp-content\/uploads\/2026\/07\/eted.jpg?resize=700%2C400&ssl=1 2x"},"classes":[]},{"id":138039,"url":"https:\/\/lasprimeras.com.do\/index.php\/2026\/08\/24\/eted-fortalece-red-de-transmision-electrica-con-jornadas-de-mantenimiento-y-reemplazo-de-estructuras\/","url_meta":{"origin":138658,"position":4},"title":"ETED fortalece red de transmisi\u00f3n el\u00e9ctrica con jornadas de mantenimiento y reemplazo de estructuras","author":"Nelson Feliz","date":"24 de agosto de 2026","format":false,"excerpt":"Los trabajos se desarrollar\u00e1n este martes 25 y jueves 27 de agosto en l\u00edneas de transmisi\u00f3n de las provincias Mar\u00eda Trinidad S\u00e1nchez, San Juan y Santiago Santo Domingo.- La Empresa de Transmisi\u00f3n El\u00e9ctrica Dominicana (ETED) realizar\u00e1 este martes 25 y jueves 27 de agosto jornadas de mantenimiento preventivo y reemplazo\u2026","rel":"","context":"En \u00abPORTADA\u00bb","block_context":{"text":"PORTADA","link":"https:\/\/lasprimeras.com.do\/index.php\/category\/portada\/"},"img":{"alt_text":"","src":"https:\/\/i0.wp.com\/lasprimeras.com.do\/wp-content\/uploads\/2026\/08\/ETED.jpg?resize=350%2C200&ssl=1","width":350,"height":200,"srcset":"https:\/\/i0.wp.com\/lasprimeras.com.do\/wp-content\/uploads\/2026\/08\/ETED.jpg?resize=350%2C200&ssl=1 1x, https:\/\/i0.wp.com\/lasprimeras.com.do\/wp-content\/uploads\/2026\/08\/ETED.jpg?resize=525%2C300&ssl=1 1.5x, https:\/\/i0.wp.com\/lasprimeras.com.do\/wp-content\/uploads\/2026\/08\/ETED.jpg?resize=700%2C400&ssl=1 2x"},"classes":[]},{"id":60563,"url":"https:\/\/lasprimeras.com.do\/index.php\/2023\/09\/15\/eted-trabajara-en-subestacion-69-kv-boca-chica-megapuerto-este-sabado\/","url_meta":{"origin":138658,"position":5},"title":"ETED trabajar\u00e1 en subestaci\u00f3n 69 kV Boca Chica- Megapuerto este s\u00e1bado","author":"Nelson Feliz","date":"15 de septiembre de 2023","format":false,"excerpt":"Por Martin Restituyo La Empresa de Transmisi\u00f3n El\u00e9ctrica Dominicana (ETED) informa que, este s\u00e1bado 16 de septiembre, estar\u00e1 dando mantenimiento preventivo al campo de l\u00ednea de la subestaci\u00f3n 69 kV Boca Chica- Megapuerto, como parte de los mantenimientos programados para esta semana.\u00a0 Los trabajos se efectuar\u00e1n de 9:00 a.m. a\u2026","rel":"","context":"En \u00abNACIONALES\u00bb","block_context":{"text":"NACIONALES","link":"https:\/\/lasprimeras.com.do\/index.php\/category\/nacionales\/"},"img":{"alt_text":"LT Boca Chica- Megapuerto","src":"https:\/\/i0.wp.com\/lasprimeras.com.do\/wp-content\/uploads\/2023\/09\/LT-Boca-Chica-Megapuerto.jpg?resize=350%2C200&ssl=1","width":350,"height":200,"srcset":"https:\/\/i0.wp.com\/lasprimeras.com.do\/wp-content\/uploads\/2023\/09\/LT-Boca-Chica-Megapuerto.jpg?resize=350%2C200&ssl=1 1x, https:\/\/i0.wp.com\/lasprimeras.com.do\/wp-content\/uploads\/2023\/09\/LT-Boca-Chica-Megapuerto.jpg?resize=525%2C300&ssl=1 1.5x, https:\/\/i0.wp.com\/lasprimeras.com.do\/wp-content\/uploads\/2023\/09\/LT-Boca-Chica-Megapuerto.jpg?resize=700%2C400&ssl=1 2x"},"classes":[]}],"jetpack_sharing_enabled":true,"jetpack_featured_media_url":"https:\/\/lasprimeras.com.do\/wp-content\/uploads\/2026\/08\/mantenimiento-preventivo.jpg","_links":{"self":[{"href":"https:\/\/lasprimeras.com.do\/index.php\/wp-json\/wp\/v2\/posts\/138658","targetHints":{"allow":["GET"]}}],"collection":[{"href":"https:\/\/lasprimeras.com.do\/index.php\/wp-json\/wp\/v2\/posts"}],"about":[{"href":"https:\/\/lasprimeras.com.do\/index.php\/wp-json\/wp\/v2\/types\/post"}],"author":[{"embeddable":true,"href":"https:\/\/lasprimeras.com.do\/index.php\/wp-json\/wp\/v2\/users\/10"}],"replies":[{"embeddable":true,"href":"https:\/\/lasprimeras.com.do\/index.php\/wp-json\/wp\/v2\/comments?post=138658"}],"version-history":[{"count":1,"href":"https:\/\/lasprimeras.com.do\/index.php\/wp-json\/wp\/v2\/posts\/138658\/revisions"}],"predecessor-version":[{"id":138660,"href":"https:\/\/lasprimeras.com.do\/index.php\/wp-json\/wp\/v2\/posts\/138658\/revisions\/138660"}],"wp:featuredmedia":[{"embeddable":true,"href":"https:\/\/lasprimeras.com.do\/index.php\/wp-json\/wp\/v2\/media\/138659"}],"wp:attachment":[{"href":"https:\/\/lasprimeras.com.do\/index.php\/wp-json\/wp\/v2\/media?parent=138658"}],"wp:term":[{"taxonomy":"category","embeddable":true,"href":"https:\/\/lasprimeras.com.do\/index.php\/wp-json\/wp\/v2\/categories?post=138658"},{"taxonomy":"post_tag","embeddable":true,"href":"https:\/\/lasprimeras.com.do\/index.php\/wp-json\/wp\/v2\/tags?post=138658"}],"curies":[{"name":"wp","href":"https:\/\/api.w.org\/{rel}","templated":true}]}}