{"id":138661,"date":"2026-09-01T00:03:26","date_gmt":"2026-09-01T04:03:26","guid":{"rendered":"https:\/\/lasprimeras.com.do\/?p=138661"},"modified":"2026-09-01T00:03:27","modified_gmt":"2026-09-01T04:03:27","slug":"infotep-certifica-a-colaboradores-de-la-camara-de-diputados-tras-completar-programa-de-formacion","status":"publish","type":"post","link":"https:\/\/lasprimeras.com.do\/index.php\/2026\/09\/01\/infotep-certifica-a-colaboradores-de-la-camara-de-diputados-tras-completar-programa-de-formacion\/","title":{"rendered":"Infotep certifica a colaboradores de la C\u00e1mara de Diputados tras completar programa de formaci\u00f3n"},"content":{"rendered":"\n<p class=\"wp-block-paragraph\"><strong>Santo Domingo.- <\/strong>El Instituto Nacional de Formaci\u00f3n T\u00e9cnico Profesional (Infotep) certific\u00f3 a 262 colaboradores de la C\u00e1mara de Diputados que completaron el programa de fortalecimiento de competencias t\u00e9cnicas y administrativas, en un acto encabezado por la directora general del Infotep, Maira Morla Pineda, y la vicepresidenta del hemiciclo, Dharuelly D\u2019Aza.<\/p>\n\n\n\n<p class=\"wp-block-paragraph\">Como resultado del proceso formativo, se proyecta la entrega de 450 certificados, debido a que los participantes realizaron m\u00faltiples capacitaciones, con casos de colaboradores que completaron hasta seis acciones formativas.<\/p>\n\n\n\n<p class=\"wp-block-paragraph\">\u201cEsta graduaci\u00f3n se enmarca en el programa de fortalecimiento de competencias desarrollado por el Infotep, en coordinaci\u00f3n con la C\u00e1mara de Diputados de la Rep\u00fablica Dominicana, abarcando una oferta formativa diversificada, orientada a impulsar la eficiencia gubernamental, la modernizaci\u00f3n tecnol\u00f3gica y la optimizaci\u00f3n de los procesos operativos e institucionales\u201d, expres\u00f3 Morla Pineda.<\/p>\n\n\n\n<p class=\"wp-block-paragraph\">Resalt\u00f3 el nivel de participaci\u00f3n de los colaboradores y su disposici\u00f3n al aprendizaje continuo como elementos que contribuyen al mejoramiento del desempe\u00f1o profesional.<\/p>\n\n\n\n<figure class=\"wp-block-image size-full\"><img decoding=\"async\" width=\"1000\" height=\"666\" src=\"https:\/\/lasprimeras.com.do\/wp-content\/uploads\/2026\/09\/Entrega-de-certificados.jpg\" alt=\"\" class=\"wp-image-138663\" srcset=\"https:\/\/lasprimeras.com.do\/wp-content\/uploads\/2026\/09\/Entrega-de-certificados.jpg 1000w, https:\/\/lasprimeras.com.do\/wp-content\/uploads\/2026\/09\/Entrega-de-certificados-300x200.jpg 300w, https:\/\/lasprimeras.com.do\/wp-content\/uploads\/2026\/09\/Entrega-de-certificados-767x511.jpg 767w\" sizes=\"(max-width: 1000px) 100vw, 1000px\" \/><\/figure>\n\n\n\n<p class=\"wp-block-paragraph\">\u201cMuchos de ustedes, estimados graduandos, realizaron m\u00faltiples capacitaciones, alcanzando casos de colaboradores que recibir\u00e1n hasta seis certificados, lo que demuestra su denodado inter\u00e9s en la superaci\u00f3n personal y excelencia de desempe\u00f1o en los quehaceres que siguen elevando a este honorable hemiciclo\u201d, manifest\u00f3.<\/p>\n\n\n\n<p class=\"wp-block-paragraph\">Entre tanto, Dharuelly D\u2019Aza destac\u00f3 la importancia de la formaci\u00f3n t\u00e9cnico-profesional para fortalecer las capacidades de los servidores p\u00fablicos que participaron en el programa formativo impartido por el Infotep.<\/p>\n\n\n\n<p class=\"wp-block-paragraph\">Resalt\u00f3 que la capacitaci\u00f3n permanente constituye una v\u00eda para el crecimiento profesional y la adaptaci\u00f3n a las nuevas herramientas y demandas del entorno laboral.<\/p>\n\n\n\n<p class=\"wp-block-paragraph\">\u201cUna de las mejores maneras para crecer es capacitarse, porque una persona que est\u00e1 desempe\u00f1ando una posici\u00f3n y aprende un oficio extra que le ayuda a desarrollar esa labor de manera m\u00e1s eficiente y efectiva, adapt\u00e1ndose a la modernidad, a la inteligencia artificial y a tantas otras herramientas que tenemos hoy, definitivamente podr\u00e1 crecer en las labores que desempe\u00f1a\u201d, afirm\u00f3 D\u2019Aza Caraballo.<\/p>\n\n\n\n<p class=\"wp-block-paragraph\">El programa tuvo un alcance integral y transversal en la estructura organizativa de la C\u00e1mara de Diputados e incluy\u00f3 a directores departamentales, personal administrativo, colaboradores de libre nombramiento y remoci\u00f3n, as\u00ed como integrantes del cuerpo militar y de seguridad.<\/p>\n\n\n\n<p class=\"wp-block-paragraph\">La iniciativa, desarrollada en coordinaci\u00f3n con la C\u00e1mara de Diputados, tuvo como prop\u00f3sito contribuir al fortalecimiento del talento humano, la eficiencia gubernamental, la modernizaci\u00f3n tecnol\u00f3gica y la optimizaci\u00f3n de los procesos operativos e institucionales.<\/p>\n\n\n\n<p class=\"wp-block-paragraph\">Los participantes fueron capacitados mediante las modalidades presencial y virtual, en cuatro ejes estrat\u00e9gicos: Tecnolog\u00eda y Ofim\u00e1tica; Calidad y Operaciones; Comunicaci\u00f3n e Impacto, y Desarrollo Organizacional.<\/p>\n\n\n\n<p class=\"wp-block-paragraph\">En el \u00e1rea de Tecnolog\u00eda y Ofim\u00e1tica se impartieron formaciones sobre operaciones b\u00e1sicas de programas de oficina, Microsoft Excel y Microsoft Word, dirigidas a fortalecer la digitalizaci\u00f3n de procesos, la automatizaci\u00f3n de tareas y la estandarizaci\u00f3n de reportes e informes.<\/p>\n\n\n\n<p class=\"wp-block-paragraph\">El eje de Calidad y Operaciones incluy\u00f3 las t\u00e9cnicas de las 5S, buenas pr\u00e1cticas de almacenamiento y control de inventario, con \u00e9nfasis en la organizaci\u00f3n de los espacios de trabajo, el manejo de archivos y la eficiencia de los procesos log\u00edsticos internos.<\/p>\n\n\n\n<p class=\"wp-block-paragraph\">En Comunicaci\u00f3n e Impacto, los colaboradores recibieron capacitaci\u00f3n en comunicaci\u00f3n efectiva y presentaciones de alto impacto, mientras que el eje de Desarrollo Organizacional abord\u00f3 trabajo en equipo y servicio al cliente, orientados a favorecer un clima laboral colaborativo y una atenci\u00f3n de mayor calidad a usuarios internos, legisladores y ciudadan\u00eda.<\/p>\n","protected":false},"excerpt":{"rendered":"<p>Santo Domingo.- El Instituto Nacional de Formaci\u00f3n T\u00e9cnico Profesional (Infotep) certific\u00f3 a 262 colaboradores de la C\u00e1mara de Diputados que completaron el programa de fortalecimiento de competencias t\u00e9cnicas y administrativas,&hellip;<\/p>\n","protected":false},"author":10,"featured_media":138662,"comment_status":"open","ping_status":"open","sticky":false,"template":"","format":"standard","meta":{"content-type":"","_jetpack_newsletter_access":"","_jetpack_dont_email_post_to_subs":false,"_jetpack_newsletter_tier_id":0,"_jetpack_memberships_contains_paywalled_content":false,"_jetpack_feature_clip_id":0,"_jetpack_memberships_contains_paid_content":false,"footnotes":"","jetpack_post_was_ever_published":false},"categories":[25],"tags":[1102,4034,3092,29945,862,1880,198],"class_list":["post-138661","post","type-post","status-publish","format-standard","has-post-thumbnail","hentry","category-portada","tag-camara-de-diputados","tag-certifica","tag-colaboradores","tag-completar","tag-formacion","tag-infotep","tag-programa"],"jetpack-related-posts":[{"id":53592,"url":"https:\/\/lasprimeras.com.do\/index.php\/2023\/06\/28\/infotep-certifica-colaboradores-formados-en-metodologia-de-investigacion-cientifica\/","url_meta":{"origin":138661,"position":0},"title":"INFOTEP certifica colaboradores formados en metodolog\u00eda de investigaci\u00f3n cient\u00edfica","author":"Nelson Feliz","date":"28 de junio de 2023","format":false,"excerpt":"Por Martin Restituyo El Instituto Nacional de Formaci\u00f3n T\u00e9cnico Profesional (INFOTEP), certific\u00f3 a 13 colaboradores, quienes concluyeron el diplomado en Metodolog\u00eda de Investigaci\u00f3n Cient\u00edfica. Este programa tiene como objetivo que los colaboradores de las diferentes \u00e1reas del INFOTEP puedan dise\u00f1ar proyectos de investigaci\u00f3n, vinculados a los procesos necesarios para realizar\u2026","rel":"","context":"En \u00abNACIONALES\u00bb","block_context":{"text":"NACIONALES","link":"https:\/\/lasprimeras.com.do\/index.php\/category\/nacionales\/"},"img":{"alt_text":"INFOTEP","src":"https:\/\/i0.wp.com\/lasprimeras.com.do\/wp-content\/uploads\/2023\/06\/INFOTEP-1.jpg?resize=350%2C200&ssl=1","width":350,"height":200,"srcset":"https:\/\/i0.wp.com\/lasprimeras.com.do\/wp-content\/uploads\/2023\/06\/INFOTEP-1.jpg?resize=350%2C200&ssl=1 1x, https:\/\/i0.wp.com\/lasprimeras.com.do\/wp-content\/uploads\/2023\/06\/INFOTEP-1.jpg?resize=525%2C300&ssl=1 1.5x, https:\/\/i0.wp.com\/lasprimeras.com.do\/wp-content\/uploads\/2023\/06\/INFOTEP-1.jpg?resize=700%2C400&ssl=1 2x"},"classes":[]},{"id":102792,"url":"https:\/\/lasprimeras.com.do\/index.php\/2025\/07\/08\/senado-e-infotep-formalizan-acuerdo-para-robustecer-la-formacion-institucional\/","url_meta":{"origin":138661,"position":1},"title":"Senado e INFOTEP formalizan acuerdo para robustecer la formaci\u00f3n institucional","author":"Nelson Feliz","date":"8 de julio de 2025","format":false,"excerpt":"\u2022La C\u00e1mara Alta y el \u00f3rgano rector de la formaci\u00f3n t\u00e9cnico profesional unen esfuerzos para capacitar a senadores y su personal en \u00e1reas estrat\u00e9gicas. El Senado de la Rep\u00fablica y el Instituto Nacional de Formaci\u00f3n T\u00e9cnico Profesional (INFOTEP) firmaron un acuerdo de colaboraci\u00f3n interinstitucional dirigido a los legisladores y colaboradores\u2026","rel":"","context":"En \u00abNACIONALES\u00bb","block_context":{"text":"NACIONALES","link":"https:\/\/lasprimeras.com.do\/index.php\/category\/nacionales\/"},"img":{"alt_text":"","src":"https:\/\/i0.wp.com\/lasprimeras.com.do\/wp-content\/uploads\/2025\/07\/Ricardo-de-los-Santos-y-Rafael-Santos-Badia-1.jpg?resize=350%2C200&ssl=1","width":350,"height":200,"srcset":"https:\/\/i0.wp.com\/lasprimeras.com.do\/wp-content\/uploads\/2025\/07\/Ricardo-de-los-Santos-y-Rafael-Santos-Badia-1.jpg?resize=350%2C200&ssl=1 1x, https:\/\/i0.wp.com\/lasprimeras.com.do\/wp-content\/uploads\/2025\/07\/Ricardo-de-los-Santos-y-Rafael-Santos-Badia-1.jpg?resize=525%2C300&ssl=1 1.5x, https:\/\/i0.wp.com\/lasprimeras.com.do\/wp-content\/uploads\/2025\/07\/Ricardo-de-los-Santos-y-Rafael-Santos-Badia-1.jpg?resize=700%2C400&ssl=1 2x"},"classes":[]},{"id":124673,"url":"https:\/\/lasprimeras.com.do\/index.php\/2026\/03\/15\/infotep-lineas-estrategicas-de-la-nueva-gestion\/","url_meta":{"origin":138661,"position":2},"title":"INFOTEP: L\u00edneas estrat\u00e9gicas de la nueva gesti\u00f3n","author":"Nelson Feliz","date":"15 de marzo de 2026","format":false,"excerpt":"Morla Pineda destac\u00f3 que la planificaci\u00f3n institucional debe ser din\u00e1mica y capaz de adaptarse a las nuevas demandas del mercado laboral y del desarrollo productivo nacional. La directora general del Instituto Nacional de Formaci\u00f3n T\u00e9cnico Profesional (INFOTEP), Maira Morla Pineda, socializ\u00f3 las l\u00edneas estrat\u00e9gicas de la gesti\u00f3n que encabeza, con\u2026","rel":"","context":"En \u00abNACIONALES\u00bb","block_context":{"text":"NACIONALES","link":"https:\/\/lasprimeras.com.do\/index.php\/category\/nacionales\/"},"img":{"alt_text":"Maira Morla Pineda","src":"https:\/\/i0.wp.com\/lasprimeras.com.do\/wp-content\/uploads\/2026\/03\/Maira-Morla-Pineda-2.jpg?resize=350%2C200&ssl=1","width":350,"height":200,"srcset":"https:\/\/i0.wp.com\/lasprimeras.com.do\/wp-content\/uploads\/2026\/03\/Maira-Morla-Pineda-2.jpg?resize=350%2C200&ssl=1 1x, https:\/\/i0.wp.com\/lasprimeras.com.do\/wp-content\/uploads\/2026\/03\/Maira-Morla-Pineda-2.jpg?resize=525%2C300&ssl=1 1.5x, https:\/\/i0.wp.com\/lasprimeras.com.do\/wp-content\/uploads\/2026\/03\/Maira-Morla-Pineda-2.jpg?resize=700%2C400&ssl=1 2x"},"classes":[]},{"id":132538,"url":"https:\/\/lasprimeras.com.do\/index.php\/2026\/06\/03\/camara-de-cuentas-fortalece-la-capacitacion-de-su-personal-junto-al-inap-e-infotep-con-certificacion-de-86-colaboradores\/","url_meta":{"origin":138661,"position":3},"title":"C\u00e1mara de Cuentas fortalece la capacitaci\u00f3n de su personal junto al INAP e INFOTEP con certificaci\u00f3n de 86 colaboradores","author":"Nelson Feliz","date":"3 de junio de 2026","format":false,"excerpt":"Santo Domingo, RD. \u2013 Con el prop\u00f3sito de fortalecer las competencias t\u00e9cnicas y profesionales de su capital humano, la C\u00e1mara de Cuentas de la Rep\u00fablica Dominicana (CCRD), en coordinaci\u00f3n con el Instituto Nacional de Administraci\u00f3n P\u00fablica (INAP) y el Instituto Nacional de Formaci\u00f3n T\u00e9cnico Profesional (INFOTEP), certific\u00f3 a 86 colaboradores\u2026","rel":"","context":"En \u00abNACIONALES\u00bb","block_context":{"text":"NACIONALES","link":"https:\/\/lasprimeras.com.do\/index.php\/category\/nacionales\/"},"img":{"alt_text":"","src":"https:\/\/i0.wp.com\/lasprimeras.com.do\/wp-content\/uploads\/2026\/06\/IMG-20260603-WA0401-scaled.jpg?resize=350%2C200&ssl=1","width":350,"height":200,"srcset":"https:\/\/i0.wp.com\/lasprimeras.com.do\/wp-content\/uploads\/2026\/06\/IMG-20260603-WA0401-scaled.jpg?resize=350%2C200&ssl=1 1x, https:\/\/i0.wp.com\/lasprimeras.com.do\/wp-content\/uploads\/2026\/06\/IMG-20260603-WA0401-scaled.jpg?resize=525%2C300&ssl=1 1.5x, https:\/\/i0.wp.com\/lasprimeras.com.do\/wp-content\/uploads\/2026\/06\/IMG-20260603-WA0401-scaled.jpg?resize=700%2C400&ssl=1 2x, https:\/\/i0.wp.com\/lasprimeras.com.do\/wp-content\/uploads\/2026\/06\/IMG-20260603-WA0401-scaled.jpg?resize=1050%2C600&ssl=1 3x, https:\/\/i0.wp.com\/lasprimeras.com.do\/wp-content\/uploads\/2026\/06\/IMG-20260603-WA0401-scaled.jpg?resize=1400%2C800&ssl=1 4x"},"classes":[]},{"id":106304,"url":"https:\/\/lasprimeras.com.do\/index.php\/2025\/08\/13\/el-infotep-y-el-coe-certifican-a-173-brigadistas-para-fortalecer-la-respuesta-ante-emergencias-a-nivel-nacional\/","url_meta":{"origin":138661,"position":4},"title":"El INFOTEP y el COE certifican a 173 brigadistas para fortalecer la respuesta ante emergencias a nivel nacional","author":"Nelson Feliz","date":"13 de agosto de 2025","format":false,"excerpt":"\u2022 Colaboradores de las principales sedes del INFOTEP recibieron formaci\u00f3n integral para actuar ante emergencias m\u00e9dicas, incendios y fen\u00f3menos naturales. El Instituto Nacional de Formaci\u00f3n T\u00e9cnico Profesional (INFOTEP) dio un paso firme hacia la prevenci\u00f3n y la seguridad, al certificar a 173 colaboradores de sus sedes principales como brigadistas de\u2026","rel":"","context":"En \u00abNACIONALES\u00bb","block_context":{"text":"NACIONALES","link":"https:\/\/lasprimeras.com.do\/index.php\/category\/nacionales\/"},"img":{"alt_text":"","src":"https:\/\/i0.wp.com\/lasprimeras.com.do\/wp-content\/uploads\/2025\/08\/info-1.jpg?resize=350%2C200&ssl=1","width":350,"height":200,"srcset":"https:\/\/i0.wp.com\/lasprimeras.com.do\/wp-content\/uploads\/2025\/08\/info-1.jpg?resize=350%2C200&ssl=1 1x, https:\/\/i0.wp.com\/lasprimeras.com.do\/wp-content\/uploads\/2025\/08\/info-1.jpg?resize=525%2C300&ssl=1 1.5x, https:\/\/i0.wp.com\/lasprimeras.com.do\/wp-content\/uploads\/2025\/08\/info-1.jpg?resize=700%2C400&ssl=1 2x"},"classes":[]},{"id":108147,"url":"https:\/\/lasprimeras.com.do\/index.php\/2025\/09\/03\/infotep-gradua-97-tecnicos-especializados-en-areas-claves-de-la-industria-turistica-en-punta-cana\/","url_meta":{"origin":138661,"position":5},"title":"INFOTEP grad\u00faa 97 t\u00e9cnicos especializados en \u00e1reas claves de la industria tur\u00edstica en Punta Cana","author":"Nelson Feliz","date":"3 de septiembre de 2025","format":false,"excerpt":"El Instituto Nacional de Formaci\u00f3n T\u00e9cnico Profesional (INFOTEP) entreg\u00f3 t\u00edtulos de T\u00e9cnicos con salida plena a 97 trabajadores de la cadena Meli\u00e1 Hotels, en las \u00e1reas de Gastronom\u00eda, Gesti\u00f3n de Piso Hotelero, Bar y Restaurante, quienes completaron los requisitos del proceso de Evaluaci\u00f3n Ocupacional, reconociendo as\u00ed su experiencia y competencia\u2026","rel":"","context":"En \u00abTURISMO\u00bb","block_context":{"text":"TURISMO","link":"https:\/\/lasprimeras.com.do\/index.php\/category\/turismo\/"},"img":{"alt_text":"","src":"https:\/\/i0.wp.com\/lasprimeras.com.do\/wp-content\/uploads\/2025\/09\/infotep.jpg?resize=350%2C200&ssl=1","width":350,"height":200,"srcset":"https:\/\/i0.wp.com\/lasprimeras.com.do\/wp-content\/uploads\/2025\/09\/infotep.jpg?resize=350%2C200&ssl=1 1x, https:\/\/i0.wp.com\/lasprimeras.com.do\/wp-content\/uploads\/2025\/09\/infotep.jpg?resize=525%2C300&ssl=1 1.5x, https:\/\/i0.wp.com\/lasprimeras.com.do\/wp-content\/uploads\/2025\/09\/infotep.jpg?resize=700%2C400&ssl=1 2x"},"classes":[]}],"jetpack_sharing_enabled":true,"jetpack_featured_media_url":"https:\/\/lasprimeras.com.do\/wp-content\/uploads\/2026\/09\/Entrega-de-certificado.jpg","_links":{"self":[{"href":"https:\/\/lasprimeras.com.do\/index.php\/wp-json\/wp\/v2\/posts\/138661","targetHints":{"allow":["GET"]}}],"collection":[{"href":"https:\/\/lasprimeras.com.do\/index.php\/wp-json\/wp\/v2\/posts"}],"about":[{"href":"https:\/\/lasprimeras.com.do\/index.php\/wp-json\/wp\/v2\/types\/post"}],"author":[{"embeddable":true,"href":"https:\/\/lasprimeras.com.do\/index.php\/wp-json\/wp\/v2\/users\/10"}],"replies":[{"embeddable":true,"href":"https:\/\/lasprimeras.com.do\/index.php\/wp-json\/wp\/v2\/comments?post=138661"}],"version-history":[{"count":1,"href":"https:\/\/lasprimeras.com.do\/index.php\/wp-json\/wp\/v2\/posts\/138661\/revisions"}],"predecessor-version":[{"id":138664,"href":"https:\/\/lasprimeras.com.do\/index.php\/wp-json\/wp\/v2\/posts\/138661\/revisions\/138664"}],"wp:featuredmedia":[{"embeddable":true,"href":"https:\/\/lasprimeras.com.do\/index.php\/wp-json\/wp\/v2\/media\/138662"}],"wp:attachment":[{"href":"https:\/\/lasprimeras.com.do\/index.php\/wp-json\/wp\/v2\/media?parent=138661"}],"wp:term":[{"taxonomy":"category","embeddable":true,"href":"https:\/\/lasprimeras.com.do\/index.php\/wp-json\/wp\/v2\/categories?post=138661"},{"taxonomy":"post_tag","embeddable":true,"href":"https:\/\/lasprimeras.com.do\/index.php\/wp-json\/wp\/v2\/tags?post=138661"}],"curies":[{"name":"wp","href":"https:\/\/api.w.org\/{rel}","templated":true}]}}