{"id":138665,"date":"2026-09-01T00:11:11","date_gmt":"2026-09-01T04:11:11","guid":{"rendered":"https:\/\/lasprimeras.com.do\/?p=138665"},"modified":"2026-09-01T00:11:12","modified_gmt":"2026-09-01T04:11:12","slug":"abinader-ampliara-el-acueducto-del-cibao-central-y-distribucion-de-agua-en-santo-domingo","status":"publish","type":"post","link":"https:\/\/lasprimeras.com.do\/index.php\/2026\/09\/01\/abinader-ampliara-el-acueducto-del-cibao-central-y-distribucion-de-agua-en-santo-domingo\/","title":{"rendered":"Abinader ampliar\u00e1 el acueducto del Cibao Central y distribuci\u00f3n de agua en Santo Domingo"},"content":{"rendered":"\n<p class=\"wp-block-paragraph\">Destacan inversi\u00f3n hist\u00f3rica superior a los RD 37,000 millones en agua potable y saneamiento.<\/p>\n\n\n\n<p class=\"wp-block-paragraph\">Santo Domingo. \u2013 El presidente Luis Abinader anunci\u00f3 la ampliaci\u00f3n del acueducto del Cibao Central como uno de los grandes proyectos que iniciar\u00e1 esta gesti\u00f3n de Gobierno para consolidar la red h\u00eddrica nacional, destacando que este incluir\u00e1 una nueva l\u00ednea directa hacia Moca con capacidad de 2 metros c\u00fabicos por segundo.<\/p>\n\n\n\n<p class=\"wp-block-paragraph\">Asimismo, inform\u00f3 que, para mejorar la distribuci\u00f3n de agua potable en Santo Domingo, se trabaja en una soluci\u00f3n para los pr\u00f3ximos 8-10 a\u00f1os, que agregar\u00e1 5 metros c\u00fabicos a Santo Domingo y 500 litros a Cotu\u00ed.<\/p>\n\n\n\n<p class=\"wp-block-paragraph\">Estas informaciones fueron compartidas durante la segunda edici\u00f3n de \u201cLA Agenda Semanal\u201d, encabezado por el jefe de Estado junto con las autoridades del sector h\u00eddrico, donde presentaron un exhaustivo balance de las obras de agua potable, alcantarillado sanitario y saneamiento de ca\u00f1adas que se ejecutan a nivel nacional.<\/p>\n\n\n\n<p class=\"wp-block-paragraph\">Inapa<\/p>\n\n\n\n<p class=\"wp-block-paragraph\">En el marco del eje tem\u00e1tico dedicado a Agua y Saneamiento, Wellington Arnaud, director del Instituto Nacional de Aguas Potables y Alcantarillados (Inapa), indic\u00f3 que dicha instituci\u00f3n ha realizado una inversi\u00f3n p\u00fablica hist\u00f3rica que supera los 37,000 millones de pesos, orientada a transformar la calidad de vida y el acceso al recurso h\u00eddrico en las diferentes provincias del pa\u00eds.<\/p>\n\n\n\n<p class=\"wp-block-paragraph\">Arnaud resalt\u00f3 que la inversi\u00f3n en infraestructura h\u00eddrica se ha quintuplicado en comparaci\u00f3n con las gestiones anteriores, alcanzando la instalaci\u00f3n de m\u00e1s de 3,000 kil\u00f3metros de tuber\u00edas en todo el territorio dominicano, que se traduce en m\u00e1s de 3.5 metros c\u00fabicos de agua por segundo, m\u00e1s de 2.5 millones de personas beneficiadas con agua potable y m\u00e1s de 1.5 millones de personas que se benefician del tratamiento de aguas residuales.<\/p>\n\n\n\n<p class=\"wp-block-paragraph\">A esto se suma la entrega de acueductos y plantas de tratamiento en provincias sure\u00f1as como San Crist\u00f3bal, Peravia, San Jos\u00e9 de Ocoa, Azua, San Juan, Barahona, Pedernales, as\u00ed como diversas intervenciones en las dem\u00e1s regiones, impactando comunidades en lugares como Maim\u00f3n, Cotu\u00ed y las provincias Duarte, Valverde, Santiago, Dajab\u00f3n, Montecristi, Saman\u00e1, Mar\u00eda Trinidad S\u00e1nchez, La Altagracia, entre otras.<\/p>\n\n\n\n<p class=\"wp-block-paragraph\">De igual forma, se inform\u00f3 la construcci\u00f3n de nuevos acueductos en puntos cr\u00edticos que buscan llevar este importante recurso a comunidades como Baitoa y Sabaneta.<\/p>\n\n\n\n<p class=\"wp-block-paragraph\">Caasd<\/p>\n\n\n\n<p class=\"wp-block-paragraph\">De su lado, el director de la Caasd, Fellito Suberv\u00ed, habl\u00f3 sobre los avances en producci\u00f3n de agua potable, que ha aumentado en un 38 % desde 2020; el saneamiento de ca\u00f1adas y las aguas residuales.<\/p>\n\n\n\n<p class=\"wp-block-paragraph\">Al abundar sobre la producci\u00f3n de agua potable, cit\u00f3 la ampliaci\u00f3n de los acueductos Barrera de Salinidad y San Antonio de Guerra, y proyectan entregar antes de finalizar este 2026, las intervenciones en otros acueductos como La Isabela y El Tamarino I y II.<\/p>\n\n\n\n<p class=\"wp-block-paragraph\">Tambi\u00e9n han instalado al menos 600 kil\u00f3metros de tuber\u00edas que han permitido la incorporaci\u00f3n de m\u00e1s de 200 barrios a las redes formales de distribuci\u00f3n, se han entregado 63 pozos y se avanza en la intervenci\u00f3n de tanques de almacenamiento con 14 infraestructuras rehabilitadas y 9 en proceso de licitaci\u00f3n.<\/p>\n\n\n\n<p class=\"wp-block-paragraph\">Sobre el saneamiento de ca\u00f1adas se registran 19 kil\u00f3metros completamente entregados, equivalentes a 24 ca\u00f1adas y est\u00e1n activos los trabajos en otros 26 kil\u00f3metros para completar 45.<\/p>\n\n\n\n<p class=\"wp-block-paragraph\">Agreg\u00f3 que a esto se suman 26 nuevas ca\u00f1adas para alcanzar 63 kil\u00f3metros saneados durante las gestiones de gobierno del presidente Luis Abinader.<\/p>\n\n\n\n<p class=\"wp-block-paragraph\">Finalmente, para el tratamiento de aguas residuales, se entregaron plantas de tratamiento en Santo Domingo Este y Hainamosa, y est\u00e1n en proceso de rehabilitaci\u00f3n otras en Hato Nuevo, Caballona, Los Alcarrizos, Villa Liberaci\u00f3n, Lotes y Servicios, entre otras.<\/p>\n","protected":false},"excerpt":{"rendered":"<p>Destacan inversi\u00f3n hist\u00f3rica superior a los RD 37,000 millones en agua potable y saneamiento. Santo Domingo. \u2013 El presidente Luis Abinader anunci\u00f3 la ampliaci\u00f3n del acueducto del Cibao Central como&hellip;<\/p>\n","protected":false},"author":10,"featured_media":138666,"comment_status":"open","ping_status":"open","sticky":false,"template":"","format":"standard","meta":{"content-type":"","_jetpack_newsletter_access":"","_jetpack_dont_email_post_to_subs":false,"_jetpack_newsletter_tier_id":0,"_jetpack_memberships_contains_paywalled_content":false,"_jetpack_feature_clip_id":0,"_jetpack_memberships_contains_paid_content":false,"footnotes":"","jetpack_post_was_ever_published":false},"categories":[25],"tags":[36180,537,921,67,806],"class_list":["post-138665","post","type-post","status-publish","format-standard","has-post-thumbnail","hentry","category-portada","tag-acueducto-del-cibao-central","tag-agua","tag-distribucion","tag-luis-abinader","tag-santo-domingo"],"jetpack-related-posts":[{"id":109711,"url":"https:\/\/lasprimeras.com.do\/index.php\/2025\/09\/21\/abinader-supervisa-ampliacion-del-acueducto-barrera-de-salinidad-que-aumentara-distribucion-de-agua-potable-en-sde-y-sdn\/","url_meta":{"origin":138665,"position":0},"title":"Abinader supervisa ampliaci\u00f3n del &#8220;Acueducto Barrera de Salinidad&#8221; que aumentar\u00e1 distribuci\u00f3n de agua potable en SDE y SDN","author":"Nelson Feliz","date":"21 de septiembre de 2025","format":false,"excerpt":"Tambi\u00e9n inaugura de manera simult\u00e1nea 13 Comedores Econ\u00f3micos en comunidades de Azua, Montecristi, Dajab\u00f3n, La Romana, Barahona, Bahoruco, Pedernales, San Crist\u00f3bal y el Distrito Nacional. El presidente Luis Abinader encabez\u00f3 este domingo una visita de supervisi\u00f3n a los trabajos de ampliaci\u00f3n del Acueducto Oriental Barrera de Salinidad y Trasvase a\u2026","rel":"","context":"En \u00abECONOM\u00cdA\u00bb","block_context":{"text":"ECONOM\u00cdA","link":"https:\/\/lasprimeras.com.do\/index.php\/category\/economia\/"},"img":{"alt_text":"","src":"https:\/\/i0.wp.com\/lasprimeras.com.do\/wp-content\/uploads\/2025\/09\/caasd-1-2.jpg?resize=350%2C200&ssl=1","width":350,"height":200,"srcset":"https:\/\/i0.wp.com\/lasprimeras.com.do\/wp-content\/uploads\/2025\/09\/caasd-1-2.jpg?resize=350%2C200&ssl=1 1x, https:\/\/i0.wp.com\/lasprimeras.com.do\/wp-content\/uploads\/2025\/09\/caasd-1-2.jpg?resize=525%2C300&ssl=1 1.5x, https:\/\/i0.wp.com\/lasprimeras.com.do\/wp-content\/uploads\/2025\/09\/caasd-1-2.jpg?resize=700%2C400&ssl=1 2x"},"classes":[]},{"id":109786,"url":"https:\/\/lasprimeras.com.do\/index.php\/2025\/09\/22\/fellito-subervi-destaca-acueducto-barrera-de-salinidad-beneficiara-a-1-8-millones-de-personas-en-el-gsd\/","url_meta":{"origin":138665,"position":1},"title":"Fellito Suberv\u00ed destaca Acueducto Barrera de Salinidad beneficiar\u00e1 a 1.8 millones de personas en el GSD","author":"Nelson Feliz","date":"22 de septiembre de 2025","format":false,"excerpt":"La CAASD ejecuta esta obra clave para fortalecer el abastecimiento de agua potable en el Gran Santo Domingo. El director general de la Corporaci\u00f3n del Acueducto y Alcantarillado de Santo Domingo (CAASD), Fellito Suberv\u00ed inform\u00f3 durante un recorrido de supervisi\u00f3n junto al presidente Luis Abinader, que el Acueducto Oriental Barrera\u2026","rel":"","context":"En \u00abECONOM\u00cdA\u00bb","block_context":{"text":"ECONOM\u00cdA","link":"https:\/\/lasprimeras.com.do\/index.php\/category\/economia\/"},"img":{"alt_text":"","src":"https:\/\/i0.wp.com\/lasprimeras.com.do\/wp-content\/uploads\/2025\/09\/Fellito-Subervi-1.jpg?resize=350%2C200&ssl=1","width":350,"height":200,"srcset":"https:\/\/i0.wp.com\/lasprimeras.com.do\/wp-content\/uploads\/2025\/09\/Fellito-Subervi-1.jpg?resize=350%2C200&ssl=1 1x, https:\/\/i0.wp.com\/lasprimeras.com.do\/wp-content\/uploads\/2025\/09\/Fellito-Subervi-1.jpg?resize=525%2C300&ssl=1 1.5x, https:\/\/i0.wp.com\/lasprimeras.com.do\/wp-content\/uploads\/2025\/09\/Fellito-Subervi-1.jpg?resize=700%2C400&ssl=1 2x"},"classes":[]},{"id":122815,"url":"https:\/\/lasprimeras.com.do\/index.php\/2026\/02\/22\/abinader-y-fellito-subervi-ponen-en-servicio-acueducto-por-bombeo-mas-grande-del-pais\/","url_meta":{"origin":138665,"position":2},"title":"Abinader y Fellito Suberv\u00ed ponen en servicio acueducto por bombeo m\u00e1s grande del pa\u00eds","author":"Nelson Feliz","date":"22 de febrero de 2026","format":false,"excerpt":"Felipe -Fellito- Subervi destaca como un hito en la historia de la CAASD la puesta en funcionamiento de la Ampliaci\u00f3n del Acueducto Oriental Barrera de Salinidad recuperado y ampliado para llevar agua potable con mayor presi\u00f3n y continuidad a usuarios de los municipios Santo Domingo Este y Norte. El Presidente\u2026","rel":"","context":"En \u00abNACIONALES\u00bb","block_context":{"text":"NACIONALES","link":"https:\/\/lasprimeras.com.do\/index.php\/category\/nacionales\/"},"img":{"alt_text":"","src":"https:\/\/i0.wp.com\/lasprimeras.com.do\/wp-content\/uploads\/2026\/02\/acueducto.jpg?resize=350%2C200&ssl=1","width":350,"height":200,"srcset":"https:\/\/i0.wp.com\/lasprimeras.com.do\/wp-content\/uploads\/2026\/02\/acueducto.jpg?resize=350%2C200&ssl=1 1x, https:\/\/i0.wp.com\/lasprimeras.com.do\/wp-content\/uploads\/2026\/02\/acueducto.jpg?resize=525%2C300&ssl=1 1.5x, https:\/\/i0.wp.com\/lasprimeras.com.do\/wp-content\/uploads\/2026\/02\/acueducto.jpg?resize=700%2C400&ssl=1 2x"},"classes":[]},{"id":118457,"url":"https:\/\/lasprimeras.com.do\/index.php\/2025\/12\/30\/tejada-atribuye-averia-acueducto-cibao-central-a-que-su-vida-util-caduco-hace-11-anos\/","url_meta":{"origin":138665,"position":3},"title":"Tejada atribuye aver\u00eda Acueducto Cibao Central a que su vida \u00fatil caduc\u00f3 hace 11 a\u00f1os","author":"Nelson Feliz","date":"30 de diciembre de 2025","format":false,"excerpt":"El ingeniero Teodoro Tejada atribuy\u00f3 la ruptura de la tuber\u00eda de aducci\u00f3n del acueducto Cibao Central en La Zanja, Sabana Iglesia, a que la vida \u00fatil de la obra venci\u00f3 hace 11 a\u00f1os. El profesional de la construcci\u00f3n se\u00f1al\u00f3 que, las autoridades de Coraasan, de los tres per\u00edodos de gobierno\u2026","rel":"","context":"En \u00abNACIONALES\u00bb","block_context":{"text":"NACIONALES","link":"https:\/\/lasprimeras.com.do\/index.php\/category\/nacionales\/"},"img":{"alt_text":"Teodoro Tejada","src":"https:\/\/i0.wp.com\/lasprimeras.com.do\/wp-content\/uploads\/2025\/09\/Teodoro-Tejada-1.jpg?resize=350%2C200&ssl=1","width":350,"height":200,"srcset":"https:\/\/i0.wp.com\/lasprimeras.com.do\/wp-content\/uploads\/2025\/09\/Teodoro-Tejada-1.jpg?resize=350%2C200&ssl=1 1x, https:\/\/i0.wp.com\/lasprimeras.com.do\/wp-content\/uploads\/2025\/09\/Teodoro-Tejada-1.jpg?resize=525%2C300&ssl=1 1.5x, https:\/\/i0.wp.com\/lasprimeras.com.do\/wp-content\/uploads\/2025\/09\/Teodoro-Tejada-1.jpg?resize=700%2C400&ssl=1 2x"},"classes":[]},{"id":111135,"url":"https:\/\/lasprimeras.com.do\/index.php\/2025\/10\/05\/subervi-recorre-acueductos-que-seran-rehabilitados-para-optimizar-abastecimiento-y-distribucion-de-agua-potable\/","url_meta":{"origin":138665,"position":4},"title":"Suberv\u00ed recorre acueductos que ser\u00e1n rehabilitados para optimizar abastecimiento y distribuci\u00f3n de agua potable","author":"Nelson Feliz","date":"5 de octubre de 2025","format":false,"excerpt":"El funcionario destac\u00f3 que, con estas intervenciones, optimizar\u00e1 de manera considerable la producci\u00f3n y distribuci\u00f3n de agua potable en toda la demarcaci\u00f3n. El director de la Corporaci\u00f3n del Acueducto y Alcantarillado de Santo Domingo (CAASD), Felipe (Fellito) Suberv\u00ed, encabez\u00f3 un recorrido de supervisi\u00f3n por los sistemas Haina-Manoguayabo e Isabela, donde\u2026","rel":"","context":"En \u00abNACIONALES\u00bb","block_context":{"text":"NACIONALES","link":"https:\/\/lasprimeras.com.do\/index.php\/category\/nacionales\/"},"img":{"alt_text":"","src":"https:\/\/i0.wp.com\/lasprimeras.com.do\/wp-content\/uploads\/2025\/10\/Fellito-Subervi-1.jpg?resize=350%2C200&ssl=1","width":350,"height":200,"srcset":"https:\/\/i0.wp.com\/lasprimeras.com.do\/wp-content\/uploads\/2025\/10\/Fellito-Subervi-1.jpg?resize=350%2C200&ssl=1 1x, https:\/\/i0.wp.com\/lasprimeras.com.do\/wp-content\/uploads\/2025\/10\/Fellito-Subervi-1.jpg?resize=525%2C300&ssl=1 1.5x, https:\/\/i0.wp.com\/lasprimeras.com.do\/wp-content\/uploads\/2025\/10\/Fellito-Subervi-1.jpg?resize=700%2C400&ssl=1 2x"},"classes":[]},{"id":118425,"url":"https:\/\/lasprimeras.com.do\/index.php\/2025\/12\/28\/coraasan-e-inapa-avanzan-en-solucion-de-averia-del-tubo-que-abastece-de-agua-a-santiago-y-moca\/","url_meta":{"origin":138665,"position":5},"title":"Coraasan e INAPA avanzan en soluci\u00f3n de aver\u00eda del tubo que abastece de agua a Santiago y Moca","author":"Nelson Feliz","date":"28 de diciembre de 2025","format":false,"excerpt":"La Corporaci\u00f3n del Acueducto y Alcantarillado de Santiago (Coraasan) y el Instituto Nacional de Aguas Potables y Alcantarillados (INAPA), avanzan en la fase final de los trabajos para la soluci\u00f3n definitiva de la aver\u00eda registrada en la tuber\u00eda de aducci\u00f3n del acueducto Cibao Central, infraestructura clave que abastece de agua\u2026","rel":"","context":"En \u00abNACIONALES\u00bb","block_context":{"text":"NACIONALES","link":"https:\/\/lasprimeras.com.do\/index.php\/category\/nacionales\/"},"img":{"alt_text":"tuber\u00eda","src":"https:\/\/i0.wp.com\/lasprimeras.com.do\/wp-content\/uploads\/2025\/12\/tuberia.jpg?resize=350%2C200&ssl=1","width":350,"height":200,"srcset":"https:\/\/i0.wp.com\/lasprimeras.com.do\/wp-content\/uploads\/2025\/12\/tuberia.jpg?resize=350%2C200&ssl=1 1x, https:\/\/i0.wp.com\/lasprimeras.com.do\/wp-content\/uploads\/2025\/12\/tuberia.jpg?resize=525%2C300&ssl=1 1.5x, https:\/\/i0.wp.com\/lasprimeras.com.do\/wp-content\/uploads\/2025\/12\/tuberia.jpg?resize=700%2C400&ssl=1 2x"},"classes":[]}],"jetpack_sharing_enabled":true,"jetpack_featured_media_url":"https:\/\/lasprimeras.com.do\/wp-content\/uploads\/2026\/09\/Luis-Abinader-7.jpg","_links":{"self":[{"href":"https:\/\/lasprimeras.com.do\/index.php\/wp-json\/wp\/v2\/posts\/138665","targetHints":{"allow":["GET"]}}],"collection":[{"href":"https:\/\/lasprimeras.com.do\/index.php\/wp-json\/wp\/v2\/posts"}],"about":[{"href":"https:\/\/lasprimeras.com.do\/index.php\/wp-json\/wp\/v2\/types\/post"}],"author":[{"embeddable":true,"href":"https:\/\/lasprimeras.com.do\/index.php\/wp-json\/wp\/v2\/users\/10"}],"replies":[{"embeddable":true,"href":"https:\/\/lasprimeras.com.do\/index.php\/wp-json\/wp\/v2\/comments?post=138665"}],"version-history":[{"count":1,"href":"https:\/\/lasprimeras.com.do\/index.php\/wp-json\/wp\/v2\/posts\/138665\/revisions"}],"predecessor-version":[{"id":138667,"href":"https:\/\/lasprimeras.com.do\/index.php\/wp-json\/wp\/v2\/posts\/138665\/revisions\/138667"}],"wp:featuredmedia":[{"embeddable":true,"href":"https:\/\/lasprimeras.com.do\/index.php\/wp-json\/wp\/v2\/media\/138666"}],"wp:attachment":[{"href":"https:\/\/lasprimeras.com.do\/index.php\/wp-json\/wp\/v2\/media?parent=138665"}],"wp:term":[{"taxonomy":"category","embeddable":true,"href":"https:\/\/lasprimeras.com.do\/index.php\/wp-json\/wp\/v2\/categories?post=138665"},{"taxonomy":"post_tag","embeddable":true,"href":"https:\/\/lasprimeras.com.do\/index.php\/wp-json\/wp\/v2\/tags?post=138665"}],"curies":[{"name":"wp","href":"https:\/\/api.w.org\/{rel}","templated":true}]}}