{"id":138668,"date":"2026-08-31T12:14:00","date_gmt":"2026-08-31T16:14:00","guid":{"rendered":"https:\/\/lasprimeras.com.do\/?p=138668"},"modified":"2026-09-01T00:17:48","modified_gmt":"2026-09-01T04:17:48","slug":"prodominicana-presenta-mujer-exporta-para-fortalecer-empresarias-dominicanas","status":"publish","type":"post","link":"https:\/\/lasprimeras.com.do\/index.php\/2026\/08\/31\/prodominicana-presenta-mujer-exporta-para-fortalecer-empresarias-dominicanas\/","title":{"rendered":"ProDominicana presenta \u201cMujer Exporta+\u201d para fortalecer empresarias dominicanas"},"content":{"rendered":"\n<p class=\"wp-block-paragraph\">Santo Domingo.- El Centro de Exportaci\u00f3n e Inversi\u00f3n de la Rep\u00fablica Dominicana (ProDominicana) present\u00f3 Mujer Exporta+, una plataforma digital de recursos y oportunidades, concebida para reducir las brechas de informaci\u00f3n y conectar a las mujeres emprendedoras y exportadoras dominicanas con recursos y oportunidades concretas para fortalecer sus negocios y avanzar hacia los mercados internacionales.<\/p>\n\n\n\n<p class=\"wp-block-paragraph\">La iniciativa fue socializada durante un encuentro con representantes de asociaciones, redes de mujeres, instituciones p\u00fablicas y privadas, organismos de cooperaci\u00f3n y otros actores vinculados al ecosistema exportador, con el prop\u00f3sito de dar a conocer la plataforma, activar su uso y fortalecer una relaci\u00f3n permanente con las organizaciones que trabajan en favor de la internacionalizaci\u00f3n de las empresas lideradas por mujeres.<\/p>\n\n\n\n<p class=\"wp-block-paragraph\">Mujer Exporta+ parte de un proceso de levantamiento, entrevistas, an\u00e1lisis y sistematizaci\u00f3n de la oferta existente, realizado con el apoyo de la Uni\u00f3n Europea, que permiti\u00f3 identificar la existencia de m\u00faltiples iniciativas y programas de apoyo a las mujeres empresarias y exportadoras, pero tambi\u00e9n una importante dispersi\u00f3n de esa oferta y brechas de informaci\u00f3n para acceder a ella.<\/p>\n\n\n\n<p class=\"wp-block-paragraph\">A partir de este trabajo, ProDominicana, a trav\u00e9s de su equipo interno, llev\u00f3 a cabo la digitalizaci\u00f3n y puesta en funcionamiento de Mujer Exporta+, transformando estos insumos en una herramienta de consulta din\u00e1mica y accesible, concebida para mantenerse actualizada e incorporar nuevas oportunidades.<\/p>\n\n\n\n<p class=\"wp-block-paragraph\">La plataforma re\u00fane en un solo espacio servicios, herramientas, programas e iniciativas nacionales e internacionales vinculadas al emprendimiento, el desarrollo empresarial y las exportaciones.<\/p>\n\n\n\n<p class=\"wp-block-paragraph\">Su contenido se organiza en cuatro rutas: Aprender, Impulsar, Exportar y Conectar, facilitando que cada usuaria pueda identificar los recursos m\u00e1s pertinentes de acuerdo con sus necesidades y objetivos.<\/p>\n\n\n\n<p class=\"wp-block-paragraph\">El director ejecutivo de ProDominicana, Vladimir Pimentel F., destac\u00f3 que la creaci\u00f3n de Mujer Exporta+ responde a la necesidad de continuar fortaleciendo la participaci\u00f3n de las mujeres en el comercio internacional.<\/p>\n\n\n\n<p class=\"wp-block-paragraph\">\u201cHoy, el 12 % de las empresas exportadoras de la Rep\u00fablica Dominicana est\u00e1n lideradas por mujeres. Sin embargo, el 81 % de esas empresas exporta menos de cien mil d\u00f3lares al a\u00f1o, y seis de cada diez no llegan a los diez mil\u201d, se\u00f1al\u00f3.<\/p>\n\n\n\n<p class=\"wp-block-paragraph\">Pimentel explic\u00f3 que estas cifras muestran que el desaf\u00edo no se limita a incorporar m\u00e1s mujeres a la actividad exportadora, sino a generar las condiciones para que las empresas que ya participan en los mercados internacionales puedan permanecer, crecer, diversificar sus destinos y productos, y aumentar el valor y volumen de sus operaciones.<\/p>\n\n\n\n<p class=\"wp-block-paragraph\">De su lado, el embajador de la Uni\u00f3n Europea en la Rep\u00fablica Dominicana, Ra\u00fal Fuente Milani, resalt\u00f3 el potencial de crecimiento de las empresas lideradas por mujeres y valor\u00f3 Mujer Exporta+ como una herramienta que facilita el acceso a programas, servicios y oportunidades de apoyo, contribuyendo a fortalecer su participaci\u00f3n en los mercados internacionales.<\/p>\n\n\n\n<p class=\"wp-block-paragraph\">\u201cLas mujeres ya est\u00e1n exportando. El reto es seguir ampliando esa participaci\u00f3n, pero tambi\u00e9n lograr que las empresas que ya est\u00e1n en los mercados internacionales puedan permanecer, crecer, diversificar sus destinos y productos, y aumentar el valor y volumen de sus operaciones\u201d, afirm\u00f3.<\/p>\n","protected":false},"excerpt":{"rendered":"<p>Santo Domingo.- El Centro de Exportaci\u00f3n e Inversi\u00f3n de la Rep\u00fablica Dominicana (ProDominicana) present\u00f3 Mujer Exporta+, una plataforma digital de recursos y oportunidades, concebida para reducir las brechas de informaci\u00f3n&hellip;<\/p>\n","protected":false},"author":10,"featured_media":138669,"comment_status":"open","ping_status":"open","sticky":false,"template":"","format":"standard","meta":{"content-type":"","_jetpack_newsletter_access":"","_jetpack_dont_email_post_to_subs":false,"_jetpack_newsletter_tier_id":0,"_jetpack_memberships_contains_paywalled_content":false,"_jetpack_feature_clip_id":0,"_jetpack_memberships_contains_paid_content":false,"footnotes":"","jetpack_post_was_ever_published":false},"categories":[25],"tags":[1590,16794,1036,36181,752],"class_list":["post-138668","post","type-post","status-publish","format-standard","has-post-thumbnail","hentry","category-portada","tag-dominicanas","tag-empresarias","tag-fortalecer","tag-mujer-exporta","tag-prodominicana"],"jetpack-related-posts":[{"id":129092,"url":"https:\/\/lasprimeras.com.do\/index.php\/2026\/04\/29\/prodominicana-y-aliados-impulsan-la-competitividad-exportadora-con-enfoque-en-diversificacion-de-mercados\/","url_meta":{"origin":138668,"position":0},"title":"ProDominicana y aliados impulsan la competitividad exportadora con enfoque en diversificaci\u00f3n de mercados","author":"Nelson Feliz","date":"29 de abril de 2026","format":false,"excerpt":"El Centro de Exportaci\u00f3n e Inversi\u00f3n de la Rep\u00fablica Dominicana (ProDominicana) en conjunto con Banco Popular Dominicano y la Red Global de Exportaci\u00f3n (RGX) realizaron el encuentro \u201cCompetitividad Exportadora: C\u00f3mo diversificar mercados y competir globalmente\u201d, un espacio orientado a fortalecer las capacidades del sector exportador dominicano frente a los retos\u2026","rel":"","context":"En \u00abECONOM\u00cdA\u00bb","block_context":{"text":"ECONOM\u00cdA","link":"https:\/\/lasprimeras.com.do\/index.php\/category\/economia\/"},"img":{"alt_text":"","src":"https:\/\/i0.wp.com\/lasprimeras.com.do\/wp-content\/uploads\/2026\/04\/IMG-20260429-WA0799.jpg?resize=350%2C200&ssl=1","width":350,"height":200,"srcset":"https:\/\/i0.wp.com\/lasprimeras.com.do\/wp-content\/uploads\/2026\/04\/IMG-20260429-WA0799.jpg?resize=350%2C200&ssl=1 1x, https:\/\/i0.wp.com\/lasprimeras.com.do\/wp-content\/uploads\/2026\/04\/IMG-20260429-WA0799.jpg?resize=525%2C300&ssl=1 1.5x, https:\/\/i0.wp.com\/lasprimeras.com.do\/wp-content\/uploads\/2026\/04\/IMG-20260429-WA0799.jpg?resize=700%2C400&ssl=1 2x, https:\/\/i0.wp.com\/lasprimeras.com.do\/wp-content\/uploads\/2026\/04\/IMG-20260429-WA0799.jpg?resize=1050%2C600&ssl=1 3x"},"classes":[]},{"id":115713,"url":"https:\/\/lasprimeras.com.do\/index.php\/2025\/11\/24\/prodominicana-reconoce-y-potencia-el-talento-femenino-en-el-ecosistema-exportador-dominicano\/","url_meta":{"origin":138668,"position":1},"title":"ProDominicana reconoce y potencia el talento femenino en el ecosistema exportador dominicano","author":"Nelson Feliz","date":"24 de noviembre de 2025","format":false,"excerpt":"En el marco de la 6ta edici\u00f3n del Encuentro Nacional de Mujeres en Exportaci\u00f3n 2025, el Centro de Exportaci\u00f3n e Inversi\u00f3n de la Rep\u00fablica Dominicana (ProDominicana) present\u00f3 una jornada de formaci\u00f3n y reflexi\u00f3n estrat\u00e9gica centrada en el valor de la comunicaci\u00f3n especializada, la innovaci\u00f3n y la sostenibilidad dentro del ecosistema\u2026","rel":"","context":"En \u00abECONOM\u00cdA\u00bb","block_context":{"text":"ECONOM\u00cdA","link":"https:\/\/lasprimeras.com.do\/index.php\/category\/economia\/"},"img":{"alt_text":"Biviana Riveiro Disla","src":"https:\/\/i0.wp.com\/lasprimeras.com.do\/wp-content\/uploads\/2025\/11\/Biviana-Riveiro-Disla.jpg?resize=350%2C200&ssl=1","width":350,"height":200,"srcset":"https:\/\/i0.wp.com\/lasprimeras.com.do\/wp-content\/uploads\/2025\/11\/Biviana-Riveiro-Disla.jpg?resize=350%2C200&ssl=1 1x, https:\/\/i0.wp.com\/lasprimeras.com.do\/wp-content\/uploads\/2025\/11\/Biviana-Riveiro-Disla.jpg?resize=525%2C300&ssl=1 1.5x, https:\/\/i0.wp.com\/lasprimeras.com.do\/wp-content\/uploads\/2025\/11\/Biviana-Riveiro-Disla.jpg?resize=700%2C400&ssl=1 2x"},"classes":[]},{"id":103346,"url":"https:\/\/lasprimeras.com.do\/index.php\/2025\/07\/14\/prodominicana-participara-en-la-feria-tic-2025-para-fortalecer-el-comercio-en-el-caribe\/","url_meta":{"origin":138668,"position":2},"title":"ProDominicana participara en la feria TIC 2025 para fortalecer el comercio en el Caribe","author":"Nelson Feliz","date":"14 de julio de 2025","format":false,"excerpt":"La instituci\u00f3n estar\u00e1 presente junto con una destacada delegaci\u00f3n de empresas dominicanas que representan la diversidad y la calidad de la oferta exportable. El Centro de Exportaci\u00f3n e Inversi\u00f3n de la Rep\u00fablica Dominicana (ProDominicana) anuncia su participaci\u00f3n en la Trade & Investment Convention (TIC) 2025, una de las plataformas comerciales\u2026","rel":"","context":"En \u00abECONOM\u00cdA\u00bb","block_context":{"text":"ECONOM\u00cdA","link":"https:\/\/lasprimeras.com.do\/index.php\/category\/economia\/"},"img":{"alt_text":"","src":"https:\/\/i0.wp.com\/lasprimeras.com.do\/wp-content\/uploads\/2025\/07\/Biviana-Riveiro-Disla-Directora-Ejecutiva-de-Prodominicana-.jpg.jpg?resize=350%2C200&ssl=1","width":350,"height":200,"srcset":"https:\/\/i0.wp.com\/lasprimeras.com.do\/wp-content\/uploads\/2025\/07\/Biviana-Riveiro-Disla-Directora-Ejecutiva-de-Prodominicana-.jpg.jpg?resize=350%2C200&ssl=1 1x, https:\/\/i0.wp.com\/lasprimeras.com.do\/wp-content\/uploads\/2025\/07\/Biviana-Riveiro-Disla-Directora-Ejecutiva-de-Prodominicana-.jpg.jpg?resize=525%2C300&ssl=1 1.5x, https:\/\/i0.wp.com\/lasprimeras.com.do\/wp-content\/uploads\/2025\/07\/Biviana-Riveiro-Disla-Directora-Ejecutiva-de-Prodominicana-.jpg.jpg?resize=700%2C400&ssl=1 2x"},"classes":[]},{"id":111420,"url":"https:\/\/lasprimeras.com.do\/index.php\/2025\/10\/08\/prodominicana-anuncia-el-vi-encuentro-nacional-de-mujeres-en-exportacion-2025\/","url_meta":{"origin":138668,"position":3},"title":"ProDominicana anuncia el VI Encuentro Nacional de Mujeres en Exportaci\u00f3n 2025","author":"Nelson Feliz","date":"8 de octubre de 2025","format":false,"excerpt":"En el marco del evento se realizar\u00e1 el programa \u201cSumando Exportadoras\u201d una iniciativa que busca fortalecer la participaci\u00f3n femenina en los mercados internacionales. El Centro de Exportaci\u00f3n e Inversi\u00f3n de la Rep\u00fablica Dominicana (ProDominicana), anunci\u00f3 la celebraci\u00f3n de la VI edici\u00f3n del Encuentro Nacional de Mujeres en Exportaci\u00f3n 2025, un\u2026","rel":"","context":"En \u00abECONOM\u00cdA\u00bb","block_context":{"text":"ECONOM\u00cdA","link":"https:\/\/lasprimeras.com.do\/index.php\/category\/economia\/"},"img":{"alt_text":"","src":"https:\/\/i0.wp.com\/lasprimeras.com.do\/wp-content\/uploads\/2025\/10\/Biviana-Riveiro-Disla.jpg?resize=350%2C200&ssl=1","width":350,"height":200,"srcset":"https:\/\/i0.wp.com\/lasprimeras.com.do\/wp-content\/uploads\/2025\/10\/Biviana-Riveiro-Disla.jpg?resize=350%2C200&ssl=1 1x, https:\/\/i0.wp.com\/lasprimeras.com.do\/wp-content\/uploads\/2025\/10\/Biviana-Riveiro-Disla.jpg?resize=525%2C300&ssl=1 1.5x, https:\/\/i0.wp.com\/lasprimeras.com.do\/wp-content\/uploads\/2025\/10\/Biviana-Riveiro-Disla.jpg?resize=700%2C400&ssl=1 2x"},"classes":[]},{"id":136969,"url":"https:\/\/lasprimeras.com.do\/index.php\/2026\/08\/10\/prodominicana-facilita-oportunidades-de-negocios-internacionales-en-3-mercados\/","url_meta":{"origin":138668,"position":4},"title":"ProDominicana facilita oportunidades de negocios internacionales en 3 mercados","author":"Nelson Feliz","date":"10 de agosto de 2026","format":false,"excerpt":"La participaci\u00f3n conjunta de las 3 ferias gener\u00f3 intenciones de negocios estimadas en US$ 3.7 millones Santo Domingo, RD. \u2013 El Centro de Exportaci\u00f3n e Inversi\u00f3n de la Rep\u00fablica Dominicana (ProDominicana) particip\u00f3 durante el mes de julio en tres de las principales ferias comerciales del Caribe y los Estados Unidos,\u2026","rel":"","context":"En \u00abECONOM\u00cdA\u00bb","block_context":{"text":"ECONOM\u00cdA","link":"https:\/\/lasprimeras.com.do\/index.php\/category\/economia\/"},"img":{"alt_text":"","src":"https:\/\/i0.wp.com\/lasprimeras.com.do\/wp-content\/uploads\/2026\/08\/IMG-20260810-WA0251.jpg?resize=350%2C200&ssl=1","width":350,"height":200,"srcset":"https:\/\/i0.wp.com\/lasprimeras.com.do\/wp-content\/uploads\/2026\/08\/IMG-20260810-WA0251.jpg?resize=350%2C200&ssl=1 1x, https:\/\/i0.wp.com\/lasprimeras.com.do\/wp-content\/uploads\/2026\/08\/IMG-20260810-WA0251.jpg?resize=525%2C300&ssl=1 1.5x, https:\/\/i0.wp.com\/lasprimeras.com.do\/wp-content\/uploads\/2026\/08\/IMG-20260810-WA0251.jpg?resize=700%2C400&ssl=1 2x, https:\/\/i0.wp.com\/lasprimeras.com.do\/wp-content\/uploads\/2026\/08\/IMG-20260810-WA0251.jpg?resize=1050%2C600&ssl=1 3x"},"classes":[]},{"id":117790,"url":"https:\/\/lasprimeras.com.do\/index.php\/2025\/12\/16\/prodominicana-y-la-camara-de-comercio-y-produccion-de-santiago-acuerdan-fortalecer-exportaciones-en-la-region-norte\/","url_meta":{"origin":138668,"position":5},"title":"ProDominicana y la C\u00e1mara de Comercio y Producci\u00f3n de Santiago acuerdan fortalecer exportaciones en la Regi\u00f3n Norte","author":"Nelson Feliz","date":"16 de diciembre de 2025","format":false,"excerpt":"El Centro de Exportaci\u00f3n e Inversi\u00f3n de la Rep\u00fablica Dominicana (ProDominicana) y la C\u00e1mara de Comercio y Producci\u00f3n de Santiago firmaron un acuerdo interinstitucional orientado a fortalecer las capacidades de los sectores productivos y promover nuevas oportunidades en los mercados globales. Durante la firma, la directora ejecutiva de ProDominicana, Biviana\u2026","rel":"","context":"En \u00abECONOM\u00cdA\u00bb","block_context":{"text":"ECONOM\u00cdA","link":"https:\/\/lasprimeras.com.do\/index.php\/category\/economia\/"},"img":{"alt_text":"ProDominicana","src":"https:\/\/i0.wp.com\/lasprimeras.com.do\/wp-content\/uploads\/2025\/12\/ProDominicana.jpg?resize=350%2C200&ssl=1","width":350,"height":200,"srcset":"https:\/\/i0.wp.com\/lasprimeras.com.do\/wp-content\/uploads\/2025\/12\/ProDominicana.jpg?resize=350%2C200&ssl=1 1x, https:\/\/i0.wp.com\/lasprimeras.com.do\/wp-content\/uploads\/2025\/12\/ProDominicana.jpg?resize=525%2C300&ssl=1 1.5x, https:\/\/i0.wp.com\/lasprimeras.com.do\/wp-content\/uploads\/2025\/12\/ProDominicana.jpg?resize=700%2C400&ssl=1 2x, https:\/\/i0.wp.com\/lasprimeras.com.do\/wp-content\/uploads\/2025\/12\/ProDominicana.jpg?resize=1050%2C600&ssl=1 3x"},"classes":[]}],"jetpack_sharing_enabled":true,"jetpack_featured_media_url":"https:\/\/lasprimeras.com.do\/wp-content\/uploads\/2026\/09\/ProDominicana.jpg","_links":{"self":[{"href":"https:\/\/lasprimeras.com.do\/index.php\/wp-json\/wp\/v2\/posts\/138668","targetHints":{"allow":["GET"]}}],"collection":[{"href":"https:\/\/lasprimeras.com.do\/index.php\/wp-json\/wp\/v2\/posts"}],"about":[{"href":"https:\/\/lasprimeras.com.do\/index.php\/wp-json\/wp\/v2\/types\/post"}],"author":[{"embeddable":true,"href":"https:\/\/lasprimeras.com.do\/index.php\/wp-json\/wp\/v2\/users\/10"}],"replies":[{"embeddable":true,"href":"https:\/\/lasprimeras.com.do\/index.php\/wp-json\/wp\/v2\/comments?post=138668"}],"version-history":[{"count":1,"href":"https:\/\/lasprimeras.com.do\/index.php\/wp-json\/wp\/v2\/posts\/138668\/revisions"}],"predecessor-version":[{"id":138670,"href":"https:\/\/lasprimeras.com.do\/index.php\/wp-json\/wp\/v2\/posts\/138668\/revisions\/138670"}],"wp:featuredmedia":[{"embeddable":true,"href":"https:\/\/lasprimeras.com.do\/index.php\/wp-json\/wp\/v2\/media\/138669"}],"wp:attachment":[{"href":"https:\/\/lasprimeras.com.do\/index.php\/wp-json\/wp\/v2\/media?parent=138668"}],"wp:term":[{"taxonomy":"category","embeddable":true,"href":"https:\/\/lasprimeras.com.do\/index.php\/wp-json\/wp\/v2\/categories?post=138668"},{"taxonomy":"post_tag","embeddable":true,"href":"https:\/\/lasprimeras.com.do\/index.php\/wp-json\/wp\/v2\/tags?post=138668"}],"curies":[{"name":"wp","href":"https:\/\/api.w.org\/{rel}","templated":true}]}}