{"id":138671,"date":"2026-09-01T00:31:14","date_gmt":"2026-09-01T04:31:14","guid":{"rendered":"https:\/\/lasprimeras.com.do\/?p=138671"},"modified":"2026-09-01T00:31:16","modified_gmt":"2026-09-01T04:31:16","slug":"abel-martinez-lanza-advertencia-al-pld-rumbo-a-2028","status":"publish","type":"post","link":"https:\/\/lasprimeras.com.do\/index.php\/2026\/09\/01\/abel-martinez-lanza-advertencia-al-pld-rumbo-a-2028\/","title":{"rendered":"Abel Mart\u00ednez lanza advertencia al PLD rumbo a 2028"},"content":{"rendered":"\n<p class=\"wp-block-paragraph\"><strong>La organizaci\u00f3n tiene el camino trazado para retornar al poder en 2028, siempre y cuando se act\u00fae con unidad, se destierren los egos<\/strong><\/p>\n\n\n\n<p class=\"wp-block-paragraph\">SANTO DOMINGO- El aspirante presidencial del Partido de la Liberaci\u00f3n Dominicana (PLD), Abel Mart\u00ednez, asegur\u00f3 que la organizaci\u00f3n opositora tiene el camino trazado para retornar al poder en el 2028, siempre y cuando se act\u00fae con unidad y visi\u00f3n clara frente a la actual gesti\u00f3n de gobierno.<\/p>\n\n\n\n<p class=\"wp-block-paragraph\">Durante un encuentro con militantes, dirigentes y sectores productivos en Villa Sonador, Bonao, enmarcado en su din\u00e1mica de cercan\u00eda, Mart\u00ednez enfatiz\u00f3 que el liderazgo partidario debe fluir de forma democr\u00e1tica, permitiendo que sean las bases quienes elijan a sus representantes sin imposiciones ni egos.<\/p>\n\n\n\n<p class=\"wp-block-paragraph\">\u201cTenemos que tener las cosas muy claras y, en el PLD, tendr\u00edamos que ser muy pariguayos si no ganamos la Presidencia en 2028. Nos corresponde a nosotros dar un paso al frente y defender a los dominicanos; defender la dominicanidad y los recursos p\u00fablicos, que no son de los funcionarios, sino del pueblo\u201d, advirti\u00f3 el dirigente pol\u00edtico, al instar a sus compa\u00f1eros a caminar junto a una ciudadan\u00eda que, a su juicio, demanda cambios.<\/p>\n\n\n\n<p class=\"wp-block-paragraph\">Los encuentros denominados \u201cCaf\u00e9 con Abel\u201d se realizan de manera permanente en ambientes familiares y alejados de tarimas tradicionales.<\/p>\n\n\n\n<p class=\"wp-block-paragraph\">Para la primera semana de septiembre, la agenda de recorridos se concentrar\u00e1 en Santiago: el martes 1 en la residencia de do\u00f1a Deisy, en la calle 21 de Enero de La Herradura; el mi\u00e9rcoles 2 en el hogar de Silveria, en la calle Jim\u00e9nez Moya de Vuelta Larga; y el jueves 3 en la calle Eugenio Perdomo n\u00famero 69 del sector Bella Vista.<\/p>\n\n\n\n<p class=\"wp-block-paragraph\">\u201cEn esa ruta me encuentro: en la ruta de ser el candidato presidencial del PLD para ser el mejor presidente que la Rep\u00fablica Dominicana haya tenido en toda su historia\u201d, concluy\u00f3 Mart\u00ednez.<\/p>\n\n\n\n<p class=\"wp-block-paragraph\">Fuente El Nacional<\/p>\n","protected":false},"excerpt":{"rendered":"<p>La organizaci\u00f3n tiene el camino trazado para retornar al poder en 2028, siempre y cuando se act\u00fae con unidad, se destierren los egos SANTO DOMINGO- El aspirante presidencial del Partido&hellip;<\/p>\n","protected":false},"author":10,"featured_media":138672,"comment_status":"open","ping_status":"open","sticky":false,"template":"","format":"standard","meta":{"content-type":"","_jetpack_newsletter_access":"","_jetpack_dont_email_post_to_subs":false,"_jetpack_newsletter_tier_id":0,"_jetpack_memberships_contains_paywalled_content":false,"_jetpack_feature_clip_id":0,"_jetpack_memberships_contains_paid_content":false,"footnotes":"","jetpack_post_was_ever_published":false},"categories":[16559],"tags":[822],"class_list":["post-138671","post","type-post","status-publish","format-standard","has-post-thumbnail","hentry","category-politica","tag-abel-martinez"],"jetpack-related-posts":[{"id":121192,"url":"https:\/\/lasprimeras.com.do\/index.php\/2026\/02\/02\/abel-martinez-sugiere-fortalecer-unidad-y-garantizar-competitividad-del-pld-rumbo-a-2028\/","url_meta":{"origin":138671,"position":0},"title":"Abel Mart\u00ednez sugiere fortalecer unidad y garantizar competitividad del PLD rumbo a 2028","author":"Nelson Feliz","date":"2 de febrero de 2026","format":false,"excerpt":"El excandidato presidencial del Partido de la Liberaci\u00f3n Dominicana (PLD), Abel Mart\u00ednez, plante\u00f3 una propuesta pol\u00edtica orientada a preservar la unidad interna del Partido y colocarlo en condiciones reales de competitividad de cara a las elecciones de 2028, apelando a la madurez, la armon\u00eda y la visi\u00f3n estrat\u00e9gica. Mart\u00ednez explic\u00f3\u2026","rel":"","context":"En \u00abPOLITICA\u00bb","block_context":{"text":"POLITICA","link":"https:\/\/lasprimeras.com.do\/index.php\/category\/politica\/"},"img":{"alt_text":"Abel Mart\u00ednez","src":"https:\/\/i0.wp.com\/lasprimeras.com.do\/wp-content\/uploads\/2025\/12\/Abel-Martinez-1.jpg?resize=350%2C200&ssl=1","width":350,"height":200,"srcset":"https:\/\/i0.wp.com\/lasprimeras.com.do\/wp-content\/uploads\/2025\/12\/Abel-Martinez-1.jpg?resize=350%2C200&ssl=1 1x, https:\/\/i0.wp.com\/lasprimeras.com.do\/wp-content\/uploads\/2025\/12\/Abel-Martinez-1.jpg?resize=525%2C300&ssl=1 1.5x, https:\/\/i0.wp.com\/lasprimeras.com.do\/wp-content\/uploads\/2025\/12\/Abel-Martinez-1.jpg?resize=700%2C400&ssl=1 2x"},"classes":[]},{"id":104644,"url":"https:\/\/lasprimeras.com.do\/index.php\/2025\/07\/25\/abel-martinez-asegura-que-la-mejor-coyuntura-para-el-regreso-del-pld-al-poder-es-ahora\/","url_meta":{"origin":138671,"position":1},"title":"Abel Mart\u00ednez asegura que la mejor coyuntura para el regreso del PLD al poder es ahora","author":"Nelson Feliz","date":"25 de julio de 2025","format":false,"excerpt":"El miembro del Comit\u00e9 Pol\u00edtico del PLD , Abel Mart\u00ednez, considera que, con el reencuentro en 2028 entre el PLD y el pueblo dominicano, se cerrar\u00e1 el paso de las actuales promesas incumplidas, regresando las soluciones reales a los problemas que enfrenta RD.,\u00abLa historia nos da una nueva oportunidad, y\u2026","rel":"","context":"En \u00abPOLITICA\u00bb","block_context":{"text":"POLITICA","link":"https:\/\/lasprimeras.com.do\/index.php\/category\/politica\/"},"img":{"alt_text":"","src":"https:\/\/i0.wp.com\/lasprimeras.com.do\/wp-content\/uploads\/2024\/09\/ABEL-MARTINEZ.jpg?resize=350%2C200&ssl=1","width":350,"height":200,"srcset":"https:\/\/i0.wp.com\/lasprimeras.com.do\/wp-content\/uploads\/2024\/09\/ABEL-MARTINEZ.jpg?resize=350%2C200&ssl=1 1x, https:\/\/i0.wp.com\/lasprimeras.com.do\/wp-content\/uploads\/2024\/09\/ABEL-MARTINEZ.jpg?resize=525%2C300&ssl=1 1.5x, https:\/\/i0.wp.com\/lasprimeras.com.do\/wp-content\/uploads\/2024\/09\/ABEL-MARTINEZ.jpg?resize=700%2C400&ssl=1 2x"},"classes":[]},{"id":135922,"url":"https:\/\/lasprimeras.com.do\/index.php\/2026\/07\/29\/sumando-con-abel-martinez-2028-realiza-multitudinario-acto-de-juramentacion-en-manhattan\/","url_meta":{"origin":138671,"position":2},"title":"&#8220;Sumando con Abel Mart\u00ednez 2028&#8221; realiza multitudinario acto de juramentaci\u00f3n en Manhattan","author":"Nelson Feliz","date":"29 de julio de 2026","format":false,"excerpt":"NUEVA YORK.\u2013 El movimiento Sumando con Abel Mart\u00ednez 2028 realiz\u00f3 un multitudinario acto de juramentaci\u00f3n en Manhattan, con la participaci\u00f3n de dirigentes, militantes y simpatizantes del Partido de la Liberaci\u00f3n Dominicana (PLD) procedentes de los distintos condados de la ciudad de Nueva York y otros estados de Estados Unidos. La\u2026","rel":"","context":"En \u00abPOLITICA\u00bb","block_context":{"text":"POLITICA","link":"https:\/\/lasprimeras.com.do\/index.php\/category\/politica\/"},"img":{"alt_text":"","src":"https:\/\/i0.wp.com\/lasprimeras.com.do\/wp-content\/uploads\/2026\/07\/IMG-20260728-WA0641-scaled.jpg?resize=350%2C200&ssl=1","width":350,"height":200,"srcset":"https:\/\/i0.wp.com\/lasprimeras.com.do\/wp-content\/uploads\/2026\/07\/IMG-20260728-WA0641-scaled.jpg?resize=350%2C200&ssl=1 1x, https:\/\/i0.wp.com\/lasprimeras.com.do\/wp-content\/uploads\/2026\/07\/IMG-20260728-WA0641-scaled.jpg?resize=525%2C300&ssl=1 1.5x, https:\/\/i0.wp.com\/lasprimeras.com.do\/wp-content\/uploads\/2026\/07\/IMG-20260728-WA0641-scaled.jpg?resize=700%2C400&ssl=1 2x, https:\/\/i0.wp.com\/lasprimeras.com.do\/wp-content\/uploads\/2026\/07\/IMG-20260728-WA0641-scaled.jpg?resize=1050%2C600&ssl=1 3x, https:\/\/i0.wp.com\/lasprimeras.com.do\/wp-content\/uploads\/2026\/07\/IMG-20260728-WA0641-scaled.jpg?resize=1400%2C800&ssl=1 4x"},"classes":[]},{"id":122723,"url":"https:\/\/lasprimeras.com.do\/index.php\/2026\/02\/20\/abel-martinez-pide-al-pld-excluir-su-nombre-de-proceso-interno\/","url_meta":{"origin":138671,"position":3},"title":"Abel Mart\u00ednez pide al PLD excluir su nombre de proceso interno","author":"Nelson Feliz","date":"20 de febrero de 2026","format":false,"excerpt":"El dirigente pol\u00edtico Abel Mart\u00ednez solicit\u00f3 formalmente que su nombre sea excluido del listado de precandidatos que ser\u00e1 sometido a consideraci\u00f3n del Comit\u00e9 Central del Partido de la Liberaci\u00f3n Dominicana (PLD), cuya reuni\u00f3n est\u00e1 pautada para el 22 de febrero. La petici\u00f3n fue realizada mediante una carta dirigida al presidente\u2026","rel":"","context":"En \u00abPOLITICA\u00bb","block_context":{"text":"POLITICA","link":"https:\/\/lasprimeras.com.do\/index.php\/category\/politica\/"},"img":{"alt_text":"Abel Mart\u00ednez","src":"https:\/\/i0.wp.com\/lasprimeras.com.do\/wp-content\/uploads\/2025\/10\/Abel-Martinez-1.jpg?resize=350%2C200&ssl=1","width":350,"height":200,"srcset":"https:\/\/i0.wp.com\/lasprimeras.com.do\/wp-content\/uploads\/2025\/10\/Abel-Martinez-1.jpg?resize=350%2C200&ssl=1 1x, https:\/\/i0.wp.com\/lasprimeras.com.do\/wp-content\/uploads\/2025\/10\/Abel-Martinez-1.jpg?resize=525%2C300&ssl=1 1.5x, https:\/\/i0.wp.com\/lasprimeras.com.do\/wp-content\/uploads\/2025\/10\/Abel-Martinez-1.jpg?resize=700%2C400&ssl=1 2x"},"classes":[]},{"id":104762,"url":"https:\/\/lasprimeras.com.do\/index.php\/2025\/07\/27\/abel-martinez-dice-sera-proclamado-candidato-presidencial-en-2027\/","url_meta":{"origin":138671,"position":4},"title":"Abel Mart\u00ednez dice ser\u00e1 proclamado candidato presidencial en 2027","author":"Nelson Feliz","date":"27 de julio de 2025","format":false,"excerpt":"En un encuentro con l\u00edderes del Partido de la Liberaci\u00f3n Dominicana (PLD), dirigentes comunitarios y ciudadanos comprometidos, Abel Mart\u00ednez reafirm\u00f3 su determinaci\u00f3n de trabajar por un \u00abnuevo comienzo\u00bb para la Rep\u00fablica Dominicana. El exalcalde de Santiago estuvo acompa\u00f1ado por su esposa, la comunicadora Nahiony Reyes. Anunci\u00f3 que en 2027 ser\u00e1\u2026","rel":"","context":"En \u00abPOLITICA\u00bb","block_context":{"text":"POLITICA","link":"https:\/\/lasprimeras.com.do\/index.php\/category\/politica\/"},"img":{"alt_text":"Abel Mart\u00ednez","src":"https:\/\/i0.wp.com\/lasprimeras.com.do\/wp-content\/uploads\/2024\/05\/Abel-Martinez-4.jpg?resize=350%2C200&ssl=1","width":350,"height":200,"srcset":"https:\/\/i0.wp.com\/lasprimeras.com.do\/wp-content\/uploads\/2024\/05\/Abel-Martinez-4.jpg?resize=350%2C200&ssl=1 1x, https:\/\/i0.wp.com\/lasprimeras.com.do\/wp-content\/uploads\/2024\/05\/Abel-Martinez-4.jpg?resize=525%2C300&ssl=1 1.5x, https:\/\/i0.wp.com\/lasprimeras.com.do\/wp-content\/uploads\/2024\/05\/Abel-Martinez-4.jpg?resize=700%2C400&ssl=1 2x"},"classes":[]},{"id":111705,"url":"https:\/\/lasprimeras.com.do\/index.php\/2025\/10\/12\/abel-martinez-este-gobierno-llego-como-el-cambio-y-va-a-salir-como-el-fallo\/","url_meta":{"origin":138671,"position":5},"title":"Abel Mart\u00ednez: \u201cEste gobierno lleg\u00f3 como \u201cel cambio\u201d y va a salir como \u201cel fallo\u201d","author":"Nelson Feliz","date":"12 de octubre de 2025","format":false,"excerpt":"El miembro del Comit\u00e9 Politico del Partido de la Liberaci\u00f3n Dominicana (PLD), Abel Martinez, lament\u00f3 la dif\u00edcil situaci\u00f3n que enfrenta el pueblo dominicano como consecuencia de las malas ejecutorias de un gobierno ineficaz e indolente que, se visti\u00f3 de cambio y ha resultado un gran fallo, llevando al pa\u00eds por\u2026","rel":"","context":"En \u00abPOLITICA\u00bb","block_context":{"text":"POLITICA","link":"https:\/\/lasprimeras.com.do\/index.php\/category\/politica\/"},"img":{"alt_text":"","src":"https:\/\/i0.wp.com\/lasprimeras.com.do\/wp-content\/uploads\/2025\/10\/Abel-Martinez-1-1.jpg?resize=350%2C200&ssl=1","width":350,"height":200,"srcset":"https:\/\/i0.wp.com\/lasprimeras.com.do\/wp-content\/uploads\/2025\/10\/Abel-Martinez-1-1.jpg?resize=350%2C200&ssl=1 1x, https:\/\/i0.wp.com\/lasprimeras.com.do\/wp-content\/uploads\/2025\/10\/Abel-Martinez-1-1.jpg?resize=525%2C300&ssl=1 1.5x, https:\/\/i0.wp.com\/lasprimeras.com.do\/wp-content\/uploads\/2025\/10\/Abel-Martinez-1-1.jpg?resize=700%2C400&ssl=1 2x"},"classes":[]}],"jetpack_sharing_enabled":true,"jetpack_featured_media_url":"https:\/\/lasprimeras.com.do\/wp-content\/uploads\/2026\/09\/Abel-Martinez.jpg","_links":{"self":[{"href":"https:\/\/lasprimeras.com.do\/index.php\/wp-json\/wp\/v2\/posts\/138671","targetHints":{"allow":["GET"]}}],"collection":[{"href":"https:\/\/lasprimeras.com.do\/index.php\/wp-json\/wp\/v2\/posts"}],"about":[{"href":"https:\/\/lasprimeras.com.do\/index.php\/wp-json\/wp\/v2\/types\/post"}],"author":[{"embeddable":true,"href":"https:\/\/lasprimeras.com.do\/index.php\/wp-json\/wp\/v2\/users\/10"}],"replies":[{"embeddable":true,"href":"https:\/\/lasprimeras.com.do\/index.php\/wp-json\/wp\/v2\/comments?post=138671"}],"version-history":[{"count":1,"href":"https:\/\/lasprimeras.com.do\/index.php\/wp-json\/wp\/v2\/posts\/138671\/revisions"}],"predecessor-version":[{"id":138673,"href":"https:\/\/lasprimeras.com.do\/index.php\/wp-json\/wp\/v2\/posts\/138671\/revisions\/138673"}],"wp:featuredmedia":[{"embeddable":true,"href":"https:\/\/lasprimeras.com.do\/index.php\/wp-json\/wp\/v2\/media\/138672"}],"wp:attachment":[{"href":"https:\/\/lasprimeras.com.do\/index.php\/wp-json\/wp\/v2\/media?parent=138671"}],"wp:term":[{"taxonomy":"category","embeddable":true,"href":"https:\/\/lasprimeras.com.do\/index.php\/wp-json\/wp\/v2\/categories?post=138671"},{"taxonomy":"post_tag","embeddable":true,"href":"https:\/\/lasprimeras.com.do\/index.php\/wp-json\/wp\/v2\/tags?post=138671"}],"curies":[{"name":"wp","href":"https:\/\/api.w.org\/{rel}","templated":true}]}}