{"id":138677,"date":"2026-09-01T07:35:03","date_gmt":"2026-09-01T11:35:03","guid":{"rendered":"https:\/\/lasprimeras.com.do\/?p=138677"},"modified":"2026-09-01T07:35:05","modified_gmt":"2026-09-01T11:35:05","slug":"abinader-designa-a-victor-livio-cedeno-como-superintendente-de-bancos","status":"publish","type":"post","link":"https:\/\/lasprimeras.com.do\/index.php\/2026\/09\/01\/abinader-designa-a-victor-livio-cedeno-como-superintendente-de-bancos\/","title":{"rendered":"Abinader designa a V\u00edctor Livio Cede\u00f1o como superintendente de Bancos"},"content":{"rendered":"\n<p class=\"wp-block-paragraph\">SANTO DOMINGO.- El presidente Luis Abinader design\u00f3 este martes mediante el Decreto 606-26 a V\u00edctor Livio Cede\u00f1o Brea como nuevo superintendente de Bancos de la Rep\u00fablica Dominicana, cargo que estaba vacante luego de la renuncia de Alejandro Fern\u00e1ndez W., quien permaneci\u00f3 al frente de la entidad durante seis a\u00f1os.<\/p>\n\n\n\n<p class=\"wp-block-paragraph\">Cede\u00f1o Brea es abogado especializado en econom\u00eda y regulaci\u00f3n financiera, y cuenta con un doctorado en Derecho y Econom\u00eda (Ph.D.) obtenido en 2017 en las universidades de Hamburgo, R\u00f3terdam y Bolonia.<\/p>\n\n\n\n<p class=\"wp-block-paragraph\">Tambi\u00e9n posee una maestr\u00eda en Derecho y Finanzas (MSc) de Queen Mary, University of London, obtenida en 2012 y otra en Derecho Bancario y Regulaci\u00f3n Financiera (LLM) de la London School of Economics and Political Science, cursada en 2008.<\/p>\n\n\n\n<p class=\"wp-block-paragraph\">Es licenciado en Derecho de la Pontificia Universidad Cat\u00f3lica Madre y Maestra (PUCMM).<\/p>\n\n\n\n<p class=\"wp-block-paragraph\">Cede\u00f1o Brea es abogado especializado en econom\u00eda y regulaci\u00f3n financiera, y cuenta con un doctorado en Derecho y Econom\u00eda (Ph.D.) obtenido en 2017 en las universidades de Hamburgo, R\u00f3terdam y Bolonia.<\/p>\n\n\n\n<p class=\"wp-block-paragraph\">El nuevo superintendente se desempe\u00f1\u00f3 como subgerente de Regulaci\u00f3n e Innovaci\u00f3n de la Superintendencia de Bancos, donde tuvo bajo su responsabilidad los departamentos de Regulaci\u00f3n, Innovaci\u00f3n y Regulaci\u00f3n Financiera, Registros y Autorizaciones, Prevenci\u00f3n de Lavado de Activos, Sanciones y Estudios Econ\u00f3micos.<\/p>\n\n\n\n<p class=\"wp-block-paragraph\">Durante esa etapa tambi\u00e9n coordin\u00f3 el comit\u00e9 t\u00e9cnico del organismo supervisor.<\/p>\n\n\n\n<p class=\"wp-block-paragraph\">Su trayectoria incluye trabajos de investigaci\u00f3n y la publicaci\u00f3n de estudios y art\u00edculos acad\u00e9micos relacionados con la econom\u00eda y la regulaci\u00f3n financiera.<\/p>\n\n\n\n<p class=\"wp-block-paragraph\">Cede\u00f1o Brea ha sido adem\u00e1s asesor legal y econ\u00f3mico de importantes entidades financieras y firmas nacionales e internacionales.<\/p>\n\n\n\n<p class=\"wp-block-paragraph\">En el \u00e1mbito internacional, ha ofrecido consultor\u00edas y capacitaciones a bancos globales sobre prevenci\u00f3n del lavado de activos y financiamiento del terrorismo.<\/p>\n\n\n\n<p class=\"wp-block-paragraph\">Ha impartido m\u00e1s de 100 capacitaciones en Europa, Medio Oriente, Asia y Latinoam\u00e9rica.<\/p>\n\n\n\n<p class=\"wp-block-paragraph\">Con esta designaci\u00f3n, Cede\u00f1o Brea asumir\u00e1 la direcci\u00f3n de la Superintendencia de Bancos, organismo responsable de la supervisi\u00f3n y regulaci\u00f3n de las entidades de intermediaci\u00f3n financiera del pa\u00eds.<\/p>\n","protected":false},"excerpt":{"rendered":"<p>SANTO DOMINGO.- El presidente Luis Abinader design\u00f3 este martes mediante el Decreto 606-26 a V\u00edctor Livio Cede\u00f1o Brea como nuevo superintendente de Bancos de la Rep\u00fablica Dominicana, cargo que estaba&hellip;<\/p>\n","protected":false},"author":10,"featured_media":138678,"comment_status":"open","ping_status":"open","sticky":false,"template":"","format":"standard","meta":{"content-type":"","_jetpack_newsletter_access":"","_jetpack_dont_email_post_to_subs":false,"_jetpack_newsletter_tier_id":0,"_jetpack_memberships_contains_paywalled_content":false,"_jetpack_feature_clip_id":0,"_jetpack_memberships_contains_paid_content":false,"footnotes":"","jetpack_post_was_ever_published":false},"categories":[39],"tags":[3344,67,14837,36182],"class_list":["post-138677","post","type-post","status-publish","format-standard","has-post-thumbnail","hentry","category-economia","tag-designa","tag-luis-abinader","tag-superintendente","tag-victor-livio-cedeno"],"jetpack-related-posts":[{"id":138815,"url":"https:\/\/lasprimeras.com.do\/index.php\/2026\/09\/02\/ministro-magin-diaz-juramenta-a-enmanuel-cedeno-brea-como-nuevo-superintendente-de-bancos\/","url_meta":{"origin":138677,"position":0},"title":"Ministro Mag\u00edn D\u00edaz juramenta a Enmanuel Cede\u00f1o Brea como nuevo superintendente de Bancos","author":"Nelson Feliz","date":"2 de septiembre de 2026","format":false,"excerpt":"El abogado, investigador y consultor sustituye a Alejandro Fern\u00e1ndez W., quien estuvo al frente de la Superintendencia de Bancos durante seis a\u00f1os Santo Domingo, R.D. \u2013 El ministro de Hacienda y Econom\u00eda (MHE), Mag\u00edn D\u00edaz, jurament\u00f3 este martes a Enmanuel Cede\u00f1o Brea como nuevo superintendente de Bancos de la Rep\u00fablica\u2026","rel":"","context":"En \u00abECONOM\u00cdA\u00bb","block_context":{"text":"ECONOM\u00cdA","link":"https:\/\/lasprimeras.com.do\/index.php\/category\/economia\/"},"img":{"alt_text":"","src":"https:\/\/i0.wp.com\/lasprimeras.com.do\/wp-content\/uploads\/2026\/09\/Designacion-de-Enmanuel-Cedeno-Brea-esta-contenida-en-el-Decreto-606-26-.JPG.jpeg?resize=350%2C200&ssl=1","width":350,"height":200,"srcset":"https:\/\/i0.wp.com\/lasprimeras.com.do\/wp-content\/uploads\/2026\/09\/Designacion-de-Enmanuel-Cedeno-Brea-esta-contenida-en-el-Decreto-606-26-.JPG.jpeg?resize=350%2C200&ssl=1 1x, https:\/\/i0.wp.com\/lasprimeras.com.do\/wp-content\/uploads\/2026\/09\/Designacion-de-Enmanuel-Cedeno-Brea-esta-contenida-en-el-Decreto-606-26-.JPG.jpeg?resize=525%2C300&ssl=1 1.5x, https:\/\/i0.wp.com\/lasprimeras.com.do\/wp-content\/uploads\/2026\/09\/Designacion-de-Enmanuel-Cedeno-Brea-esta-contenida-en-el-Decreto-606-26-.JPG.jpeg?resize=700%2C400&ssl=1 2x, https:\/\/i0.wp.com\/lasprimeras.com.do\/wp-content\/uploads\/2026\/09\/Designacion-de-Enmanuel-Cedeno-Brea-esta-contenida-en-el-Decreto-606-26-.JPG.jpeg?resize=1050%2C600&ssl=1 3x, https:\/\/i0.wp.com\/lasprimeras.com.do\/wp-content\/uploads\/2026\/09\/Designacion-de-Enmanuel-Cedeno-Brea-esta-contenida-en-el-Decreto-606-26-.JPG.jpeg?resize=1400%2C800&ssl=1 4x"},"classes":[]},{"id":87696,"url":"https:\/\/lasprimeras.com.do\/index.php\/2024\/08\/15\/abinader-confirma-a-valdez-albizu-en-el-banco-central-y-al-superintendente-de-bancos\/","url_meta":{"origin":138677,"position":1},"title":"Abinader confirma a Valdez Albizu en el Banco Central y al superintendente de Bancos","author":"Nelson Feliz","date":"15 de agosto de 2024","format":false,"excerpt":"El presidente Luis Abinader confirm\u00f3 este jueves al gobernador del Banco Central, H\u00e9ctor Valdez Albizu y al superintendente de Bancos, Alejandro Fern\u00e1ndez Whipple. La ratificaci\u00f3n de los dos funcionarios del sector financiero est\u00e1 contenida en el decreto 442-24, en el que se expresa que con la confirmaci\u00f3n se asegura la\u2026","rel":"","context":"En \u00abECONOM\u00cdA\u00bb","block_context":{"text":"ECONOM\u00cdA","link":"https:\/\/lasprimeras.com.do\/index.php\/category\/economia\/"},"img":{"alt_text":"H\u00e9ctor Valdez y Alejandro Fern\u00e1ndez","src":"https:\/\/i0.wp.com\/lasprimeras.com.do\/wp-content\/uploads\/2024\/08\/Hector-Valdez-y-Alejandro-Fernandez.jpg?resize=350%2C200&ssl=1","width":350,"height":200,"srcset":"https:\/\/i0.wp.com\/lasprimeras.com.do\/wp-content\/uploads\/2024\/08\/Hector-Valdez-y-Alejandro-Fernandez.jpg?resize=350%2C200&ssl=1 1x, https:\/\/i0.wp.com\/lasprimeras.com.do\/wp-content\/uploads\/2024\/08\/Hector-Valdez-y-Alejandro-Fernandez.jpg?resize=525%2C300&ssl=1 1.5x, https:\/\/i0.wp.com\/lasprimeras.com.do\/wp-content\/uploads\/2024\/08\/Hector-Valdez-y-Alejandro-Fernandez.jpg?resize=700%2C400&ssl=1 2x"},"classes":[]},{"id":108411,"url":"https:\/\/lasprimeras.com.do\/index.php\/2025\/09\/07\/jose-joaquin-puello-relata-su-rol-en-el-ajusticiamiento-de-trujillo-y-resalta-impacto-de-la-ciudad-sanitaria\/","url_meta":{"origin":138677,"position":2},"title":"Jos\u00e9 Joaqu\u00edn Puello relata su rol en el ajusticiamiento de Trujillo y resalta impacto de la Ciudad Sanitaria","author":"Nelson Feliz","date":"7 de septiembre de 2025","format":false,"excerpt":"El neurocirujano Jos\u00e9 Joaqu\u00edn Puello, relat\u00f3 su papel en la noche del 30 de mayo de 1961, cuando fue ajusticiado el dictador Rafael Le\u00f3nidas Trujillo, le correspondi\u00f3 recibir en la Cl\u00ednica Internacional al conjurado Pedro Livio Cede\u00f1o, herido tras el atentado contra el dictador. En el programa Rese\u00f1as, El Podcast,\u2026","rel":"","context":"En \u00abNACIONALES\u00bb","block_context":{"text":"NACIONALES","link":"https:\/\/lasprimeras.com.do\/index.php\/category\/nacionales\/"},"img":{"alt_text":"Jos\u00e9 Joaqu\u00edn Puello","src":"https:\/\/i0.wp.com\/lasprimeras.com.do\/wp-content\/uploads\/2023\/09\/Jose-Joaquin-Puello.jpg?resize=350%2C200&ssl=1","width":350,"height":200,"srcset":"https:\/\/i0.wp.com\/lasprimeras.com.do\/wp-content\/uploads\/2023\/09\/Jose-Joaquin-Puello.jpg?resize=350%2C200&ssl=1 1x, https:\/\/i0.wp.com\/lasprimeras.com.do\/wp-content\/uploads\/2023\/09\/Jose-Joaquin-Puello.jpg?resize=525%2C300&ssl=1 1.5x"},"classes":[]},{"id":131089,"url":"https:\/\/lasprimeras.com.do\/index.php\/2026\/05\/18\/eugenio-cedeno-llama-a-abinader-a-poner-orden-en-la-casa\/","url_meta":{"origin":138677,"position":3},"title":"Eugenio Cede\u00f1o llama a Abinader a \u201cponer orden en la casa\u201d","author":"Nelson Feliz","date":"18 de mayo de 2026","format":false,"excerpt":"Alerta: \u201cHay gente a la que no le importa que el PRM desaparezca\u201d El diputado por la provincia de Eugenio Cede\u00f1o y aspirante a la secretar\u00eda general del Partido Revolucionario Moderno, lanz\u00f3 un encendido llamado al presidente Luis Abinader para que \u201cd\u00e9 un manotazo en la mesa\u201d y ponga orden\u2026","rel":"","context":"En \u00abPOLITICA\u00bb","block_context":{"text":"POLITICA","link":"https:\/\/lasprimeras.com.do\/index.php\/category\/politica\/"},"img":{"alt_text":"","src":"https:\/\/i0.wp.com\/lasprimeras.com.do\/wp-content\/uploads\/2026\/05\/Eugenio-Cedeno.jpg?resize=350%2C200&ssl=1","width":350,"height":200,"srcset":"https:\/\/i0.wp.com\/lasprimeras.com.do\/wp-content\/uploads\/2026\/05\/Eugenio-Cedeno.jpg?resize=350%2C200&ssl=1 1x, https:\/\/i0.wp.com\/lasprimeras.com.do\/wp-content\/uploads\/2026\/05\/Eugenio-Cedeno.jpg?resize=525%2C300&ssl=1 1.5x, https:\/\/i0.wp.com\/lasprimeras.com.do\/wp-content\/uploads\/2026\/05\/Eugenio-Cedeno.jpg?resize=700%2C400&ssl=1 2x"},"classes":[]},{"id":62356,"url":"https:\/\/lasprimeras.com.do\/index.php\/2023\/10\/04\/destacan-importancia-mantener-flexibilidad-regulacion-monetaria\/","url_meta":{"origin":138677,"position":4},"title":"Destacan importancia mantener flexibilidad regulaci\u00f3n monetaria","author":"BIMARY DE JES\u00daS Matos","date":"4 de octubre de 2023","format":false,"excerpt":"SANTO DOMINGO, Rep\u00fablica Dominicana.- El marco regulatorio monetario y financiero debe estar en un continuo proceso de evoluci\u00f3n que le permita adaptarse a las nuevas realidades que plantea el mercado con las nuevas tecnolog\u00edas, actores y formas de captar recursos. En ello coincidieron juristas y acad\u00e9micos locales e internacionales participantes\u2026","rel":"","context":"En \u00abECONOM\u00cdA\u00bb","block_context":{"text":"ECONOM\u00cdA","link":"https:\/\/lasprimeras.com.do\/index.php\/category\/economia\/"},"img":{"alt_text":"","src":"https:\/\/i0.wp.com\/lasprimeras.com.do\/wp-content\/uploads\/2023\/10\/WhatsApp-Image-2023-10-04-at-7.55.08-AM-5.jpeg?resize=350%2C200&ssl=1","width":350,"height":200,"srcset":"https:\/\/i0.wp.com\/lasprimeras.com.do\/wp-content\/uploads\/2023\/10\/WhatsApp-Image-2023-10-04-at-7.55.08-AM-5.jpeg?resize=350%2C200&ssl=1 1x, https:\/\/i0.wp.com\/lasprimeras.com.do\/wp-content\/uploads\/2023\/10\/WhatsApp-Image-2023-10-04-at-7.55.08-AM-5.jpeg?resize=525%2C300&ssl=1 1.5x, https:\/\/i0.wp.com\/lasprimeras.com.do\/wp-content\/uploads\/2023\/10\/WhatsApp-Image-2023-10-04-at-7.55.08-AM-5.jpeg?resize=700%2C400&ssl=1 2x"},"classes":[]},{"id":54233,"url":"https:\/\/lasprimeras.com.do\/index.php\/2023\/07\/08\/miles-participaron-en-marcha-de-la-esperanza-convocada-por-pld\/","url_meta":{"origin":138677,"position":5},"title":"Miles participaron en \u00abMarcha de la Esperanza\u00bb convocada por PLD","author":"Nelson Feliz","date":"8 de julio de 2023","format":false,"excerpt":"Miles de personas participaron este s\u00e1bado en la \u00abMarcha de la Esperanza\u00bb convocada por el Partido de la Liberaci\u00f3n Dominicana (PLD) para protestar por el deterioro de la calidad de vida que, seg\u00fan la formaci\u00f3n opositora, ha experimentado la poblaci\u00f3n en los tres a\u00f1os de gesti\u00f3n del actual Gobierno. En\u2026","rel":"","context":"En \u00abPORTADA\u00bb","block_context":{"text":"PORTADA","link":"https:\/\/lasprimeras.com.do\/index.php\/category\/portada\/"},"img":{"alt_text":"","src":"https:\/\/i0.wp.com\/lasprimeras.com.do\/wp-content\/uploads\/2023\/07\/Marcha-PLD-2.jpg?resize=350%2C200&ssl=1","width":350,"height":200,"srcset":"https:\/\/i0.wp.com\/lasprimeras.com.do\/wp-content\/uploads\/2023\/07\/Marcha-PLD-2.jpg?resize=350%2C200&ssl=1 1x, https:\/\/i0.wp.com\/lasprimeras.com.do\/wp-content\/uploads\/2023\/07\/Marcha-PLD-2.jpg?resize=525%2C300&ssl=1 1.5x"},"classes":[]}],"jetpack_sharing_enabled":true,"jetpack_featured_media_url":"https:\/\/lasprimeras.com.do\/wp-content\/uploads\/2026\/09\/WhatsApp-Image-2022-12-05-at-8.34.28-PM-e1670287399257.jpeg","_links":{"self":[{"href":"https:\/\/lasprimeras.com.do\/index.php\/wp-json\/wp\/v2\/posts\/138677","targetHints":{"allow":["GET"]}}],"collection":[{"href":"https:\/\/lasprimeras.com.do\/index.php\/wp-json\/wp\/v2\/posts"}],"about":[{"href":"https:\/\/lasprimeras.com.do\/index.php\/wp-json\/wp\/v2\/types\/post"}],"author":[{"embeddable":true,"href":"https:\/\/lasprimeras.com.do\/index.php\/wp-json\/wp\/v2\/users\/10"}],"replies":[{"embeddable":true,"href":"https:\/\/lasprimeras.com.do\/index.php\/wp-json\/wp\/v2\/comments?post=138677"}],"version-history":[{"count":1,"href":"https:\/\/lasprimeras.com.do\/index.php\/wp-json\/wp\/v2\/posts\/138677\/revisions"}],"predecessor-version":[{"id":138679,"href":"https:\/\/lasprimeras.com.do\/index.php\/wp-json\/wp\/v2\/posts\/138677\/revisions\/138679"}],"wp:featuredmedia":[{"embeddable":true,"href":"https:\/\/lasprimeras.com.do\/index.php\/wp-json\/wp\/v2\/media\/138678"}],"wp:attachment":[{"href":"https:\/\/lasprimeras.com.do\/index.php\/wp-json\/wp\/v2\/media?parent=138677"}],"wp:term":[{"taxonomy":"category","embeddable":true,"href":"https:\/\/lasprimeras.com.do\/index.php\/wp-json\/wp\/v2\/categories?post=138677"},{"taxonomy":"post_tag","embeddable":true,"href":"https:\/\/lasprimeras.com.do\/index.php\/wp-json\/wp\/v2\/tags?post=138677"}],"curies":[{"name":"wp","href":"https:\/\/api.w.org\/{rel}","templated":true}]}}