{"id":138680,"date":"2026-09-01T08:19:56","date_gmt":"2026-09-01T12:19:56","guid":{"rendered":"https:\/\/lasprimeras.com.do\/?p=138680"},"modified":"2026-09-01T08:19:58","modified_gmt":"2026-09-01T12:19:58","slug":"osiris-de-leon-advierte-que-calor-extremo-de-2026-provoca-colapso-glaciar-en-el-himalaya","status":"publish","type":"post","link":"https:\/\/lasprimeras.com.do\/index.php\/2026\/09\/01\/osiris-de-leon-advierte-que-calor-extremo-de-2026-provoca-colapso-glaciar-en-el-himalaya\/","title":{"rendered":"Osiris de Le\u00f3n advierte que calor extremo de 2026 provoca colapso glaciar en el Himalaya"},"content":{"rendered":"\n<p class=\"wp-block-paragraph\">SANTO DOMINGO. El ge\u00f3logo y ambientalista Osiris de Le\u00f3n revel\u00f3 este martes que el calor extremo de este verano boreal 2026 es sin precedentes.<\/p>\n\n\n\n<p class=\"wp-block-paragraph\">Advirti\u00f3 desde el segundo trimestre que las altas temperaturas traer\u00edan inestabilidad en grandes regiones del planeta.<\/p>\n\n\n\n<p class=\"wp-block-paragraph\">El impacto m\u00e1s grave se registra en zonas fr\u00edas de altura, como el sistema monta\u00f1oso de Los Himalayas.<\/p>\n\n\n\n<p class=\"wp-block-paragraph\">En esa zona ocurri\u00f3 el colapso de un gigantesco bloque de hielo glaciar en el macizo de Langtang.<\/p>\n\n\n\n<p class=\"wp-block-paragraph\">El derrumbe se produjo en la frontera entre Nepal y el T\u00edbet por el derretimiento parcial del glaciar.<\/p>\n\n\n\n<p class=\"wp-block-paragraph\">Al transformarse la energ\u00eda potencial en cin\u00e9tica, se gener\u00f3 un gran movimiento de hielo, rocas y suelos.<\/p>\n\n\n\n<p class=\"wp-block-paragraph\">La masa descendi\u00f3 unos 1,200 metros por la pendiente escarpada de la monta\u00f1a.<\/p>\n\n\n\n<p class=\"wp-block-paragraph\">El material bloque\u00f3 el cauce del r\u00edo y acumul\u00f3 una gran masa de agua detr\u00e1s del derrumbe.<\/p>\n\n\n\n<p class=\"wp-block-paragraph\">Con el paso de las horas el hielo continu\u00f3 derriti\u00e9ndose y los sedimentos finos se erosionaron. Esa erosi\u00f3n debilit\u00f3 la obstrucci\u00f3n natural que reten\u00eda el agua en el cauce del r\u00edo.<\/p>\n\n\n\n<p class=\"wp-block-paragraph\">Finalmente la barrera cedi\u00f3 y liber\u00f3 millones de metros c\u00fabicos de agua. La descarga provoc\u00f3 inundaciones repentinas catastr\u00f3ficas en comunidades ubicadas r\u00edo abajo.<\/p>\n\n\n\n<p class=\"wp-block-paragraph\">De Le\u00f3n explic\u00f3 que estos eventos naturales anormales ser\u00e1n cada vez m\u00e1s frecuentes.<\/p>\n\n\n\n<p class=\"wp-block-paragraph\">El fen\u00f3meno de Nepal fue tan impactante que en principio se confundi\u00f3 con un terremoto local.<\/p>\n\n\n\n<p class=\"wp-block-paragraph\">Los sism\u00f3grafos registraron fuertes vibraciones s\u00edsmicas producto del colapso masivo.<\/p>\n\n\n\n<p class=\"wp-block-paragraph\">El experto atribuy\u00f3 la tendencia al incremento indetenible de las temperaturas globales.<\/p>\n\n\n\n<p class=\"wp-block-paragraph\">Lecciones aprendidas:<\/p>\n\n\n\n<p class=\"wp-block-paragraph\">1-El cambio clim\u00e1tico puede derretir parcialmente un glaciar y generar un derrumbe de ladera capaz de bloquear temporalmente el cauce de un r\u00edo hasta que el empuje de la masa de agua retenida supera la resistencia del bloqueo y millones de metros c\u00fabicos de agua corren r\u00edo abajo e impactan asentamientos humanos mal ubicados en m\u00e1rgenes y terrazas de r\u00edos.<\/p>\n\n\n\n<p class=\"wp-block-paragraph\">2-Los sistemas de r\u00e1pida comunicaci\u00f3n ayudan a salvar muchas vidas, porque un aviso desde aguas arriba permiti\u00f3 desalojar y evacuar hacia un lugar alto a unos 900 ni\u00f1os de una escuela ubicada aguas abajo en la zona de impacto de la crecida del r\u00edo, escuela que finalmente fue impactada y destruida, pero ning\u00fan alumno fue impactado.<\/p>\n\n\n\n<p class=\"wp-block-paragraph\">3-La casa azul que sobrevivi\u00f3 a la destrucci\u00f3n total demuestra que siempre es posible construir estructuras capaces de resistir las m\u00e1ximas fuerzas de la naturaleza.<\/p>\n\n\n\n<p class=\"wp-block-paragraph\">4-Est\u00e1 contraindicado vivir en los cauces y en las m\u00e1rgenes de los grandes r\u00edos que pueden generar grandes crecidas catastr\u00f3ficas.<\/p>\n","protected":false},"excerpt":{"rendered":"<p>SANTO DOMINGO. El ge\u00f3logo y ambientalista Osiris de Le\u00f3n revel\u00f3 este martes que el calor extremo de este verano boreal 2026 es sin precedentes. Advirti\u00f3 desde el segundo trimestre que&hellip;<\/p>\n","protected":false},"author":10,"featured_media":106102,"comment_status":"open","ping_status":"open","sticky":false,"template":"","format":"standard","meta":{"content-type":"","_jetpack_newsletter_access":"","_jetpack_dont_email_post_to_subs":false,"_jetpack_newsletter_tier_id":0,"_jetpack_memberships_contains_paywalled_content":false,"_jetpack_feature_clip_id":0,"_jetpack_memberships_contains_paid_content":false,"footnotes":"","jetpack_post_was_ever_published":false},"categories":[25],"tags":[20092,583,9609,36183,36184,23458,1416],"class_list":["post-138680","post","type-post","status-publish","format-standard","has-post-thumbnail","hentry","category-portada","tag-calor-extremo","tag-china","tag-colapso","tag-glaciar","tag-himalaya","tag-nepal","tag-osiris-de-leon"],"jetpack-related-posts":[{"id":138418,"url":"https:\/\/lasprimeras.com.do\/index.php\/2026\/08\/28\/lago-recien-formado-aviva-temores-de-mas-inundaciones-en-la-frontera-nepal-china\/","url_meta":{"origin":138680,"position":0},"title":"Lago reci\u00e9n formado aviva temores de m\u00e1s inundaciones en la frontera Nepal-China","author":"Nelson Feliz","date":"28 de agosto de 2026","format":false,"excerpt":"POR SIBI ARASU BENGALURU, India (AP) \u2014 Mientras los rescatistas trabajaban el viernes entre lodo y escombros en zonas devastadas por una catastr\u00f3fica inundaci\u00f3n repentina a lo largo de la frontera himalaya entre Nepal y China, las autoridades advirtieron que un lago reci\u00e9n formado, que est\u00e1 a punto de desbordarse,\u2026","rel":"","context":"En \u00abINTERNACIONALES\u00bb","block_context":{"text":"INTERNACIONALES","link":"https:\/\/lasprimeras.com.do\/index.php\/category\/sin-categoria\/internacionales\/"},"img":{"alt_text":"","src":"https:\/\/i0.wp.com\/lasprimeras.com.do\/wp-content\/uploads\/2026\/08\/perro.jpg?resize=350%2C200&ssl=1","width":350,"height":200,"srcset":"https:\/\/i0.wp.com\/lasprimeras.com.do\/wp-content\/uploads\/2026\/08\/perro.jpg?resize=350%2C200&ssl=1 1x, https:\/\/i0.wp.com\/lasprimeras.com.do\/wp-content\/uploads\/2026\/08\/perro.jpg?resize=525%2C300&ssl=1 1.5x, https:\/\/i0.wp.com\/lasprimeras.com.do\/wp-content\/uploads\/2026\/08\/perro.jpg?resize=700%2C400&ssl=1 2x"},"classes":[]},{"id":138327,"url":"https:\/\/lasprimeras.com.do\/index.php\/2026\/08\/27\/las-catastroficas-inundaciones-dejan-mas-de-390-muertos-en-nepal-y-el-tibet-y-mas-de-1-400-desaparecidos\/","url_meta":{"origin":138680,"position":1},"title":"Las catastr\u00f3ficas inundaciones dejan m\u00e1s de 390 muertos en Nepal y el T\u00edbet, y m\u00e1s de 1.400 desaparecidos","author":"Nelson Feliz","date":"27 de agosto de 2026","format":false,"excerpt":"Por NIRANJAN SHRESTHA y SHRISTI KAFLE DEVIGHAT, Nepal (AP) \u2014 Equipos de rescate y helic\u00f3pteros militares buscaron el jueves a cientos de personas desaparecidas a lo largo de la frontera monta\u00f1osa entre Nepal y China, donde un torrente mortal de agua y lodo de varios pisos de altura arras\u00f3 las\u2026","rel":"","context":"En \u00abINTERNACIONALES\u00bb","block_context":{"text":"INTERNACIONALES","link":"https:\/\/lasprimeras.com.do\/index.php\/category\/sin-categoria\/internacionales\/"},"img":{"alt_text":"","src":"https:\/\/i0.wp.com\/lasprimeras.com.do\/wp-content\/uploads\/2026\/08\/Nepal-1.jpg?resize=350%2C200&ssl=1","width":350,"height":200,"srcset":"https:\/\/i0.wp.com\/lasprimeras.com.do\/wp-content\/uploads\/2026\/08\/Nepal-1.jpg?resize=350%2C200&ssl=1 1x, https:\/\/i0.wp.com\/lasprimeras.com.do\/wp-content\/uploads\/2026\/08\/Nepal-1.jpg?resize=525%2C300&ssl=1 1.5x, https:\/\/i0.wp.com\/lasprimeras.com.do\/wp-content\/uploads\/2026\/08\/Nepal-1.jpg?resize=700%2C400&ssl=1 2x"},"classes":[]},{"id":119650,"url":"https:\/\/lasprimeras.com.do\/index.php\/2026\/01\/15\/osiris-de-leon-afirma-puente-duarte-no-representa-riesgo-de-colapso-pero-amerita-intervencion-inmediata\/","url_meta":{"origin":138680,"position":2},"title":"Osiris de Le\u00f3n afirma puente Duarte no representa riesgo de colapso pero amerita intervenci\u00f3n inmediata","author":"Nelson Feliz","date":"15 de enero de 2026","format":false,"excerpt":"El presidente de la Comisi\u00f3n de Supervisi\u00f3n de Infraestructuras P\u00fablicas ante el Cambio Clim\u00e1tico explica las razones t\u00e9cnicas que garantizan la estabilidad de la estructura. El ge\u00f3logo y ambientalista Osiris de Le\u00f3n, presidente de la Comisi\u00f3n de Supervisi\u00f3n de Infraestructuras P\u00fablicas ante el Cambio Clim\u00e1tico, afirm\u00f3 ayer que el puente\u2026","rel":"","context":"En \u00abNACIONALES\u00bb","block_context":{"text":"NACIONALES","link":"https:\/\/lasprimeras.com.do\/index.php\/category\/nacionales\/"},"img":{"alt_text":"","src":"https:\/\/i0.wp.com\/lasprimeras.com.do\/wp-content\/uploads\/2026\/01\/puente-duarte-santo-domingo-este.jpg?resize=350%2C200&ssl=1","width":350,"height":200,"srcset":"https:\/\/i0.wp.com\/lasprimeras.com.do\/wp-content\/uploads\/2026\/01\/puente-duarte-santo-domingo-este.jpg?resize=350%2C200&ssl=1 1x, https:\/\/i0.wp.com\/lasprimeras.com.do\/wp-content\/uploads\/2026\/01\/puente-duarte-santo-domingo-este.jpg?resize=525%2C300&ssl=1 1.5x, https:\/\/i0.wp.com\/lasprimeras.com.do\/wp-content\/uploads\/2026\/01\/puente-duarte-santo-domingo-este.jpg?resize=700%2C400&ssl=1 2x, https:\/\/i0.wp.com\/lasprimeras.com.do\/wp-content\/uploads\/2026\/01\/puente-duarte-santo-domingo-este.jpg?resize=1050%2C600&ssl=1 3x"},"classes":[]},{"id":137985,"url":"https:\/\/lasprimeras.com.do\/index.php\/2026\/08\/23\/ladrillos-huecos-causaron-los-mayores-colapsos-en-sismo-de-colombia-advierte-osiris-de-leon\/","url_meta":{"origin":138680,"position":3},"title":"Ladrillos huecos causaron los mayores colapsos en sismo de Colombia, advierte Osiris de Le\u00f3n","author":"Nelson Feliz","date":"23 de agosto de 2026","format":false,"excerpt":"PEREIRA, COLOMBIA. \u2013 El ingeniero ge\u00f3logo y ambientalista Osiris de Le\u00f3n se encuentra en esta ciudad liderando una misi\u00f3n oficial de evaluaci\u00f3n de da\u00f1os estructurales, tras el fuerte terremoto de la pasada semana. El experto dominicano, quien recientemente particip\u00f3 en los an\u00e1lisis del doblete s\u00edsmico registrado en Venezuela, lleg\u00f3 a\u2026","rel":"","context":"En \u00abNACIONALES\u00bb","block_context":{"text":"NACIONALES","link":"https:\/\/lasprimeras.com.do\/index.php\/category\/nacionales\/"},"img":{"alt_text":"Osiris De Le\u00f3n","src":"https:\/\/i0.wp.com\/lasprimeras.com.do\/wp-content\/uploads\/2024\/08\/Osiris-De-Leon.jpg?resize=350%2C200&ssl=1","width":350,"height":200,"srcset":"https:\/\/i0.wp.com\/lasprimeras.com.do\/wp-content\/uploads\/2024\/08\/Osiris-De-Leon.jpg?resize=350%2C200&ssl=1 1x, https:\/\/i0.wp.com\/lasprimeras.com.do\/wp-content\/uploads\/2024\/08\/Osiris-De-Leon.jpg?resize=525%2C300&ssl=1 1.5x, https:\/\/i0.wp.com\/lasprimeras.com.do\/wp-content\/uploads\/2024\/08\/Osiris-De-Leon.jpg?resize=700%2C400&ssl=1 2x"},"classes":[]},{"id":134069,"url":"https:\/\/lasprimeras.com.do\/index.php\/2026\/07\/05\/osiris-de-leon-advierte-sobre-riesgo-sismico-en-santiago-y-exige-nuevos-criterios-de-construccion\/","url_meta":{"origin":138680,"position":4},"title":"Osiris de Le\u00f3n advierte sobre riesgo s\u00edsmico en Santiago y exige nuevos criterios de construcci\u00f3n","author":"Nelson Feliz","date":"5 de julio de 2026","format":false,"excerpt":"Santo Domingo. \u2014 Ante la profunda preocupaci\u00f3n ciudadana sobre c\u00f3mo construir edificaciones seguras que eviten el colapso estructural visto recientemente en Venezuela, el ge\u00f3logo y ambientalista Osiris de Le\u00f3n advirti\u00f3 que la ciudad de Santiago requiere criterios de construcci\u00f3n diametralmente opuestos a los utilizados en el Distrito Nacional, debido a\u2026","rel":"","context":"En \u00abNACIONALES\u00bb","block_context":{"text":"NACIONALES","link":"https:\/\/lasprimeras.com.do\/index.php\/category\/nacionales\/"},"img":{"alt_text":"","src":"https:\/\/i0.wp.com\/lasprimeras.com.do\/wp-content\/uploads\/2025\/08\/Osiris-de-Leon.jpg?resize=350%2C200&ssl=1","width":350,"height":200,"srcset":"https:\/\/i0.wp.com\/lasprimeras.com.do\/wp-content\/uploads\/2025\/08\/Osiris-de-Leon.jpg?resize=350%2C200&ssl=1 1x, https:\/\/i0.wp.com\/lasprimeras.com.do\/wp-content\/uploads\/2025\/08\/Osiris-de-Leon.jpg?resize=525%2C300&ssl=1 1.5x, https:\/\/i0.wp.com\/lasprimeras.com.do\/wp-content\/uploads\/2025\/08\/Osiris-de-Leon.jpg?resize=700%2C400&ssl=1 2x"},"classes":[]},{"id":110715,"url":"https:\/\/lasprimeras.com.do\/index.php\/2025\/10\/01\/los-glaciares-suizos-se-redujeron-un-3-este-ano-el-4to-mayor-retroceso-registrado-segun-expertos\/","url_meta":{"origin":138680,"position":5},"title":"Los glaciares suizos se redujeron un 3% este a\u00f1o, el 4to mayor retroceso registrado, seg\u00fan expertos","author":"Nelson Feliz","date":"1 de octubre de 2025","format":false,"excerpt":"POR JAMEY KEATEN GINEBRA (AP) \u2014 Los glaciares de Suiza han enfrentado un deshielo \u201cenorme\u201d este a\u00f1o con una disminuci\u00f3n del 3% en el volumen total, la cuarta mayor ca\u00edda anual registrada, debido a los efectos del calentamiento global, informaron el mi\u00e9rcoles los principales glaci\u00f3logos suizos. La reducci\u00f3n de este\u2026","rel":"","context":"En \u00abCLIMA\u00bb","block_context":{"text":"CLIMA","link":"https:\/\/lasprimeras.com.do\/index.php\/category\/clima\/"},"img":{"alt_text":"","src":"https:\/\/i0.wp.com\/lasprimeras.com.do\/wp-content\/uploads\/2025\/10\/Los-glaciares-suizos.jpg?resize=350%2C200&ssl=1","width":350,"height":200,"srcset":"https:\/\/i0.wp.com\/lasprimeras.com.do\/wp-content\/uploads\/2025\/10\/Los-glaciares-suizos.jpg?resize=350%2C200&ssl=1 1x, https:\/\/i0.wp.com\/lasprimeras.com.do\/wp-content\/uploads\/2025\/10\/Los-glaciares-suizos.jpg?resize=525%2C300&ssl=1 1.5x, https:\/\/i0.wp.com\/lasprimeras.com.do\/wp-content\/uploads\/2025\/10\/Los-glaciares-suizos.jpg?resize=700%2C400&ssl=1 2x"},"classes":[]}],"jetpack_sharing_enabled":true,"jetpack_featured_media_url":"https:\/\/lasprimeras.com.do\/wp-content\/uploads\/2025\/08\/Osiris-de-Leon.jpg","_links":{"self":[{"href":"https:\/\/lasprimeras.com.do\/index.php\/wp-json\/wp\/v2\/posts\/138680","targetHints":{"allow":["GET"]}}],"collection":[{"href":"https:\/\/lasprimeras.com.do\/index.php\/wp-json\/wp\/v2\/posts"}],"about":[{"href":"https:\/\/lasprimeras.com.do\/index.php\/wp-json\/wp\/v2\/types\/post"}],"author":[{"embeddable":true,"href":"https:\/\/lasprimeras.com.do\/index.php\/wp-json\/wp\/v2\/users\/10"}],"replies":[{"embeddable":true,"href":"https:\/\/lasprimeras.com.do\/index.php\/wp-json\/wp\/v2\/comments?post=138680"}],"version-history":[{"count":1,"href":"https:\/\/lasprimeras.com.do\/index.php\/wp-json\/wp\/v2\/posts\/138680\/revisions"}],"predecessor-version":[{"id":138681,"href":"https:\/\/lasprimeras.com.do\/index.php\/wp-json\/wp\/v2\/posts\/138680\/revisions\/138681"}],"wp:featuredmedia":[{"embeddable":true,"href":"https:\/\/lasprimeras.com.do\/index.php\/wp-json\/wp\/v2\/media\/106102"}],"wp:attachment":[{"href":"https:\/\/lasprimeras.com.do\/index.php\/wp-json\/wp\/v2\/media?parent=138680"}],"wp:term":[{"taxonomy":"category","embeddable":true,"href":"https:\/\/lasprimeras.com.do\/index.php\/wp-json\/wp\/v2\/categories?post=138680"},{"taxonomy":"post_tag","embeddable":true,"href":"https:\/\/lasprimeras.com.do\/index.php\/wp-json\/wp\/v2\/tags?post=138680"}],"curies":[{"name":"wp","href":"https:\/\/api.w.org\/{rel}","templated":true}]}}